{"id":27431,"date":"2025-04-24T06:50:00","date_gmt":"2025-04-24T09:50:00","guid":{"rendered":"https:\/\/www.correiobraziliense.com.br\/cbradar\/?p=27431"},"modified":"2025-07-02T01:59:43","modified_gmt":"2025-07-02T04:59:43","slug":"wandinha-ganha-2a-temporada-e-trailer-confira-os-detalhes","status":"publish","type":"post","link":"https:\/\/www.correiobraziliense.com.br\/cbradar\/wandinha-ganha-2a-temporada-e-trailer-confira-os-detalhes\/","title":{"rendered":"Wandinha ganha 2\u00aa temporada e trailer! Confira os detalhes"},"content":{"rendered":"\n<p>A galera que ama\u00a0<strong>Wandinha<\/strong>\u00a0pode comemorar. A segunda <a href=\"https:\/\/www.correiobraziliense.com.br\/cbradar\/adolescencia-da-netflix-vai-ter-segunda-temporada-veja-o-que-se-sabe\/\" target=\"_blank\" rel=\"noreferrer noopener\">temporada <\/a>da s\u00e9rie da\u00a0<strong>Netflix<\/strong>\u00a0j\u00e1 tem data marcada e promete ser ainda melhor que a primeira.\u00a0<strong>Jenna Ortega<\/strong>\u00a0volta com toda for\u00e7a como a jovem\u00a0<strong>Addams<\/strong>\u00a0mais famosa do mundo. E pelo que j\u00e1 vimos no trailer, a coisa vai ficar bem mais intensa.<\/p>\n\n\n\n<p>A\u00a0<a href=\"https:\/\/www.netflix.com\/br\/\" target=\"_blank\" rel=\"noreferrer noopener\"><strong>Netflix<\/strong>\u00a0<\/a>fez uma jogada interessante: dividiu a temporada em duas partes. A primeira chega no dia\u00a0<strong>6 de agosto<\/strong>\u00a0e a segunda s\u00f3 em\u00a0<strong>3 de setembro de 2025<\/strong>. \u00c9 quase um m\u00eas de espera entre as duas metades, mas pelo menos n\u00e3o precisamos ficar o ano todo esperando.<\/p>\n\n\n\n<h2 class=\"wp-block-heading\">Quem volta e quem \u00e9 novidade no elenco?<\/h2>\n\n\n\n<p>Praticamente todo mundo da primeira temporada vai retornar.&nbsp;<strong>Catherine Zeta-Jones<\/strong>&nbsp;continua como&nbsp;<strong>Mort\u00edcia<\/strong>,&nbsp;<strong>Luis Guzm\u00e1n<\/strong>&nbsp;como&nbsp;<strong>Gomez<\/strong>, e&nbsp;<strong>Emma Myers<\/strong>&nbsp;como&nbsp;<strong>Enid<\/strong>.&nbsp;<strong>Hunter Doohan<\/strong>&nbsp;tamb\u00e9m est\u00e1 de volta como&nbsp;<strong>Tyler<\/strong>, o que deve gerar bastante drama depois do que rolou na primeira temporada.<\/p>\n\n\n\n<p>O que est\u00e1 deixando todo mundo animado s\u00e3o as novidades.&nbsp;<strong>Lady Gaga<\/strong>&nbsp;vai fazer uma participa\u00e7\u00e3o especial que est\u00e1 sendo mantida em segredo total. Al\u00e9m dela,&nbsp;<strong>Steve Buscemi<\/strong>,&nbsp;<strong>Christopher Lloyd<\/strong>&nbsp;e&nbsp;<strong>Thandiwe Newton<\/strong>&nbsp;entram no elenco.&nbsp;<strong>Steve Buscemi<\/strong>&nbsp;vai interpretar o diretor&nbsp;<strong>Barry Dort<\/strong>, enquanto&nbsp;<strong>Christopher Lloyd<\/strong>&nbsp;volta ao universo&nbsp;<strong>Addams<\/strong>&nbsp;depois de ter sido&nbsp;<strong>Tio Fester<\/strong>&nbsp;no filme de&nbsp;<strong>1991<\/strong>.<\/p>\n\n\n\n<h2 class=\"wp-block-heading\">O que mudou na nova temporada?<\/h2>\n\n\n\n<p><strong>Jenna Ortega<\/strong>&nbsp;j\u00e1 avisou que esta temporada vai ser bem diferente. A atriz, que agora tamb\u00e9m \u00e9 produtora da s\u00e9rie, disse que eles decidiram focar mais no terror e menos no romance. Ela at\u00e9 revelou que &#8220;vamos nos livrar de quaisquer interesses amorosos rom\u00e2nticos em&nbsp;<strong>Wandinha<\/strong>, o que \u00e9 \u00f3timo&#8221;.<\/p>\n\n\n\n<p><strong>Tim Burton<\/strong>&nbsp;continua dirigindo alguns epis\u00f3dios, incluindo o primeiro e o \u00faltimo da temporada. A s\u00e9rie mant\u00e9m aquele visual g\u00f3tico inconfund\u00edvel, mas com mais intensidade e mist\u00e9rio. Cada epis\u00f3dio vai parecer um filme, segundo&nbsp;<strong>Jenna Ortega<\/strong>. Isso significa mais a\u00e7\u00e3o e cenas que v\u00e3o deixar todo mundo grudado na tela.<\/p>\n\n\n\n<h2 class=\"wp-block-heading\">Onde a hist\u00f3ria vai continuar?<\/h2>\n\n\n\n<p>A segunda temporada acontece dois anos depois dos eventos da primeira.&nbsp;<strong>Wandinha<\/strong>&nbsp;volta para a&nbsp;<strong>Academia Nevermore<\/strong>&nbsp;onde novos mist\u00e9rios e inimigos a esperam. O trailer mostra que a&nbsp;<strong>Fam\u00edlia Addams<\/strong>&nbsp;inteira vai aparecer mais desta vez, o que era um dos pedidos dos f\u00e3s.<\/p>\n\n\n\n<p>A s\u00e9rie vai explorar mais a din\u00e2mica familiar, especialmente a rela\u00e7\u00e3o de&nbsp;<strong>Wandinha<\/strong>&nbsp;com seus pais e irm\u00e3o.&nbsp;<strong>Pugsley<\/strong>&nbsp;vai ter mais destaque, e parece que&nbsp;<strong>M\u00e3ozinha<\/strong>&nbsp;vai continuar sendo um dos personagens mais divertidos. A escola tamb\u00e9m deve apresentar novos desafios sobrenaturais que v\u00e3o testar as habilidades ps\u00edquicas de&nbsp;<strong>Wandinha<\/strong>.<\/p>\n\n\n\n<h2 class=\"wp-block-heading\">Por que a s\u00e9rie fez tanto sucesso?<\/h2>\n\n\n\n<figure class=\"wp-block-embed aligncenter is-type-video is-provider-youtube wp-block-embed-youtube wp-embed-aspect-16-9 wp-has-aspect-ratio\"><div class=\"wp-block-embed__wrapper\">\n<div class=\"jeg_video_container jeg_video_content\"><iframe loading=\"lazy\" title=\"Wandinha: Temporada 2 | Trailer teaser oficial | Netflix\" width=\"500\" height=\"281\" src=\"https:\/\/www.youtube.com\/embed\/UNjvJNlxs8Q?feature=oembed\" frameborder=\"0\" allow=\"accelerometer; autoplay; clipboard-write; encrypted-media; gyroscope; picture-in-picture; web-share\" referrerpolicy=\"strict-origin-when-cross-origin\" allowfullscreen><\/iframe><\/div>\n<\/div><\/figure>\n\n\n\n<p><strong>Wandinha<\/strong>&nbsp;se tornou um fen\u00f4meno mundial quando estreou em&nbsp;<strong>2022<\/strong>. A s\u00e9rie quebrou recordes na&nbsp;<strong>Netflix<\/strong>&nbsp;com mais de&nbsp;<strong>252 milh\u00f5es<\/strong>&nbsp;de visualiza\u00e7\u00f5es, virando o programa em ingl\u00eas mais popular da hist\u00f3ria da plataforma. A famosa dan\u00e7a de&nbsp;<strong>Wandinha<\/strong>&nbsp;virou viral no&nbsp;<strong>TikTok<\/strong>&nbsp;e todo mundo estava tentando imitar os passos.<\/p>\n\n\n\n<p><strong>Jenna Ortega<\/strong>&nbsp;trouxe uma vers\u00e3o moderna e cativante da personagem cl\u00e1ssica. Ela conseguiu manter a ess\u00eancia sombria e sarc\u00e1stica de&nbsp;<strong>Wandinha<\/strong>&nbsp;enquanto adicionava camadas de complexidade que funcionaram perfeitamente para o p\u00fablico jovem. A combina\u00e7\u00e3o de&nbsp;<strong>Tim Burton<\/strong>&nbsp;dirigindo e&nbsp;<strong>Jenna Ortega<\/strong>&nbsp;atuando foi simplesmente perfeita.<\/p>\n\n\n\n<h2 class=\"wp-block-heading\">Como acompanhar as novidades da s\u00e9rie?<\/h2>\n\n\n\n<p>Para n\u00e3o perder nada sobre&nbsp;<strong>Wandinha<\/strong>, o melhor \u00e9 seguir as redes sociais oficiais da&nbsp;<strong>Netflix<\/strong>.&nbsp;<strong>Instagram<\/strong>,&nbsp;<strong>TikTok<\/strong>&nbsp;e&nbsp;<strong>Twitter<\/strong>&nbsp;s\u00e3o onde saem primeiro os trailers, fotos dos bastidores e entrevistas com o elenco.&nbsp;<strong>Jenna Ortega<\/strong>&nbsp;tamb\u00e9m \u00e9 bem ativa no&nbsp;<strong>Instagram<\/strong>&nbsp;e sempre d\u00e1 algumas dicas sobre a s\u00e9rie.<\/p>\n\n\n\n<p>A&nbsp;<strong>Netflix<\/strong>&nbsp;costuma liberar conte\u00fado exclusivo durante eventos especiais, ent\u00e3o vale a pena ficar de olho nas datas importantes. Com a temporada dividida em duas partes, certamente vamos ter mais materiais promocionais entre agosto e setembro. A expectativa \u00e9 alta e tudo indica que&nbsp;<strong>Wandinha<\/strong>&nbsp;vai continuar fazendo hist\u00f3ria na televis\u00e3o.<\/p>\n","protected":false},"excerpt":{"rendered":"<p>A galera que ama\u00a0Wandinha\u00a0pode comemorar. A segunda temporada da s\u00e9rie da\u00a0Netflix\u00a0j\u00e1 tem data marcada e promete ser ainda melhor que a primeira.\u00a0Jenna Ortega\u00a0volta com toda for\u00e7a como a jovem\u00a0Addams\u00a0mais famosa do mundo. E pelo que j\u00e1 vimos no trailer, a coisa vai ficar bem mais intensa. A\u00a0Netflix\u00a0fez uma jogada interessante: dividiu a temporada em duas [&hellip;]<\/p>\n","protected":false},"author":8,"featured_media":27448,"comment_status":"open","ping_status":"open","sticky":false,"template":"","format":"standard","meta":{"_yoast_wpseo_focuskw":"Wandinha","_yoast_wpseo_title":"","_yoast_wpseo_metadesc":"Novos mist\u00e9rios e participa\u00e7\u00f5es especiais aguardam na 2\u00aa temporada de Wandinha. Veja o trailer e descubra o que vem por a\u00ed.","jnews-multi-image_gallery":[],"jnews_single_post":{"format":"standard"},"jnews_primary_category":[],"jnews_social_meta":[],"jnews_override_counter":[],"footnotes":""},"categories":[140],"post_tag":[568,3768,2073],"class_list":["post-27431","post","type-post","status-publish","format-standard","has-post-thumbnail","hentry","category-entretenimento","tag-series-e-filmes","tag-trailer","tag-wandinha"],"yoast_head":"<!-- This site is optimized with the Yoast SEO plugin v24.6 - https:\/\/yoast.com\/wordpress\/plugins\/seo\/ -->\n<title>Wandinha ganha 2\u00aa temporada e trailer! Confira os detalhes - Correio Braziliense - Radar<\/title>\n<meta name=\"description\" content=\"Novos mist\u00e9rios e participa\u00e7\u00f5es especiais aguardam na 2\u00aa temporada de Wandinha. Veja o trailer e descubra o que vem por a\u00ed.\" \/>\n<meta name=\"robots\" content=\"index, follow, max-snippet:-1, max-image-preview:large, max-video-preview:-1\" \/>\n<link rel=\"canonical\" href=\"https:\/\/www.correiobraziliense.com.br\/cbradar\/wandinha-ganha-2a-temporada-e-trailer-confira-os-detalhes\/\" \/>\n<meta property=\"og:locale\" content=\"pt_BR\" \/>\n<meta property=\"og:type\" content=\"article\" \/>\n<meta property=\"og:title\" content=\"Wandinha ganha 2\u00aa temporada e trailer! Confira os detalhes - Correio Braziliense - Radar\" \/>\n<meta property=\"og:description\" content=\"Novos mist\u00e9rios e participa\u00e7\u00f5es especiais aguardam na 2\u00aa temporada de Wandinha. Veja o trailer e descubra o que vem por a\u00ed.\" \/>\n<meta property=\"og:url\" content=\"https:\/\/www.correiobraziliense.com.br\/cbradar\/wandinha-ganha-2a-temporada-e-trailer-confira-os-detalhes\/\" \/>\n<meta property=\"og:site_name\" content=\"Correio Braziliense - Radar\" \/>\n<meta property=\"article:published_time\" content=\"2025-04-24T09:50:00+00:00\" \/>\n<meta property=\"article:modified_time\" content=\"2025-07-02T04:59:43+00:00\" \/>\n<meta property=\"og:image\" content=\"https:\/\/www.correiobraziliense.com.br\/cbradar\/wp-content\/uploads\/2025\/04\/Edicoes-4-2.png\" \/>\n\t<meta property=\"og:image:width\" content=\"1280\" \/>\n\t<meta property=\"og:image:height\" content=\"720\" \/>\n\t<meta property=\"og:image:type\" content=\"image\/png\" \/>\n<meta name=\"author\" content=\"Maura Pereira\" \/>\n<meta name=\"twitter:card\" content=\"summary_large_image\" \/>\n<meta name=\"twitter:label1\" content=\"Escrito por\" \/>\n\t<meta name=\"twitter:data1\" content=\"Maura Pereira\" \/>\n\t<meta name=\"twitter:label2\" content=\"Est. tempo de leitura\" \/>\n\t<meta name=\"twitter:data2\" content=\"4 minutos\" \/>\n<!-- \/ Yoast SEO plugin. -->","yoast_head_json":{"title":"Wandinha ganha 2\u00aa temporada e trailer! Confira os detalhes - Correio Braziliense - Radar","description":"Novos mist\u00e9rios e participa\u00e7\u00f5es especiais aguardam na 2\u00aa temporada de Wandinha. Veja o trailer e descubra o que vem por a\u00ed.","robots":{"index":"index","follow":"follow","max-snippet":"max-snippet:-1","max-image-preview":"max-image-preview:large","max-video-preview":"max-video-preview:-1"},"canonical":"https:\/\/www.correiobraziliense.com.br\/cbradar\/wandinha-ganha-2a-temporada-e-trailer-confira-os-detalhes\/","og_locale":"pt_BR","og_type":"article","og_title":"Wandinha ganha 2\u00aa temporada e trailer! Confira os detalhes - Correio Braziliense - Radar","og_description":"Novos mist\u00e9rios e participa\u00e7\u00f5es especiais aguardam na 2\u00aa temporada de Wandinha. Veja o trailer e descubra o que vem por a\u00ed.","og_url":"https:\/\/www.correiobraziliense.com.br\/cbradar\/wandinha-ganha-2a-temporada-e-trailer-confira-os-detalhes\/","og_site_name":"Correio Braziliense - Radar","article_published_time":"2025-04-24T09:50:00+00:00","article_modified_time":"2025-07-02T04:59:43+00:00","og_image":[{"width":1280,"height":720,"url":"https:\/\/www.correiobraziliense.com.br\/cbradar\/wp-content\/uploads\/2025\/04\/Edicoes-4-2.png","type":"image\/png"}],"author":"Maura Pereira","twitter_card":"summary_large_image","twitter_misc":{"Escrito por":"Maura Pereira","Est. tempo de leitura":"4 minutos"},"schema":{"@context":"https:\/\/schema.org","@graph":[{"@type":"WebPage","@id":"https:\/\/www.correiobraziliense.com.br\/cbradar\/wandinha-ganha-2a-temporada-e-trailer-confira-os-detalhes\/","url":"https:\/\/www.correiobraziliense.com.br\/cbradar\/wandinha-ganha-2a-temporada-e-trailer-confira-os-detalhes\/","name":"Wandinha ganha 2\u00aa temporada e trailer! Confira os detalhes - Correio Braziliense - Radar","isPartOf":{"@id":"https:\/\/www.correiobraziliense.com.br\/cbradar\/#website"},"primaryImageOfPage":{"@id":"https:\/\/www.correiobraziliense.com.br\/cbradar\/wandinha-ganha-2a-temporada-e-trailer-confira-os-detalhes\/#primaryimage"},"image":{"@id":"https:\/\/www.correiobraziliense.com.br\/cbradar\/wandinha-ganha-2a-temporada-e-trailer-confira-os-detalhes\/#primaryimage"},"thumbnailUrl":"https:\/\/www.correiobraziliense.com.br\/cbradar\/wp-content\/uploads\/2025\/04\/Edicoes-4-2.png","datePublished":"2025-04-24T09:50:00+00:00","dateModified":"2025-07-02T04:59:43+00:00","author":{"@id":"https:\/\/www.correiobraziliense.com.br\/cbradar\/#\/schema\/person\/4053c651a9bfc785afc6f4cbc9032fd3"},"description":"Novos mist\u00e9rios e participa\u00e7\u00f5es especiais aguardam na 2\u00aa temporada de Wandinha. Veja o trailer e descubra o que vem por a\u00ed.","breadcrumb":{"@id":"https:\/\/www.correiobraziliense.com.br\/cbradar\/wandinha-ganha-2a-temporada-e-trailer-confira-os-detalhes\/#breadcrumb"},"inLanguage":"pt-BR","potentialAction":[{"@type":"ReadAction","target":["https:\/\/www.correiobraziliense.com.br\/cbradar\/wandinha-ganha-2a-temporada-e-trailer-confira-os-detalhes\/"]}]},{"@type":"ImageObject","inLanguage":"pt-BR","@id":"https:\/\/www.correiobraziliense.com.br\/cbradar\/wandinha-ganha-2a-temporada-e-trailer-confira-os-detalhes\/#primaryimage","url":"https:\/\/www.correiobraziliense.com.br\/cbradar\/wp-content\/uploads\/2025\/04\/Edicoes-4-2.png","contentUrl":"https:\/\/www.correiobraziliense.com.br\/cbradar\/wp-content\/uploads\/2025\/04\/Edicoes-4-2.png","width":1280,"height":720,"caption":"Wandinha \/ Reprodu\u00e7\u00e3o: IMDb (Foto\/Divulga\u00e7\u00e3o)"},{"@type":"BreadcrumbList","@id":"https:\/\/www.correiobraziliense.com.br\/cbradar\/wandinha-ganha-2a-temporada-e-trailer-confira-os-detalhes\/#breadcrumb","itemListElement":[{"@type":"ListItem","position":1,"name":"In\u00edcio","item":"https:\/\/www.correiobraziliense.com.br\/cbradar\/"},{"@type":"ListItem","position":2,"name":"Wandinha ganha 2\u00aa temporada e trailer! Confira os detalhes"}]},{"@type":"WebSite","@id":"https:\/\/www.correiobraziliense.com.br\/cbradar\/#website","url":"https:\/\/www.correiobraziliense.com.br\/cbradar\/","name":"Correio Braziliense - Radar","description":"Acompanhe as \u00faltimas not\u00edcias e fique bem informado sobre tudo o que acontece no Brasil e no mundo.","potentialAction":[{"@type":"SearchAction","target":{"@type":"EntryPoint","urlTemplate":"https:\/\/www.correiobraziliense.com.br\/cbradar\/?s={search_term_string}"},"query-input":{"@type":"PropertyValueSpecification","valueRequired":true,"valueName":"search_term_string"}}],"inLanguage":"pt-BR"},{"@type":"Person","@id":"https:\/\/www.correiobraziliense.com.br\/cbradar\/#\/schema\/person\/4053c651a9bfc785afc6f4cbc9032fd3","name":"Maura Pereira","image":{"@type":"ImageObject","inLanguage":"pt-BR","@id":"https:\/\/www.correiobraziliense.com.br\/cbradar\/#\/schema\/person\/image\/","url":"https:\/\/secure.gravatar.com\/avatar\/3effd6bdadfa447f15089c7f7144eaa6?s=96&d=mm&r=g","contentUrl":"https:\/\/secure.gravatar.com\/avatar\/3effd6bdadfa447f15089c7f7144eaa6?s=96&d=mm&r=g","caption":"Maura Pereira"},"sameAs":["https:\/\/www.correiobraziliense.com.br\/"],"url":"https:\/\/www.correiobraziliense.com.br\/cbradar\/author\/mauramyth\/"}]}},"_links":{"self":[{"href":"https:\/\/www.correiobraziliense.com.br\/cbradar\/wp-json\/wp\/v2\/posts\/27431","targetHints":{"allow":["GET"]}}],"collection":[{"href":"https:\/\/www.correiobraziliense.com.br\/cbradar\/wp-json\/wp\/v2\/posts"}],"about":[{"href":"https:\/\/www.correiobraziliense.com.br\/cbradar\/wp-json\/wp\/v2\/types\/post"}],"author":[{"embeddable":true,"href":"https:\/\/www.correiobraziliense.com.br\/cbradar\/wp-json\/wp\/v2\/users\/8"}],"replies":[{"embeddable":true,"href":"https:\/\/www.correiobraziliense.com.br\/cbradar\/wp-json\/wp\/v2\/comments?post=27431"}],"version-history":[{"count":13,"href":"https:\/\/www.correiobraziliense.com.br\/cbradar\/wp-json\/wp\/v2\/posts\/27431\/revisions"}],"predecessor-version":[{"id":63020,"href":"https:\/\/www.correiobraziliense.com.br\/cbradar\/wp-json\/wp\/v2\/posts\/27431\/revisions\/63020"}],"wp:featuredmedia":[{"embeddable":true,"href":"https:\/\/www.correiobraziliense.com.br\/cbradar\/wp-json\/wp\/v2\/media\/27448"}],"wp:attachment":[{"href":"https:\/\/www.correiobraziliense.com.br\/cbradar\/wp-json\/wp\/v2\/media?parent=27431"}],"wp:term":[{"taxonomy":"category","embeddable":true,"href":"https:\/\/www.correiobraziliense.com.br\/cbradar\/wp-json\/wp\/v2\/categories?post=27431"},{"taxonomy":"post_tag","embeddable":true,"href":"https:\/\/www.correiobraziliense.com.br\/cbradar\/wp-json\/wp\/v2\/post_tag?post=27431"}],"curies":[{"name":"wp","href":"https:\/\/api.w.org\/{rel}","templated":true}]}}