{"id":27433,"date":"2025-04-24T09:50:00","date_gmt":"2025-04-24T12:50:00","guid":{"rendered":"https:\/\/www.correiobraziliense.com.br\/cbradar\/?p=27433"},"modified":"2025-07-02T02:01:39","modified_gmt":"2025-07-02T05:01:39","slug":"quais-sao-os-episodios-da-7a-temporada-de-black-mirror","status":"publish","type":"post","link":"https:\/\/www.correiobraziliense.com.br\/cbradar\/quais-sao-os-episodios-da-7a-temporada-de-black-mirror\/","title":{"rendered":"Quais s\u00e3o os epis\u00f3dios da 7\u00aa temporada de Black Mirror?"},"content":{"rendered":"\n<p><strong>Black Mirror<\/strong> retornou para mexer com nossa cabe\u00e7a mais uma vez. A s\u00e9tima temporada chegou \u00e0 <a href=\"https:\/\/www.netflix.com\/br\/\" target=\"_blank\" rel=\"noreferrer noopener\"><strong>Netflix<\/strong> <\/a>no dia <strong>10 de abril de 2025<\/strong> com seis epis\u00f3dios que prometem te deixar questionando tudo sobre tecnologia. <strong>Charlie Brooker<\/strong>, o criador da <a href=\"https:\/\/www.correiobraziliense.com.br\/cbradar\/adolescencia-da-netflix-vai-ter-segunda-temporada-veja-o-que-se-sabe\/\" target=\"_blank\" rel=\"noreferrer noopener\">s\u00e9rie<\/a>, disse que esta temporada volta \u00e0s ra\u00edzes mais sombrias da antologia.<\/p>\n\n\n\n<p>A grande novidade \u00e9 que pela primeira vez na hist\u00f3ria da s\u00e9rie temos uma continua\u00e7\u00e3o direta de um epis\u00f3dio anterior. <strong>USS Callister<\/strong> ganha uma sequ\u00eancia chamada &#8220;<strong>USS Callister: Into Infinity<\/strong>&#8220;, trazendo de volta <strong>Cristin Milioti<\/strong> e <strong>Jimmi Simpson<\/strong>. Segundo <strong>Brooker<\/strong>, foi dif\u00edcil resistir \u00e0 vontade de revisitar aquele universo digital.<\/p>\n\n\n\n<h2 class=\"wp-block-heading\">Quais s\u00e3o os epis\u00f3dios mais marcantes desta temporada?<\/h2>\n\n\n\n<p>A temporada tem seis epis\u00f3dios com dura\u00e7\u00f5es que variam entre 40 e 89 minutos. Dois deles s\u00e3o praticamente longas-metragens. O ranking dos f\u00e3s coloca &#8220;<strong>USS Callister: Into Infinity<\/strong>&#8221; no topo, seguido por &#8220;<strong>Eulogy<\/strong>&#8221; com <strong>Paul Giamatti<\/strong> e &#8220;<strong>Pessoas Comuns<\/strong>&#8221; com <strong>Rashida Jones<\/strong>. Os outros tr\u00eas s\u00e3o &#8220;<strong>B\u00eate Noire<\/strong>&#8220;, &#8220;<strong>Brinquedo<\/strong>&#8221; e &#8220;<strong>Hotel Reverie<\/strong>&#8220;.<\/p>\n\n\n\n<p>&#8220;<strong>Hotel Reverie<\/strong>&#8221; \u00e9 especial porque mistura uma homenagem \u00e0 Era de Ouro de <strong>Hollywood<\/strong> com elementos de fic\u00e7\u00e3o cient\u00edfica. <strong>Issa Rae<\/strong>, <strong>Emma Corrin<\/strong> e <strong>Awkwafina<\/strong> fazem parte do elenco deste epis\u00f3dio que brinca com a realidade e a fantasia. J\u00e1 &#8220;<strong>Brinquedo<\/strong>&#8221; explora o mundo dos videogames de uma forma que s\u00f3 <strong>Black Mirror<\/strong> sabe fazer.<\/p>\n\n\n\n<h2 class=\"wp-block-heading\">Como a tecnologia continua sendo o vil\u00e3o da hist\u00f3ria?<\/h2>\n\n\n\n<p><strong>Black Mirror<\/strong> sempre foi sobre mostrar o lado sombrio da tecnologia. Esta temporada volta com for\u00e7a total a esse tema central depois que a sexta temporada fugiu um pouco dessa linha. Temos intelig\u00eancia artificial, mem\u00f3rias digitais, realidades simuladas e jogos que mexem com a mente das pessoas.<\/p>\n\n\n\n<p><strong>Charlie Brooker<\/strong> admitiu que evita assistir <strong>Ruptura<\/strong> da <strong>Apple TV+<\/strong> porque muita gente diz que \u00e9 &#8220;como <strong>Black Mirror<\/strong>, s\u00f3 que melhor&#8221;. Ele tem medo de se sentir inferior ou com inveja. Isso mostra como ele leva a s\u00e9rio a responsabilidade de manter <strong>Black Mirror<\/strong> como refer\u00eancia em distopia tecnol\u00f3gica.<\/p>\n\n\n\n<h2 class=\"wp-block-heading\">Quais atores fazem parte desta nova temporada?<\/h2>\n\n\n\n<p>O elenco desta temporada \u00e9 simplesmente impressionante. Al\u00e9m dos retornos de <strong>Cristin Milioti<\/strong> e <strong>Will Poulter<\/strong>, temos nomes como <strong>Paul Giamatti<\/strong>, <strong>Rashida Jones<\/strong>, <strong>Peter Capaldi<\/strong> e <strong>Issa Rae<\/strong>. <strong>Awkwafina<\/strong>, <strong>Emma Corrin<\/strong> e <strong>Tracee Ellis Ross<\/strong> tamb\u00e9m marcam presen\u00e7a nos novos epis\u00f3dios.<\/p>\n\n\n\n<p>Uma curiosidade \u00e9 que <strong>Will Poulter<\/strong> retorna depois de ter participado do filme interativo <strong>Bandersnatch<\/strong>. <strong>Billy Magnussen<\/strong> tamb\u00e9m volta para dar continuidade \u00e0 hist\u00f3ria de <strong>USS Callister<\/strong>. <strong>Charlie Brooker<\/strong> brincou dizendo que desta vez ele &#8220;manteve alguns personagens vivos&#8221; ao inv\u00e9s de matar todo mundo no final.<\/p>\n\n\n\n<h2 class=\"wp-block-heading\">A s\u00e9rie perdeu o rumo ou est\u00e1 melhor que nunca?<\/h2>\n\n\n\n<figure class=\"wp-block-embed aligncenter is-type-video is-provider-youtube wp-block-embed-youtube wp-embed-aspect-16-9 wp-has-aspect-ratio\"><div class=\"wp-block-embed__wrapper\">\n<div class=\"jeg_video_container jeg_video_content\"><iframe loading=\"lazy\" title=\"Black Mirror - Temporada 7 | Trailer oficial | Netflix\" width=\"500\" height=\"281\" src=\"https:\/\/www.youtube.com\/embed\/W210J2A49TA?start=2&#038;feature=oembed\" frameborder=\"0\" allow=\"accelerometer; autoplay; clipboard-write; encrypted-media; gyroscope; picture-in-picture; web-share\" referrerpolicy=\"strict-origin-when-cross-origin\" allowfullscreen><\/iframe><\/div>\n<\/div><\/figure>\n\n\n\n<p>A sexta temporada de <strong>Black Mirror<\/strong> dividiu opini\u00f5es porque fugiu muito do tema tecnol\u00f3gico. Teve epis\u00f3dios sobre dem\u00f4nios, serial killers e lobisomens. Agora, <strong>Brooker<\/strong> admite que a s\u00e9tima temporada \u00e9 &#8220;um pouco mais <strong>Black Mirror<\/strong> raiz&#8221;, voltando \u00e0s origens da s\u00e9rie.<\/p>\n\n\n\n<p>A cr\u00edtica tem elogiado o retorno \u00e0s ra\u00edzes. Os epis\u00f3dios exploram temas como pre\u00e7os diferenciados por tecnologia, digitaliza\u00e7\u00e3o da vida e os perigos da intelig\u00eancia artificial. Tem epis\u00f3dios mais esperan\u00e7osos, mas tamb\u00e9m outros que d\u00e3o &#8220;socos no est\u00f4mago&#8221; emocional dos espectadores.<\/p>\n\n\n\n<h2 class=\"wp-block-heading\">Vale a pena maratonar a nova temporada?<\/h2>\n\n\n\n<p><strong>Black Mirror<\/strong> continua sendo uma das melhores s\u00e9ries de fic\u00e7\u00e3o cient\u00edfica da atualidade. Esta temporada recupera o que fez a s\u00e9rie famosa: hist\u00f3rias perturbadoras sobre como a tecnologia pode dar errado. Se voc\u00ea sentiu falta do <strong>Black Mirror<\/strong> cl\u00e1ssico, esta temporada vai te agradar.<\/p>\n\n\n\n<p>A <strong>Netflix<\/strong> liberou todos os epis\u00f3dios de uma vez, ent\u00e3o d\u00e1 para fazer uma maratona tranquilamente. S\u00e3o cerca de 6 horas de conte\u00fado que v\u00e3o mexer com sua cabe\u00e7a e te fazer pensar duas vezes antes de usar qualquer tecnologia nova. Sobre uma poss\u00edvel oitava temporada, <strong>Brooker<\/strong> diz que vai continuar enquanto tiver hist\u00f3rias relevantes para contar.<\/p>\n","protected":false},"excerpt":{"rendered":"<p>Black Mirror retornou para mexer com nossa cabe\u00e7a mais uma vez. A s\u00e9tima temporada chegou \u00e0 Netflix no dia 10 de abril de 2025 com seis epis\u00f3dios que prometem te deixar questionando tudo sobre tecnologia. Charlie Brooker, o criador da s\u00e9rie, disse que esta temporada volta \u00e0s ra\u00edzes mais sombrias da antologia. A grande novidade [&hellip;]<\/p>\n","protected":false},"author":8,"featured_media":17977,"comment_status":"open","ping_status":"open","sticky":false,"template":"","format":"standard","meta":{"_yoast_wpseo_focuskw":"Black Mirror","_yoast_wpseo_title":"","_yoast_wpseo_metadesc":"A 7\u00aa temporada de Black Mirror est\u00e1 repleta de epis\u00f3dios que desafiam a mente. Descubra o que cada um deles prepara para voc\u00ea","jnews-multi-image_gallery":[],"jnews_single_post":{"format":"standard"},"jnews_primary_category":[],"jnews_social_meta":[],"jnews_override_counter":[],"footnotes":""},"categories":[140],"post_tag":[1960,568],"class_list":["post-27433","post","type-post","status-publish","format-standard","has-post-thumbnail","hentry","category-entretenimento","tag-black-mirror","tag-series-e-filmes"],"yoast_head":"<!-- This site is optimized with the Yoast SEO plugin v24.6 - https:\/\/yoast.com\/wordpress\/plugins\/seo\/ -->\n<title>Quais s\u00e3o os epis\u00f3dios da 7\u00aa temporada de Black Mirror? - Correio Braziliense - Radar<\/title>\n<meta name=\"description\" content=\"A 7\u00aa temporada de Black Mirror est\u00e1 repleta de epis\u00f3dios que desafiam a mente. Descubra o que cada um deles prepara para voc\u00ea\" \/>\n<meta name=\"robots\" content=\"index, follow, max-snippet:-1, max-image-preview:large, max-video-preview:-1\" \/>\n<link rel=\"canonical\" href=\"https:\/\/www.correiobraziliense.com.br\/cbradar\/quais-sao-os-episodios-da-7a-temporada-de-black-mirror\/\" \/>\n<meta property=\"og:locale\" content=\"pt_BR\" \/>\n<meta property=\"og:type\" content=\"article\" \/>\n<meta property=\"og:title\" content=\"Quais s\u00e3o os epis\u00f3dios da 7\u00aa temporada de Black Mirror? - Correio Braziliense - Radar\" \/>\n<meta property=\"og:description\" content=\"A 7\u00aa temporada de Black Mirror est\u00e1 repleta de epis\u00f3dios que desafiam a mente. Descubra o que cada um deles prepara para voc\u00ea\" \/>\n<meta property=\"og:url\" content=\"https:\/\/www.correiobraziliense.com.br\/cbradar\/quais-sao-os-episodios-da-7a-temporada-de-black-mirror\/\" \/>\n<meta property=\"og:site_name\" content=\"Correio Braziliense - Radar\" \/>\n<meta property=\"article:published_time\" content=\"2025-04-24T12:50:00+00:00\" \/>\n<meta property=\"article:modified_time\" content=\"2025-07-02T05:01:39+00:00\" \/>\n<meta property=\"og:image\" content=\"https:\/\/www.correiobraziliense.com.br\/cbradar\/wp-content\/uploads\/2025\/04\/black-mirror_1743535509643.jpg\" \/>\n\t<meta property=\"og:image:width\" content=\"1280\" \/>\n\t<meta property=\"og:image:height\" content=\"720\" \/>\n\t<meta property=\"og:image:type\" content=\"image\/jpeg\" \/>\n<meta name=\"author\" content=\"Maura Pereira\" \/>\n<meta name=\"twitter:card\" content=\"summary_large_image\" \/>\n<meta name=\"twitter:label1\" content=\"Escrito por\" \/>\n\t<meta name=\"twitter:data1\" content=\"Maura Pereira\" \/>\n\t<meta name=\"twitter:label2\" content=\"Est. tempo de leitura\" \/>\n\t<meta name=\"twitter:data2\" content=\"4 minutos\" \/>\n<!-- \/ Yoast SEO plugin. -->","yoast_head_json":{"title":"Quais s\u00e3o os epis\u00f3dios da 7\u00aa temporada de Black Mirror? - Correio Braziliense - Radar","description":"A 7\u00aa temporada de Black Mirror est\u00e1 repleta de epis\u00f3dios que desafiam a mente. Descubra o que cada um deles prepara para voc\u00ea","robots":{"index":"index","follow":"follow","max-snippet":"max-snippet:-1","max-image-preview":"max-image-preview:large","max-video-preview":"max-video-preview:-1"},"canonical":"https:\/\/www.correiobraziliense.com.br\/cbradar\/quais-sao-os-episodios-da-7a-temporada-de-black-mirror\/","og_locale":"pt_BR","og_type":"article","og_title":"Quais s\u00e3o os epis\u00f3dios da 7\u00aa temporada de Black Mirror? - Correio Braziliense - Radar","og_description":"A 7\u00aa temporada de Black Mirror est\u00e1 repleta de epis\u00f3dios que desafiam a mente. Descubra o que cada um deles prepara para voc\u00ea","og_url":"https:\/\/www.correiobraziliense.com.br\/cbradar\/quais-sao-os-episodios-da-7a-temporada-de-black-mirror\/","og_site_name":"Correio Braziliense - Radar","article_published_time":"2025-04-24T12:50:00+00:00","article_modified_time":"2025-07-02T05:01:39+00:00","og_image":[{"width":1280,"height":720,"url":"https:\/\/www.correiobraziliense.com.br\/cbradar\/wp-content\/uploads\/2025\/04\/black-mirror_1743535509643.jpg","type":"image\/jpeg"}],"author":"Maura Pereira","twitter_card":"summary_large_image","twitter_misc":{"Escrito por":"Maura Pereira","Est. tempo de leitura":"4 minutos"},"schema":{"@context":"https:\/\/schema.org","@graph":[{"@type":"WebPage","@id":"https:\/\/www.correiobraziliense.com.br\/cbradar\/quais-sao-os-episodios-da-7a-temporada-de-black-mirror\/","url":"https:\/\/www.correiobraziliense.com.br\/cbradar\/quais-sao-os-episodios-da-7a-temporada-de-black-mirror\/","name":"Quais s\u00e3o os epis\u00f3dios da 7\u00aa temporada de Black Mirror? - Correio Braziliense - Radar","isPartOf":{"@id":"https:\/\/www.correiobraziliense.com.br\/cbradar\/#website"},"primaryImageOfPage":{"@id":"https:\/\/www.correiobraziliense.com.br\/cbradar\/quais-sao-os-episodios-da-7a-temporada-de-black-mirror\/#primaryimage"},"image":{"@id":"https:\/\/www.correiobraziliense.com.br\/cbradar\/quais-sao-os-episodios-da-7a-temporada-de-black-mirror\/#primaryimage"},"thumbnailUrl":"https:\/\/www.correiobraziliense.com.br\/cbradar\/wp-content\/uploads\/2025\/04\/black-mirror_1743535509643.jpg","datePublished":"2025-04-24T12:50:00+00:00","dateModified":"2025-07-02T05:01:39+00:00","author":{"@id":"https:\/\/www.correiobraziliense.com.br\/cbradar\/#\/schema\/person\/4053c651a9bfc785afc6f4cbc9032fd3"},"description":"A 7\u00aa temporada de Black Mirror est\u00e1 repleta de epis\u00f3dios que desafiam a mente. Descubra o que cada um deles prepara para voc\u00ea","breadcrumb":{"@id":"https:\/\/www.correiobraziliense.com.br\/cbradar\/quais-sao-os-episodios-da-7a-temporada-de-black-mirror\/#breadcrumb"},"inLanguage":"pt-BR","potentialAction":[{"@type":"ReadAction","target":["https:\/\/www.correiobraziliense.com.br\/cbradar\/quais-sao-os-episodios-da-7a-temporada-de-black-mirror\/"]}]},{"@type":"ImageObject","inLanguage":"pt-BR","@id":"https:\/\/www.correiobraziliense.com.br\/cbradar\/quais-sao-os-episodios-da-7a-temporada-de-black-mirror\/#primaryimage","url":"https:\/\/www.correiobraziliense.com.br\/cbradar\/wp-content\/uploads\/2025\/04\/black-mirror_1743535509643.jpg","contentUrl":"https:\/\/www.correiobraziliense.com.br\/cbradar\/wp-content\/uploads\/2025\/04\/black-mirror_1743535509643.jpg","width":1280,"height":720,"caption":"Netflix, Black Mirror \/\/ Cr\u00e9ditos: depositphotos.com \/ ifeelstock"},{"@type":"BreadcrumbList","@id":"https:\/\/www.correiobraziliense.com.br\/cbradar\/quais-sao-os-episodios-da-7a-temporada-de-black-mirror\/#breadcrumb","itemListElement":[{"@type":"ListItem","position":1,"name":"In\u00edcio","item":"https:\/\/www.correiobraziliense.com.br\/cbradar\/"},{"@type":"ListItem","position":2,"name":"Quais s\u00e3o os epis\u00f3dios da 7\u00aa temporada de Black Mirror?"}]},{"@type":"WebSite","@id":"https:\/\/www.correiobraziliense.com.br\/cbradar\/#website","url":"https:\/\/www.correiobraziliense.com.br\/cbradar\/","name":"Correio Braziliense - Radar","description":"Acompanhe as \u00faltimas not\u00edcias e fique bem informado sobre tudo o que acontece no Brasil e no mundo.","potentialAction":[{"@type":"SearchAction","target":{"@type":"EntryPoint","urlTemplate":"https:\/\/www.correiobraziliense.com.br\/cbradar\/?s={search_term_string}"},"query-input":{"@type":"PropertyValueSpecification","valueRequired":true,"valueName":"search_term_string"}}],"inLanguage":"pt-BR"},{"@type":"Person","@id":"https:\/\/www.correiobraziliense.com.br\/cbradar\/#\/schema\/person\/4053c651a9bfc785afc6f4cbc9032fd3","name":"Maura Pereira","image":{"@type":"ImageObject","inLanguage":"pt-BR","@id":"https:\/\/www.correiobraziliense.com.br\/cbradar\/#\/schema\/person\/image\/","url":"https:\/\/secure.gravatar.com\/avatar\/3effd6bdadfa447f15089c7f7144eaa6?s=96&d=mm&r=g","contentUrl":"https:\/\/secure.gravatar.com\/avatar\/3effd6bdadfa447f15089c7f7144eaa6?s=96&d=mm&r=g","caption":"Maura Pereira"},"sameAs":["https:\/\/www.correiobraziliense.com.br\/"],"url":"https:\/\/www.correiobraziliense.com.br\/cbradar\/author\/mauramyth\/"}]}},"_links":{"self":[{"href":"https:\/\/www.correiobraziliense.com.br\/cbradar\/wp-json\/wp\/v2\/posts\/27433","targetHints":{"allow":["GET"]}}],"collection":[{"href":"https:\/\/www.correiobraziliense.com.br\/cbradar\/wp-json\/wp\/v2\/posts"}],"about":[{"href":"https:\/\/www.correiobraziliense.com.br\/cbradar\/wp-json\/wp\/v2\/types\/post"}],"author":[{"embeddable":true,"href":"https:\/\/www.correiobraziliense.com.br\/cbradar\/wp-json\/wp\/v2\/users\/8"}],"replies":[{"embeddable":true,"href":"https:\/\/www.correiobraziliense.com.br\/cbradar\/wp-json\/wp\/v2\/comments?post=27433"}],"version-history":[{"count":12,"href":"https:\/\/www.correiobraziliense.com.br\/cbradar\/wp-json\/wp\/v2\/posts\/27433\/revisions"}],"predecessor-version":[{"id":63022,"href":"https:\/\/www.correiobraziliense.com.br\/cbradar\/wp-json\/wp\/v2\/posts\/27433\/revisions\/63022"}],"wp:featuredmedia":[{"embeddable":true,"href":"https:\/\/www.correiobraziliense.com.br\/cbradar\/wp-json\/wp\/v2\/media\/17977"}],"wp:attachment":[{"href":"https:\/\/www.correiobraziliense.com.br\/cbradar\/wp-json\/wp\/v2\/media?parent=27433"}],"wp:term":[{"taxonomy":"category","embeddable":true,"href":"https:\/\/www.correiobraziliense.com.br\/cbradar\/wp-json\/wp\/v2\/categories?post=27433"},{"taxonomy":"post_tag","embeddable":true,"href":"https:\/\/www.correiobraziliense.com.br\/cbradar\/wp-json\/wp\/v2\/post_tag?post=27433"}],"curies":[{"name":"wp","href":"https:\/\/api.w.org\/{rel}","templated":true}]}}