{"id":27435,"date":"2025-04-24T20:50:00","date_gmt":"2025-04-24T23:50:00","guid":{"rendered":"https:\/\/www.correiobraziliense.com.br\/cbradar\/?p=27435"},"modified":"2025-04-24T03:39:09","modified_gmt":"2025-04-24T06:39:09","slug":"sua-empresa-esta-segura-descubra-como-proteger-seus-dados","status":"publish","type":"post","link":"https:\/\/www.correiobraziliense.com.br\/cbradar\/sua-empresa-esta-segura-descubra-como-proteger-seus-dados\/","title":{"rendered":"Sua empresa est\u00e1 segura? Veja como proteger seus dados"},"content":{"rendered":"\n<p>Com o avan\u00e7o da tecnologia e a crescente digitaliza\u00e7\u00e3o de dados, a <strong>seguran\u00e7a da informa\u00e7\u00e3o<\/strong> tornou-se um tema crucial para empresas e indiv\u00edduos. A prote\u00e7\u00e3o de <strong>dados pessoais<\/strong> e empresariais \u00e9 essencial para evitar viola\u00e7\u00f5es que possam comprometer a privacidade e a integridade das informa\u00e7\u00f5es. No <strong><a href=\"https:\/\/www.correiobraziliense.com.br\/cbradar\/como-um-estrangeiro-tira-visto-para-entrar-no-brasil-veja-passo-a-passo\/\" target=\"_blank\" rel=\"noreferrer noopener\">Brasil<\/a><\/strong>, a <a href=\"https:\/\/www.gov.br\/mds\/pt-br\/acesso-a-informacao\/privacidade-e-protecao-de-dados\/lgpd\" target=\"_blank\" rel=\"noreferrer noopener\"><strong>Lei Geral de Prote\u00e7\u00e3o de Dados<\/strong> (<strong>LGPD<\/strong>)<\/a> e o <strong>Regulamento Geral de Prote\u00e7\u00e3o de Dados<\/strong> (<strong>GDPR<\/strong>) na <strong>Uni\u00e3o Europeia<\/strong> s\u00e3o exemplos de esfor\u00e7os regulat\u00f3rios para garantir essa seguran\u00e7a.<\/p>\n\n\n\n<p>O aumento das <strong>amea\u00e7as cibern\u00e9ticas<\/strong>, como ataques de <strong>ransomware<\/strong> e <strong>phishing<\/strong>, destaca a necessidade de medidas eficazes para proteger informa\u00e7\u00f5es sens\u00edveis. Dados recentes indicam que o <strong>Brasil<\/strong> est\u00e1 entre os pa\u00edses mais afetados por incidentes de seguran\u00e7a digital, refor\u00e7ando a urg\u00eancia de adotar pr\u00e1ticas robustas de prote\u00e7\u00e3o de dados.<\/p>\n\n\n\n<h2 class=\"wp-block-heading\">O que \u00e9 a certifica\u00e7\u00e3o ISO 27001?<\/h2>\n\n\n\n<p>A certifica\u00e7\u00e3o <strong>ISO 27001<\/strong> \u00e9 uma norma reconhecida internacionalmente que estabelece um sistema de gest\u00e3o de <strong>seguran\u00e7a da informa\u00e7\u00e3o<\/strong>. Ela ajuda as organiza\u00e7\u00f5es a proteger suas informa\u00e7\u00f5es de maneira sistem\u00e1tica e eficaz, garantindo a <strong>confidencialidade<\/strong>, <strong>integridade<\/strong> e <strong>disponibilidade<\/strong> dos dados. Essa certifica\u00e7\u00e3o \u00e9 uma ferramenta valiosa para empresas que desejam demonstrar seu compromisso com a seguran\u00e7a da informa\u00e7\u00e3o.<\/p>\n\n\n\n<p>Embora muitas vezes associada a grandes corpora\u00e7\u00f5es, a <strong>ISO 27001<\/strong> \u00e9 igualmente relevante para <strong>pequenas<\/strong> e <strong>m\u00e9dias empresas<\/strong>. Adotar essa norma pode aumentar a confian\u00e7a dos <strong>clientes<\/strong> e <strong>parceiros<\/strong>, al\u00e9m de melhorar a reputa\u00e7\u00e3o da empresa no <strong>mercado global<\/strong>.<\/p>\n\n\n<div class=\"wp-block-image\">\n<figure class=\"aligncenter size-large\"><img decoding=\"async\" width=\"1024\" height=\"576\" src=\"https:\/\/www.correiobraziliense.com.br\/cbradar\/wp-content\/uploads\/2025\/02\/Cybersecurity_1740430566670-1024x576.jpg\" alt=\"Sua empresa est\u00e1 segura? Descubra como proteger seus dados\" class=\"wp-image-5879\" srcset=\"https:\/\/www.correiobraziliense.com.br\/cbradar\/wp-content\/uploads\/2025\/02\/Cybersecurity_1740430566670-1024x576.jpg 1024w, https:\/\/www.correiobraziliense.com.br\/cbradar\/wp-content\/uploads\/2025\/02\/Cybersecurity_1740430566670-300x169.jpg 300w, https:\/\/www.correiobraziliense.com.br\/cbradar\/wp-content\/uploads\/2025\/02\/Cybersecurity_1740430566670-768x432.jpg 768w, https:\/\/www.correiobraziliense.com.br\/cbradar\/wp-content\/uploads\/2025\/02\/Cybersecurity_1740430566670-750x422.jpg 750w, https:\/\/www.correiobraziliense.com.br\/cbradar\/wp-content\/uploads\/2025\/02\/Cybersecurity_1740430566670-1140x641.jpg 1140w, https:\/\/www.correiobraziliense.com.br\/cbradar\/wp-content\/uploads\/2025\/02\/Cybersecurity_1740430566670.jpg 1280w\" sizes=\"(max-width: 1024px) 100vw, 1024px\" \/><figcaption class=\"wp-element-caption\">Cr\u00e9ditos: depositphotos.com \/ AndrewLozovyi<\/figcaption><\/figure><\/div>\n\n\n<h2 class=\"wp-block-heading\">Como as empresas podem conseguir a certifica\u00e7\u00e3o ISO 27001?<\/h2>\n\n\n\n<p>Para obter a certifica\u00e7\u00e3o <strong>ISO 27001<\/strong>, as empresas devem seguir um processo estruturado que come\u00e7a com o planejamento. Isso inclui a defini\u00e7\u00e3o de objetivos claros, a identifica\u00e7\u00e3o de riscos potenciais e o estabelecimento de pol\u00edticas internas para gerenciar esses riscos. Em seguida, as empresas devem implementar um sistema de gest\u00e3o de <strong>seguran\u00e7a da informa\u00e7\u00e3o<\/strong> que inclua controles e medidas de resposta a incidentes.<\/p>\n\n\n\n<p>Ap\u00f3s a implementa\u00e7\u00e3o, \u00e9 realizada uma auditoria interna para garantir que todos os requisitos da norma sejam atendidos. Finalmente, uma auditoria externa \u00e9 conduzida por um organismo certificador independente. Se a empresa atender a todos os crit\u00e9rios, ela receber\u00e1 a certifica\u00e7\u00e3o <strong>ISO 27001<\/strong>.<\/p>\n\n\n\n<h2 class=\"wp-block-heading\">Por que a ciberseguran\u00e7a deve ser uma pr\u00e1tica cont\u00ednua?<\/h2>\n\n\n\n<p>A obten\u00e7\u00e3o da certifica\u00e7\u00e3o <strong>ISO 27001<\/strong> n\u00e3o \u00e9 o fim do processo de <strong>seguran\u00e7a da informa\u00e7\u00e3o<\/strong>. As empresas devem manter uma cultura de seguran\u00e7a cont\u00ednua, revisando e atualizando regularmente suas pol\u00edticas e procedimentos. Isso inclui a implementa\u00e7\u00e3o de medidas como <strong>autentica\u00e7\u00e3o em dois fatores<\/strong>, monitoramento constante e planos de resposta a incidentes bem definidos.<\/p>\n\n\n\n<p>Manter a <strong>seguran\u00e7a da informa\u00e7\u00e3o<\/strong> como uma pr\u00e1tica cont\u00ednua n\u00e3o s\u00f3 protege a empresa contra <strong>amea\u00e7as cibern\u00e9ticas<\/strong>, mas tamb\u00e9m fortalece sua posi\u00e7\u00e3o no mercado. Empresas que demonstram um compromisso s\u00e9rio com a <strong>seguran\u00e7a da informa\u00e7\u00e3o<\/strong> s\u00e3o vistas como mais confi\u00e1veis por <strong>clientes<\/strong> e <strong>parceiros<\/strong>.<\/p>\n\n\n\n<h2 class=\"wp-block-heading\">Quais os benef\u00edcios com a ISO 2700?<\/h2>\n\n\n\n<p>Estar em conformidade com a <strong>ISO 27001<\/strong> oferece v\u00e1rios benef\u00edcios, incluindo a prote\u00e7\u00e3o aprimorada de <strong>dados sens\u00edveis<\/strong>, a melhoria da <strong>reputa\u00e7\u00e3o da empresa<\/strong> e o aumento da confian\u00e7a dos <strong>clientes<\/strong>. Al\u00e9m disso, a certifica\u00e7\u00e3o pode abrir novas oportunidades de neg\u00f3cios, especialmente em mercados que valorizam a <strong>seguran\u00e7a da informa\u00e7\u00e3o<\/strong>.<\/p>\n\n\n\n<p>Em um ambiente digital em constante evolu\u00e7\u00e3o, a prote\u00e7\u00e3o de dados \u00e9 fundamental para o sucesso e a sustentabilidade das empresas. A certifica\u00e7\u00e3o <strong>ISO 27001<\/strong> \u00e9 uma ferramenta eficaz para alcan\u00e7ar esse objetivo, garantindo que as informa\u00e7\u00f5es estejam seguras e protegidas contra <strong>amea\u00e7as cibern\u00e9ticas<\/strong>.<\/p>\n","protected":false},"excerpt":{"rendered":"<p>Com o avan\u00e7o da tecnologia e a crescente digitaliza\u00e7\u00e3o de dados, a seguran\u00e7a da informa\u00e7\u00e3o tornou-se um tema crucial para empresas e indiv\u00edduos. A prote\u00e7\u00e3o de dados pessoais e empresariais \u00e9 essencial para evitar viola\u00e7\u00f5es que possam comprometer a privacidade e a integridade das informa\u00e7\u00f5es. No Brasil, a Lei Geral de Prote\u00e7\u00e3o de Dados (LGPD) [&hellip;]<\/p>\n","protected":false},"author":8,"featured_media":5878,"comment_status":"open","ping_status":"open","sticky":false,"template":"","format":"standard","meta":{"_yoast_wpseo_focuskw":"empresa","_yoast_wpseo_title":"","_yoast_wpseo_metadesc":"Veja como sua empresa pode tratar riscos de seguran\u00e7a da informa\u00e7\u00e3o, garantindo a confidencialidade e integridade dos dados.","jnews-multi-image_gallery":[],"jnews_single_post":{"format":"standard"},"jnews_primary_category":[],"jnews_social_meta":[],"jnews_override_counter":[],"footnotes":""},"categories":[115],"tags":[1561,114],"class_list":["post-27435","post","type-post","status-publish","format-standard","has-post-thumbnail","hentry","category-tecnologia","tag-cyberseguranca","tag-tecnologia"],"yoast_head":"<!-- This site is optimized with the Yoast SEO plugin v24.6 - https:\/\/yoast.com\/wordpress\/plugins\/seo\/ -->\n<title>Sua empresa est\u00e1 segura? Veja como proteger seus dados - Correio Braziliense - Radar<\/title>\n<meta name=\"description\" content=\"Veja como sua empresa pode tratar riscos de seguran\u00e7a da informa\u00e7\u00e3o, garantindo a confidencialidade e integridade dos dados.\" \/>\n<meta name=\"robots\" content=\"index, follow, max-snippet:-1, max-image-preview:large, max-video-preview:-1\" \/>\n<link rel=\"canonical\" href=\"https:\/\/www.correiobraziliense.com.br\/cbradar\/sua-empresa-esta-segura-descubra-como-proteger-seus-dados\/\" \/>\n<meta property=\"og:locale\" content=\"pt_BR\" \/>\n<meta property=\"og:type\" content=\"article\" \/>\n<meta property=\"og:title\" content=\"Sua empresa est\u00e1 segura? Veja como proteger seus dados - Correio Braziliense - Radar\" \/>\n<meta property=\"og:description\" content=\"Veja como sua empresa pode tratar riscos de seguran\u00e7a da informa\u00e7\u00e3o, garantindo a confidencialidade e integridade dos dados.\" \/>\n<meta property=\"og:url\" content=\"https:\/\/www.correiobraziliense.com.br\/cbradar\/sua-empresa-esta-segura-descubra-como-proteger-seus-dados\/\" \/>\n<meta property=\"og:site_name\" content=\"Correio Braziliense - Radar\" \/>\n<meta property=\"article:published_time\" content=\"2025-04-24T23:50:00+00:00\" \/>\n<meta property=\"og:image\" content=\"https:\/\/www.correiobraziliense.com.br\/cbradar\/wp-content\/uploads\/2025\/02\/Cybersecurity_1740430548881.jpg\" \/>\n\t<meta property=\"og:image:width\" content=\"1280\" \/>\n\t<meta property=\"og:image:height\" content=\"720\" \/>\n\t<meta property=\"og:image:type\" content=\"image\/jpeg\" \/>\n<meta name=\"author\" content=\"Maura Pereira\" \/>\n<meta name=\"twitter:card\" content=\"summary_large_image\" \/>\n<meta name=\"twitter:label1\" content=\"Escrito por\" \/>\n\t<meta name=\"twitter:data1\" content=\"Maura Pereira\" \/>\n\t<meta name=\"twitter:label2\" content=\"Est. tempo de leitura\" \/>\n\t<meta name=\"twitter:data2\" content=\"4 minutos\" \/>\n<!-- \/ Yoast SEO plugin. -->","yoast_head_json":{"title":"Sua empresa est\u00e1 segura? Veja como proteger seus dados - Correio Braziliense - Radar","description":"Veja como sua empresa pode tratar riscos de seguran\u00e7a da informa\u00e7\u00e3o, garantindo a confidencialidade e integridade dos dados.","robots":{"index":"index","follow":"follow","max-snippet":"max-snippet:-1","max-image-preview":"max-image-preview:large","max-video-preview":"max-video-preview:-1"},"canonical":"https:\/\/www.correiobraziliense.com.br\/cbradar\/sua-empresa-esta-segura-descubra-como-proteger-seus-dados\/","og_locale":"pt_BR","og_type":"article","og_title":"Sua empresa est\u00e1 segura? Veja como proteger seus dados - Correio Braziliense - Radar","og_description":"Veja como sua empresa pode tratar riscos de seguran\u00e7a da informa\u00e7\u00e3o, garantindo a confidencialidade e integridade dos dados.","og_url":"https:\/\/www.correiobraziliense.com.br\/cbradar\/sua-empresa-esta-segura-descubra-como-proteger-seus-dados\/","og_site_name":"Correio Braziliense - Radar","article_published_time":"2025-04-24T23:50:00+00:00","og_image":[{"width":1280,"height":720,"url":"https:\/\/www.correiobraziliense.com.br\/cbradar\/wp-content\/uploads\/2025\/02\/Cybersecurity_1740430548881.jpg","type":"image\/jpeg"}],"author":"Maura Pereira","twitter_card":"summary_large_image","twitter_misc":{"Escrito por":"Maura Pereira","Est. tempo de leitura":"4 minutos"},"schema":{"@context":"https:\/\/schema.org","@graph":[{"@type":"WebPage","@id":"https:\/\/www.correiobraziliense.com.br\/cbradar\/sua-empresa-esta-segura-descubra-como-proteger-seus-dados\/","url":"https:\/\/www.correiobraziliense.com.br\/cbradar\/sua-empresa-esta-segura-descubra-como-proteger-seus-dados\/","name":"Sua empresa est\u00e1 segura? Veja como proteger seus dados - Correio Braziliense - Radar","isPartOf":{"@id":"https:\/\/www.correiobraziliense.com.br\/cbradar\/#website"},"primaryImageOfPage":{"@id":"https:\/\/www.correiobraziliense.com.br\/cbradar\/sua-empresa-esta-segura-descubra-como-proteger-seus-dados\/#primaryimage"},"image":{"@id":"https:\/\/www.correiobraziliense.com.br\/cbradar\/sua-empresa-esta-segura-descubra-como-proteger-seus-dados\/#primaryimage"},"thumbnailUrl":"https:\/\/www.correiobraziliense.com.br\/cbradar\/wp-content\/uploads\/2025\/02\/Cybersecurity_1740430548881.jpg","datePublished":"2025-04-24T23:50:00+00:00","author":{"@id":"https:\/\/www.correiobraziliense.com.br\/cbradar\/#\/schema\/person\/4053c651a9bfc785afc6f4cbc9032fd3"},"description":"Veja como sua empresa pode tratar riscos de seguran\u00e7a da informa\u00e7\u00e3o, garantindo a confidencialidade e integridade dos dados.","breadcrumb":{"@id":"https:\/\/www.correiobraziliense.com.br\/cbradar\/sua-empresa-esta-segura-descubra-como-proteger-seus-dados\/#breadcrumb"},"inLanguage":"pt-BR","potentialAction":[{"@type":"ReadAction","target":["https:\/\/www.correiobraziliense.com.br\/cbradar\/sua-empresa-esta-segura-descubra-como-proteger-seus-dados\/"]}]},{"@type":"ImageObject","inLanguage":"pt-BR","@id":"https:\/\/www.correiobraziliense.com.br\/cbradar\/sua-empresa-esta-segura-descubra-como-proteger-seus-dados\/#primaryimage","url":"https:\/\/www.correiobraziliense.com.br\/cbradar\/wp-content\/uploads\/2025\/02\/Cybersecurity_1740430548881.jpg","contentUrl":"https:\/\/www.correiobraziliense.com.br\/cbradar\/wp-content\/uploads\/2025\/02\/Cybersecurity_1740430548881.jpg","width":1280,"height":720,"caption":"Cr\u00e9ditos: depositphotos.com \/ Gorodenkoff"},{"@type":"BreadcrumbList","@id":"https:\/\/www.correiobraziliense.com.br\/cbradar\/sua-empresa-esta-segura-descubra-como-proteger-seus-dados\/#breadcrumb","itemListElement":[{"@type":"ListItem","position":1,"name":"In\u00edcio","item":"https:\/\/www.correiobraziliense.com.br\/cbradar\/"},{"@type":"ListItem","position":2,"name":"Sua empresa est\u00e1 segura? Veja como proteger seus dados"}]},{"@type":"WebSite","@id":"https:\/\/www.correiobraziliense.com.br\/cbradar\/#website","url":"https:\/\/www.correiobraziliense.com.br\/cbradar\/","name":"Correio Braziliense - Radar","description":"Acompanhe as \u00faltimas not\u00edcias e fique bem informado sobre tudo o que acontece no Brasil e no mundo.","potentialAction":[{"@type":"SearchAction","target":{"@type":"EntryPoint","urlTemplate":"https:\/\/www.correiobraziliense.com.br\/cbradar\/?s={search_term_string}"},"query-input":{"@type":"PropertyValueSpecification","valueRequired":true,"valueName":"search_term_string"}}],"inLanguage":"pt-BR"},{"@type":"Person","@id":"https:\/\/www.correiobraziliense.com.br\/cbradar\/#\/schema\/person\/4053c651a9bfc785afc6f4cbc9032fd3","name":"Maura Pereira","image":{"@type":"ImageObject","inLanguage":"pt-BR","@id":"https:\/\/www.correiobraziliense.com.br\/cbradar\/#\/schema\/person\/image\/","url":"https:\/\/secure.gravatar.com\/avatar\/3effd6bdadfa447f15089c7f7144eaa6?s=96&d=mm&r=g","contentUrl":"https:\/\/secure.gravatar.com\/avatar\/3effd6bdadfa447f15089c7f7144eaa6?s=96&d=mm&r=g","caption":"Maura Pereira"},"sameAs":["https:\/\/www.correiobraziliense.com.br\/"],"url":"https:\/\/www.correiobraziliense.com.br\/cbradar\/author\/mauramyth\/"}]}},"_links":{"self":[{"href":"https:\/\/www.correiobraziliense.com.br\/cbradar\/wp-json\/wp\/v2\/posts\/27435","targetHints":{"allow":["GET"]}}],"collection":[{"href":"https:\/\/www.correiobraziliense.com.br\/cbradar\/wp-json\/wp\/v2\/posts"}],"about":[{"href":"https:\/\/www.correiobraziliense.com.br\/cbradar\/wp-json\/wp\/v2\/types\/post"}],"author":[{"embeddable":true,"href":"https:\/\/www.correiobraziliense.com.br\/cbradar\/wp-json\/wp\/v2\/users\/8"}],"replies":[{"embeddable":true,"href":"https:\/\/www.correiobraziliense.com.br\/cbradar\/wp-json\/wp\/v2\/comments?post=27435"}],"version-history":[{"count":12,"href":"https:\/\/www.correiobraziliense.com.br\/cbradar\/wp-json\/wp\/v2\/posts\/27435\/revisions"}],"predecessor-version":[{"id":27512,"href":"https:\/\/www.correiobraziliense.com.br\/cbradar\/wp-json\/wp\/v2\/posts\/27435\/revisions\/27512"}],"wp:featuredmedia":[{"embeddable":true,"href":"https:\/\/www.correiobraziliense.com.br\/cbradar\/wp-json\/wp\/v2\/media\/5878"}],"wp:attachment":[{"href":"https:\/\/www.correiobraziliense.com.br\/cbradar\/wp-json\/wp\/v2\/media?parent=27435"}],"wp:term":[{"taxonomy":"category","embeddable":true,"href":"https:\/\/www.correiobraziliense.com.br\/cbradar\/wp-json\/wp\/v2\/categories?post=27435"},{"taxonomy":"post_tag","embeddable":true,"href":"https:\/\/www.correiobraziliense.com.br\/cbradar\/wp-json\/wp\/v2\/tags?post=27435"}],"curies":[{"name":"wp","href":"https:\/\/api.w.org\/{rel}","templated":true}]}}