{"id":27513,"date":"2025-04-24T17:50:00","date_gmt":"2025-04-24T20:50:00","guid":{"rendered":"https:\/\/www.correiobraziliense.com.br\/cbradar\/?p=27513"},"modified":"2025-04-24T04:10:21","modified_gmt":"2025-04-24T07:10:21","slug":"voce-sabe-qual-e-a-cidade-que-mais-investe-em-educacao-no-brasil","status":"publish","type":"post","link":"https:\/\/www.correiobraziliense.com.br\/cbradar\/voce-sabe-qual-e-a-cidade-que-mais-investe-em-educacao-no-brasil\/","title":{"rendered":"Voc\u00ea sabe qual \u00e9 a cidade que mais investe em educa\u00e7\u00e3o no Brasil?"},"content":{"rendered":"\n<p><strong><a href=\"https:\/\/www.saocaetanodosul.sp.gov.br\/home\" target=\"_blank\" rel=\"noreferrer noopener\">S\u00e3o Caetano do Sul<\/a><\/strong>, uma das cidades mais renomadas do <strong>ABC Paulista<\/strong>, tem se destacado por sua qualidade de vida, educa\u00e7\u00e3o de excel\u00eancia e op\u00e7\u00f5es tur\u00edsticas que encantam tanto moradores quanto visitantes. Em um estado t\u00e3o din\u00e2mico como o de<a href=\"https:\/\/www.correiobraziliense.com.br\/cbradar\/cidade-no-interior-de-sao-paulo-e-referencia-em-bem-estar-e-sustentabilidade\/\" target=\"_blank\" rel=\"noreferrer noopener\"> <strong>S\u00e3o Paulo<\/strong><\/a>, a cidade se apresenta como um o\u00e1sis de tranquilidade, infraestrutura de ponta e uma excelente qualidade no atendimento \u00e0 popula\u00e7\u00e3o. Vamos explorar o que torna <strong>S\u00e3o Caetano do Sul<\/strong> um lugar t\u00e3o \u00fanico para viver e visitar.<\/p>\n\n\n\n<h2 class=\"wp-block-heading\">Como \u00e9 a qualidade de vida nesta cidade?<\/h2>\n\n\n\n<p>Quando falamos em qualidade de vida, <strong>S\u00e3o Caetano do Sul<\/strong> \u00e9 uma verdadeira refer\u00eancia. A cidade possui um dos melhores <strong>\u00edndices de desenvolvimento humano (IDH)<\/strong> do pa\u00eds, o que reflete a aten\u00e7\u00e3o da administra\u00e7\u00e3o p\u00fablica em oferecer seguran\u00e7a, sa\u00fade, e uma ampla gama de servi\u00e7os para sua popula\u00e7\u00e3o.<\/p>\n\n\n\n<p>O tr\u00e2nsito flui de maneira organizada, e os moradores desfrutam de ruas arborizadas, \u00e1reas verdes e uma infraestrutura urbana eficiente. Al\u00e9m disso, a cidade tem se destacado na implementa\u00e7\u00e3o de pol\u00edticas p\u00fablicas voltadas para a sustentabilidade, o que garante um ambiente saud\u00e1vel para todos.<\/p>\n\n\n\n<blockquote class=\"instagram-media\" data-instgrm-captioned data-instgrm-permalink=\"https:\/\/www.instagram.com\/p\/DIoWwUFMkVc\/?utm_source=ig_embed&amp;utm_campaign=loading\" data-instgrm-version=\"14\" style=\" background:#FFF; border:0; border-radius:3px; box-shadow:0 0 1px 0 rgba(0,0,0,0.5),0 1px 10px 0 rgba(0,0,0,0.15); margin: 1px; max-width:540px; min-width:326px; padding:0; width:99.375%; width:-webkit-calc(100% - 2px); width:calc(100% - 2px);\"><div style=\"padding:16px;\"> <a href=\"https:\/\/www.instagram.com\/p\/DIoWwUFMkVc\/?utm_source=ig_embed&amp;utm_campaign=loading\" style=\" background:#FFFFFF; line-height:0; padding:0 0; text-align:center; text-decoration:none; width:100%;\" target=\"_blank\"> <div style=\" display: flex; flex-direction: row; align-items: center;\"> <div style=\"background-color: #F4F4F4; border-radius: 50%; flex-grow: 0; height: 40px; margin-right: 14px; width: 40px;\"><\/div> <div style=\"display: flex; flex-direction: column; flex-grow: 1; justify-content: center;\"> <div style=\" background-color: #F4F4F4; border-radius: 4px; flex-grow: 0; height: 14px; margin-bottom: 6px; width: 100px;\"><\/div> <div style=\" background-color: #F4F4F4; border-radius: 4px; flex-grow: 0; height: 14px; width: 60px;\"><\/div><\/div><\/div><div style=\"padding: 19% 0;\"><\/div> <div style=\"display:block; height:50px; margin:0 auto 12px; width:50px;\"><svg width=\"50px\" height=\"50px\" viewBox=\"0 0 60 60\" version=\"1.1\" xmlns=\"https:\/\/www.w3.org\/2000\/svg\" xmlns:xlink=\"https:\/\/www.w3.org\/1999\/xlink\"><g stroke=\"none\" stroke-width=\"1\" fill=\"none\" fill-rule=\"evenodd\"><g transform=\"translate(-511.000000, -20.000000)\" fill=\"#000000\"><g><path d=\"M556.869,30.41 C554.814,30.41 553.148,32.076 553.148,34.131 C553.148,36.186 554.814,37.852 556.869,37.852 C558.924,37.852 560.59,36.186 560.59,34.131 C560.59,32.076 558.924,30.41 556.869,30.41 M541,60.657 C535.114,60.657 530.342,55.887 530.342,50 C530.342,44.114 535.114,39.342 541,39.342 C546.887,39.342 551.658,44.114 551.658,50 C551.658,55.887 546.887,60.657 541,60.657 M541,33.886 C532.1,33.886 524.886,41.1 524.886,50 C524.886,58.899 532.1,66.113 541,66.113 C549.9,66.113 557.115,58.899 557.115,50 C557.115,41.1 549.9,33.886 541,33.886 M565.378,62.101 C565.244,65.022 564.756,66.606 564.346,67.663 C563.803,69.06 563.154,70.057 562.106,71.106 C561.058,72.155 560.06,72.803 558.662,73.347 C557.607,73.757 556.021,74.244 553.102,74.378 C549.944,74.521 548.997,74.552 541,74.552 C533.003,74.552 532.056,74.521 528.898,74.378 C525.979,74.244 524.393,73.757 523.338,73.347 C521.94,72.803 520.942,72.155 519.894,71.106 C518.846,70.057 518.197,69.06 517.654,67.663 C517.244,66.606 516.755,65.022 516.623,62.101 C516.479,58.943 516.448,57.996 516.448,50 C516.448,42.003 516.479,41.056 516.623,37.899 C516.755,34.978 517.244,33.391 517.654,32.338 C518.197,30.938 518.846,29.942 519.894,28.894 C520.942,27.846 521.94,27.196 523.338,26.654 C524.393,26.244 525.979,25.756 528.898,25.623 C532.057,25.479 533.004,25.448 541,25.448 C548.997,25.448 549.943,25.479 553.102,25.623 C556.021,25.756 557.607,26.244 558.662,26.654 C560.06,27.196 561.058,27.846 562.106,28.894 C563.154,29.942 563.803,30.938 564.346,32.338 C564.756,33.391 565.244,34.978 565.378,37.899 C565.522,41.056 565.552,42.003 565.552,50 C565.552,57.996 565.522,58.943 565.378,62.101 M570.82,37.631 C570.674,34.438 570.167,32.258 569.425,30.349 C568.659,28.377 567.633,26.702 565.965,25.035 C564.297,23.368 562.623,22.342 560.652,21.575 C558.743,20.834 556.562,20.326 553.369,20.18 C550.169,20.033 549.148,20 541,20 C532.853,20 531.831,20.033 528.631,20.18 C525.438,20.326 523.257,20.834 521.349,21.575 C519.376,22.342 517.703,23.368 516.035,25.035 C514.368,26.702 513.342,28.377 512.574,30.349 C511.834,32.258 511.326,34.438 511.181,37.631 C511.035,40.831 511,41.851 511,50 C511,58.147 511.035,59.17 511.181,62.369 C511.326,65.562 511.834,67.743 512.574,69.651 C513.342,71.625 514.368,73.296 516.035,74.965 C517.703,76.634 519.376,77.658 521.349,78.425 C523.257,79.167 525.438,79.673 528.631,79.82 C531.831,79.965 532.853,80.001 541,80.001 C549.148,80.001 550.169,79.965 553.369,79.82 C556.562,79.673 558.743,79.167 560.652,78.425 C562.623,77.658 564.297,76.634 565.965,74.965 C567.633,73.296 568.659,71.625 569.425,69.651 C570.167,67.743 570.674,65.562 570.82,62.369 C570.966,59.17 571,58.147 571,50 C571,41.851 570.966,40.831 570.82,37.631\"><\/path><\/g><\/g><\/g><\/svg><\/div><div style=\"padding-top: 8px;\"> <div style=\" color:#3897f0; font-family:Arial,sans-serif; font-size:14px; font-style:normal; font-weight:550; line-height:18px;\">Ver essa foto no Instagram<\/div><\/div><div style=\"padding: 12.5% 0;\"><\/div> <div style=\"display: flex; flex-direction: row; margin-bottom: 14px; align-items: center;\"><div> <div style=\"background-color: #F4F4F4; border-radius: 50%; height: 12.5px; width: 12.5px; transform: translateX(0px) translateY(7px);\"><\/div> <div style=\"background-color: #F4F4F4; height: 12.5px; transform: rotate(-45deg) translateX(3px) translateY(1px); width: 12.5px; flex-grow: 0; margin-right: 14px; margin-left: 2px;\"><\/div> <div style=\"background-color: #F4F4F4; border-radius: 50%; height: 12.5px; width: 12.5px; transform: translateX(9px) translateY(-18px);\"><\/div><\/div><div style=\"margin-left: 8px;\"> <div style=\" background-color: #F4F4F4; border-radius: 50%; flex-grow: 0; height: 20px; width: 20px;\"><\/div> <div style=\" width: 0; height: 0; border-top: 2px solid transparent; border-left: 6px solid #f4f4f4; border-bottom: 2px solid transparent; transform: translateX(16px) translateY(-4px) rotate(30deg)\"><\/div><\/div><div style=\"margin-left: auto;\"> <div style=\" width: 0px; border-top: 8px solid #F4F4F4; border-right: 8px solid transparent; transform: translateY(16px);\"><\/div> <div style=\" background-color: #F4F4F4; flex-grow: 0; height: 12px; width: 16px; transform: translateY(-4px);\"><\/div> <div style=\" width: 0; height: 0; border-top: 8px solid #F4F4F4; border-left: 8px solid transparent; transform: translateY(-4px) translateX(8px);\"><\/div><\/div><\/div> <div style=\"display: flex; flex-direction: column; flex-grow: 1; justify-content: center; margin-bottom: 24px;\"> <div style=\" background-color: #F4F4F4; border-radius: 4px; flex-grow: 0; height: 14px; margin-bottom: 6px; width: 224px;\"><\/div> <div style=\" background-color: #F4F4F4; border-radius: 4px; flex-grow: 0; height: 14px; width: 144px;\"><\/div><\/div><\/a><p style=\" color:#c9c8cd; font-family:Arial,sans-serif; font-size:14px; line-height:17px; margin-bottom:0; margin-top:8px; overflow:hidden; padding:8px 0 7px; text-align:center; text-overflow:ellipsis; white-space:nowrap;\"><a href=\"https:\/\/www.instagram.com\/p\/DIoWwUFMkVc\/?utm_source=ig_embed&amp;utm_campaign=loading\" style=\" color:#c9c8cd; font-family:Arial,sans-serif; font-size:14px; font-style:normal; font-weight:normal; line-height:17px; text-decoration:none;\" target=\"_blank\">Uma publica\u00e7\u00e3o compartilhada por Prefeitura Sa\u0303o Caetano do Sul (@prefeitura_saocaetanodosul)<\/a><\/p><\/div><\/blockquote>\n<script async src=\"\/\/www.instagram.com\/embed.js\"><\/script>\n\n\n\n<h2 class=\"wp-block-heading\">Como funciona a educa\u00e7\u00e3o?<\/h2>\n\n\n\n<p><strong>S\u00e3o Caetano do Sul<\/strong> tem, sem d\u00favida, um dos melhores sistemas de educa\u00e7\u00e3o do <strong>Brasil<\/strong>. Com uma rede de escolas p\u00fablicas e privadas de alta qualidade, a cidade \u00e9 refer\u00eancia no que diz respeito \u00e0 forma\u00e7\u00e3o de seus cidad\u00e3os. A presen\u00e7a de escolas de ensino fundamental e m\u00e9dio bem avaliadas, como o <strong>Col\u00e9gio Objetivo<\/strong> e o <strong>Col\u00e9gio S\u00e3o Caetano<\/strong>, aliada ao excelente desempenho nas avalia\u00e7\u00f5es nacionais, como o <strong>IDEB<\/strong>, coloca a cidade como um modelo para o pa\u00eds. A cidade<strong> <\/strong>mant\u00e9m altos n\u00edveis de investimento para continuar como um dos munic\u00edpios com melhores indicadores educacionais do <strong>Brasil<\/strong>. Na compara\u00e7\u00e3o com a m\u00e9dia nacional, a <strong>Prefeitura de S\u00e3o Caetano<\/strong> investe o dobro em pol\u00edticas p\u00fablicas da \u00e1rea.<\/p>\n\n\n\n<p>Para aqueles que buscam educa\u00e7\u00e3o superior, a cidade tamb\u00e9m n\u00e3o fica atr\u00e1s, com a presen\u00e7a de institui\u00e7\u00f5es renomadas como a <strong>Universidade Municipal de S\u00e3o Caetano do Sul (USCS)<\/strong>. Essas op\u00e7\u00f5es tornam o munic\u00edpio n\u00e3o apenas um excelente lugar para criar filhos, mas tamb\u00e9m um centro educacional de destaque na regi\u00e3o.<\/p>\n\n\n\n<h2 class=\"wp-block-heading\">Conhe\u00e7a os pontos tur\u00edsticos da cidade<\/h2>\n\n\n\n<p>Embora n\u00e3o seja um destino tur\u00edstico tradicional, <strong>S\u00e3o Caetano do Sul<\/strong> conta com diversos pontos que atraem visitantes que buscam lazer e cultura. O <strong>Parque Francisco Franco<\/strong> \u00e9 um \u00f3timo exemplo, com sua \u00e1rea verde, ideal para caminhadas e piqueniques. Para quem gosta de hist\u00f3ria, o <strong>Museu de S\u00e3o Caetano do Sul<\/strong> apresenta um acervo que remonta a hist\u00f3ria da cidade, com destaque para o per\u00edodo de sua funda\u00e7\u00e3o.<\/p>\n\n\n\n<p>Al\u00e9m disso, o <strong>Centro Cultural S\u00e3o Caetano<\/strong> oferece uma programa\u00e7\u00e3o constante de eventos culturais, desde exposi\u00e7\u00f5es de arte at\u00e9 apresenta\u00e7\u00f5es de teatro e m\u00fasica. Com uma grande infraestrutura cultural, a cidade vem se consolidando como um centro art\u00edstico da regi\u00e3o.<\/p>\n\n\n\n<h2 class=\"wp-block-heading\">Vale a pena morar em S\u00e3o Caetano do Sul?<\/h2>\n\n\n\n<p>Morar em <strong>S\u00e3o Caetano do Sul<\/strong> \u00e9 uma escolha que agrada a muitos, principalmente por sua seguran\u00e7a, infraestrutura de qualidade e proximidade com a capital. A cidade oferece tudo o que voc\u00ea precisa: sa\u00fade, educa\u00e7\u00e3o, transporte p\u00fablico eficiente, e at\u00e9 mesmo op\u00e7\u00f5es de lazer. Se voc\u00ea est\u00e1 em busca de um lugar tranquilo para viver, mas com a conveni\u00eancia de estar perto de <strong>S\u00e3o Paulo<\/strong>, <strong>S\u00e3o Caetano do Sul<\/strong> \u00e9 uma excelente escolha.<\/p>\n\n\n\n<h2 class=\"wp-block-heading\">Vale a pena visitar S\u00e3o Caetano do Sul?<\/h2>\n\n\n\n<p>Se voc\u00ea est\u00e1 planejando uma visita \u00e0 regi\u00e3o do <strong>ABC Paulista<\/strong>, n\u00e3o pode deixar de conhecer <strong>S\u00e3o Caetano do Sul<\/strong>. A cidade oferece uma mistura perfeita de tranquilidade e acessibilidade, al\u00e9m de op\u00e7\u00f5es culturais, hist\u00f3ricas e de lazer para todas as idades. Embora pequena em compara\u00e7\u00e3o com <strong>S\u00e3o Paulo<\/strong>, ela tem um charme \u00fanico e oferece uma experi\u00eancia acolhedora para quem a visita.<\/p>\n\n\n\n<p>Seja para passar um dia explorando seus parques e centros culturais, ou para aproveitar a gastronomia local, <strong>S\u00e3o Caetano do Sul<\/strong> tem muito a oferecer. E o melhor de tudo: a cidade est\u00e1 a apenas alguns minutos de <strong>S\u00e3o Paulo<\/strong>, o que facilita ainda mais o acesso para quem quer explorar a regi\u00e3o.<\/p>\n","protected":false},"excerpt":{"rendered":"<p>S\u00e3o Caetano do Sul, uma das cidades mais renomadas do ABC Paulista, tem se destacado por sua qualidade de vida, educa\u00e7\u00e3o de excel\u00eancia e op\u00e7\u00f5es tur\u00edsticas que encantam tanto moradores quanto visitantes. Em um estado t\u00e3o din\u00e2mico como o de S\u00e3o Paulo, a cidade se apresenta como um o\u00e1sis de tranquilidade, infraestrutura de ponta e [&hellip;]<\/p>\n","protected":false},"author":8,"featured_media":0,"comment_status":"open","ping_status":"open","sticky":false,"template":"","format":"standard","meta":{"jnews-multi-image_gallery":[],"jnews_single_post":{"format":"standard"},"jnews_primary_category":[],"jnews_social_meta":[],"jnews_override_counter":[],"footnotes":""},"categories":[108],"post_tag":[225,955,278],"class_list":["post-27513","post","type-post","status-publish","format-standard","hentry","category-cidades","tag-brasil","tag-sao-caetano-do-sul","tag-sao-paulo"],"yoast_head":"<!-- This site is optimized with the Yoast SEO plugin v24.6 - https:\/\/yoast.com\/wordpress\/plugins\/seo\/ -->\n<title>Voc\u00ea sabe qual \u00e9 a cidade que mais investe em educa\u00e7\u00e3o no Brasil? - Correio Braziliense - Radar<\/title>\n<meta name=\"description\" content=\"Essa cidade se destaca com a melhor educa\u00e7\u00e3o do Brasil, segundo dados do IBGE. Descubra como investimentos transformaram sua rede de ensino.\" \/>\n<meta name=\"robots\" content=\"index, follow, max-snippet:-1, max-image-preview:large, max-video-preview:-1\" \/>\n<link rel=\"canonical\" href=\"https:\/\/www.correiobraziliense.com.br\/cbradar\/voce-sabe-qual-e-a-cidade-que-mais-investe-em-educacao-no-brasil\/\" \/>\n<meta property=\"og:locale\" content=\"pt_BR\" \/>\n<meta property=\"og:type\" content=\"article\" \/>\n<meta property=\"og:title\" content=\"Voc\u00ea sabe qual \u00e9 a cidade que mais investe em educa\u00e7\u00e3o no Brasil? - Correio Braziliense - Radar\" \/>\n<meta property=\"og:description\" content=\"Essa cidade se destaca com a melhor educa\u00e7\u00e3o do Brasil, segundo dados do IBGE. Descubra como investimentos transformaram sua rede de ensino.\" \/>\n<meta property=\"og:url\" content=\"https:\/\/www.correiobraziliense.com.br\/cbradar\/voce-sabe-qual-e-a-cidade-que-mais-investe-em-educacao-no-brasil\/\" \/>\n<meta property=\"og:site_name\" content=\"Correio Braziliense - Radar\" \/>\n<meta property=\"article:published_time\" content=\"2025-04-24T20:50:00+00:00\" \/>\n<meta property=\"og:image\" content=\"https:\/\/www.correiobraziliense.com.br\/cbradar\/wp-content\/uploads\/2025\/02\/TKeDJEqqTdbWDOCg1BjCMpHfRTkVe5Nvlx29Y54H.jpg\" \/>\n\t<meta property=\"og:image:width\" content=\"1600\" \/>\n\t<meta property=\"og:image:height\" content=\"1066\" \/>\n\t<meta property=\"og:image:type\" content=\"image\/jpeg\" \/>\n<meta name=\"author\" content=\"Maura Pereira\" \/>\n<meta name=\"twitter:card\" content=\"summary_large_image\" \/>\n<meta name=\"twitter:label1\" content=\"Escrito por\" \/>\n\t<meta name=\"twitter:data1\" content=\"Maura Pereira\" \/>\n\t<meta name=\"twitter:label2\" content=\"Est. tempo de leitura\" \/>\n\t<meta name=\"twitter:data2\" content=\"4 minutos\" \/>\n<!-- \/ Yoast SEO plugin. -->","yoast_head_json":{"title":"Voc\u00ea sabe qual \u00e9 a cidade que mais investe em educa\u00e7\u00e3o no Brasil? - Correio Braziliense - Radar","description":"Essa cidade se destaca com a melhor educa\u00e7\u00e3o do Brasil, segundo dados do IBGE. Descubra como investimentos transformaram sua rede de ensino.","robots":{"index":"index","follow":"follow","max-snippet":"max-snippet:-1","max-image-preview":"max-image-preview:large","max-video-preview":"max-video-preview:-1"},"canonical":"https:\/\/www.correiobraziliense.com.br\/cbradar\/voce-sabe-qual-e-a-cidade-que-mais-investe-em-educacao-no-brasil\/","og_locale":"pt_BR","og_type":"article","og_title":"Voc\u00ea sabe qual \u00e9 a cidade que mais investe em educa\u00e7\u00e3o no Brasil? - Correio Braziliense - Radar","og_description":"Essa cidade se destaca com a melhor educa\u00e7\u00e3o do Brasil, segundo dados do IBGE. Descubra como investimentos transformaram sua rede de ensino.","og_url":"https:\/\/www.correiobraziliense.com.br\/cbradar\/voce-sabe-qual-e-a-cidade-que-mais-investe-em-educacao-no-brasil\/","og_site_name":"Correio Braziliense - Radar","article_published_time":"2025-04-24T20:50:00+00:00","og_image":[{"width":1600,"height":1066,"url":"https:\/\/www.correiobraziliense.com.br\/cbradar\/wp-content\/uploads\/2025\/02\/TKeDJEqqTdbWDOCg1BjCMpHfRTkVe5Nvlx29Y54H.jpg","type":"image\/jpeg"}],"author":"Maura Pereira","twitter_card":"summary_large_image","twitter_misc":{"Escrito por":"Maura Pereira","Est. tempo de leitura":"4 minutos"},"schema":{"@context":"https:\/\/schema.org","@graph":[{"@type":"WebPage","@id":"https:\/\/www.correiobraziliense.com.br\/cbradar\/voce-sabe-qual-e-a-cidade-que-mais-investe-em-educacao-no-brasil\/","url":"https:\/\/www.correiobraziliense.com.br\/cbradar\/voce-sabe-qual-e-a-cidade-que-mais-investe-em-educacao-no-brasil\/","name":"Voc\u00ea sabe qual \u00e9 a cidade que mais investe em educa\u00e7\u00e3o no Brasil? - Correio Braziliense - Radar","isPartOf":{"@id":"https:\/\/www.correiobraziliense.com.br\/cbradar\/#website"},"datePublished":"2025-04-24T20:50:00+00:00","author":{"@id":"https:\/\/www.correiobraziliense.com.br\/cbradar\/#\/schema\/person\/4053c651a9bfc785afc6f4cbc9032fd3"},"description":"Essa cidade se destaca com a melhor educa\u00e7\u00e3o do Brasil, segundo dados do IBGE. Descubra como investimentos transformaram sua rede de ensino.","breadcrumb":{"@id":"https:\/\/www.correiobraziliense.com.br\/cbradar\/voce-sabe-qual-e-a-cidade-que-mais-investe-em-educacao-no-brasil\/#breadcrumb"},"inLanguage":"pt-BR","potentialAction":[{"@type":"ReadAction","target":["https:\/\/www.correiobraziliense.com.br\/cbradar\/voce-sabe-qual-e-a-cidade-que-mais-investe-em-educacao-no-brasil\/"]}]},{"@type":"BreadcrumbList","@id":"https:\/\/www.correiobraziliense.com.br\/cbradar\/voce-sabe-qual-e-a-cidade-que-mais-investe-em-educacao-no-brasil\/#breadcrumb","itemListElement":[{"@type":"ListItem","position":1,"name":"In\u00edcio","item":"https:\/\/www.correiobraziliense.com.br\/cbradar\/"},{"@type":"ListItem","position":2,"name":"Voc\u00ea sabe qual \u00e9 a cidade que mais investe em educa\u00e7\u00e3o no Brasil?"}]},{"@type":"WebSite","@id":"https:\/\/www.correiobraziliense.com.br\/cbradar\/#website","url":"https:\/\/www.correiobraziliense.com.br\/cbradar\/","name":"Correio Braziliense - Radar","description":"Acompanhe as \u00faltimas not\u00edcias e fique bem informado sobre tudo o que acontece no Brasil e no mundo.","potentialAction":[{"@type":"SearchAction","target":{"@type":"EntryPoint","urlTemplate":"https:\/\/www.correiobraziliense.com.br\/cbradar\/?s={search_term_string}"},"query-input":{"@type":"PropertyValueSpecification","valueRequired":true,"valueName":"search_term_string"}}],"inLanguage":"pt-BR"},{"@type":"Person","@id":"https:\/\/www.correiobraziliense.com.br\/cbradar\/#\/schema\/person\/4053c651a9bfc785afc6f4cbc9032fd3","name":"Maura Pereira","image":{"@type":"ImageObject","inLanguage":"pt-BR","@id":"https:\/\/www.correiobraziliense.com.br\/cbradar\/#\/schema\/person\/image\/","url":"https:\/\/secure.gravatar.com\/avatar\/3effd6bdadfa447f15089c7f7144eaa6?s=96&d=mm&r=g","contentUrl":"https:\/\/secure.gravatar.com\/avatar\/3effd6bdadfa447f15089c7f7144eaa6?s=96&d=mm&r=g","caption":"Maura Pereira"},"sameAs":["https:\/\/www.correiobraziliense.com.br\/"],"url":"https:\/\/www.correiobraziliense.com.br\/cbradar\/author\/mauramyth\/"}]}},"_links":{"self":[{"href":"https:\/\/www.correiobraziliense.com.br\/cbradar\/wp-json\/wp\/v2\/posts\/27513","targetHints":{"allow":["GET"]}}],"collection":[{"href":"https:\/\/www.correiobraziliense.com.br\/cbradar\/wp-json\/wp\/v2\/posts"}],"about":[{"href":"https:\/\/www.correiobraziliense.com.br\/cbradar\/wp-json\/wp\/v2\/types\/post"}],"author":[{"embeddable":true,"href":"https:\/\/www.correiobraziliense.com.br\/cbradar\/wp-json\/wp\/v2\/users\/8"}],"replies":[{"embeddable":true,"href":"https:\/\/www.correiobraziliense.com.br\/cbradar\/wp-json\/wp\/v2\/comments?post=27513"}],"version-history":[{"count":17,"href":"https:\/\/www.correiobraziliense.com.br\/cbradar\/wp-json\/wp\/v2\/posts\/27513\/revisions"}],"predecessor-version":[{"id":27532,"href":"https:\/\/www.correiobraziliense.com.br\/cbradar\/wp-json\/wp\/v2\/posts\/27513\/revisions\/27532"}],"wp:attachment":[{"href":"https:\/\/www.correiobraziliense.com.br\/cbradar\/wp-json\/wp\/v2\/media?parent=27513"}],"wp:term":[{"taxonomy":"category","embeddable":true,"href":"https:\/\/www.correiobraziliense.com.br\/cbradar\/wp-json\/wp\/v2\/categories?post=27513"},{"taxonomy":"post_tag","embeddable":true,"href":"https:\/\/www.correiobraziliense.com.br\/cbradar\/wp-json\/wp\/v2\/post_tag?post=27513"}],"curies":[{"name":"wp","href":"https:\/\/api.w.org\/{rel}","templated":true}]}}