{"id":27552,"date":"2025-04-24T10:50:00","date_gmt":"2025-04-24T13:50:00","guid":{"rendered":"https:\/\/www.correiobraziliense.com.br\/cbradar\/?p=27552"},"modified":"2025-04-24T05:42:51","modified_gmt":"2025-04-24T08:42:51","slug":"quanto-ganhava-o-papa-vaticano-revela-valores-do-patrimonio-deixado-pelo-lider","status":"publish","type":"post","link":"https:\/\/www.correiobraziliense.com.br\/cbradar\/quanto-ganhava-o-papa-vaticano-revela-valores-do-patrimonio-deixado-pelo-lider\/","title":{"rendered":"Quanto ganhava o Papa? Vaticano revela valores do patrim\u00f4nio deixado pelo l\u00edder"},"content":{"rendered":"\n<p>O falecimento do <strong><a href=\"https:\/\/pt.wikipedia.org\/wiki\/Papa_Francisco\" target=\"_blank\" rel=\"noreferrer noopener\">Papa Francisco<\/a><\/strong>, ocorrido em <strong>21 de abril de 2025<\/strong>, trouxe \u00e0 tona discuss\u00f5es sobre o patrim\u00f4nio do <strong>Vaticano<\/strong>. <strong>Jorge Mario Bergoglio<\/strong>, conhecido por sua cr\u00edtica \u00e0s desigualdades sociais, liderava uma institui\u00e7\u00e3o frequentemente associada ao poder e \u00e0 riqueza. Essa dualidade levanta quest\u00f5es sobre a real dimens\u00e3o das finan\u00e7as do <strong><a href=\"https:\/\/www.correiobraziliense.com.br\/cbradar\/o-vaticano-revela-mudancas-na-igreja-catolica-e-um-novo-papa\/\" target=\"_blank\" rel=\"noreferrer noopener\">Vaticano<\/a><\/strong>, um pequeno <strong>Estado<\/strong> localizado no cora\u00e7\u00e3o de <strong>Roma<\/strong>.<\/p>\n\n\n\n<h2 class=\"wp-block-heading\">O Papa recebia sal\u00e1rio? Quando ele deixou?<\/h2>\n\n\n\n<p>O <strong>Papa Francisco <\/strong>n\u00e3o recebia um sal\u00e1rio fixo. Como membro da <strong>Companhia de Jesus,<\/strong> ele fez voto de pobreza, o que significa que n\u00e3o possu\u00eda bens pessoais nem recebia remunera\u00e7\u00e3o pelo cargo de l\u00edder da<strong> Igreja Cat\u00f3lica<\/strong>. Em entrevistas, ele afirmou que, quando precisava de algo, como sapatos, solicitava diretamente, pois sabia que suas necessidades seriam atendidas pela <strong>Santa S\u00e9<\/strong>. \u200b<\/p>\n\n\n\n<p>Todas as despesas do<strong> Papa Francisco <\/strong>\u2014 incluindo moradia, alimenta\u00e7\u00e3o, transporte e cuidados m\u00e9dicos \u2014 eram custeadas pelo <strong>Vaticano<\/strong>. Ele residia na <strong>Casa Santa Marta<\/strong>, dentro do<strong> Vaticano<\/strong>, em vez do tradicional <strong>Pal\u00e1cio Apost\u00f3lico<\/strong>, adotando um estilo de vida simples e voltado \u00e0 austeridade. \u200b<\/p>\n\n\n\n<p><strong>Ap\u00f3s sua morte<\/strong>, <strong>foi revelado que seu patrim\u00f4nio pessoal era praticamente inexistente<\/strong>,<strong> com cerca de 100 d\u00f3lares<\/strong> <strong>(aproximadamente 87 euros)<\/strong>. Ele n\u00e3o possu\u00eda contas banc\u00e1rias nem bens em seu nome, refletindo seu compromisso com o voto de pobreza. \u200b<\/p>\n\n\n<div class=\"wp-block-image\">\n<figure class=\"aligncenter size-large\"><img decoding=\"async\" width=\"1024\" height=\"576\" src=\"https:\/\/www.correiobraziliense.com.br\/cbradar\/wp-content\/uploads\/2025\/04\/papa-francisco_1745482024315-1024x576.jpg\" alt=\"Quanto o Vaticano pagava de sal\u00e1rio para o Papa?\" class=\"wp-image-27582\" srcset=\"https:\/\/www.correiobraziliense.com.br\/cbradar\/wp-content\/uploads\/2025\/04\/papa-francisco_1745482024315-1024x576.jpg 1024w, https:\/\/www.correiobraziliense.com.br\/cbradar\/wp-content\/uploads\/2025\/04\/papa-francisco_1745482024315-300x169.jpg 300w, https:\/\/www.correiobraziliense.com.br\/cbradar\/wp-content\/uploads\/2025\/04\/papa-francisco_1745482024315-768x432.jpg 768w, https:\/\/www.correiobraziliense.com.br\/cbradar\/wp-content\/uploads\/2025\/04\/papa-francisco_1745482024315-750x422.jpg 750w, https:\/\/www.correiobraziliense.com.br\/cbradar\/wp-content\/uploads\/2025\/04\/papa-francisco_1745482024315-1140x641.jpg 1140w, https:\/\/www.correiobraziliense.com.br\/cbradar\/wp-content\/uploads\/2025\/04\/papa-francisco_1745482024315.jpg 1280w\" sizes=\"(max-width: 1024px) 100vw, 1024px\" \/><figcaption class=\"wp-element-caption\">Cr\u00e9ditos: depositphotos.com \/ hdcaputo<\/figcaption><\/figure><\/div>\n\n\n<h2 class=\"wp-block-heading\">Como o Vaticano paga seus bens e qual \u00e9 o papel da APSA?<\/h2>\n\n\n\n<p>O <strong>Vaticano<\/strong>, sendo um estado soberano, realiza seus pagamentos por meio de um sistema financeiro e banc\u00e1rio pr\u00f3prio, administrado pela <strong>Administra\u00e7\u00e3o do Patrim\u00f4nio da S\u00e9 Apost\u00f3lica (APSA)<\/strong>. A <strong>APSA <\/strong>gerencia uma s\u00e9rie de ativos financeiros e propriedades, tanto dentro do <strong>Vaticano <\/strong>quanto fora dele. A <strong>APSA<\/strong> desempenha um papel crucial na administra\u00e7\u00e3o dos bens da <strong>Igreja<\/strong>, gerindo mais de cinco mil propriedades, das quais <strong>4,2 mil<\/strong> est\u00e3o na <strong>It\u00e1lia<\/strong>. <\/p>\n\n\n\n<p>Al\u00e9m disso, a <strong>APSA<\/strong> \u00e9 respons\u00e1vel por garantir que os recursos sejam utilizados de forma a apoiar a miss\u00e3o do <strong>Papa<\/strong> e da <strong>Igreja<\/strong>, equilibrando as necessidades espirituais e materiais da institui\u00e7\u00e3o.<\/p>\n\n\n\n<h2 class=\"wp-block-heading\">Como funciona o Banco do Vaticano?<\/h2>\n\n\n\n<p>O <strong>Instituto para Obras de Religi\u00e3o<\/strong>, popularmente conhecido como <strong>Banco do Vaticano<\/strong>, tamb\u00e9m \u00e9 uma pe\u00e7a fundamental no quebra-cabe\u00e7a financeiro da <strong>Santa S\u00e9<\/strong>. Em <strong>2023<\/strong>, o banco reportou uma receita l\u00edquida de <strong>30,6 milh\u00f5es de euros<\/strong> e gerenciava ativos no valor de <strong>5,4 bilh\u00f5es de euros<\/strong>. O banco desempenha um papel vital no suporte \u00e0s atividades religiosas e caritativas da <strong>Igreja<\/strong> em todo o mundo.<\/p>\n\n\n\n<p>O <strong>Banco do Vaticano<\/strong> \u00e9 frequentemente alvo de escrut\u00ednio devido \u00e0 sua hist\u00f3ria complexa e \u00e0 necessidade de transpar\u00eancia em suas opera\u00e7\u00f5es. No entanto, ele continua a ser um pilar financeiro essencial para a <strong>Igreja Cat\u00f3lica<\/strong>.<\/p>\n\n\n\n<h2 class=\"wp-block-heading\">O que o futuro reserva para as finan\u00e7as do Vaticano?<\/h2>\n\n\n\n<p>O futuro das finan\u00e7as do <strong>Vaticano<\/strong> depender\u00e1 de sua capacidade de equilibrar tradi\u00e7\u00e3o e modernidade, transpar\u00eancia e privacidade. A gest\u00e3o cuidadosa dos recursos e a adapta\u00e7\u00e3o \u00e0s mudan\u00e7as econ\u00f4micas globais ser\u00e3o fundamentais para garantir que a <strong>Igreja<\/strong> continue a cumprir sua miss\u00e3o espiritual e social.<\/p>\n\n\n\n<p>Com a transi\u00e7\u00e3o de lideran\u00e7a, novas diretrizes podem surgir, mas o compromisso com a miss\u00e3o central da <strong>Igreja<\/strong> provavelmente permanecer\u00e1 inalterado. O desafio ser\u00e1 encontrar maneiras inovadoras de sustentar suas atividades enquanto se mant\u00e9m fiel aos seus princ\u00edpios.<\/p>\n","protected":false},"excerpt":{"rendered":"<p>O falecimento do Papa Francisco, ocorrido em 21 de abril de 2025, trouxe \u00e0 tona discuss\u00f5es sobre o patrim\u00f4nio do Vaticano. Jorge Mario Bergoglio, conhecido por sua cr\u00edtica \u00e0s desigualdades sociais, liderava uma institui\u00e7\u00e3o frequentemente associada ao poder e \u00e0 riqueza. Essa dualidade levanta quest\u00f5es sobre a real dimens\u00e3o das finan\u00e7as do Vaticano, um pequeno [&hellip;]<\/p>\n","protected":false},"author":8,"featured_media":27581,"comment_status":"open","ping_status":"open","sticky":false,"template":"","format":"standard","meta":{"_yoast_wpseo_focuskw":"Vaticano","_yoast_wpseo_title":"","_yoast_wpseo_metadesc":"Veja como funciona os pagamentos do Vaticano e qual era o estilo de vida do Papa Francisco. Veja sua vida marcada pela simplicidade.","jnews-multi-image_gallery":[],"jnews_single_post":{"format":"standard"},"jnews_primary_category":[],"jnews_social_meta":[],"jnews_override_counter":[],"footnotes":""},"categories":[128,169],"post_tag":[3665,3629,2943],"class_list":["post-27552","post","type-post","status-publish","format-standard","has-post-thumbnail","hentry","category-economia","category-noticias","tag-igreja-catolica","tag-papa-francisco","tag-vaticano"],"yoast_head":"<!-- This site is optimized with the Yoast SEO plugin v24.6 - https:\/\/yoast.com\/wordpress\/plugins\/seo\/ -->\n<title>Quanto ganhava o Papa? Vaticano revela valores do patrim\u00f4nio deixado pelo l\u00edder - Correio Braziliense - Radar<\/title>\n<meta name=\"description\" content=\"Veja como funciona os pagamentos do Vaticano e qual era o estilo de vida do Papa Francisco. Veja sua vida marcada pela simplicidade.\" \/>\n<meta name=\"robots\" content=\"index, follow, max-snippet:-1, max-image-preview:large, max-video-preview:-1\" \/>\n<link rel=\"canonical\" href=\"https:\/\/www.correiobraziliense.com.br\/cbradar\/quanto-ganhava-o-papa-vaticano-revela-valores-do-patrimonio-deixado-pelo-lider\/\" \/>\n<meta property=\"og:locale\" content=\"pt_BR\" \/>\n<meta property=\"og:type\" content=\"article\" \/>\n<meta property=\"og:title\" content=\"Quanto ganhava o Papa? Vaticano revela valores do patrim\u00f4nio deixado pelo l\u00edder - Correio Braziliense - Radar\" \/>\n<meta property=\"og:description\" content=\"Veja como funciona os pagamentos do Vaticano e qual era o estilo de vida do Papa Francisco. Veja sua vida marcada pela simplicidade.\" \/>\n<meta property=\"og:url\" content=\"https:\/\/www.correiobraziliense.com.br\/cbradar\/quanto-ganhava-o-papa-vaticano-revela-valores-do-patrimonio-deixado-pelo-lider\/\" \/>\n<meta property=\"og:site_name\" content=\"Correio Braziliense - Radar\" \/>\n<meta property=\"article:published_time\" content=\"2025-04-24T13:50:00+00:00\" \/>\n<meta property=\"og:image\" content=\"https:\/\/www.correiobraziliense.com.br\/cbradar\/wp-content\/uploads\/2025\/04\/papa-francisco_1745482007639.jpg\" \/>\n\t<meta property=\"og:image:width\" content=\"1280\" \/>\n\t<meta property=\"og:image:height\" content=\"720\" \/>\n\t<meta property=\"og:image:type\" content=\"image\/jpeg\" \/>\n<meta name=\"author\" content=\"Maura Pereira\" \/>\n<meta name=\"twitter:card\" content=\"summary_large_image\" \/>\n<meta name=\"twitter:label1\" content=\"Escrito por\" \/>\n\t<meta name=\"twitter:data1\" content=\"Maura Pereira\" \/>\n\t<meta name=\"twitter:label2\" content=\"Est. tempo de leitura\" \/>\n\t<meta name=\"twitter:data2\" content=\"4 minutos\" \/>\n<!-- \/ Yoast SEO plugin. -->","yoast_head_json":{"title":"Quanto ganhava o Papa? Vaticano revela valores do patrim\u00f4nio deixado pelo l\u00edder - Correio Braziliense - Radar","description":"Veja como funciona os pagamentos do Vaticano e qual era o estilo de vida do Papa Francisco. Veja sua vida marcada pela simplicidade.","robots":{"index":"index","follow":"follow","max-snippet":"max-snippet:-1","max-image-preview":"max-image-preview:large","max-video-preview":"max-video-preview:-1"},"canonical":"https:\/\/www.correiobraziliense.com.br\/cbradar\/quanto-ganhava-o-papa-vaticano-revela-valores-do-patrimonio-deixado-pelo-lider\/","og_locale":"pt_BR","og_type":"article","og_title":"Quanto ganhava o Papa? Vaticano revela valores do patrim\u00f4nio deixado pelo l\u00edder - Correio Braziliense - Radar","og_description":"Veja como funciona os pagamentos do Vaticano e qual era o estilo de vida do Papa Francisco. Veja sua vida marcada pela simplicidade.","og_url":"https:\/\/www.correiobraziliense.com.br\/cbradar\/quanto-ganhava-o-papa-vaticano-revela-valores-do-patrimonio-deixado-pelo-lider\/","og_site_name":"Correio Braziliense - Radar","article_published_time":"2025-04-24T13:50:00+00:00","og_image":[{"width":1280,"height":720,"url":"https:\/\/www.correiobraziliense.com.br\/cbradar\/wp-content\/uploads\/2025\/04\/papa-francisco_1745482007639.jpg","type":"image\/jpeg"}],"author":"Maura Pereira","twitter_card":"summary_large_image","twitter_misc":{"Escrito por":"Maura Pereira","Est. tempo de leitura":"4 minutos"},"schema":{"@context":"https:\/\/schema.org","@graph":[{"@type":"WebPage","@id":"https:\/\/www.correiobraziliense.com.br\/cbradar\/quanto-ganhava-o-papa-vaticano-revela-valores-do-patrimonio-deixado-pelo-lider\/","url":"https:\/\/www.correiobraziliense.com.br\/cbradar\/quanto-ganhava-o-papa-vaticano-revela-valores-do-patrimonio-deixado-pelo-lider\/","name":"Quanto ganhava o Papa? Vaticano revela valores do patrim\u00f4nio deixado pelo l\u00edder - Correio Braziliense - Radar","isPartOf":{"@id":"https:\/\/www.correiobraziliense.com.br\/cbradar\/#website"},"primaryImageOfPage":{"@id":"https:\/\/www.correiobraziliense.com.br\/cbradar\/quanto-ganhava-o-papa-vaticano-revela-valores-do-patrimonio-deixado-pelo-lider\/#primaryimage"},"image":{"@id":"https:\/\/www.correiobraziliense.com.br\/cbradar\/quanto-ganhava-o-papa-vaticano-revela-valores-do-patrimonio-deixado-pelo-lider\/#primaryimage"},"thumbnailUrl":"https:\/\/www.correiobraziliense.com.br\/cbradar\/wp-content\/uploads\/2025\/04\/papa-francisco_1745482007639.jpg","datePublished":"2025-04-24T13:50:00+00:00","author":{"@id":"https:\/\/www.correiobraziliense.com.br\/cbradar\/#\/schema\/person\/4053c651a9bfc785afc6f4cbc9032fd3"},"description":"Veja como funciona os pagamentos do Vaticano e qual era o estilo de vida do Papa Francisco. Veja sua vida marcada pela simplicidade.","breadcrumb":{"@id":"https:\/\/www.correiobraziliense.com.br\/cbradar\/quanto-ganhava-o-papa-vaticano-revela-valores-do-patrimonio-deixado-pelo-lider\/#breadcrumb"},"inLanguage":"pt-BR","potentialAction":[{"@type":"ReadAction","target":["https:\/\/www.correiobraziliense.com.br\/cbradar\/quanto-ganhava-o-papa-vaticano-revela-valores-do-patrimonio-deixado-pelo-lider\/"]}]},{"@type":"ImageObject","inLanguage":"pt-BR","@id":"https:\/\/www.correiobraziliense.com.br\/cbradar\/quanto-ganhava-o-papa-vaticano-revela-valores-do-patrimonio-deixado-pelo-lider\/#primaryimage","url":"https:\/\/www.correiobraziliense.com.br\/cbradar\/wp-content\/uploads\/2025\/04\/papa-francisco_1745482007639.jpg","contentUrl":"https:\/\/www.correiobraziliense.com.br\/cbradar\/wp-content\/uploads\/2025\/04\/papa-francisco_1745482007639.jpg","width":1280,"height":720,"caption":"Cr\u00e9ditos: depositphotos.com \/ hdcaputo"},{"@type":"BreadcrumbList","@id":"https:\/\/www.correiobraziliense.com.br\/cbradar\/quanto-ganhava-o-papa-vaticano-revela-valores-do-patrimonio-deixado-pelo-lider\/#breadcrumb","itemListElement":[{"@type":"ListItem","position":1,"name":"In\u00edcio","item":"https:\/\/www.correiobraziliense.com.br\/cbradar\/"},{"@type":"ListItem","position":2,"name":"Quanto ganhava o Papa? Vaticano revela valores do patrim\u00f4nio deixado pelo l\u00edder"}]},{"@type":"WebSite","@id":"https:\/\/www.correiobraziliense.com.br\/cbradar\/#website","url":"https:\/\/www.correiobraziliense.com.br\/cbradar\/","name":"Correio Braziliense - Radar","description":"Acompanhe as \u00faltimas not\u00edcias e fique bem informado sobre tudo o que acontece no Brasil e no mundo.","potentialAction":[{"@type":"SearchAction","target":{"@type":"EntryPoint","urlTemplate":"https:\/\/www.correiobraziliense.com.br\/cbradar\/?s={search_term_string}"},"query-input":{"@type":"PropertyValueSpecification","valueRequired":true,"valueName":"search_term_string"}}],"inLanguage":"pt-BR"},{"@type":"Person","@id":"https:\/\/www.correiobraziliense.com.br\/cbradar\/#\/schema\/person\/4053c651a9bfc785afc6f4cbc9032fd3","name":"Maura Pereira","image":{"@type":"ImageObject","inLanguage":"pt-BR","@id":"https:\/\/www.correiobraziliense.com.br\/cbradar\/#\/schema\/person\/image\/","url":"https:\/\/secure.gravatar.com\/avatar\/3effd6bdadfa447f15089c7f7144eaa6?s=96&d=mm&r=g","contentUrl":"https:\/\/secure.gravatar.com\/avatar\/3effd6bdadfa447f15089c7f7144eaa6?s=96&d=mm&r=g","caption":"Maura Pereira"},"sameAs":["https:\/\/www.correiobraziliense.com.br\/"],"url":"https:\/\/www.correiobraziliense.com.br\/cbradar\/author\/mauramyth\/"}]}},"_links":{"self":[{"href":"https:\/\/www.correiobraziliense.com.br\/cbradar\/wp-json\/wp\/v2\/posts\/27552","targetHints":{"allow":["GET"]}}],"collection":[{"href":"https:\/\/www.correiobraziliense.com.br\/cbradar\/wp-json\/wp\/v2\/posts"}],"about":[{"href":"https:\/\/www.correiobraziliense.com.br\/cbradar\/wp-json\/wp\/v2\/types\/post"}],"author":[{"embeddable":true,"href":"https:\/\/www.correiobraziliense.com.br\/cbradar\/wp-json\/wp\/v2\/users\/8"}],"replies":[{"embeddable":true,"href":"https:\/\/www.correiobraziliense.com.br\/cbradar\/wp-json\/wp\/v2\/comments?post=27552"}],"version-history":[{"count":48,"href":"https:\/\/www.correiobraziliense.com.br\/cbradar\/wp-json\/wp\/v2\/posts\/27552\/revisions"}],"predecessor-version":[{"id":27623,"href":"https:\/\/www.correiobraziliense.com.br\/cbradar\/wp-json\/wp\/v2\/posts\/27552\/revisions\/27623"}],"wp:featuredmedia":[{"embeddable":true,"href":"https:\/\/www.correiobraziliense.com.br\/cbradar\/wp-json\/wp\/v2\/media\/27581"}],"wp:attachment":[{"href":"https:\/\/www.correiobraziliense.com.br\/cbradar\/wp-json\/wp\/v2\/media?parent=27552"}],"wp:term":[{"taxonomy":"category","embeddable":true,"href":"https:\/\/www.correiobraziliense.com.br\/cbradar\/wp-json\/wp\/v2\/categories?post=27552"},{"taxonomy":"post_tag","embeddable":true,"href":"https:\/\/www.correiobraziliense.com.br\/cbradar\/wp-json\/wp\/v2\/post_tag?post=27552"}],"curies":[{"name":"wp","href":"https:\/\/api.w.org\/{rel}","templated":true}]}}