{"id":27630,"date":"2025-04-25T13:30:00","date_gmt":"2025-04-25T16:30:00","guid":{"rendered":"https:\/\/www.correiobraziliense.com.br\/cbradar\/?p=27630"},"modified":"2025-04-24T07:47:40","modified_gmt":"2025-04-24T10:47:40","slug":"the-mandalorian-tera-quarta-temporada-diretor-abre-o-jogo","status":"publish","type":"post","link":"https:\/\/www.correiobraziliense.com.br\/cbradar\/the-mandalorian-tera-quarta-temporada-diretor-abre-o-jogo\/","title":{"rendered":"The Mandalorian ter\u00e1 quarta temporada? Diretor abre o jogo!"},"content":{"rendered":"\n<p>A s\u00e9rie &#8216;<strong>The Mandalorian<\/strong>&#8216;, conhecida por sua popularidade no <strong><a href=\"https:\/\/www.correiobraziliense.com.br\/cbradar\/quais-serao-as-proximas-adaptacoes-live-action-da-disney-veja-as-que-faltam\/\" target=\"_blank\" rel=\"noreferrer noopener\">Disney+<\/a><\/strong>, est\u00e1 prestes a expandir seu universo com um filme derivado. Essa not\u00edcia gerou especula\u00e7\u00f5es entre os f\u00e3s sobre o futuro da s\u00e9rie, especialmente em rela\u00e7\u00e3o \u00e0 continuidade de suas temporadas na plataforma de streaming. O lan\u00e7amento do filme levanta quest\u00f5es sobre se a quarta temporada ainda acontecer\u00e1 ou se o foco ser\u00e1 totalmente transferido para as telonas.<\/p>\n\n\n\n<p><strong>Jon Favreau<\/strong>, diretor da s\u00e9rie, em entrevista recente, esclareceu algumas dessas d\u00favidas. Ele mencionou que, atualmente, est\u00e1 concentrado no desenvolvimento do filme, que ainda tem um ano de hist\u00f3ria a ser explorada. O diretor destacou a import\u00e2ncia da edi\u00e7\u00e3o e dos efeitos visuais na constru\u00e7\u00e3o dessa nova fase, indicando que o filme n\u00e3o ser\u00e1 apenas uma extens\u00e3o da s\u00e9rie, mas uma experi\u00eancia cinematogr\u00e1fica distinta.<\/p>\n\n\n\n<h2 class=\"wp-block-heading\">Como o filme de &#8216;The Mandalorian&#8217; se diferencia da s\u00e9rie?<\/h2>\n\n\n\n<p>Favreau enfatizou que o filme de &#8216;The Mandalorian&#8217; n\u00e3o ser\u00e1 uma simples adapta\u00e7\u00e3o da quarta temporada para o cinema. Ele e sua equipe se dedicaram a utilizar ao m\u00e1ximo os recursos oferecidos pelo formato cinematogr\u00e1fico. Testes foram realizados para determinar o que funcionaria melhor em IMAX, e muitos cen\u00e1rios foram criados para aproveitar a escala maior que o cinema proporciona.<\/p>\n\n\n\n<p>O diretor tamb\u00e9m comentou sobre a narrativa do filme, que foi pensada para ser acess\u00edvel tanto para os f\u00e3s de longa data quanto para novos espectadores. A inten\u00e7\u00e3o \u00e9 criar uma experi\u00eancia que seja recompensadora para aqueles que acompanham a s\u00e9rie desde o in\u00edcio, ao mesmo tempo em que introduz novos p\u00fablicos ao universo de &#8216;The Mandalorian&#8217;.<\/p>\n\n\n\n<figure class=\"wp-block-image size-large\"><img decoding=\"async\" width=\"1024\" height=\"576\" src=\"https:\/\/www.correiobraziliense.com.br\/cbradar\/wp-content\/uploads\/2025\/04\/The-Mandalorian-1024x576.png\" alt=\"The Mandalorian ter\u00e1 quarta temporada? Diretor abre o jogo!\" class=\"wp-image-27633\" srcset=\"https:\/\/www.correiobraziliense.com.br\/cbradar\/wp-content\/uploads\/2025\/04\/The-Mandalorian-1024x576.png 1024w, https:\/\/www.correiobraziliense.com.br\/cbradar\/wp-content\/uploads\/2025\/04\/The-Mandalorian-300x169.png 300w, https:\/\/www.correiobraziliense.com.br\/cbradar\/wp-content\/uploads\/2025\/04\/The-Mandalorian-768x432.png 768w, https:\/\/www.correiobraziliense.com.br\/cbradar\/wp-content\/uploads\/2025\/04\/The-Mandalorian-750x422.png 750w, https:\/\/www.correiobraziliense.com.br\/cbradar\/wp-content\/uploads\/2025\/04\/The-Mandalorian-1140x641.png 1140w, https:\/\/www.correiobraziliense.com.br\/cbradar\/wp-content\/uploads\/2025\/04\/The-Mandalorian.png 1280w\" sizes=\"(max-width: 1024px) 100vw, 1024px\" \/><figcaption class=\"wp-element-caption\">The Mandalorian. Fonte: divulga\u00e7\u00e3o \/ Disney+<\/figcaption><\/figure>\n\n\n\n<h2 class=\"wp-block-heading\">O que esperar da nova trilogia de &#8216;The Mandalorian&#8217;?<\/h2>\n\n\n\n<p>Com a estreia do filme &#8216;O Mandaloriano &amp; Grogu&#8217; marcada para 22 de maio de 2026, os f\u00e3s est\u00e3o ansiosos por mais detalhes sobre o projeto. Embora ainda haja poucas informa\u00e7\u00f5es dispon\u00edveis, rumores indicam que o filme pode dar in\u00edcio a uma nova trilogia dentro da saga espacial. Isso sugere que o universo de &#8216;The Mandalorian&#8217; continuar\u00e1 a se expandir, explorando novas hist\u00f3rias e personagens.<\/p>\n\n\n\n<p>O Making Star Wars, uma fonte confi\u00e1vel de informa\u00e7\u00f5es sobre a franquia, j\u00e1 havia mencionado a possibilidade de uma nova trilogia, o que aumenta as expectativas dos f\u00e3s. Com o filme, espera-se que a narrativa ganhe uma nova dimens\u00e3o, mantendo a ess\u00eancia que conquistou tantos espectadores ao longo dos anos.<\/p>\n\n\n\n<iframe loading=\"lazy\" width=\"560\" height=\"315\" src=\"https:\/\/www.youtube.com\/embed\/aOC8E8z_ifw?si=DDCp3dIrZiJZVf-Y\" title=\"YouTube video player\" frameborder=\"0\" allow=\"accelerometer; autoplay; clipboard-write; encrypted-media; gyroscope; picture-in-picture; web-share\" referrerpolicy=\"strict-origin-when-cross-origin\" allowfullscreen><\/iframe>\n\n\n\n<h2 class=\"wp-block-heading\">O filme significa o fim da s\u00e9rie?<\/h2>\n\n\n\n<p>Uma das principais preocupa\u00e7\u00f5es dos f\u00e3s \u00e9 se o lan\u00e7amento do filme significa o fim da s\u00e9rie &#8216;The Mandalorian&#8217; no Disney+. Favreau n\u00e3o confirmou o encerramento da s\u00e9rie, mas destacou que o foco atual est\u00e1 no filme. Isso n\u00e3o descarta a possibilidade de futuras temporadas, mas indica que o universo de &#8216;The Mandalorian&#8217; est\u00e1 em um momento de transi\u00e7\u00e3o, explorando novas formas de contar suas hist\u00f3rias.<\/p>\n\n\n\n<p>O futuro da s\u00e9rie pode depender do sucesso do filme e da recep\u00e7\u00e3o do p\u00fablico. Com a possibilidade de uma nova trilogia, o universo de &#8216;The Mandalorian&#8217; tem potencial para continuar crescendo, seja na televis\u00e3o ou no cinema, mantendo o interesse dos f\u00e3s por muitos anos.<\/p>\n","protected":false},"excerpt":{"rendered":"<p>O universo de The Mandalorian expandindo: um filme derivado \u00e9 anunciado, levantando especula\u00e7\u00f5es sobre o futuro da s\u00e9rie.<\/p>\n","protected":false},"author":3,"featured_media":27632,"comment_status":"open","ping_status":"open","sticky":false,"template":"","format":"standard","meta":{"_yoast_wpseo_focuskw":"The Mandalorian quarta temporada","_yoast_wpseo_title":"%%title%%","_yoast_wpseo_metadesc":"O universo de The Mandalorian expandindo: um filme derivado \u00e9 anunciado, levantando especula\u00e7\u00f5es sobre o futuro da s\u00e9rie.","jnews-multi-image_gallery":[],"jnews_single_post":{"format":"standard"},"jnews_primary_category":[],"jnews_social_meta":[],"jnews_override_counter":[],"footnotes":""},"categories":[140],"post_tag":[568],"class_list":["post-27630","post","type-post","status-publish","format-standard","has-post-thumbnail","hentry","category-entretenimento","tag-series-e-filmes"],"yoast_head":"<!-- This site is optimized with the Yoast SEO plugin v24.6 - https:\/\/yoast.com\/wordpress\/plugins\/seo\/ -->\n<title>The Mandalorian ter\u00e1 quarta temporada? Diretor abre o jogo!<\/title>\n<meta name=\"description\" content=\"O universo de The Mandalorian expandindo: um filme derivado \u00e9 anunciado, levantando especula\u00e7\u00f5es sobre o futuro da s\u00e9rie.\" \/>\n<meta name=\"robots\" content=\"index, follow, max-snippet:-1, max-image-preview:large, max-video-preview:-1\" \/>\n<link rel=\"canonical\" href=\"https:\/\/www.correiobraziliense.com.br\/cbradar\/the-mandalorian-tera-quarta-temporada-diretor-abre-o-jogo\/\" \/>\n<meta property=\"og:locale\" content=\"pt_BR\" \/>\n<meta property=\"og:type\" content=\"article\" \/>\n<meta property=\"og:title\" content=\"The Mandalorian ter\u00e1 quarta temporada? Diretor abre o jogo!\" \/>\n<meta property=\"og:description\" content=\"O universo de The Mandalorian expandindo: um filme derivado \u00e9 anunciado, levantando especula\u00e7\u00f5es sobre o futuro da s\u00e9rie.\" \/>\n<meta property=\"og:url\" content=\"https:\/\/www.correiobraziliense.com.br\/cbradar\/the-mandalorian-tera-quarta-temporada-diretor-abre-o-jogo\/\" \/>\n<meta property=\"og:site_name\" content=\"Correio Braziliense - Radar\" \/>\n<meta property=\"article:published_time\" content=\"2025-04-25T16:30:00+00:00\" \/>\n<meta property=\"og:image\" content=\"https:\/\/www.correiobraziliense.com.br\/cbradar\/wp-content\/uploads\/2025\/04\/The-Mandalorian-2.png\" \/>\n\t<meta property=\"og:image:width\" content=\"1280\" \/>\n\t<meta property=\"og:image:height\" content=\"720\" \/>\n\t<meta property=\"og:image:type\" content=\"image\/png\" \/>\n<meta name=\"author\" content=\"Larissa Carvalho\" \/>\n<meta name=\"twitter:card\" content=\"summary_large_image\" \/>\n<meta name=\"twitter:label1\" content=\"Escrito por\" \/>\n\t<meta name=\"twitter:data1\" content=\"Larissa Carvalho\" \/>\n\t<meta name=\"twitter:label2\" content=\"Est. tempo de leitura\" \/>\n\t<meta name=\"twitter:data2\" content=\"4 minutos\" \/>\n<!-- \/ Yoast SEO plugin. -->","yoast_head_json":{"title":"The Mandalorian ter\u00e1 quarta temporada? Diretor abre o jogo!","description":"O universo de The Mandalorian expandindo: um filme derivado \u00e9 anunciado, levantando especula\u00e7\u00f5es sobre o futuro da s\u00e9rie.","robots":{"index":"index","follow":"follow","max-snippet":"max-snippet:-1","max-image-preview":"max-image-preview:large","max-video-preview":"max-video-preview:-1"},"canonical":"https:\/\/www.correiobraziliense.com.br\/cbradar\/the-mandalorian-tera-quarta-temporada-diretor-abre-o-jogo\/","og_locale":"pt_BR","og_type":"article","og_title":"The Mandalorian ter\u00e1 quarta temporada? Diretor abre o jogo!","og_description":"O universo de The Mandalorian expandindo: um filme derivado \u00e9 anunciado, levantando especula\u00e7\u00f5es sobre o futuro da s\u00e9rie.","og_url":"https:\/\/www.correiobraziliense.com.br\/cbradar\/the-mandalorian-tera-quarta-temporada-diretor-abre-o-jogo\/","og_site_name":"Correio Braziliense - Radar","article_published_time":"2025-04-25T16:30:00+00:00","og_image":[{"width":1280,"height":720,"url":"https:\/\/www.correiobraziliense.com.br\/cbradar\/wp-content\/uploads\/2025\/04\/The-Mandalorian-2.png","type":"image\/png"}],"author":"Larissa Carvalho","twitter_card":"summary_large_image","twitter_misc":{"Escrito por":"Larissa Carvalho","Est. tempo de leitura":"4 minutos"},"schema":{"@context":"https:\/\/schema.org","@graph":[{"@type":"WebPage","@id":"https:\/\/www.correiobraziliense.com.br\/cbradar\/the-mandalorian-tera-quarta-temporada-diretor-abre-o-jogo\/","url":"https:\/\/www.correiobraziliense.com.br\/cbradar\/the-mandalorian-tera-quarta-temporada-diretor-abre-o-jogo\/","name":"The Mandalorian ter\u00e1 quarta temporada? Diretor abre o jogo!","isPartOf":{"@id":"https:\/\/www.correiobraziliense.com.br\/cbradar\/#website"},"primaryImageOfPage":{"@id":"https:\/\/www.correiobraziliense.com.br\/cbradar\/the-mandalorian-tera-quarta-temporada-diretor-abre-o-jogo\/#primaryimage"},"image":{"@id":"https:\/\/www.correiobraziliense.com.br\/cbradar\/the-mandalorian-tera-quarta-temporada-diretor-abre-o-jogo\/#primaryimage"},"thumbnailUrl":"https:\/\/www.correiobraziliense.com.br\/cbradar\/wp-content\/uploads\/2025\/04\/The-Mandalorian-2.png","datePublished":"2025-04-25T16:30:00+00:00","author":{"@id":"https:\/\/www.correiobraziliense.com.br\/cbradar\/#\/schema\/person\/58422787644df994b53a19d3e56c1513"},"description":"O universo de The Mandalorian expandindo: um filme derivado \u00e9 anunciado, levantando especula\u00e7\u00f5es sobre o futuro da s\u00e9rie.","breadcrumb":{"@id":"https:\/\/www.correiobraziliense.com.br\/cbradar\/the-mandalorian-tera-quarta-temporada-diretor-abre-o-jogo\/#breadcrumb"},"inLanguage":"pt-BR","potentialAction":[{"@type":"ReadAction","target":["https:\/\/www.correiobraziliense.com.br\/cbradar\/the-mandalorian-tera-quarta-temporada-diretor-abre-o-jogo\/"]}]},{"@type":"ImageObject","inLanguage":"pt-BR","@id":"https:\/\/www.correiobraziliense.com.br\/cbradar\/the-mandalorian-tera-quarta-temporada-diretor-abre-o-jogo\/#primaryimage","url":"https:\/\/www.correiobraziliense.com.br\/cbradar\/wp-content\/uploads\/2025\/04\/The-Mandalorian-2.png","contentUrl":"https:\/\/www.correiobraziliense.com.br\/cbradar\/wp-content\/uploads\/2025\/04\/The-Mandalorian-2.png","width":1280,"height":720,"caption":"The Mandalorian. Fonte: divulga\u00e7\u00e3o \/ Disney+"},{"@type":"BreadcrumbList","@id":"https:\/\/www.correiobraziliense.com.br\/cbradar\/the-mandalorian-tera-quarta-temporada-diretor-abre-o-jogo\/#breadcrumb","itemListElement":[{"@type":"ListItem","position":1,"name":"In\u00edcio","item":"https:\/\/www.correiobraziliense.com.br\/cbradar\/"},{"@type":"ListItem","position":2,"name":"The Mandalorian ter\u00e1 quarta temporada? Diretor abre o jogo!"}]},{"@type":"WebSite","@id":"https:\/\/www.correiobraziliense.com.br\/cbradar\/#website","url":"https:\/\/www.correiobraziliense.com.br\/cbradar\/","name":"Correio Braziliense - Radar","description":"Acompanhe as \u00faltimas not\u00edcias e fique bem informado sobre tudo o que acontece no Brasil e no mundo.","potentialAction":[{"@type":"SearchAction","target":{"@type":"EntryPoint","urlTemplate":"https:\/\/www.correiobraziliense.com.br\/cbradar\/?s={search_term_string}"},"query-input":{"@type":"PropertyValueSpecification","valueRequired":true,"valueName":"search_term_string"}}],"inLanguage":"pt-BR"},{"@type":"Person","@id":"https:\/\/www.correiobraziliense.com.br\/cbradar\/#\/schema\/person\/58422787644df994b53a19d3e56c1513","name":"Larissa Carvalho","image":{"@type":"ImageObject","inLanguage":"pt-BR","@id":"https:\/\/www.correiobraziliense.com.br\/cbradar\/#\/schema\/person\/image\/","url":"https:\/\/secure.gravatar.com\/avatar\/fe4f91a0de32b52a838d0d612abdc1aa?s=96&d=mm&r=g","contentUrl":"https:\/\/secure.gravatar.com\/avatar\/fe4f91a0de32b52a838d0d612abdc1aa?s=96&d=mm&r=g","caption":"Larissa Carvalho"},"url":"https:\/\/www.correiobraziliense.com.br\/cbradar\/author\/larissamyth\/"}]}},"_links":{"self":[{"href":"https:\/\/www.correiobraziliense.com.br\/cbradar\/wp-json\/wp\/v2\/posts\/27630","targetHints":{"allow":["GET"]}}],"collection":[{"href":"https:\/\/www.correiobraziliense.com.br\/cbradar\/wp-json\/wp\/v2\/posts"}],"about":[{"href":"https:\/\/www.correiobraziliense.com.br\/cbradar\/wp-json\/wp\/v2\/types\/post"}],"author":[{"embeddable":true,"href":"https:\/\/www.correiobraziliense.com.br\/cbradar\/wp-json\/wp\/v2\/users\/3"}],"replies":[{"embeddable":true,"href":"https:\/\/www.correiobraziliense.com.br\/cbradar\/wp-json\/wp\/v2\/comments?post=27630"}],"version-history":[{"count":2,"href":"https:\/\/www.correiobraziliense.com.br\/cbradar\/wp-json\/wp\/v2\/posts\/27630\/revisions"}],"predecessor-version":[{"id":27634,"href":"https:\/\/www.correiobraziliense.com.br\/cbradar\/wp-json\/wp\/v2\/posts\/27630\/revisions\/27634"}],"wp:featuredmedia":[{"embeddable":true,"href":"https:\/\/www.correiobraziliense.com.br\/cbradar\/wp-json\/wp\/v2\/media\/27632"}],"wp:attachment":[{"href":"https:\/\/www.correiobraziliense.com.br\/cbradar\/wp-json\/wp\/v2\/media?parent=27630"}],"wp:term":[{"taxonomy":"category","embeddable":true,"href":"https:\/\/www.correiobraziliense.com.br\/cbradar\/wp-json\/wp\/v2\/categories?post=27630"},{"taxonomy":"post_tag","embeddable":true,"href":"https:\/\/www.correiobraziliense.com.br\/cbradar\/wp-json\/wp\/v2\/post_tag?post=27630"}],"curies":[{"name":"wp","href":"https:\/\/api.w.org\/{rel}","templated":true}]}}