{"id":27655,"date":"2025-04-25T08:23:00","date_gmt":"2025-04-25T11:23:00","guid":{"rendered":"https:\/\/www.correiobraziliense.com.br\/cbradar\/?p=27655"},"modified":"2025-04-24T08:21:46","modified_gmt":"2025-04-24T11:21:46","slug":"guia-completo-de-como-solicitar-o-seguro-desemprego-veja-quem-tem-direito","status":"publish","type":"post","link":"https:\/\/www.correiobraziliense.com.br\/cbradar\/guia-completo-de-como-solicitar-o-seguro-desemprego-veja-quem-tem-direito\/","title":{"rendered":"Guia completo de como solicitar o seguro-desemprego, veja quem tem direito"},"content":{"rendered":"\n<p>O <a href=\"https:\/\/www.correiobraziliense.com.br\/cbradar\/em-quanto-tempo-seu-seguro-desemprego-sera-cortado-apos-ser-contratado\/\" target=\"_blank\" rel=\"noreferrer noopener\">seguro-desemprego<\/a> \u00e9 um benef\u00edcio destinado aos trabalhadores com carteira assinada que foram demitidos sem justa causa. Ele oferece suporte financeiro tempor\u00e1rio enquanto o trabalhador busca uma nova coloca\u00e7\u00e3o no mercado de trabalho. Em 2025, o valor m\u00ednimo do benef\u00edcio \u00e9 de R$ 1.518, e os pagamentos podem variar de tr\u00eas a cinco parcelas mensais, dependendo do tempo de servi\u00e7o nos \u00faltimos 36 meses e do n\u00famero de vezes que o benef\u00edcio j\u00e1 foi solicitado.<\/p>\n\n\n\n<p>Este benef\u00edcio \u00e9 essencial para garantir a seguran\u00e7a financeira dos trabalhadores durante o per\u00edodo de transi\u00e7\u00e3o entre empregos. Al\u00e9m disso, o seguro-desemprego tamb\u00e9m se aplica a outras categorias espec\u00edficas de trabalhadores, como pescadores profissionais durante o defeso e trabalhadores resgatados de condi\u00e7\u00f5es an\u00e1logas \u00e0 escravid\u00e3o.<\/p>\n\n\n\n<h2 class=\"wp-block-heading\">Quem tem direito ao Seguro-Desemprego?<\/h2>\n\n\n\n<p>Para ter acesso ao seguro-desemprego, \u00e9 necess\u00e1rio atender a certos crit\u00e9rios que variam conforme o tipo de trabalhador. Os principais grupos que t\u00eam direito ao benef\u00edcio incluem:<\/p>\n\n\n\n<ul class=\"wp-block-list\">\n<li>Trabalhadores formais e dom\u00e9sticos demitidos sem justa causa.<\/li>\n\n\n\n<li>Pescadores profissionais durante o per\u00edodo de defeso, quando a pesca \u00e9 temporariamente suspensa para preserva\u00e7\u00e3o das esp\u00e9cies.<\/li>\n\n\n\n<li>Trabalhadores resgatados de condi\u00e7\u00f5es semelhantes \u00e0 escravid\u00e3o.<\/li>\n\n\n\n<li>Trabalhadores formais com contrato suspenso para participar de cursos ou programas de qualifica\u00e7\u00e3o profissional oferecidos pelo empregador.<\/li>\n<\/ul>\n\n\n\n<figure class=\"wp-block-image size-large\"><img decoding=\"async\" width=\"1024\" height=\"576\" src=\"https:\/\/www.correiobraziliense.com.br\/cbradar\/wp-content\/uploads\/2025\/04\/Seguro-Desemprego_1745493684018-1024x576.jpg\" alt=\"Guia completo de como solicitar o seguro-desemprego, veja quem tem direito\" class=\"wp-image-27658\" srcset=\"https:\/\/www.correiobraziliense.com.br\/cbradar\/wp-content\/uploads\/2025\/04\/Seguro-Desemprego_1745493684018-1024x576.jpg 1024w, https:\/\/www.correiobraziliense.com.br\/cbradar\/wp-content\/uploads\/2025\/04\/Seguro-Desemprego_1745493684018-300x169.jpg 300w, https:\/\/www.correiobraziliense.com.br\/cbradar\/wp-content\/uploads\/2025\/04\/Seguro-Desemprego_1745493684018-768x432.jpg 768w, https:\/\/www.correiobraziliense.com.br\/cbradar\/wp-content\/uploads\/2025\/04\/Seguro-Desemprego_1745493684018-750x422.jpg 750w, https:\/\/www.correiobraziliense.com.br\/cbradar\/wp-content\/uploads\/2025\/04\/Seguro-Desemprego_1745493684018-1140x641.jpg 1140w, https:\/\/www.correiobraziliense.com.br\/cbradar\/wp-content\/uploads\/2025\/04\/Seguro-Desemprego_1745493684018.jpg 1280w\" sizes=\"(max-width: 1024px) 100vw, 1024px\" \/><figcaption class=\"wp-element-caption\">Seguro-Desemprego. Cr\u00e9ditos: depositphotos.com \/ FreerLaw<\/figcaption><\/figure>\n\n\n\n<h2 class=\"wp-block-heading\">Como solicitar o Seguro-Desemprego?<\/h2>\n\n\n\n<p>O processo de solicita\u00e7\u00e3o do seguro-desemprego pode ser realizado de forma online ou presencial. Existem tr\u00eas principais maneiras de solicitar o benef\u00edcio:<\/p>\n\n\n\n<ol class=\"wp-block-list\">\n<li><strong>Portal Gov.br:<\/strong> Acesse o site do seguro-desemprego, fa\u00e7a login com a conta gov.br e siga as instru\u00e7\u00f5es para preencher o requerimento.<\/li>\n\n\n\n<li><strong>Aplicativo Carteira de Trabalho Digital:<\/strong> Dispon\u00edvel para Android e iOS, o aplicativo permite solicitar o benef\u00edcio ap\u00f3s login com a conta gov.br.<\/li>\n\n\n\n<li><strong>Presencialmente:<\/strong> Em unidades das Superintend\u00eancias Regionais do Trabalho ou outros postos credenciados, mediante agendamento pr\u00e9vio pela central 158.<\/li>\n<\/ol>\n\n\n\n<h2 class=\"wp-block-heading\">Qual \u00e9 o valor do Seguro-Desemprego em 2025?<\/h2>\n\n\n\n<p>O valor do seguro-desemprego \u00e9 calculado com base na m\u00e9dia salarial dos \u00faltimos tr\u00eas meses anteriores \u00e0 demiss\u00e3o. Em 2025, as faixas salariais para o c\u00e1lculo do benef\u00edcio s\u00e3o as seguintes:<\/p>\n\n\n\n<ul class=\"wp-block-list\">\n<li>At\u00e9 R$ 2.138,76: Multiplica-se o sal\u00e1rio m\u00e9dio por 0,8.<\/li>\n\n\n\n<li>De R$ 2.138,77 at\u00e9 R$ 3.564,96: O excedente a R$ 2.138,76 \u00e9 multiplicado por 0,5 e somado a R$ 1.711,01.<\/li>\n\n\n\n<li>Acima de R$ 3.564,96: O valor \u00e9 fixo em R$ 2.424,11.<\/li>\n<\/ul>\n\n\n\n<h2 class=\"wp-block-heading\">Como garantir o recebimento do Seguro-Desemprego?<\/h2>\n\n\n\n<p>Para garantir o recebimento do seguro-desemprego, \u00e9 fundamental que o trabalhador esteja atento aos prazos e requisitos de cada modalidade de solicita\u00e7\u00e3o. Al\u00e9m disso, \u00e9 importante manter atualizados os dados cadastrais no sistema gov.br e seguir corretamente os procedimentos indicados para cada m\u00e9todo de solicita\u00e7\u00e3o.<\/p>\n\n\n\n<p>O seguro-desemprego \u00e9 um direito importante que assegura uma transi\u00e7\u00e3o mais tranquila para os trabalhadores em busca de novas oportunidades, proporcionando um suporte financeiro essencial durante esse per\u00edodo de mudan\u00e7a.<\/p>\n","protected":false},"excerpt":{"rendered":"<p>O Seguro-Desemprego \u00e9 um benef\u00edcio essencial para trabalhadores demitidos sem justa causa. Oferece suporte financeiro.<\/p>\n","protected":false},"author":3,"featured_media":27657,"comment_status":"open","ping_status":"open","sticky":false,"template":"","format":"standard","meta":{"_yoast_wpseo_focuskw":"Seguro-Desemprego","_yoast_wpseo_title":"%%title%%","_yoast_wpseo_metadesc":"O Seguro-Desemprego \u00e9 um benef\u00edcio essencial para trabalhadores demitidos sem justa causa. Oferece suporte financeiro.","jnews-multi-image_gallery":[],"jnews_single_post":{"format":"standard"},"jnews_primary_category":[],"jnews_social_meta":[],"jnews_override_counter":[],"footnotes":""},"categories":[128],"post_tag":[194,3188],"class_list":["post-27655","post","type-post","status-publish","format-standard","has-post-thumbnail","hentry","category-economia","tag-beneficios","tag-seguro-desemprego"],"yoast_head":"<!-- This site is optimized with the Yoast SEO plugin v24.6 - https:\/\/yoast.com\/wordpress\/plugins\/seo\/ -->\n<title>Guia completo de como solicitar o seguro-desemprego, veja quem tem direito<\/title>\n<meta name=\"description\" content=\"O Seguro-Desemprego \u00e9 um benef\u00edcio essencial para trabalhadores demitidos sem justa causa. Oferece suporte financeiro.\" \/>\n<meta name=\"robots\" content=\"index, follow, max-snippet:-1, max-image-preview:large, max-video-preview:-1\" \/>\n<link rel=\"canonical\" href=\"https:\/\/www.correiobraziliense.com.br\/cbradar\/guia-completo-de-como-solicitar-o-seguro-desemprego-veja-quem-tem-direito\/\" \/>\n<meta property=\"og:locale\" content=\"pt_BR\" \/>\n<meta property=\"og:type\" content=\"article\" \/>\n<meta property=\"og:title\" content=\"Guia completo de como solicitar o seguro-desemprego, veja quem tem direito\" \/>\n<meta property=\"og:description\" content=\"O Seguro-Desemprego \u00e9 um benef\u00edcio essencial para trabalhadores demitidos sem justa causa. Oferece suporte financeiro.\" \/>\n<meta property=\"og:url\" content=\"https:\/\/www.correiobraziliense.com.br\/cbradar\/guia-completo-de-como-solicitar-o-seguro-desemprego-veja-quem-tem-direito\/\" \/>\n<meta property=\"og:site_name\" content=\"Correio Braziliense - Radar\" \/>\n<meta property=\"article:published_time\" content=\"2025-04-25T11:23:00+00:00\" \/>\n<meta property=\"og:image\" content=\"https:\/\/www.correiobraziliense.com.br\/cbradar\/wp-content\/uploads\/2025\/04\/Seguro-Desemprego_1745493646346.jpg\" \/>\n\t<meta property=\"og:image:width\" content=\"1280\" \/>\n\t<meta property=\"og:image:height\" content=\"720\" \/>\n\t<meta property=\"og:image:type\" content=\"image\/jpeg\" \/>\n<meta name=\"author\" content=\"Larissa Carvalho\" \/>\n<meta name=\"twitter:card\" content=\"summary_large_image\" \/>\n<meta name=\"twitter:label1\" content=\"Escrito por\" \/>\n\t<meta name=\"twitter:data1\" content=\"Larissa Carvalho\" \/>\n\t<meta name=\"twitter:label2\" content=\"Est. tempo de leitura\" \/>\n\t<meta name=\"twitter:data2\" content=\"3 minutos\" \/>\n<!-- \/ Yoast SEO plugin. -->","yoast_head_json":{"title":"Guia completo de como solicitar o seguro-desemprego, veja quem tem direito","description":"O Seguro-Desemprego \u00e9 um benef\u00edcio essencial para trabalhadores demitidos sem justa causa. Oferece suporte financeiro.","robots":{"index":"index","follow":"follow","max-snippet":"max-snippet:-1","max-image-preview":"max-image-preview:large","max-video-preview":"max-video-preview:-1"},"canonical":"https:\/\/www.correiobraziliense.com.br\/cbradar\/guia-completo-de-como-solicitar-o-seguro-desemprego-veja-quem-tem-direito\/","og_locale":"pt_BR","og_type":"article","og_title":"Guia completo de como solicitar o seguro-desemprego, veja quem tem direito","og_description":"O Seguro-Desemprego \u00e9 um benef\u00edcio essencial para trabalhadores demitidos sem justa causa. Oferece suporte financeiro.","og_url":"https:\/\/www.correiobraziliense.com.br\/cbradar\/guia-completo-de-como-solicitar-o-seguro-desemprego-veja-quem-tem-direito\/","og_site_name":"Correio Braziliense - Radar","article_published_time":"2025-04-25T11:23:00+00:00","og_image":[{"width":1280,"height":720,"url":"https:\/\/www.correiobraziliense.com.br\/cbradar\/wp-content\/uploads\/2025\/04\/Seguro-Desemprego_1745493646346.jpg","type":"image\/jpeg"}],"author":"Larissa Carvalho","twitter_card":"summary_large_image","twitter_misc":{"Escrito por":"Larissa Carvalho","Est. tempo de leitura":"3 minutos"},"schema":{"@context":"https:\/\/schema.org","@graph":[{"@type":"WebPage","@id":"https:\/\/www.correiobraziliense.com.br\/cbradar\/guia-completo-de-como-solicitar-o-seguro-desemprego-veja-quem-tem-direito\/","url":"https:\/\/www.correiobraziliense.com.br\/cbradar\/guia-completo-de-como-solicitar-o-seguro-desemprego-veja-quem-tem-direito\/","name":"Guia completo de como solicitar o seguro-desemprego, veja quem tem direito","isPartOf":{"@id":"https:\/\/www.correiobraziliense.com.br\/cbradar\/#website"},"primaryImageOfPage":{"@id":"https:\/\/www.correiobraziliense.com.br\/cbradar\/guia-completo-de-como-solicitar-o-seguro-desemprego-veja-quem-tem-direito\/#primaryimage"},"image":{"@id":"https:\/\/www.correiobraziliense.com.br\/cbradar\/guia-completo-de-como-solicitar-o-seguro-desemprego-veja-quem-tem-direito\/#primaryimage"},"thumbnailUrl":"https:\/\/www.correiobraziliense.com.br\/cbradar\/wp-content\/uploads\/2025\/04\/Seguro-Desemprego_1745493646346.jpg","datePublished":"2025-04-25T11:23:00+00:00","author":{"@id":"https:\/\/www.correiobraziliense.com.br\/cbradar\/#\/schema\/person\/58422787644df994b53a19d3e56c1513"},"description":"O Seguro-Desemprego \u00e9 um benef\u00edcio essencial para trabalhadores demitidos sem justa causa. Oferece suporte financeiro.","breadcrumb":{"@id":"https:\/\/www.correiobraziliense.com.br\/cbradar\/guia-completo-de-como-solicitar-o-seguro-desemprego-veja-quem-tem-direito\/#breadcrumb"},"inLanguage":"pt-BR","potentialAction":[{"@type":"ReadAction","target":["https:\/\/www.correiobraziliense.com.br\/cbradar\/guia-completo-de-como-solicitar-o-seguro-desemprego-veja-quem-tem-direito\/"]}]},{"@type":"ImageObject","inLanguage":"pt-BR","@id":"https:\/\/www.correiobraziliense.com.br\/cbradar\/guia-completo-de-como-solicitar-o-seguro-desemprego-veja-quem-tem-direito\/#primaryimage","url":"https:\/\/www.correiobraziliense.com.br\/cbradar\/wp-content\/uploads\/2025\/04\/Seguro-Desemprego_1745493646346.jpg","contentUrl":"https:\/\/www.correiobraziliense.com.br\/cbradar\/wp-content\/uploads\/2025\/04\/Seguro-Desemprego_1745493646346.jpg","width":1280,"height":720,"caption":"Seguro-desemprego. Cr\u00e9ditos: depositphotos.com \/ sidneydealmeida"},{"@type":"BreadcrumbList","@id":"https:\/\/www.correiobraziliense.com.br\/cbradar\/guia-completo-de-como-solicitar-o-seguro-desemprego-veja-quem-tem-direito\/#breadcrumb","itemListElement":[{"@type":"ListItem","position":1,"name":"In\u00edcio","item":"https:\/\/www.correiobraziliense.com.br\/cbradar\/"},{"@type":"ListItem","position":2,"name":"Guia completo de como solicitar o seguro-desemprego, veja quem tem direito"}]},{"@type":"WebSite","@id":"https:\/\/www.correiobraziliense.com.br\/cbradar\/#website","url":"https:\/\/www.correiobraziliense.com.br\/cbradar\/","name":"Correio Braziliense - Radar","description":"Acompanhe as \u00faltimas not\u00edcias e fique bem informado sobre tudo o que acontece no Brasil e no mundo.","potentialAction":[{"@type":"SearchAction","target":{"@type":"EntryPoint","urlTemplate":"https:\/\/www.correiobraziliense.com.br\/cbradar\/?s={search_term_string}"},"query-input":{"@type":"PropertyValueSpecification","valueRequired":true,"valueName":"search_term_string"}}],"inLanguage":"pt-BR"},{"@type":"Person","@id":"https:\/\/www.correiobraziliense.com.br\/cbradar\/#\/schema\/person\/58422787644df994b53a19d3e56c1513","name":"Larissa Carvalho","image":{"@type":"ImageObject","inLanguage":"pt-BR","@id":"https:\/\/www.correiobraziliense.com.br\/cbradar\/#\/schema\/person\/image\/","url":"https:\/\/secure.gravatar.com\/avatar\/fe4f91a0de32b52a838d0d612abdc1aa?s=96&d=mm&r=g","contentUrl":"https:\/\/secure.gravatar.com\/avatar\/fe4f91a0de32b52a838d0d612abdc1aa?s=96&d=mm&r=g","caption":"Larissa Carvalho"},"url":"https:\/\/www.correiobraziliense.com.br\/cbradar\/author\/larissamyth\/"}]}},"_links":{"self":[{"href":"https:\/\/www.correiobraziliense.com.br\/cbradar\/wp-json\/wp\/v2\/posts\/27655","targetHints":{"allow":["GET"]}}],"collection":[{"href":"https:\/\/www.correiobraziliense.com.br\/cbradar\/wp-json\/wp\/v2\/posts"}],"about":[{"href":"https:\/\/www.correiobraziliense.com.br\/cbradar\/wp-json\/wp\/v2\/types\/post"}],"author":[{"embeddable":true,"href":"https:\/\/www.correiobraziliense.com.br\/cbradar\/wp-json\/wp\/v2\/users\/3"}],"replies":[{"embeddable":true,"href":"https:\/\/www.correiobraziliense.com.br\/cbradar\/wp-json\/wp\/v2\/comments?post=27655"}],"version-history":[{"count":2,"href":"https:\/\/www.correiobraziliense.com.br\/cbradar\/wp-json\/wp\/v2\/posts\/27655\/revisions"}],"predecessor-version":[{"id":27659,"href":"https:\/\/www.correiobraziliense.com.br\/cbradar\/wp-json\/wp\/v2\/posts\/27655\/revisions\/27659"}],"wp:featuredmedia":[{"embeddable":true,"href":"https:\/\/www.correiobraziliense.com.br\/cbradar\/wp-json\/wp\/v2\/media\/27657"}],"wp:attachment":[{"href":"https:\/\/www.correiobraziliense.com.br\/cbradar\/wp-json\/wp\/v2\/media?parent=27655"}],"wp:term":[{"taxonomy":"category","embeddable":true,"href":"https:\/\/www.correiobraziliense.com.br\/cbradar\/wp-json\/wp\/v2\/categories?post=27655"},{"taxonomy":"post_tag","embeddable":true,"href":"https:\/\/www.correiobraziliense.com.br\/cbradar\/wp-json\/wp\/v2\/post_tag?post=27655"}],"curies":[{"name":"wp","href":"https:\/\/api.w.org\/{rel}","templated":true}]}}