{"id":27660,"date":"2025-04-24T08:40:09","date_gmt":"2025-04-24T11:40:09","guid":{"rendered":"https:\/\/www.correiobraziliense.com.br\/cbradar\/?p=27660"},"modified":"2025-04-24T08:40:10","modified_gmt":"2025-04-24T11:40:10","slug":"descanso-garantido-veja-os-proximos-feriados-de-2025-e-como-se-planejar","status":"publish","type":"post","link":"https:\/\/www.correiobraziliense.com.br\/cbradar\/descanso-garantido-veja-os-proximos-feriados-de-2025-e-como-se-planejar\/","title":{"rendered":"Descanso garantido? Veja os pr\u00f3ximos feriados de 2025 e como se planejar"},"content":{"rendered":"\n<p>O ano de 2025 reserva algumas oportunidades para os trabalhadores brasileiros desfrutarem de feriados prolongados. Com a combina\u00e7\u00e3o de feriados nacionais e a possibilidade de emendar com finais de semana, muitos poder\u00e3o aproveitar dias extras de descanso. A Sexta-feira Santa e o Dia de Tiradentes j\u00e1 proporcionaram um feriad\u00e3o de quatro dias em abril, mas ainda h\u00e1 mais datas a serem consideradas.<\/p>\n\n\n\n<p>Dos sete feriados restantes no ano, tr\u00eas deles caem em quintas-feiras, o que permite que sejam emendados com o final de semana, dependendo das pol\u00edticas de cada empresa. Essa pr\u00e1tica, comum em muitos locais de trabalho, pode transformar um simples dia de folga em um descanso prolongado, beneficiando tanto a sa\u00fade mental quanto o bem-estar dos trabalhadores.<\/p>\n\n\n\n<h2 class=\"wp-block-heading\">Quais s\u00e3o os feriados que podem ser emendados?<\/h2>\n\n\n\n<p>Os feriados que caem em quintas-feiras em 2025 s\u00e3o o <strong>Dia do Trabalhador<\/strong>, em 1\u00ba de maio, o <strong>Dia da Consci\u00eancia Negra<\/strong>, em 20 de novembro, e o <strong>Natal<\/strong>, em 25 de dezembro. Esses dias oferecem a oportunidade de um descanso prolongado, caso sejam emendados com a sexta-feira subsequente. A decis\u00e3o de emendar ou n\u00e3o cabe a cada empresa, mas muitos trabalhadores esperam por essa chance de relaxar.<\/p>\n\n\n\n<p>Al\u00e9m disso, o ano ainda conta com outros quatro feriados que caem em finais de semana. Embora n\u00e3o proporcionem feriados prolongados, ainda s\u00e3o momentos importantes de celebra\u00e7\u00e3o e reflex\u00e3o. Esses feriados incluem a <strong>Independ\u00eancia do Brasil, Nossa Senhora Aparecida, Finados e a Proclama\u00e7\u00e3o da Rep\u00fablica.<\/strong><\/p>\n\n\n\n<figure class=\"wp-block-image size-large\"><img decoding=\"async\" width=\"1024\" height=\"576\" src=\"https:\/\/www.correiobraziliense.com.br\/cbradar\/wp-content\/uploads\/2025\/04\/feriado_1745494039706-1024x576.jpg\" alt=\"Confira os pr\u00f3ximos feriados de 2025 e como se planejar\" class=\"wp-image-27663\" srcset=\"https:\/\/www.correiobraziliense.com.br\/cbradar\/wp-content\/uploads\/2025\/04\/feriado_1745494039706-1024x576.jpg 1024w, https:\/\/www.correiobraziliense.com.br\/cbradar\/wp-content\/uploads\/2025\/04\/feriado_1745494039706-300x169.jpg 300w, https:\/\/www.correiobraziliense.com.br\/cbradar\/wp-content\/uploads\/2025\/04\/feriado_1745494039706-768x432.jpg 768w, https:\/\/www.correiobraziliense.com.br\/cbradar\/wp-content\/uploads\/2025\/04\/feriado_1745494039706-750x422.jpg 750w, https:\/\/www.correiobraziliense.com.br\/cbradar\/wp-content\/uploads\/2025\/04\/feriado_1745494039706-1140x641.jpg 1140w, https:\/\/www.correiobraziliense.com.br\/cbradar\/wp-content\/uploads\/2025\/04\/feriado_1745494039706.jpg 1280w\" sizes=\"(max-width: 1024px) 100vw, 1024px\" \/><figcaption class=\"wp-element-caption\">feriado. Cr\u00e9ditos: depositphotos.com \/ EdZbarzhyvetsky<\/figcaption><\/figure>\n\n\n\n<h2 class=\"wp-block-heading\">Como os feriados impactam o planejamento anual?<\/h2>\n\n\n\n<p>Os feriados t\u00eam um impacto significativo no planejamento anual de empresas e trabalhadores. Para as empresas, \u00e9 importante considerar como os feriados prolongados podem afetar a produtividade e o funcionamento dos neg\u00f3cios. J\u00e1 para os trabalhadores, essas datas s\u00e3o oportunidades valiosas para descansar, viajar ou passar tempo com a fam\u00edlia.<\/p>\n\n\n\n<p>Al\u00e9m dos feriados nacionais, muitos estados e munic\u00edpios tamb\u00e9m decretam feriados locais ou pontos facultativos, como o Corpus Christi. Esses dias adicionais de folga podem variar de acordo com a regi\u00e3o, aumentando ainda mais as oportunidades de descanso ao longo do ano.<\/p>\n\n\n\n<h2 class=\"wp-block-heading\">Como planejar os feriados de 2025?<\/h2>\n\n\n\n<p>Para aproveitar ao m\u00e1ximo os feriados de 2025, \u00e9 essencial planejar com anteced\u00eancia. Isso inclui verificar as pol\u00edticas da empresa em rela\u00e7\u00e3o a emendas de feriados, bem como considerar os feriados locais que podem ser decretados. Um planejamento cuidadoso pode ajudar a maximizar o tempo de descanso e garantir que os trabalhadores retornem revigorados.<\/p>\n\n\n\n<p>Em resumo, 2025 oferece v\u00e1rias oportunidades para feriados prolongados, dependendo das decis\u00f5es de emenda. Com um planejamento adequado, tanto empresas quanto trabalhadores podem se beneficiar desses dias extras de descanso, promovendo um equil\u00edbrio saud\u00e1vel entre trabalho e vida pessoal.<\/p>\n","protected":false},"excerpt":{"rendered":"<p>Os feriados prolongados de 2025 oferecem oportunidades de descanso para trabalhadores. Planeje seu ano com anteced\u00eancia.<\/p>\n","protected":false},"author":3,"featured_media":27662,"comment_status":"open","ping_status":"open","sticky":false,"template":"","format":"standard","meta":{"_yoast_wpseo_focuskw":"pr\u00f3ximos feriados 2025","_yoast_wpseo_title":"%%title%%","_yoast_wpseo_metadesc":"Os feriados prolongados de 2025 oferecem oportunidades de descanso para trabalhadores. Planeje seu ano com anteced\u00eancia.","jnews-multi-image_gallery":[],"jnews_single_post":{"format":"standard"},"jnews_primary_category":[],"jnews_social_meta":[],"jnews_override_counter":[],"footnotes":""},"categories":[112],"tags":[2178],"class_list":["post-27660","post","type-post","status-publish","format-standard","has-post-thumbnail","hentry","category-curiosidades","tag-feriados"],"yoast_head":"<!-- This site is optimized with the Yoast SEO plugin v24.6 - https:\/\/yoast.com\/wordpress\/plugins\/seo\/ -->\n<title>Descanso garantido? Veja os pr\u00f3ximos feriados de 2025 e como se planejar<\/title>\n<meta name=\"description\" content=\"Os feriados prolongados de 2025 oferecem oportunidades de descanso para trabalhadores. Planeje seu ano com anteced\u00eancia.\" \/>\n<meta name=\"robots\" content=\"index, follow, max-snippet:-1, max-image-preview:large, max-video-preview:-1\" \/>\n<link rel=\"canonical\" href=\"https:\/\/www.correiobraziliense.com.br\/cbradar\/descanso-garantido-veja-os-proximos-feriados-de-2025-e-como-se-planejar\/\" \/>\n<meta property=\"og:locale\" content=\"pt_BR\" \/>\n<meta property=\"og:type\" content=\"article\" \/>\n<meta property=\"og:title\" content=\"Descanso garantido? Veja os pr\u00f3ximos feriados de 2025 e como se planejar\" \/>\n<meta property=\"og:description\" content=\"Os feriados prolongados de 2025 oferecem oportunidades de descanso para trabalhadores. Planeje seu ano com anteced\u00eancia.\" \/>\n<meta property=\"og:url\" content=\"https:\/\/www.correiobraziliense.com.br\/cbradar\/descanso-garantido-veja-os-proximos-feriados-de-2025-e-como-se-planejar\/\" \/>\n<meta property=\"og:site_name\" content=\"Correio Braziliense - Radar\" \/>\n<meta property=\"article:published_time\" content=\"2025-04-24T11:40:09+00:00\" \/>\n<meta property=\"article:modified_time\" content=\"2025-04-24T11:40:10+00:00\" \/>\n<meta property=\"og:image\" content=\"https:\/\/www.correiobraziliense.com.br\/cbradar\/wp-content\/uploads\/2025\/04\/feriado_1745494011275.jpg\" \/>\n\t<meta property=\"og:image:width\" content=\"1280\" \/>\n\t<meta property=\"og:image:height\" content=\"720\" \/>\n\t<meta property=\"og:image:type\" content=\"image\/jpeg\" \/>\n<meta name=\"author\" content=\"Larissa Carvalho\" \/>\n<meta name=\"twitter:card\" content=\"summary_large_image\" \/>\n<meta name=\"twitter:label1\" content=\"Escrito por\" \/>\n\t<meta name=\"twitter:data1\" content=\"Larissa Carvalho\" \/>\n\t<meta name=\"twitter:label2\" content=\"Est. tempo de leitura\" \/>\n\t<meta name=\"twitter:data2\" content=\"3 minutos\" \/>\n<!-- \/ Yoast SEO plugin. -->","yoast_head_json":{"title":"Descanso garantido? Veja os pr\u00f3ximos feriados de 2025 e como se planejar","description":"Os feriados prolongados de 2025 oferecem oportunidades de descanso para trabalhadores. Planeje seu ano com anteced\u00eancia.","robots":{"index":"index","follow":"follow","max-snippet":"max-snippet:-1","max-image-preview":"max-image-preview:large","max-video-preview":"max-video-preview:-1"},"canonical":"https:\/\/www.correiobraziliense.com.br\/cbradar\/descanso-garantido-veja-os-proximos-feriados-de-2025-e-como-se-planejar\/","og_locale":"pt_BR","og_type":"article","og_title":"Descanso garantido? Veja os pr\u00f3ximos feriados de 2025 e como se planejar","og_description":"Os feriados prolongados de 2025 oferecem oportunidades de descanso para trabalhadores. Planeje seu ano com anteced\u00eancia.","og_url":"https:\/\/www.correiobraziliense.com.br\/cbradar\/descanso-garantido-veja-os-proximos-feriados-de-2025-e-como-se-planejar\/","og_site_name":"Correio Braziliense - Radar","article_published_time":"2025-04-24T11:40:09+00:00","article_modified_time":"2025-04-24T11:40:10+00:00","og_image":[{"width":1280,"height":720,"url":"https:\/\/www.correiobraziliense.com.br\/cbradar\/wp-content\/uploads\/2025\/04\/feriado_1745494011275.jpg","type":"image\/jpeg"}],"author":"Larissa Carvalho","twitter_card":"summary_large_image","twitter_misc":{"Escrito por":"Larissa Carvalho","Est. tempo de leitura":"3 minutos"},"schema":{"@context":"https:\/\/schema.org","@graph":[{"@type":"WebPage","@id":"https:\/\/www.correiobraziliense.com.br\/cbradar\/descanso-garantido-veja-os-proximos-feriados-de-2025-e-como-se-planejar\/","url":"https:\/\/www.correiobraziliense.com.br\/cbradar\/descanso-garantido-veja-os-proximos-feriados-de-2025-e-como-se-planejar\/","name":"Descanso garantido? Veja os pr\u00f3ximos feriados de 2025 e como se planejar","isPartOf":{"@id":"https:\/\/www.correiobraziliense.com.br\/cbradar\/#website"},"primaryImageOfPage":{"@id":"https:\/\/www.correiobraziliense.com.br\/cbradar\/descanso-garantido-veja-os-proximos-feriados-de-2025-e-como-se-planejar\/#primaryimage"},"image":{"@id":"https:\/\/www.correiobraziliense.com.br\/cbradar\/descanso-garantido-veja-os-proximos-feriados-de-2025-e-como-se-planejar\/#primaryimage"},"thumbnailUrl":"https:\/\/www.correiobraziliense.com.br\/cbradar\/wp-content\/uploads\/2025\/04\/feriado_1745494011275.jpg","datePublished":"2025-04-24T11:40:09+00:00","dateModified":"2025-04-24T11:40:10+00:00","author":{"@id":"https:\/\/www.correiobraziliense.com.br\/cbradar\/#\/schema\/person\/58422787644df994b53a19d3e56c1513"},"description":"Os feriados prolongados de 2025 oferecem oportunidades de descanso para trabalhadores. Planeje seu ano com anteced\u00eancia.","breadcrumb":{"@id":"https:\/\/www.correiobraziliense.com.br\/cbradar\/descanso-garantido-veja-os-proximos-feriados-de-2025-e-como-se-planejar\/#breadcrumb"},"inLanguage":"pt-BR","potentialAction":[{"@type":"ReadAction","target":["https:\/\/www.correiobraziliense.com.br\/cbradar\/descanso-garantido-veja-os-proximos-feriados-de-2025-e-como-se-planejar\/"]}]},{"@type":"ImageObject","inLanguage":"pt-BR","@id":"https:\/\/www.correiobraziliense.com.br\/cbradar\/descanso-garantido-veja-os-proximos-feriados-de-2025-e-como-se-planejar\/#primaryimage","url":"https:\/\/www.correiobraziliense.com.br\/cbradar\/wp-content\/uploads\/2025\/04\/feriado_1745494011275.jpg","contentUrl":"https:\/\/www.correiobraziliense.com.br\/cbradar\/wp-content\/uploads\/2025\/04\/feriado_1745494011275.jpg","width":1280,"height":720,"caption":"feriado. Cr\u00e9ditos: depositphotos.com \/ AllaSerebrina"},{"@type":"BreadcrumbList","@id":"https:\/\/www.correiobraziliense.com.br\/cbradar\/descanso-garantido-veja-os-proximos-feriados-de-2025-e-como-se-planejar\/#breadcrumb","itemListElement":[{"@type":"ListItem","position":1,"name":"In\u00edcio","item":"https:\/\/www.correiobraziliense.com.br\/cbradar\/"},{"@type":"ListItem","position":2,"name":"Descanso garantido? Veja os pr\u00f3ximos feriados de 2025 e como se planejar"}]},{"@type":"WebSite","@id":"https:\/\/www.correiobraziliense.com.br\/cbradar\/#website","url":"https:\/\/www.correiobraziliense.com.br\/cbradar\/","name":"Correio Braziliense - Radar","description":"Acompanhe as \u00faltimas not\u00edcias e fique bem informado sobre tudo o que acontece no Brasil e no mundo.","potentialAction":[{"@type":"SearchAction","target":{"@type":"EntryPoint","urlTemplate":"https:\/\/www.correiobraziliense.com.br\/cbradar\/?s={search_term_string}"},"query-input":{"@type":"PropertyValueSpecification","valueRequired":true,"valueName":"search_term_string"}}],"inLanguage":"pt-BR"},{"@type":"Person","@id":"https:\/\/www.correiobraziliense.com.br\/cbradar\/#\/schema\/person\/58422787644df994b53a19d3e56c1513","name":"Larissa Carvalho","image":{"@type":"ImageObject","inLanguage":"pt-BR","@id":"https:\/\/www.correiobraziliense.com.br\/cbradar\/#\/schema\/person\/image\/","url":"https:\/\/secure.gravatar.com\/avatar\/fe4f91a0de32b52a838d0d612abdc1aa?s=96&d=mm&r=g","contentUrl":"https:\/\/secure.gravatar.com\/avatar\/fe4f91a0de32b52a838d0d612abdc1aa?s=96&d=mm&r=g","caption":"Larissa Carvalho"},"url":"https:\/\/www.correiobraziliense.com.br\/cbradar\/author\/larissamyth\/"}]}},"_links":{"self":[{"href":"https:\/\/www.correiobraziliense.com.br\/cbradar\/wp-json\/wp\/v2\/posts\/27660","targetHints":{"allow":["GET"]}}],"collection":[{"href":"https:\/\/www.correiobraziliense.com.br\/cbradar\/wp-json\/wp\/v2\/posts"}],"about":[{"href":"https:\/\/www.correiobraziliense.com.br\/cbradar\/wp-json\/wp\/v2\/types\/post"}],"author":[{"embeddable":true,"href":"https:\/\/www.correiobraziliense.com.br\/cbradar\/wp-json\/wp\/v2\/users\/3"}],"replies":[{"embeddable":true,"href":"https:\/\/www.correiobraziliense.com.br\/cbradar\/wp-json\/wp\/v2\/comments?post=27660"}],"version-history":[{"count":2,"href":"https:\/\/www.correiobraziliense.com.br\/cbradar\/wp-json\/wp\/v2\/posts\/27660\/revisions"}],"predecessor-version":[{"id":27664,"href":"https:\/\/www.correiobraziliense.com.br\/cbradar\/wp-json\/wp\/v2\/posts\/27660\/revisions\/27664"}],"wp:featuredmedia":[{"embeddable":true,"href":"https:\/\/www.correiobraziliense.com.br\/cbradar\/wp-json\/wp\/v2\/media\/27662"}],"wp:attachment":[{"href":"https:\/\/www.correiobraziliense.com.br\/cbradar\/wp-json\/wp\/v2\/media?parent=27660"}],"wp:term":[{"taxonomy":"category","embeddable":true,"href":"https:\/\/www.correiobraziliense.com.br\/cbradar\/wp-json\/wp\/v2\/categories?post=27660"},{"taxonomy":"post_tag","embeddable":true,"href":"https:\/\/www.correiobraziliense.com.br\/cbradar\/wp-json\/wp\/v2\/tags?post=27660"}],"curies":[{"name":"wp","href":"https:\/\/api.w.org\/{rel}","templated":true}]}}