{"id":27711,"date":"2025-04-25T08:50:00","date_gmt":"2025-04-25T11:50:00","guid":{"rendered":"https:\/\/www.correiobraziliense.com.br\/cbradar\/?p=27711"},"modified":"2025-05-16T17:28:13","modified_gmt":"2025-05-16T20:28:13","slug":"essas-sao-as-melhores-dicas-para-melhorar-sua-concentracao","status":"publish","type":"post","link":"https:\/\/www.correiobraziliense.com.br\/cbradar\/essas-sao-as-melhores-dicas-para-melhorar-sua-concentracao\/","title":{"rendered":"Essas s\u00e3o as melhores dicas para melhorar sua concentra\u00e7\u00e3o"},"content":{"rendered":"\n<p>Com o passar dos anos, \u00e9 comum que a capacidade de concentra\u00e7\u00e3o e a mem\u00f3ria sofram altera\u00e7\u00f5es. Isso ocorre porque a efici\u00eancia do c\u00e9rebro tende a diminuir gradualmente com o envelhecimento. Muitas pessoas percebem que se tornam mais distra\u00eddas e enfrentam dificuldades para focar em tarefas cotidianas, como concluir um trabalho ou reter informa\u00e7\u00f5es de um livro.<\/p>\n\n\n\n<p>Essas mudan\u00e7as podem se tornar mais evidentes a partir dos 50 anos, mas tamb\u00e9m podem surgir antes, especialmente em mulheres na perimenopausa. Durante essa fase de transi\u00e7\u00e3o, que come\u00e7a cerca de dez anos antes da menopausa, as altera\u00e7\u00f5es hormonais podem impactar a capacidade de concentra\u00e7\u00e3o. No entanto, existem diversas estrat\u00e9gias para manter a mente ativa e evitar que esses problemas se intensifiquem.<\/p>\n\n\n\n<h2 class=\"wp-block-heading\"><strong>Quais fatores influenciam a concentra\u00e7\u00e3o?<\/strong><\/h2>\n\n\n\n<p>A concentra\u00e7\u00e3o \u00e9 influenciada por diversos fatores, incluindo a qualidade do sono e o padr\u00e3o de comportamento. Por exemplo, pessoas que sofrem de apneia do sono ou que est\u00e3o acima do peso podem enfrentar mais dificuldades para se concentrar. Al\u00e9m disso, o ambiente em que se realiza uma tarefa pode impactar significativamente a capacidade de foco.<\/p>\n\n\n\n<figure class=\"wp-block-image size-large\"><img decoding=\"async\" width=\"1024\" height=\"576\" src=\"https:\/\/www.correiobraziliense.com.br\/cbradar\/wp-content\/uploads\/2025\/04\/Concentracao_1745501020802-1024x576.jpg\" alt=\"Essas s\u00e3o as melhores dicas para melhorar sua concentra\u00e7\u00e3o\" class=\"wp-image-27712\" srcset=\"https:\/\/www.correiobraziliense.com.br\/cbradar\/wp-content\/uploads\/2025\/04\/Concentracao_1745501020802-1024x576.jpg 1024w, https:\/\/www.correiobraziliense.com.br\/cbradar\/wp-content\/uploads\/2025\/04\/Concentracao_1745501020802-300x169.jpg 300w, https:\/\/www.correiobraziliense.com.br\/cbradar\/wp-content\/uploads\/2025\/04\/Concentracao_1745501020802-768x432.jpg 768w, https:\/\/www.correiobraziliense.com.br\/cbradar\/wp-content\/uploads\/2025\/04\/Concentracao_1745501020802-750x422.jpg 750w, https:\/\/www.correiobraziliense.com.br\/cbradar\/wp-content\/uploads\/2025\/04\/Concentracao_1745501020802-1140x641.jpg 1140w, https:\/\/www.correiobraziliense.com.br\/cbradar\/wp-content\/uploads\/2025\/04\/Concentracao_1745501020802.jpg 1280w\" sizes=\"(max-width: 1024px) 100vw, 1024px\" \/><figcaption class=\"wp-element-caption\">Concentra\u00e7\u00e3o.Cr\u00e9ditos: depositphotos.com \/ AllaSerebrina<\/figcaption><\/figure>\n\n\n\n<p>Para melhorar a concentra\u00e7\u00e3o, \u00e9 importante criar um ambiente prop\u00edcio. Um espa\u00e7o de trabalho organizado, silencioso e bem iluminado pode ajudar a minimizar distra\u00e7\u00f5es. Al\u00e9m disso, eliminar interrup\u00e7\u00f5es, como notifica\u00e7\u00f5es de celular e abas desnecess\u00e1rias no computador, pode facilitar a manuten\u00e7\u00e3o do foco.<\/p>\n\n\n\n<h2 class=\"wp-block-heading\"><strong>Como otimizar a concentra\u00e7\u00e3o no dia a dia?<\/strong><\/h2>\n\n\n\n<p>Existem v\u00e1rias estrat\u00e9gias que podem ser adotadas para otimizar a concentra\u00e7\u00e3o no dia a dia. Uma delas \u00e9 evitar a multitarefa, pois assumir muitas demandas simultaneamente pode prejudicar a capacidade de foco. Realizar uma tarefa de cada vez e estabelecer metas espec\u00edficas pode ajudar a manter a mente focada.<\/p>\n\n\n\n<p>Outra dica \u00e9 fazer pausas programadas durante atividades que exigem muita concentra\u00e7\u00e3o. Pequenos intervalos para esticar o corpo ou dar uma caminhada podem ser suficientes para recarregar as energias e melhorar o desempenho cognitivo.<\/p>\n\n\n\n<h2 class=\"wp-block-heading\"><strong>Qual \u00e9 o papel da atividade f\u00edsica e da alimenta\u00e7\u00e3o na concentra\u00e7\u00e3o?<\/strong><\/h2>\n\n\n\n<p>A atividade f\u00edsica regular desempenha um papel crucial na capacidade de concentra\u00e7\u00e3o. Exerc\u00edcios aer\u00f3bicos e muscula\u00e7\u00e3o ajudam a melhorar a circula\u00e7\u00e3o sangu\u00ednea e a oxigena\u00e7\u00e3o do c\u00e9rebro, o que pode aumentar o foco. Al\u00e9m disso, uma alimenta\u00e7\u00e3o equilibrada, rica em vegetais e pobre em ultraprocessados, contribui para a sa\u00fade cerebral.<\/p>\n\n\n\n<p>Evitar o consumo excessivo de cafe\u00edna e energ\u00e9ticos tamb\u00e9m \u00e9 importante, pois esses produtos podem causar agita\u00e7\u00e3o e piorar a concentra\u00e7\u00e3o. Manter uma dieta saud\u00e1vel e variada pode ajudar a manter a microbiota intestinal em ordem, o que tem uma rela\u00e7\u00e3o direta com a sa\u00fade do c\u00e9rebro.<\/p>\n\n\n\n<h2 class=\"wp-block-heading\"><strong>Como a medita\u00e7\u00e3o e o treinamento mental podem ajudar?<\/strong><\/h2>\n\n\n\n<p>Pr\u00e1ticas de medita\u00e7\u00e3o e t\u00e9cnicas de relaxamento s\u00e3o eficazes para fortalecer a concentra\u00e7\u00e3o. Elas ajudam a acalmar a mente e a reduzir o estresse, permitindo que o foco seja mantido por mais tempo. Incorporar essas pr\u00e1ticas na rotina di\u00e1ria pode melhorar significativamente a capacidade de concentra\u00e7\u00e3o.<\/p>\n\n\n\n<p>Al\u00e9m disso, manter o c\u00e9rebro ativo por meio de novos est\u00edmulos, como aprender l\u00ednguas ou tocar instrumentos, pode ser ben\u00e9fico. Essas atividades desafiam a mente e ajudam a manter a agilidade mental, contribuindo para uma melhor concentra\u00e7\u00e3o e mem\u00f3ria.<\/p>\n","protected":false},"excerpt":{"rendered":"<p>Estrat\u00e9gias eficazes para melhorar a concentra\u00e7\u00e3o e a mem\u00f3ria com o passar dos anos. Descubra o papel do exerc\u00edcio f\u00edsico, alimenta\u00e7\u00e3o.<\/p>\n","protected":false},"author":3,"featured_media":27716,"comment_status":"open","ping_status":"open","sticky":false,"template":"","format":"standard","meta":{"_yoast_wpseo_focuskw":"melhorar concentra\u00e7\u00e3o","_yoast_wpseo_title":"%%title%%","_yoast_wpseo_metadesc":"Estrat\u00e9gias eficazes para melhorar a concentra\u00e7\u00e3o e a mem\u00f3ria com o passar dos anos. Descubra o papel do exerc\u00edcio f\u00edsico, alimenta\u00e7\u00e3o.","jnews-multi-image_gallery":[],"jnews_single_post":{"format":"standard"},"jnews_primary_category":[],"jnews_social_meta":[],"jnews_override_counter":[],"footnotes":""},"categories":[112],"post_tag":[3795],"class_list":["post-27711","post","type-post","status-publish","format-standard","has-post-thumbnail","hentry","category-curiosidades","tag-concentracao"],"yoast_head":"<!-- This site is optimized with the Yoast SEO plugin v24.6 - https:\/\/yoast.com\/wordpress\/plugins\/seo\/ -->\n<title>Essas s\u00e3o as melhores dicas para melhorar sua concentra\u00e7\u00e3o<\/title>\n<meta name=\"description\" content=\"Estrat\u00e9gias eficazes para melhorar a concentra\u00e7\u00e3o e a mem\u00f3ria com o passar dos anos. Descubra o papel do exerc\u00edcio f\u00edsico, alimenta\u00e7\u00e3o.\" \/>\n<meta name=\"robots\" content=\"index, follow, max-snippet:-1, max-image-preview:large, max-video-preview:-1\" \/>\n<link rel=\"canonical\" href=\"https:\/\/www.correiobraziliense.com.br\/cbradar\/essas-sao-as-melhores-dicas-para-melhorar-sua-concentracao\/\" \/>\n<meta property=\"og:locale\" content=\"pt_BR\" \/>\n<meta property=\"og:type\" content=\"article\" \/>\n<meta property=\"og:title\" content=\"Essas s\u00e3o as melhores dicas para melhorar sua concentra\u00e7\u00e3o\" \/>\n<meta property=\"og:description\" content=\"Estrat\u00e9gias eficazes para melhorar a concentra\u00e7\u00e3o e a mem\u00f3ria com o passar dos anos. Descubra o papel do exerc\u00edcio f\u00edsico, alimenta\u00e7\u00e3o.\" \/>\n<meta property=\"og:url\" content=\"https:\/\/www.correiobraziliense.com.br\/cbradar\/essas-sao-as-melhores-dicas-para-melhorar-sua-concentracao\/\" \/>\n<meta property=\"og:site_name\" content=\"Correio Braziliense - Radar\" \/>\n<meta property=\"article:published_time\" content=\"2025-04-25T11:50:00+00:00\" \/>\n<meta property=\"article:modified_time\" content=\"2025-05-16T20:28:13+00:00\" \/>\n<meta property=\"og:image\" content=\"https:\/\/www.correiobraziliense.com.br\/cbradar\/wp-content\/uploads\/2025\/04\/Concentracao_1745501475076.jpg\" \/>\n\t<meta property=\"og:image:width\" content=\"1280\" \/>\n\t<meta property=\"og:image:height\" content=\"720\" \/>\n\t<meta property=\"og:image:type\" content=\"image\/jpeg\" \/>\n<meta name=\"author\" content=\"Larissa Carvalho\" \/>\n<meta name=\"twitter:card\" content=\"summary_large_image\" \/>\n<meta name=\"twitter:label1\" content=\"Escrito por\" \/>\n\t<meta name=\"twitter:data1\" content=\"Larissa Carvalho\" \/>\n\t<meta name=\"twitter:label2\" content=\"Est. tempo de leitura\" \/>\n\t<meta name=\"twitter:data2\" content=\"4 minutos\" \/>\n<!-- \/ Yoast SEO plugin. -->","yoast_head_json":{"title":"Essas s\u00e3o as melhores dicas para melhorar sua concentra\u00e7\u00e3o","description":"Estrat\u00e9gias eficazes para melhorar a concentra\u00e7\u00e3o e a mem\u00f3ria com o passar dos anos. Descubra o papel do exerc\u00edcio f\u00edsico, alimenta\u00e7\u00e3o.","robots":{"index":"index","follow":"follow","max-snippet":"max-snippet:-1","max-image-preview":"max-image-preview:large","max-video-preview":"max-video-preview:-1"},"canonical":"https:\/\/www.correiobraziliense.com.br\/cbradar\/essas-sao-as-melhores-dicas-para-melhorar-sua-concentracao\/","og_locale":"pt_BR","og_type":"article","og_title":"Essas s\u00e3o as melhores dicas para melhorar sua concentra\u00e7\u00e3o","og_description":"Estrat\u00e9gias eficazes para melhorar a concentra\u00e7\u00e3o e a mem\u00f3ria com o passar dos anos. Descubra o papel do exerc\u00edcio f\u00edsico, alimenta\u00e7\u00e3o.","og_url":"https:\/\/www.correiobraziliense.com.br\/cbradar\/essas-sao-as-melhores-dicas-para-melhorar-sua-concentracao\/","og_site_name":"Correio Braziliense - Radar","article_published_time":"2025-04-25T11:50:00+00:00","article_modified_time":"2025-05-16T20:28:13+00:00","og_image":[{"width":1280,"height":720,"url":"https:\/\/www.correiobraziliense.com.br\/cbradar\/wp-content\/uploads\/2025\/04\/Concentracao_1745501475076.jpg","type":"image\/jpeg"}],"author":"Larissa Carvalho","twitter_card":"summary_large_image","twitter_misc":{"Escrito por":"Larissa Carvalho","Est. tempo de leitura":"4 minutos"},"schema":{"@context":"https:\/\/schema.org","@graph":[{"@type":"WebPage","@id":"https:\/\/www.correiobraziliense.com.br\/cbradar\/essas-sao-as-melhores-dicas-para-melhorar-sua-concentracao\/","url":"https:\/\/www.correiobraziliense.com.br\/cbradar\/essas-sao-as-melhores-dicas-para-melhorar-sua-concentracao\/","name":"Essas s\u00e3o as melhores dicas para melhorar sua concentra\u00e7\u00e3o","isPartOf":{"@id":"https:\/\/www.correiobraziliense.com.br\/cbradar\/#website"},"primaryImageOfPage":{"@id":"https:\/\/www.correiobraziliense.com.br\/cbradar\/essas-sao-as-melhores-dicas-para-melhorar-sua-concentracao\/#primaryimage"},"image":{"@id":"https:\/\/www.correiobraziliense.com.br\/cbradar\/essas-sao-as-melhores-dicas-para-melhorar-sua-concentracao\/#primaryimage"},"thumbnailUrl":"https:\/\/www.correiobraziliense.com.br\/cbradar\/wp-content\/uploads\/2025\/04\/Concentracao_1745501475076.jpg","datePublished":"2025-04-25T11:50:00+00:00","dateModified":"2025-05-16T20:28:13+00:00","author":{"@id":"https:\/\/www.correiobraziliense.com.br\/cbradar\/#\/schema\/person\/58422787644df994b53a19d3e56c1513"},"description":"Estrat\u00e9gias eficazes para melhorar a concentra\u00e7\u00e3o e a mem\u00f3ria com o passar dos anos. Descubra o papel do exerc\u00edcio f\u00edsico, alimenta\u00e7\u00e3o.","breadcrumb":{"@id":"https:\/\/www.correiobraziliense.com.br\/cbradar\/essas-sao-as-melhores-dicas-para-melhorar-sua-concentracao\/#breadcrumb"},"inLanguage":"pt-BR","potentialAction":[{"@type":"ReadAction","target":["https:\/\/www.correiobraziliense.com.br\/cbradar\/essas-sao-as-melhores-dicas-para-melhorar-sua-concentracao\/"]}]},{"@type":"ImageObject","inLanguage":"pt-BR","@id":"https:\/\/www.correiobraziliense.com.br\/cbradar\/essas-sao-as-melhores-dicas-para-melhorar-sua-concentracao\/#primaryimage","url":"https:\/\/www.correiobraziliense.com.br\/cbradar\/wp-content\/uploads\/2025\/04\/Concentracao_1745501475076.jpg","contentUrl":"https:\/\/www.correiobraziliense.com.br\/cbradar\/wp-content\/uploads\/2025\/04\/Concentracao_1745501475076.jpg","width":1280,"height":720,"caption":"Concentra\u00e7\u00e3o.Cr\u00e9ditos: depositphotos.com \/ pressmaster"},{"@type":"BreadcrumbList","@id":"https:\/\/www.correiobraziliense.com.br\/cbradar\/essas-sao-as-melhores-dicas-para-melhorar-sua-concentracao\/#breadcrumb","itemListElement":[{"@type":"ListItem","position":1,"name":"In\u00edcio","item":"https:\/\/www.correiobraziliense.com.br\/cbradar\/"},{"@type":"ListItem","position":2,"name":"Essas s\u00e3o as melhores dicas para melhorar sua concentra\u00e7\u00e3o"}]},{"@type":"WebSite","@id":"https:\/\/www.correiobraziliense.com.br\/cbradar\/#website","url":"https:\/\/www.correiobraziliense.com.br\/cbradar\/","name":"Correio Braziliense - Radar","description":"Acompanhe as \u00faltimas not\u00edcias e fique bem informado sobre tudo o que acontece no Brasil e no mundo.","potentialAction":[{"@type":"SearchAction","target":{"@type":"EntryPoint","urlTemplate":"https:\/\/www.correiobraziliense.com.br\/cbradar\/?s={search_term_string}"},"query-input":{"@type":"PropertyValueSpecification","valueRequired":true,"valueName":"search_term_string"}}],"inLanguage":"pt-BR"},{"@type":"Person","@id":"https:\/\/www.correiobraziliense.com.br\/cbradar\/#\/schema\/person\/58422787644df994b53a19d3e56c1513","name":"Larissa Carvalho","image":{"@type":"ImageObject","inLanguage":"pt-BR","@id":"https:\/\/www.correiobraziliense.com.br\/cbradar\/#\/schema\/person\/image\/","url":"https:\/\/secure.gravatar.com\/avatar\/fe4f91a0de32b52a838d0d612abdc1aa?s=96&d=mm&r=g","contentUrl":"https:\/\/secure.gravatar.com\/avatar\/fe4f91a0de32b52a838d0d612abdc1aa?s=96&d=mm&r=g","caption":"Larissa Carvalho"},"url":"https:\/\/www.correiobraziliense.com.br\/cbradar\/author\/larissamyth\/"}]}},"_links":{"self":[{"href":"https:\/\/www.correiobraziliense.com.br\/cbradar\/wp-json\/wp\/v2\/posts\/27711","targetHints":{"allow":["GET"]}}],"collection":[{"href":"https:\/\/www.correiobraziliense.com.br\/cbradar\/wp-json\/wp\/v2\/posts"}],"about":[{"href":"https:\/\/www.correiobraziliense.com.br\/cbradar\/wp-json\/wp\/v2\/types\/post"}],"author":[{"embeddable":true,"href":"https:\/\/www.correiobraziliense.com.br\/cbradar\/wp-json\/wp\/v2\/users\/3"}],"replies":[{"embeddable":true,"href":"https:\/\/www.correiobraziliense.com.br\/cbradar\/wp-json\/wp\/v2\/comments?post=27711"}],"version-history":[{"count":2,"href":"https:\/\/www.correiobraziliense.com.br\/cbradar\/wp-json\/wp\/v2\/posts\/27711\/revisions"}],"predecessor-version":[{"id":27894,"href":"https:\/\/www.correiobraziliense.com.br\/cbradar\/wp-json\/wp\/v2\/posts\/27711\/revisions\/27894"}],"wp:featuredmedia":[{"embeddable":true,"href":"https:\/\/www.correiobraziliense.com.br\/cbradar\/wp-json\/wp\/v2\/media\/27716"}],"wp:attachment":[{"href":"https:\/\/www.correiobraziliense.com.br\/cbradar\/wp-json\/wp\/v2\/media?parent=27711"}],"wp:term":[{"taxonomy":"category","embeddable":true,"href":"https:\/\/www.correiobraziliense.com.br\/cbradar\/wp-json\/wp\/v2\/categories?post=27711"},{"taxonomy":"post_tag","embeddable":true,"href":"https:\/\/www.correiobraziliense.com.br\/cbradar\/wp-json\/wp\/v2\/post_tag?post=27711"}],"curies":[{"name":"wp","href":"https:\/\/api.w.org\/{rel}","templated":true}]}}