{"id":27734,"date":"2025-04-25T16:10:00","date_gmt":"2025-04-25T19:10:00","guid":{"rendered":"https:\/\/www.correiobraziliense.com.br\/cbradar\/?p=27734"},"modified":"2025-04-24T16:08:30","modified_gmt":"2025-04-24T19:08:30","slug":"ter-uma-rotina-matinal-ruim-esta-acabando-com-seu-dia","status":"publish","type":"post","link":"https:\/\/www.correiobraziliense.com.br\/cbradar\/ter-uma-rotina-matinal-ruim-esta-acabando-com-seu-dia\/","title":{"rendered":"Ter uma rotina matinal ruim est\u00e1 acabando com seu dia"},"content":{"rendered":"\n<p>O in\u00edcio do dia pode definir o tom para as horas que se seguem, influenciando diretamente o humor e a produtividade. A rotina matinal, muitas vezes subestimada, \u00e9 um componente crucial para um dia bem-sucedido. Especialistas afirmam que uma manh\u00e3 organizada pode trazer benef\u00edcios significativos para a sa\u00fade mental e f\u00edsica, al\u00e9m de melhorar o desempenho nas atividades di\u00e1rias.<\/p>\n\n\n\n<p>O influenciador <strong>Ashton Hall<\/strong> exemplifica uma rotina matinal extensa, que come\u00e7a antes das 4 da manh\u00e3 e inclui uma s\u00e9rie de atividades f\u00edsicas e mentais. Embora essa abordagem possa parecer extrema para muitos, ela destaca a import\u00e2ncia de estabelecer um in\u00edcio de dia que prepare o corpo e a mente para os desafios vindouros.<\/p>\n\n\n\n<h2 class=\"wp-block-heading\"><strong>Por que uma rotina matinal \u00e9 essencial?<\/strong><\/h2>\n\n\n\n<p>Segundo <strong>Kamalyn Kaur<\/strong> em entrevista ao G1, uma manh\u00e3 bem estruturada pode ajudar a reduzir a ansiedade e aumentar a energia. A ideia \u00e9 come\u00e7ar o dia de forma relaxada e organizada, o que pode ter um impacto positivo no humor e na disposi\u00e7\u00e3o. Estudos indicam que seguir uma sequ\u00eancia de atividades logo ao acordar ajuda a conservar energia mental para tarefas mais complexas ao longo do dia.<\/p>\n\n\n\n<figure class=\"wp-block-image size-large\"><img decoding=\"async\" width=\"1024\" height=\"576\" src=\"https:\/\/www.correiobraziliense.com.br\/cbradar\/wp-content\/uploads\/2025\/04\/Rotina-Matinal_1745503612730-1024x576.jpg\" alt=\"Ter uma rotina matinal ruim est\u00e1 acabando com seu dia\" class=\"wp-image-27736\" srcset=\"https:\/\/www.correiobraziliense.com.br\/cbradar\/wp-content\/uploads\/2025\/04\/Rotina-Matinal_1745503612730-1024x576.jpg 1024w, https:\/\/www.correiobraziliense.com.br\/cbradar\/wp-content\/uploads\/2025\/04\/Rotina-Matinal_1745503612730-300x169.jpg 300w, https:\/\/www.correiobraziliense.com.br\/cbradar\/wp-content\/uploads\/2025\/04\/Rotina-Matinal_1745503612730-768x432.jpg 768w, https:\/\/www.correiobraziliense.com.br\/cbradar\/wp-content\/uploads\/2025\/04\/Rotina-Matinal_1745503612730-750x422.jpg 750w, https:\/\/www.correiobraziliense.com.br\/cbradar\/wp-content\/uploads\/2025\/04\/Rotina-Matinal_1745503612730-1140x641.jpg 1140w, https:\/\/www.correiobraziliense.com.br\/cbradar\/wp-content\/uploads\/2025\/04\/Rotina-Matinal_1745503612730.jpg 1280w\" sizes=\"(max-width: 1024px) 100vw, 1024px\" \/><figcaption class=\"wp-element-caption\">Rotina Matinal.Cr\u00e9ditos: depositphotos.com \/ gpointstudio<\/figcaption><\/figure>\n\n\n\n<p>Shawn McClean, professor de psicologia do trabalho, destaca que a consist\u00eancia nas atividades matinais pode melhorar o desempenho profissional. Ele observa que pessoas que seguem uma rotina matinal sem interrup\u00e7\u00f5es tendem a ser mais calmas e produtivas, enquanto aquelas com manh\u00e3s ca\u00f3ticas frequentemente experimentam esgotamento mental.<\/p>\n\n\n\n<h2 class=\"wp-block-heading\"><strong>O que define uma boa rotina matinal?<\/strong><\/h2>\n\n\n\n<p>N\u00e3o existe uma f\u00f3rmula \u00fanica para uma rotina matinal eficaz, pois ela deve ser adaptada \u00e0s necessidades individuais. No entanto, \u00e9 importante evitar rotinas destrutivas, como correr de um lado para o outro sem planejamento. O estresse matinal pode aumentar os n\u00edveis de cortisol, um horm\u00f4nio que, em excesso, pode causar ansiedade.<\/p>\n\n\n\n<p>Para criar uma rotina ben\u00e9fica, \u00e9 recomendado incluir atividades que promovam o bem-estar, como arrumar a cama, beber \u00e1gua e se expor \u00e0 luz natural. Essas a\u00e7\u00f5es simples podem ajudar a regular o ritmo circadiano e melhorar o estado de alerta.<\/p>\n\n\n\n<h2 class=\"wp-block-heading\"><strong>Como iniciar uma rotina matinal eficaz?<\/strong><\/h2>\n\n\n\n<p>Para aqueles que enfrentam manh\u00e3s agitadas, uma sugest\u00e3o \u00e9 programar o despertador 30 minutos mais cedo e evitar o bot\u00e3o soneca. Incluir pequenas atividades que comprovadamente melhoram o humor, como arrumar a cama, pode fazer uma diferen\u00e7a significativa. Al\u00e9m disso, beber um copo d&#8217;\u00e1gua ao acordar ajuda a combater a desidrata\u00e7\u00e3o e promove a sensa\u00e7\u00e3o de bem-estar.<\/p>\n\n\n\n<p>Outra dica \u00e9 adiar a ingest\u00e3o de cafe\u00edna para depois das refei\u00e7\u00f5es, a fim de evitar o nervosismo. Expor-se \u00e0 luz natural, mesmo em dias nublados, tamb\u00e9m \u00e9 crucial para ajustar o ritmo circadiano e aumentar a energia matinal.<\/p>\n\n\n\n<h2 class=\"wp-block-heading\"><strong>Considera\u00e7\u00f5es finais sobre rotinas matinais<\/strong><\/h2>\n\n\n\n<p>Adotar uma rotina matinal estruturada pode parecer desafiador no in\u00edcio, mas os benef\u00edcios a longo prazo s\u00e3o significativos. Pequenas mudan\u00e7as, como acordar mais cedo e realizar atividades simples, podem transformar a maneira como o dia se desenrola. Ao estabelecer uma manh\u00e3 tranquila e organizada, \u00e9 poss\u00edvel melhorar n\u00e3o apenas o humor e a energia, mas tamb\u00e9m a produtividade e o bem-estar geral.<\/p>\n\n\n\n<p><\/p>\n","protected":false},"excerpt":{"rendered":"<p>Descubra por que uma rotina matinal estruturada \u00e9 crucial para come\u00e7ar o seu dia da melhor maneira, trazendo benef\u00edcios para a sua sa\u00fade.<\/p>\n","protected":false},"author":3,"featured_media":27735,"comment_status":"open","ping_status":"open","sticky":false,"template":"","format":"standard","meta":{"_yoast_wpseo_focuskw":"Rotina Matinal","_yoast_wpseo_title":"%%title%% %%page%%","_yoast_wpseo_metadesc":"Descubra por que uma rotina matinal estruturada \u00e9 crucial para come\u00e7ar o seu dia da melhor maneira, trazendo benef\u00edcios para a sua sa\u00fade.","jnews-multi-image_gallery":[],"jnews_single_post":{"format":"standard"},"jnews_primary_category":[],"jnews_social_meta":[],"jnews_override_counter":[],"footnotes":""},"categories":[119],"post_tag":[784,565],"class_list":["post-27734","post","type-post","status-publish","format-standard","has-post-thumbnail","hentry","category-bem-estar","tag-rotina","tag-saude"],"yoast_head":"<!-- This site is optimized with the Yoast SEO plugin v24.6 - https:\/\/yoast.com\/wordpress\/plugins\/seo\/ -->\n<title>Ter uma rotina matinal ruim est\u00e1 acabando com seu dia<\/title>\n<meta name=\"description\" content=\"Descubra por que uma rotina matinal estruturada \u00e9 crucial para come\u00e7ar o seu dia da melhor maneira, trazendo benef\u00edcios para a sua sa\u00fade.\" \/>\n<meta name=\"robots\" content=\"index, follow, max-snippet:-1, max-image-preview:large, max-video-preview:-1\" \/>\n<link rel=\"canonical\" href=\"https:\/\/www.correiobraziliense.com.br\/cbradar\/ter-uma-rotina-matinal-ruim-esta-acabando-com-seu-dia\/\" \/>\n<meta property=\"og:locale\" content=\"pt_BR\" \/>\n<meta property=\"og:type\" content=\"article\" \/>\n<meta property=\"og:title\" content=\"Ter uma rotina matinal ruim est\u00e1 acabando com seu dia\" \/>\n<meta property=\"og:description\" content=\"Descubra por que uma rotina matinal estruturada \u00e9 crucial para come\u00e7ar o seu dia da melhor maneira, trazendo benef\u00edcios para a sua sa\u00fade.\" \/>\n<meta property=\"og:url\" content=\"https:\/\/www.correiobraziliense.com.br\/cbradar\/ter-uma-rotina-matinal-ruim-esta-acabando-com-seu-dia\/\" \/>\n<meta property=\"og:site_name\" content=\"Correio Braziliense - Radar\" \/>\n<meta property=\"article:published_time\" content=\"2025-04-25T19:10:00+00:00\" \/>\n<meta property=\"og:image\" content=\"https:\/\/www.correiobraziliense.com.br\/cbradar\/wp-content\/uploads\/2025\/04\/Rotina-Matinal_1745503543048.jpg\" \/>\n\t<meta property=\"og:image:width\" content=\"1280\" \/>\n\t<meta property=\"og:image:height\" content=\"720\" \/>\n\t<meta property=\"og:image:type\" content=\"image\/jpeg\" \/>\n<meta name=\"author\" content=\"Larissa Carvalho\" \/>\n<meta name=\"twitter:card\" content=\"summary_large_image\" \/>\n<meta name=\"twitter:label1\" content=\"Escrito por\" \/>\n\t<meta name=\"twitter:data1\" content=\"Larissa Carvalho\" \/>\n\t<meta name=\"twitter:label2\" content=\"Est. tempo de leitura\" \/>\n\t<meta name=\"twitter:data2\" content=\"4 minutos\" \/>\n<!-- \/ Yoast SEO plugin. -->","yoast_head_json":{"title":"Ter uma rotina matinal ruim est\u00e1 acabando com seu dia","description":"Descubra por que uma rotina matinal estruturada \u00e9 crucial para come\u00e7ar o seu dia da melhor maneira, trazendo benef\u00edcios para a sua sa\u00fade.","robots":{"index":"index","follow":"follow","max-snippet":"max-snippet:-1","max-image-preview":"max-image-preview:large","max-video-preview":"max-video-preview:-1"},"canonical":"https:\/\/www.correiobraziliense.com.br\/cbradar\/ter-uma-rotina-matinal-ruim-esta-acabando-com-seu-dia\/","og_locale":"pt_BR","og_type":"article","og_title":"Ter uma rotina matinal ruim est\u00e1 acabando com seu dia","og_description":"Descubra por que uma rotina matinal estruturada \u00e9 crucial para come\u00e7ar o seu dia da melhor maneira, trazendo benef\u00edcios para a sua sa\u00fade.","og_url":"https:\/\/www.correiobraziliense.com.br\/cbradar\/ter-uma-rotina-matinal-ruim-esta-acabando-com-seu-dia\/","og_site_name":"Correio Braziliense - Radar","article_published_time":"2025-04-25T19:10:00+00:00","og_image":[{"width":1280,"height":720,"url":"https:\/\/www.correiobraziliense.com.br\/cbradar\/wp-content\/uploads\/2025\/04\/Rotina-Matinal_1745503543048.jpg","type":"image\/jpeg"}],"author":"Larissa Carvalho","twitter_card":"summary_large_image","twitter_misc":{"Escrito por":"Larissa Carvalho","Est. tempo de leitura":"4 minutos"},"schema":{"@context":"https:\/\/schema.org","@graph":[{"@type":"WebPage","@id":"https:\/\/www.correiobraziliense.com.br\/cbradar\/ter-uma-rotina-matinal-ruim-esta-acabando-com-seu-dia\/","url":"https:\/\/www.correiobraziliense.com.br\/cbradar\/ter-uma-rotina-matinal-ruim-esta-acabando-com-seu-dia\/","name":"Ter uma rotina matinal ruim est\u00e1 acabando com seu dia","isPartOf":{"@id":"https:\/\/www.correiobraziliense.com.br\/cbradar\/#website"},"primaryImageOfPage":{"@id":"https:\/\/www.correiobraziliense.com.br\/cbradar\/ter-uma-rotina-matinal-ruim-esta-acabando-com-seu-dia\/#primaryimage"},"image":{"@id":"https:\/\/www.correiobraziliense.com.br\/cbradar\/ter-uma-rotina-matinal-ruim-esta-acabando-com-seu-dia\/#primaryimage"},"thumbnailUrl":"https:\/\/www.correiobraziliense.com.br\/cbradar\/wp-content\/uploads\/2025\/04\/Rotina-Matinal_1745503543048.jpg","datePublished":"2025-04-25T19:10:00+00:00","author":{"@id":"https:\/\/www.correiobraziliense.com.br\/cbradar\/#\/schema\/person\/58422787644df994b53a19d3e56c1513"},"description":"Descubra por que uma rotina matinal estruturada \u00e9 crucial para come\u00e7ar o seu dia da melhor maneira, trazendo benef\u00edcios para a sua sa\u00fade.","breadcrumb":{"@id":"https:\/\/www.correiobraziliense.com.br\/cbradar\/ter-uma-rotina-matinal-ruim-esta-acabando-com-seu-dia\/#breadcrumb"},"inLanguage":"pt-BR","potentialAction":[{"@type":"ReadAction","target":["https:\/\/www.correiobraziliense.com.br\/cbradar\/ter-uma-rotina-matinal-ruim-esta-acabando-com-seu-dia\/"]}]},{"@type":"ImageObject","inLanguage":"pt-BR","@id":"https:\/\/www.correiobraziliense.com.br\/cbradar\/ter-uma-rotina-matinal-ruim-esta-acabando-com-seu-dia\/#primaryimage","url":"https:\/\/www.correiobraziliense.com.br\/cbradar\/wp-content\/uploads\/2025\/04\/Rotina-Matinal_1745503543048.jpg","contentUrl":"https:\/\/www.correiobraziliense.com.br\/cbradar\/wp-content\/uploads\/2025\/04\/Rotina-Matinal_1745503543048.jpg","width":1280,"height":720,"caption":"Rotina Matinal.Cr\u00e9ditos: depositphotos.com \/ gpointstudio"},{"@type":"BreadcrumbList","@id":"https:\/\/www.correiobraziliense.com.br\/cbradar\/ter-uma-rotina-matinal-ruim-esta-acabando-com-seu-dia\/#breadcrumb","itemListElement":[{"@type":"ListItem","position":1,"name":"In\u00edcio","item":"https:\/\/www.correiobraziliense.com.br\/cbradar\/"},{"@type":"ListItem","position":2,"name":"Ter uma rotina matinal ruim est\u00e1 acabando com seu dia"}]},{"@type":"WebSite","@id":"https:\/\/www.correiobraziliense.com.br\/cbradar\/#website","url":"https:\/\/www.correiobraziliense.com.br\/cbradar\/","name":"Correio Braziliense - Radar","description":"Acompanhe as \u00faltimas not\u00edcias e fique bem informado sobre tudo o que acontece no Brasil e no mundo.","potentialAction":[{"@type":"SearchAction","target":{"@type":"EntryPoint","urlTemplate":"https:\/\/www.correiobraziliense.com.br\/cbradar\/?s={search_term_string}"},"query-input":{"@type":"PropertyValueSpecification","valueRequired":true,"valueName":"search_term_string"}}],"inLanguage":"pt-BR"},{"@type":"Person","@id":"https:\/\/www.correiobraziliense.com.br\/cbradar\/#\/schema\/person\/58422787644df994b53a19d3e56c1513","name":"Larissa Carvalho","image":{"@type":"ImageObject","inLanguage":"pt-BR","@id":"https:\/\/www.correiobraziliense.com.br\/cbradar\/#\/schema\/person\/image\/","url":"https:\/\/secure.gravatar.com\/avatar\/fe4f91a0de32b52a838d0d612abdc1aa?s=96&d=mm&r=g","contentUrl":"https:\/\/secure.gravatar.com\/avatar\/fe4f91a0de32b52a838d0d612abdc1aa?s=96&d=mm&r=g","caption":"Larissa Carvalho"},"url":"https:\/\/www.correiobraziliense.com.br\/cbradar\/author\/larissamyth\/"}]}},"_links":{"self":[{"href":"https:\/\/www.correiobraziliense.com.br\/cbradar\/wp-json\/wp\/v2\/posts\/27734","targetHints":{"allow":["GET"]}}],"collection":[{"href":"https:\/\/www.correiobraziliense.com.br\/cbradar\/wp-json\/wp\/v2\/posts"}],"about":[{"href":"https:\/\/www.correiobraziliense.com.br\/cbradar\/wp-json\/wp\/v2\/types\/post"}],"author":[{"embeddable":true,"href":"https:\/\/www.correiobraziliense.com.br\/cbradar\/wp-json\/wp\/v2\/users\/3"}],"replies":[{"embeddable":true,"href":"https:\/\/www.correiobraziliense.com.br\/cbradar\/wp-json\/wp\/v2\/comments?post=27734"}],"version-history":[{"count":2,"href":"https:\/\/www.correiobraziliense.com.br\/cbradar\/wp-json\/wp\/v2\/posts\/27734\/revisions"}],"predecessor-version":[{"id":27897,"href":"https:\/\/www.correiobraziliense.com.br\/cbradar\/wp-json\/wp\/v2\/posts\/27734\/revisions\/27897"}],"wp:featuredmedia":[{"embeddable":true,"href":"https:\/\/www.correiobraziliense.com.br\/cbradar\/wp-json\/wp\/v2\/media\/27735"}],"wp:attachment":[{"href":"https:\/\/www.correiobraziliense.com.br\/cbradar\/wp-json\/wp\/v2\/media?parent=27734"}],"wp:term":[{"taxonomy":"category","embeddable":true,"href":"https:\/\/www.correiobraziliense.com.br\/cbradar\/wp-json\/wp\/v2\/categories?post=27734"},{"taxonomy":"post_tag","embeddable":true,"href":"https:\/\/www.correiobraziliense.com.br\/cbradar\/wp-json\/wp\/v2\/post_tag?post=27734"}],"curies":[{"name":"wp","href":"https:\/\/api.w.org\/{rel}","templated":true}]}}