{"id":27855,"date":"2025-04-25T10:10:00","date_gmt":"2025-04-25T13:10:00","guid":{"rendered":"https:\/\/www.correiobraziliense.com.br\/cbradar\/?p=27855"},"modified":"2025-04-24T13:28:00","modified_gmt":"2025-04-24T16:28:00","slug":"veja-como-comecar-seu-cultivo-de-frutas-citricas-em-vasos","status":"publish","type":"post","link":"https:\/\/www.correiobraziliense.com.br\/cbradar\/veja-como-comecar-seu-cultivo-de-frutas-citricas-em-vasos\/","title":{"rendered":"Veja como come\u00e7ar seu cultivo de frutas c\u00edtricas em vasos"},"content":{"rendered":"\n<p>Cultivar <strong>frutas c\u00edtricas em vasos<\/strong> \u00e9 uma excelente op\u00e7\u00e3o para quem tem pouco espa\u00e7o, como em apartamentos ou casas com varandas e quintais pequenos. Limoeiros, laranjeiras e outras frut\u00edferas c\u00edtricas se adaptam muito bem a esse tipo de cultivo e, com os cuidados certos, produzem frutos deliciosos. Veja como come\u00e7ar seu <a href=\"https:\/\/www.correiobraziliense.com.br\/cbradar\/reduza-o-colesterol-plantando-estas-folhas-em-casa\/\" target=\"_blank\" rel=\"noreferrer noopener\">pomar <\/a>c\u00edtrico em vasos e aproveitar ao m\u00e1ximo essa experi\u00eancia!<\/p>\n\n\n\n<h2 class=\"wp-block-heading\">Quais frutas c\u00edtricas podem ser plantadas em vasos?<\/h2>\n\n\n\n<p>Algumas das melhores op\u00e7\u00f5es de frutas c\u00edtricas para vasos s\u00e3o:<\/p>\n\n\n\n<ul class=\"wp-block-list\">\n<li><strong>Lim\u00e3o siciliano<\/strong><\/li>\n\n\n\n<li><strong>Lim\u00e3o-taiti<\/strong><\/li>\n\n\n\n<li><strong>Laranja kinkan (kumquat)<\/strong><\/li>\n\n\n\n<li><strong>Laranja-ba\u00eda<\/strong><\/li>\n\n\n\n<li><strong>Tangerina (mexerica)<\/strong><\/li>\n\n\n\n<li><strong>Calamondin<\/strong> (cruzamento entre tangerina e kumquat)<\/li>\n<\/ul>\n\n\n\n<p>Prefira variedades an\u00e3s ou enxertadas, pois t\u00eam crescimento mais controlado e come\u00e7am a frutificar mais r\u00e1pido.<\/p>\n\n\n\n<h2 class=\"wp-block-heading\">Qual o tamanho ideal do vaso para c\u00edtricas?<\/h2>\n\n\n\n<p>O vaso deve ter no m\u00ednimo <strong>50 litros<\/strong> de capacidade e <strong>50 cm de profundidade<\/strong>. Vasos grandes garantem espa\u00e7o adequado para o crescimento das ra\u00edzes e melhor reten\u00e7\u00e3o de umidade.<\/p>\n\n\n\n<p>Escolha vasos com furos de drenagem e, se poss\u00edvel, use pratos ou bandejas por baixo para evitar sujeira ao regar.<\/p>\n\n\n\n<h2 class=\"wp-block-heading\">Como preparar o vaso e o substrato?<\/h2>\n\n\n\n<p>Monte o vaso em camadas:<\/p>\n\n\n\n<ol class=\"wp-block-list\">\n<li><strong>Drenagem:<\/strong> pedriscos ou argila expandida no fundo<\/li>\n\n\n\n<li><strong>Filtro:<\/strong> manta bidim ou peda\u00e7o de tecido para separar o solo da drenagem<\/li>\n\n\n\n<li><strong>Substrato:<\/strong> mistura de 2 partes de terra vegetal, 1 parte de areia grossa e 1 parte de composto org\u00e2nico (como h\u00famus de minhoca)<\/li>\n<\/ol>\n\n\n\n<p>Isso garante boa drenagem e nutrientes para o crescimento saud\u00e1vel da planta.<\/p>\n\n\n<div class=\"wp-block-image\">\n<figure class=\"aligncenter size-large\"><img decoding=\"async\" width=\"1024\" height=\"576\" src=\"https:\/\/www.correiobraziliense.com.br\/cbradar\/wp-content\/uploads\/2025\/04\/tangerina_1744910653188-1024x576.jpg\" alt=\"\" class=\"wp-image-24961\" srcset=\"https:\/\/www.correiobraziliense.com.br\/cbradar\/wp-content\/uploads\/2025\/04\/tangerina_1744910653188-1024x576.jpg 1024w, https:\/\/www.correiobraziliense.com.br\/cbradar\/wp-content\/uploads\/2025\/04\/tangerina_1744910653188-300x169.jpg 300w, https:\/\/www.correiobraziliense.com.br\/cbradar\/wp-content\/uploads\/2025\/04\/tangerina_1744910653188-768x432.jpg 768w, https:\/\/www.correiobraziliense.com.br\/cbradar\/wp-content\/uploads\/2025\/04\/tangerina_1744910653188-750x422.jpg 750w, https:\/\/www.correiobraziliense.com.br\/cbradar\/wp-content\/uploads\/2025\/04\/tangerina_1744910653188-1140x641.jpg 1140w, https:\/\/www.correiobraziliense.com.br\/cbradar\/wp-content\/uploads\/2025\/04\/tangerina_1744910653188.jpg 1280w\" sizes=\"(max-width: 1024px) 100vw, 1024px\" \/><figcaption class=\"wp-element-caption\">Tangerina &#8211; Cr\u00e9ditos: depositphotos.com \/ EsinDeniz<\/figcaption><\/figure><\/div>\n\n\n<h2 class=\"wp-block-heading\">Como plantar frutas c\u00edtricas em vasos?<\/h2>\n\n\n\n<ul class=\"wp-block-list\">\n<li>Coloque a muda no centro do vaso e preencha com o substrato at\u00e9 cobrir o torr\u00e3o.<\/li>\n\n\n\n<li>A muda deve ficar na mesma altura em que estava no saco ou vaso original.<\/li>\n\n\n\n<li>Pressione levemente a terra e regue em seguida.<\/li>\n\n\n\n<li>Adicione um tutor (estaca) se necess\u00e1rio para dar firmeza \u00e0 planta jovem.<\/li>\n<\/ul>\n\n\n\n<h2 class=\"wp-block-heading\">Onde deixar o vaso com a frut\u00edfera c\u00edtrica?<\/h2>\n\n\n\n<p>As c\u00edtricas precisam de muito sol. Deixe o vaso em local que receba pelo menos <strong>6 horas de sol direto por dia<\/strong>. Pode ser varanda, terra\u00e7o, sacada ou jardim ensolarado.<\/p>\n\n\n\n<p>Evite lugares com vento excessivo ou sombra permanente.<\/p>\n\n\n\n<h2 class=\"wp-block-heading\">Como fazer a rega e a aduba\u00e7\u00e3o?<\/h2>\n\n\n\n<ul class=\"wp-block-list\">\n<li><strong>Rega:<\/strong> mantenha o solo levemente \u00famido, sem encharcar. Regue de 2 a 3 vezes por semana no ver\u00e3o e reduza no inverno.<\/li>\n\n\n\n<li><strong>Aduba\u00e7\u00e3o:<\/strong> a cada 3 meses use NPK 10-10-10 ou adubo org\u00e2nico como torta de mamona, farinha de ossos e h\u00famus de minhoca.<\/li>\n<\/ul>\n\n\n\n<p>Durante a flora\u00e7\u00e3o e forma\u00e7\u00e3o dos frutos, um adubo com mais pot\u00e1ssio (como NPK 4-14-8) favorece a frutifica\u00e7\u00e3o.<\/p>\n\n\n\n<h2 class=\"wp-block-heading\">Como podar e cuidar da frut\u00edfera c\u00edtrica em vaso?<\/h2>\n\n\n\n<ul class=\"wp-block-list\">\n<li>Fa\u00e7a podas leves ap\u00f3s a colheita para manter o tamanho e a forma da planta.<\/li>\n\n\n\n<li>Retire galhos secos, doentes ou que crescem para dentro da copa.<\/li>\n\n\n\n<li>Mantenha a limpeza do solo e verifique pragas como pulg\u00f5es, cochonilhas e \u00e1caros.<\/li>\n<\/ul>\n\n\n\n<p>Use \u00f3leo de neem ou calda de sab\u00e3o neutro como controle natural.<\/p>\n\n\n\n<h2 class=\"wp-block-heading\">Quanto tempo leva para dar frutos?<\/h2>\n\n\n\n<p>As mudas enxertadas de c\u00edtricas podem dar frutos entre <strong>1 a 3 anos<\/strong> ap\u00f3s o plantio. A produ\u00e7\u00e3o aumenta com o tempo, conforme a planta se estabelece e amadurece.<\/p>\n\n\n\n<p>A colheita ocorre geralmente entre a primavera e o ver\u00e3o, variando de acordo com a esp\u00e9cie.<\/p>\n\n\n\n<h2 class=\"wp-block-heading\">\u00c9 poss\u00edvel cultivar mais de uma fruta c\u00edtrica no mesmo vaso?<\/h2>\n\n\n\n<p>N\u00e3o \u00e9 recomendado. Cada planta precisa de espa\u00e7o para crescer e competir por nutrientes. Plante uma esp\u00e9cie por vaso para garantir o bom desenvolvimento.<\/p>\n\n\n\n<h3 class=\"wp-block-heading\">FAQ<\/h3>\n\n\n\n<p><strong>1. Posso plantar fruta c\u00edtrica em vaso pequeno?<\/strong><br>N\u00e3o \u00e9 ideal. Vasos pequenos limitam o crescimento das ra\u00edzes e reduzem a produ\u00e7\u00e3o.<\/p>\n\n\n\n<p><strong>2. Preciso comprar muda enxertada?<\/strong><br>Sim, elas frutificam mais r\u00e1pido, s\u00e3o mais resistentes e garantem o tipo desejado de fruta.<\/p>\n\n\n\n<p><strong>3. As c\u00edtricas em vaso d\u00e3o fruto de verdade?<\/strong><br>Sim, com os cuidados certos elas produzem frutas como no solo.<\/p>\n\n\n\n<p><strong>4. O vaso precisa ser de barro ou pode ser pl\u00e1stico?<\/strong><br>Pode ser de qualquer material, desde que tenha boa drenagem. Vasos de barro ajudam na transpira\u00e7\u00e3o.<\/p>\n\n\n\n<p><strong>5. Precisa trocar o vaso depois de alguns anos?<\/strong><br>Sim, a cada 3 a 5 anos o replantio em vaso maior ou a renova\u00e7\u00e3o do substrato \u00e9 recomendada.<\/p>\n","protected":false},"excerpt":{"rendered":"<p>Cultivar frutas c\u00edtricas em vasos \u00e9 uma excelente op\u00e7\u00e3o para quem tem pouco espa\u00e7o, como em apartamentos ou casas com varandas e quintais pequenos. Limoeiros, laranjeiras e outras frut\u00edferas c\u00edtricas se adaptam muito bem a esse tipo de cultivo e, com os cuidados certos, produzem frutos deliciosos. Veja como come\u00e7ar seu pomar c\u00edtrico em vasos [&hellip;]<\/p>\n","protected":false},"author":9,"featured_media":4221,"comment_status":"open","ping_status":"open","sticky":false,"template":"","format":"standard","meta":{"_yoast_wpseo_focuskw":"frutas c\u00edtricas","_yoast_wpseo_title":"%%title%% %%page%%","_yoast_wpseo_metadesc":"Aprenda a cultivar lim\u00e3o, laranja e tangerina em vasos com dicas pr\u00e1ticas para ter frutas frescas mesmo em pouco espa\u00e7o.","jnews-multi-image_gallery":[],"jnews_single_post":{"format":"standard"},"jnews_primary_category":[],"jnews_social_meta":[],"jnews_override_counter":[],"footnotes":""},"categories":[136],"post_tag":[920,3478,3780,3781],"class_list":["post-27855","post","type-post","status-publish","format-standard","has-post-thumbnail","hentry","category-jardinagem","tag-cultivo-em-vasos","tag-frutas-citricas","tag-limao-em-vaso","tag-pomar-em-apartamento"],"yoast_head":"<!-- This site is optimized with the Yoast SEO plugin v24.6 - https:\/\/yoast.com\/wordpress\/plugins\/seo\/ -->\n<title>Veja como come\u00e7ar seu cultivo de frutas c\u00edtricas em vasos<\/title>\n<meta name=\"description\" content=\"Aprenda a cultivar lim\u00e3o, laranja e tangerina em vasos com dicas pr\u00e1ticas para ter frutas frescas mesmo em pouco espa\u00e7o.\" \/>\n<meta name=\"robots\" content=\"index, follow, max-snippet:-1, max-image-preview:large, max-video-preview:-1\" \/>\n<link rel=\"canonical\" href=\"https:\/\/www.correiobraziliense.com.br\/cbradar\/veja-como-comecar-seu-cultivo-de-frutas-citricas-em-vasos\/\" \/>\n<meta property=\"og:locale\" content=\"pt_BR\" \/>\n<meta property=\"og:type\" content=\"article\" \/>\n<meta property=\"og:title\" content=\"Veja como come\u00e7ar seu cultivo de frutas c\u00edtricas em vasos\" \/>\n<meta property=\"og:description\" content=\"Aprenda a cultivar lim\u00e3o, laranja e tangerina em vasos com dicas pr\u00e1ticas para ter frutas frescas mesmo em pouco espa\u00e7o.\" \/>\n<meta property=\"og:url\" content=\"https:\/\/www.correiobraziliense.com.br\/cbradar\/veja-como-comecar-seu-cultivo-de-frutas-citricas-em-vasos\/\" \/>\n<meta property=\"og:site_name\" content=\"Correio Braziliense - Radar\" \/>\n<meta property=\"article:published_time\" content=\"2025-04-25T13:10:00+00:00\" \/>\n<meta property=\"og:image\" content=\"https:\/\/www.correiobraziliense.com.br\/cbradar\/wp-content\/uploads\/2025\/02\/limao-arvore_1740068557408.jpg\" \/>\n\t<meta property=\"og:image:width\" content=\"1280\" \/>\n\t<meta property=\"og:image:height\" content=\"720\" \/>\n\t<meta property=\"og:image:type\" content=\"image\/jpeg\" \/>\n<meta name=\"author\" content=\"Daniely Cardoso\" \/>\n<meta name=\"twitter:card\" content=\"summary_large_image\" \/>\n<meta name=\"twitter:label1\" content=\"Escrito por\" \/>\n\t<meta name=\"twitter:data1\" content=\"Daniely Cardoso\" \/>\n\t<meta name=\"twitter:label2\" content=\"Est. tempo de leitura\" \/>\n\t<meta name=\"twitter:data2\" content=\"5 minutos\" \/>\n<!-- \/ Yoast SEO plugin. -->","yoast_head_json":{"title":"Veja como come\u00e7ar seu cultivo de frutas c\u00edtricas em vasos","description":"Aprenda a cultivar lim\u00e3o, laranja e tangerina em vasos com dicas pr\u00e1ticas para ter frutas frescas mesmo em pouco espa\u00e7o.","robots":{"index":"index","follow":"follow","max-snippet":"max-snippet:-1","max-image-preview":"max-image-preview:large","max-video-preview":"max-video-preview:-1"},"canonical":"https:\/\/www.correiobraziliense.com.br\/cbradar\/veja-como-comecar-seu-cultivo-de-frutas-citricas-em-vasos\/","og_locale":"pt_BR","og_type":"article","og_title":"Veja como come\u00e7ar seu cultivo de frutas c\u00edtricas em vasos","og_description":"Aprenda a cultivar lim\u00e3o, laranja e tangerina em vasos com dicas pr\u00e1ticas para ter frutas frescas mesmo em pouco espa\u00e7o.","og_url":"https:\/\/www.correiobraziliense.com.br\/cbradar\/veja-como-comecar-seu-cultivo-de-frutas-citricas-em-vasos\/","og_site_name":"Correio Braziliense - Radar","article_published_time":"2025-04-25T13:10:00+00:00","og_image":[{"width":1280,"height":720,"url":"https:\/\/www.correiobraziliense.com.br\/cbradar\/wp-content\/uploads\/2025\/02\/limao-arvore_1740068557408.jpg","type":"image\/jpeg"}],"author":"Daniely Cardoso","twitter_card":"summary_large_image","twitter_misc":{"Escrito por":"Daniely Cardoso","Est. tempo de leitura":"5 minutos"},"schema":{"@context":"https:\/\/schema.org","@graph":[{"@type":"WebPage","@id":"https:\/\/www.correiobraziliense.com.br\/cbradar\/veja-como-comecar-seu-cultivo-de-frutas-citricas-em-vasos\/","url":"https:\/\/www.correiobraziliense.com.br\/cbradar\/veja-como-comecar-seu-cultivo-de-frutas-citricas-em-vasos\/","name":"Veja como come\u00e7ar seu cultivo de frutas c\u00edtricas em vasos","isPartOf":{"@id":"https:\/\/www.correiobraziliense.com.br\/cbradar\/#website"},"primaryImageOfPage":{"@id":"https:\/\/www.correiobraziliense.com.br\/cbradar\/veja-como-comecar-seu-cultivo-de-frutas-citricas-em-vasos\/#primaryimage"},"image":{"@id":"https:\/\/www.correiobraziliense.com.br\/cbradar\/veja-como-comecar-seu-cultivo-de-frutas-citricas-em-vasos\/#primaryimage"},"thumbnailUrl":"https:\/\/www.correiobraziliense.com.br\/cbradar\/wp-content\/uploads\/2025\/02\/limao-arvore_1740068557408.jpg","datePublished":"2025-04-25T13:10:00+00:00","author":{"@id":"https:\/\/www.correiobraziliense.com.br\/cbradar\/#\/schema\/person\/7356666e12ec0ee53f348ee5db227032"},"description":"Aprenda a cultivar lim\u00e3o, laranja e tangerina em vasos com dicas pr\u00e1ticas para ter frutas frescas mesmo em pouco espa\u00e7o.","breadcrumb":{"@id":"https:\/\/www.correiobraziliense.com.br\/cbradar\/veja-como-comecar-seu-cultivo-de-frutas-citricas-em-vasos\/#breadcrumb"},"inLanguage":"pt-BR","potentialAction":[{"@type":"ReadAction","target":["https:\/\/www.correiobraziliense.com.br\/cbradar\/veja-como-comecar-seu-cultivo-de-frutas-citricas-em-vasos\/"]}]},{"@type":"ImageObject","inLanguage":"pt-BR","@id":"https:\/\/www.correiobraziliense.com.br\/cbradar\/veja-como-comecar-seu-cultivo-de-frutas-citricas-em-vasos\/#primaryimage","url":"https:\/\/www.correiobraziliense.com.br\/cbradar\/wp-content\/uploads\/2025\/02\/limao-arvore_1740068557408.jpg","contentUrl":"https:\/\/www.correiobraziliense.com.br\/cbradar\/wp-content\/uploads\/2025\/02\/limao-arvore_1740068557408.jpg","width":1280,"height":720,"caption":"O lim\u00e3o siciliano \u00e9 uma fonte excepcional de vitamina C e flavonoides - Cr\u00e9ditos: depositphotos.com \/ artush"},{"@type":"BreadcrumbList","@id":"https:\/\/www.correiobraziliense.com.br\/cbradar\/veja-como-comecar-seu-cultivo-de-frutas-citricas-em-vasos\/#breadcrumb","itemListElement":[{"@type":"ListItem","position":1,"name":"In\u00edcio","item":"https:\/\/www.correiobraziliense.com.br\/cbradar\/"},{"@type":"ListItem","position":2,"name":"Veja como come\u00e7ar seu cultivo de frutas c\u00edtricas em vasos"}]},{"@type":"WebSite","@id":"https:\/\/www.correiobraziliense.com.br\/cbradar\/#website","url":"https:\/\/www.correiobraziliense.com.br\/cbradar\/","name":"Correio Braziliense - Radar","description":"Acompanhe as \u00faltimas not\u00edcias e fique bem informado sobre tudo o que acontece no Brasil e no mundo.","potentialAction":[{"@type":"SearchAction","target":{"@type":"EntryPoint","urlTemplate":"https:\/\/www.correiobraziliense.com.br\/cbradar\/?s={search_term_string}"},"query-input":{"@type":"PropertyValueSpecification","valueRequired":true,"valueName":"search_term_string"}}],"inLanguage":"pt-BR"},{"@type":"Person","@id":"https:\/\/www.correiobraziliense.com.br\/cbradar\/#\/schema\/person\/7356666e12ec0ee53f348ee5db227032","name":"Daniely Cardoso","image":{"@type":"ImageObject","inLanguage":"pt-BR","@id":"https:\/\/www.correiobraziliense.com.br\/cbradar\/#\/schema\/person\/image\/","url":"https:\/\/secure.gravatar.com\/avatar\/4b80ddbd124d1f071b626d52d62e5dff?s=96&d=mm&r=g","contentUrl":"https:\/\/secure.gravatar.com\/avatar\/4b80ddbd124d1f071b626d52d62e5dff?s=96&d=mm&r=g","caption":"Daniely Cardoso"},"description":"Redatora nos portais CB Radar e EM Foco, formada pela Universidade Federal de Goi\u00e1s, em Goi\u00e2nia. Apaixonada por comunica\u00e7\u00e3o, arte, decora\u00e7\u00e3o e tend\u00eancias, atuo na produ\u00e7\u00e3o de conte\u00fados envolventes sobre curiosidades, moda, beleza e paisagismo, sempre com um olhar atento \u00e0s novidades do momento.","sameAs":["https:\/\/www.correiobraziliense.com.br\/cbradar"],"url":"https:\/\/www.correiobraziliense.com.br\/cbradar\/author\/danielymyth\/"}]}},"_links":{"self":[{"href":"https:\/\/www.correiobraziliense.com.br\/cbradar\/wp-json\/wp\/v2\/posts\/27855","targetHints":{"allow":["GET"]}}],"collection":[{"href":"https:\/\/www.correiobraziliense.com.br\/cbradar\/wp-json\/wp\/v2\/posts"}],"about":[{"href":"https:\/\/www.correiobraziliense.com.br\/cbradar\/wp-json\/wp\/v2\/types\/post"}],"author":[{"embeddable":true,"href":"https:\/\/www.correiobraziliense.com.br\/cbradar\/wp-json\/wp\/v2\/users\/9"}],"replies":[{"embeddable":true,"href":"https:\/\/www.correiobraziliense.com.br\/cbradar\/wp-json\/wp\/v2\/comments?post=27855"}],"version-history":[{"count":3,"href":"https:\/\/www.correiobraziliense.com.br\/cbradar\/wp-json\/wp\/v2\/posts\/27855\/revisions"}],"predecessor-version":[{"id":27870,"href":"https:\/\/www.correiobraziliense.com.br\/cbradar\/wp-json\/wp\/v2\/posts\/27855\/revisions\/27870"}],"wp:featuredmedia":[{"embeddable":true,"href":"https:\/\/www.correiobraziliense.com.br\/cbradar\/wp-json\/wp\/v2\/media\/4221"}],"wp:attachment":[{"href":"https:\/\/www.correiobraziliense.com.br\/cbradar\/wp-json\/wp\/v2\/media?parent=27855"}],"wp:term":[{"taxonomy":"category","embeddable":true,"href":"https:\/\/www.correiobraziliense.com.br\/cbradar\/wp-json\/wp\/v2\/categories?post=27855"},{"taxonomy":"post_tag","embeddable":true,"href":"https:\/\/www.correiobraziliense.com.br\/cbradar\/wp-json\/wp\/v2\/post_tag?post=27855"}],"curies":[{"name":"wp","href":"https:\/\/api.w.org\/{rel}","templated":true}]}}