{"id":28004,"date":"2025-04-26T13:30:00","date_gmt":"2025-04-26T16:30:00","guid":{"rendered":"https:\/\/www.correiobraziliense.com.br\/cbradar\/?p=28004"},"modified":"2025-04-24T21:20:17","modified_gmt":"2025-04-25T00:20:17","slug":"essa-serie-medica-expoe-segredos-sombrios-dos-hospitais","status":"publish","type":"post","link":"https:\/\/www.correiobraziliense.com.br\/cbradar\/essa-serie-medica-expoe-segredos-sombrios-dos-hospitais\/","title":{"rendered":"Essa s\u00e9rie m\u00e9dica exp\u00f5e segredos sombrios dos hospitais"},"content":{"rendered":"\n<p><strong>The Resident<\/strong> acompanha a jornada de m\u00e9dicos e enfermeiros no hospital <strong>Chastain Park Memorial<\/strong>, revelando n\u00e3o apenas os desafios t\u00e9cnicos da profiss\u00e3o, mas tamb\u00e9m os dilemas morais e a corrup\u00e7\u00e3o nos bastidores da medicina moderna.<\/p>\n\n\n\n<p>Com uma abordagem cr\u00edtica ao sistema de sa\u00fade americano, a s\u00e9rie vai al\u00e9m dos romances de corredor comuns em outras produ\u00e7\u00f5es do g\u00eanero, trazendo \u00e0 tona temas como gan\u00e2ncia hospitalar, neglig\u00eancia m\u00e9dica e \u00e9tica profissional.<\/p>\n\n\n\n<h2 class=\"wp-block-heading\">Qual a hist\u00f3ria de The Resident?<\/h2>\n\n\n\n<p>A trama come\u00e7a com <strong>Devon Pravesh<\/strong>, um jovem e idealista m\u00e9dico residente que entra no renomado hospital Chastain. L\u00e1, ele \u00e9 colocado sob a supervis\u00e3o do enigm\u00e1tico e experiente <strong>Conrad Hawkins<\/strong>, conhecido por seus m\u00e9todos nada convencionais, mas extremamente eficazes.<\/p>\n\n\n\n<p>A s\u00e9rie se desenrola a partir dos contrastes entre Devon e Conrad, enquanto eles enfrentam cirurgias complexas, pacientes em estado cr\u00edtico e a press\u00e3o constante do sistema hospitalar. Outros personagens fundamentais, como a enfermeira <strong>Nicolette Nevin<\/strong> e o chefe de cirurgia <strong>Randolph Bell<\/strong>, complementam a narrativa com hist\u00f3rias paralelas ricas e impactantes.<\/p>\n\n\n\n<figure class=\"wp-block-image size-large\"><img decoding=\"async\" width=\"1024\" height=\"576\" src=\"https:\/\/www.correiobraziliense.com.br\/cbradar\/wp-content\/uploads\/2025\/04\/The-Resident-2-1024x576.png\" alt=\"Essa s\u00e9rie m\u00e9dica exp\u00f5e segredos sombrios dos hospitais\" class=\"wp-image-28005\" srcset=\"https:\/\/www.correiobraziliense.com.br\/cbradar\/wp-content\/uploads\/2025\/04\/The-Resident-2-1024x576.png 1024w, https:\/\/www.correiobraziliense.com.br\/cbradar\/wp-content\/uploads\/2025\/04\/The-Resident-2-300x169.png 300w, https:\/\/www.correiobraziliense.com.br\/cbradar\/wp-content\/uploads\/2025\/04\/The-Resident-2-768x432.png 768w, https:\/\/www.correiobraziliense.com.br\/cbradar\/wp-content\/uploads\/2025\/04\/The-Resident-2-750x422.png 750w, https:\/\/www.correiobraziliense.com.br\/cbradar\/wp-content\/uploads\/2025\/04\/The-Resident-2-1140x641.png 1140w, https:\/\/www.correiobraziliense.com.br\/cbradar\/wp-content\/uploads\/2025\/04\/The-Resident-2.png 1280w\" sizes=\"(max-width: 1024px) 100vw, 1024px\" \/><figcaption class=\"wp-element-caption\">The Resident. Fonte: divulga\u00e7\u00e3o \/ Star+<\/figcaption><\/figure>\n\n\n\n<h2 class=\"wp-block-heading\">Por que The Resident se destaca entre as s\u00e9ries m\u00e9dicas?<\/h2>\n\n\n\n<p>Diferente de produ\u00e7\u00f5es mais romantizadas como <em>Grey\u2019s Anatomy<\/em>, <em>The Resident<\/em> aposta em uma representa\u00e7\u00e3o mais crua e realista do cotidiano m\u00e9dico. A s\u00e9rie mostra que salvar vidas muitas vezes entra em conflito com interesses corporativos e decis\u00f5es financeiras das institui\u00e7\u00f5es hospitalares.<\/p>\n\n\n\n<p>Al\u00e9m disso, os casos cl\u00ednicos apresentados s\u00e3o baseados em situa\u00e7\u00f5es reais, o que d\u00e1 ainda mais peso emocional aos epis\u00f3dios. O foco nos bastidores da sa\u00fade \u2014 como planos de sa\u00fade, m\u00e1 gest\u00e3o e press\u00e3o por lucros \u2014 transforma o hospital em um verdadeiro campo de batalha \u00e9tico.<\/p>\n\n\n\n<h2 class=\"wp-block-heading\">Quantas temporadas tem The Resident e a s\u00e9rie j\u00e1 terminou?<\/h2>\n\n\n\n<p>Lan\u00e7ada em 2018, <em>The Resident<\/em> chegou ao fim ap\u00f3s <strong>seis temporadas<\/strong>, com o \u00faltimo epis\u00f3dio exibido em 2023.<\/p>\n\n\n\n<p>Durante esse per\u00edodo, a s\u00e9rie manteve um p\u00fablico fiel e abordou diversos temas relevantes, desde erros m\u00e9dicos at\u00e9 pandemias, mostrando como a medicina evolui em meio a crises e decis\u00f5es dif\u00edceis. Embora tenha encerrado sua trajet\u00f3ria, deixou um legado importante no g\u00eanero m\u00e9dico-dram\u00e1tico.<\/p>\n\n\n\n<iframe loading=\"lazy\" width=\"560\" height=\"315\" src=\"https:\/\/www.youtube.com\/embed\/Lo-l1oeaz78?si=byTvfd2ZGygwcji1\" title=\"YouTube video player\" frameborder=\"0\" allow=\"accelerometer; autoplay; clipboard-write; encrypted-media; gyroscope; picture-in-picture; web-share\" referrerpolicy=\"strict-origin-when-cross-origin\" allowfullscreen><\/iframe>\n\n\n\n<h2 class=\"wp-block-heading\">Vale a pena assistir The Resident?<\/h2>\n\n\n\n<p>Sim \u2014 e muito. <em>The Resident<\/em> \u00e9 ideal para quem busca uma s\u00e9rie m\u00e9dica com conte\u00fado denso, envolvente e socialmente relevante. O enredo \u00e9 din\u00e2mico, os personagens s\u00e3o complexos e o roteiro prende do in\u00edcio ao fim.<\/p>\n\n\n\n<p>A atua\u00e7\u00e3o de <strong>Matt Czuchry<\/strong> como Conrad Hawkins \u00e9 um dos grandes destaques, equilibrando carisma e profundidade emocional. Al\u00e9m disso, a produ\u00e7\u00e3o tem um ritmo excelente, que evita enrola\u00e7\u00f5es e entrega epis\u00f3dios intensos e bem constru\u00eddos.<\/p>\n\n\n\n<p>Se voc\u00ea curte dramas m\u00e9dicos com peso dram\u00e1tico e cr\u00edtica social, <em>The Resident<\/em> \u00e9 uma escolha certeira. Prepare-se para se emocionar e refletir.<\/p>\n\n\n\n<h2 class=\"wp-block-heading\">FAQ &#8211; Perguntas Frequentes<\/h2>\n\n\n\n<ul class=\"wp-block-list\">\n<li><strong>Onde assistir?<\/strong><br>A s\u00e9rie est\u00e1 dispon\u00edvel no <strong>Star+<\/strong>, e algumas temporadas tamb\u00e9m podem ser encontradas na <strong>Hulu<\/strong> (EUA).<\/li>\n\n\n\n<li><strong>Quem est\u00e1 no elenco?<\/strong>\n<ul class=\"wp-block-list\">\n<li><strong>Matt Czuchry<\/strong> como Conrad Hawkins<\/li>\n\n\n\n<li><strong>Emily VanCamp<\/strong> como Nicolette Nevin<\/li>\n\n\n\n<li><strong>Manish Dayal<\/strong> como Devon Pravesh<\/li>\n\n\n\n<li><strong>Bruce Greenwood<\/strong> como Randolph Bell<\/li>\n\n\n\n<li><strong>Malcolm-Jamal Warner<\/strong>, <strong>Jane Leeves<\/strong>, entre outros.<\/li>\n<\/ul>\n<\/li>\n\n\n\n<li><strong>Quantas temporadas tem?<\/strong><br>A s\u00e9rie conta com <strong>6 temporadas<\/strong>, exibidas entre 2018 e 2023.<\/li>\n\n\n\n<li><strong>J\u00e1 acabou?<\/strong><br>Sim. A sexta temporada foi a \u00faltima, e a s\u00e9rie foi oficialmente encerrada.<\/li>\n\n\n\n<li><strong>Qual o ano de lan\u00e7amento?<\/strong><br><em>The Resident<\/em> estreou em <strong>2018<\/strong>.<\/li>\n\n\n\n<li><strong>Quem produziu a s\u00e9rie?<\/strong><br>A produ\u00e7\u00e3o \u00e9 da <strong>20th Television<\/strong>, com exibi\u00e7\u00e3o original pela <strong>Fox Broadcasting Company<\/strong>.<\/li>\n<\/ul>\n","protected":false},"excerpt":{"rendered":"<p>Drama m\u00e9dico com cr\u00edticas ao sistema de sa\u00fade, The Resident vai al\u00e9m do hospital e entrega tens\u00e3o e emo\u00e7\u00e3o a cada epis\u00f3dio.<\/p>\n","protected":false},"author":3,"featured_media":28006,"comment_status":"open","ping_status":"open","sticky":false,"template":"","format":"standard","meta":{"_yoast_wpseo_focuskw":"The Resident","_yoast_wpseo_title":"%%title%%","_yoast_wpseo_metadesc":"Drama m\u00e9dico com cr\u00edticas ao sistema de sa\u00fade, The Resident vai al\u00e9m do hospital e entrega tens\u00e3o e emo\u00e7\u00e3o a cada epis\u00f3dio.","jnews-multi-image_gallery":[],"jnews_single_post":{"format":"standard"},"jnews_primary_category":[],"jnews_social_meta":[],"jnews_override_counter":[],"footnotes":""},"categories":[140],"post_tag":[568],"class_list":["post-28004","post","type-post","status-publish","format-standard","has-post-thumbnail","hentry","category-entretenimento","tag-series-e-filmes"],"yoast_head":"<!-- This site is optimized with the Yoast SEO plugin v24.6 - https:\/\/yoast.com\/wordpress\/plugins\/seo\/ -->\n<title>Essa s\u00e9rie m\u00e9dica exp\u00f5e segredos sombrios dos hospitais<\/title>\n<meta name=\"description\" content=\"Drama m\u00e9dico com cr\u00edticas ao sistema de sa\u00fade, The Resident vai al\u00e9m do hospital e entrega tens\u00e3o e emo\u00e7\u00e3o a cada epis\u00f3dio.\" \/>\n<meta name=\"robots\" content=\"index, follow, max-snippet:-1, max-image-preview:large, max-video-preview:-1\" \/>\n<link rel=\"canonical\" href=\"https:\/\/www.correiobraziliense.com.br\/cbradar\/essa-serie-medica-expoe-segredos-sombrios-dos-hospitais\/\" \/>\n<meta property=\"og:locale\" content=\"pt_BR\" \/>\n<meta property=\"og:type\" content=\"article\" \/>\n<meta property=\"og:title\" content=\"Essa s\u00e9rie m\u00e9dica exp\u00f5e segredos sombrios dos hospitais\" \/>\n<meta property=\"og:description\" content=\"Drama m\u00e9dico com cr\u00edticas ao sistema de sa\u00fade, The Resident vai al\u00e9m do hospital e entrega tens\u00e3o e emo\u00e7\u00e3o a cada epis\u00f3dio.\" \/>\n<meta property=\"og:url\" content=\"https:\/\/www.correiobraziliense.com.br\/cbradar\/essa-serie-medica-expoe-segredos-sombrios-dos-hospitais\/\" \/>\n<meta property=\"og:site_name\" content=\"Correio Braziliense - Radar\" \/>\n<meta property=\"article:published_time\" content=\"2025-04-26T16:30:00+00:00\" \/>\n<meta property=\"og:image\" content=\"https:\/\/www.correiobraziliense.com.br\/cbradar\/wp-content\/uploads\/2025\/04\/The-Resident.png\" \/>\n\t<meta property=\"og:image:width\" content=\"1280\" \/>\n\t<meta property=\"og:image:height\" content=\"720\" \/>\n\t<meta property=\"og:image:type\" content=\"image\/png\" \/>\n<meta name=\"author\" content=\"Larissa Carvalho\" \/>\n<meta name=\"twitter:card\" content=\"summary_large_image\" \/>\n<meta name=\"twitter:label1\" content=\"Escrito por\" \/>\n\t<meta name=\"twitter:data1\" content=\"Larissa Carvalho\" \/>\n\t<meta name=\"twitter:label2\" content=\"Est. tempo de leitura\" \/>\n\t<meta name=\"twitter:data2\" content=\"4 minutos\" \/>\n<!-- \/ Yoast SEO plugin. -->","yoast_head_json":{"title":"Essa s\u00e9rie m\u00e9dica exp\u00f5e segredos sombrios dos hospitais","description":"Drama m\u00e9dico com cr\u00edticas ao sistema de sa\u00fade, The Resident vai al\u00e9m do hospital e entrega tens\u00e3o e emo\u00e7\u00e3o a cada epis\u00f3dio.","robots":{"index":"index","follow":"follow","max-snippet":"max-snippet:-1","max-image-preview":"max-image-preview:large","max-video-preview":"max-video-preview:-1"},"canonical":"https:\/\/www.correiobraziliense.com.br\/cbradar\/essa-serie-medica-expoe-segredos-sombrios-dos-hospitais\/","og_locale":"pt_BR","og_type":"article","og_title":"Essa s\u00e9rie m\u00e9dica exp\u00f5e segredos sombrios dos hospitais","og_description":"Drama m\u00e9dico com cr\u00edticas ao sistema de sa\u00fade, The Resident vai al\u00e9m do hospital e entrega tens\u00e3o e emo\u00e7\u00e3o a cada epis\u00f3dio.","og_url":"https:\/\/www.correiobraziliense.com.br\/cbradar\/essa-serie-medica-expoe-segredos-sombrios-dos-hospitais\/","og_site_name":"Correio Braziliense - Radar","article_published_time":"2025-04-26T16:30:00+00:00","og_image":[{"width":1280,"height":720,"url":"https:\/\/www.correiobraziliense.com.br\/cbradar\/wp-content\/uploads\/2025\/04\/The-Resident.png","type":"image\/png"}],"author":"Larissa Carvalho","twitter_card":"summary_large_image","twitter_misc":{"Escrito por":"Larissa Carvalho","Est. tempo de leitura":"4 minutos"},"schema":{"@context":"https:\/\/schema.org","@graph":[{"@type":"WebPage","@id":"https:\/\/www.correiobraziliense.com.br\/cbradar\/essa-serie-medica-expoe-segredos-sombrios-dos-hospitais\/","url":"https:\/\/www.correiobraziliense.com.br\/cbradar\/essa-serie-medica-expoe-segredos-sombrios-dos-hospitais\/","name":"Essa s\u00e9rie m\u00e9dica exp\u00f5e segredos sombrios dos hospitais","isPartOf":{"@id":"https:\/\/www.correiobraziliense.com.br\/cbradar\/#website"},"primaryImageOfPage":{"@id":"https:\/\/www.correiobraziliense.com.br\/cbradar\/essa-serie-medica-expoe-segredos-sombrios-dos-hospitais\/#primaryimage"},"image":{"@id":"https:\/\/www.correiobraziliense.com.br\/cbradar\/essa-serie-medica-expoe-segredos-sombrios-dos-hospitais\/#primaryimage"},"thumbnailUrl":"https:\/\/www.correiobraziliense.com.br\/cbradar\/wp-content\/uploads\/2025\/04\/The-Resident.png","datePublished":"2025-04-26T16:30:00+00:00","author":{"@id":"https:\/\/www.correiobraziliense.com.br\/cbradar\/#\/schema\/person\/58422787644df994b53a19d3e56c1513"},"description":"Drama m\u00e9dico com cr\u00edticas ao sistema de sa\u00fade, The Resident vai al\u00e9m do hospital e entrega tens\u00e3o e emo\u00e7\u00e3o a cada epis\u00f3dio.","breadcrumb":{"@id":"https:\/\/www.correiobraziliense.com.br\/cbradar\/essa-serie-medica-expoe-segredos-sombrios-dos-hospitais\/#breadcrumb"},"inLanguage":"pt-BR","potentialAction":[{"@type":"ReadAction","target":["https:\/\/www.correiobraziliense.com.br\/cbradar\/essa-serie-medica-expoe-segredos-sombrios-dos-hospitais\/"]}]},{"@type":"ImageObject","inLanguage":"pt-BR","@id":"https:\/\/www.correiobraziliense.com.br\/cbradar\/essa-serie-medica-expoe-segredos-sombrios-dos-hospitais\/#primaryimage","url":"https:\/\/www.correiobraziliense.com.br\/cbradar\/wp-content\/uploads\/2025\/04\/The-Resident.png","contentUrl":"https:\/\/www.correiobraziliense.com.br\/cbradar\/wp-content\/uploads\/2025\/04\/The-Resident.png","width":1280,"height":720,"caption":"The Resident. Fonte: divulga\u00e7\u00e3o \/ Star+"},{"@type":"BreadcrumbList","@id":"https:\/\/www.correiobraziliense.com.br\/cbradar\/essa-serie-medica-expoe-segredos-sombrios-dos-hospitais\/#breadcrumb","itemListElement":[{"@type":"ListItem","position":1,"name":"In\u00edcio","item":"https:\/\/www.correiobraziliense.com.br\/cbradar\/"},{"@type":"ListItem","position":2,"name":"Essa s\u00e9rie m\u00e9dica exp\u00f5e segredos sombrios dos hospitais"}]},{"@type":"WebSite","@id":"https:\/\/www.correiobraziliense.com.br\/cbradar\/#website","url":"https:\/\/www.correiobraziliense.com.br\/cbradar\/","name":"Correio Braziliense - Radar","description":"Acompanhe as \u00faltimas not\u00edcias e fique bem informado sobre tudo o que acontece no Brasil e no mundo.","potentialAction":[{"@type":"SearchAction","target":{"@type":"EntryPoint","urlTemplate":"https:\/\/www.correiobraziliense.com.br\/cbradar\/?s={search_term_string}"},"query-input":{"@type":"PropertyValueSpecification","valueRequired":true,"valueName":"search_term_string"}}],"inLanguage":"pt-BR"},{"@type":"Person","@id":"https:\/\/www.correiobraziliense.com.br\/cbradar\/#\/schema\/person\/58422787644df994b53a19d3e56c1513","name":"Larissa Carvalho","image":{"@type":"ImageObject","inLanguage":"pt-BR","@id":"https:\/\/www.correiobraziliense.com.br\/cbradar\/#\/schema\/person\/image\/","url":"https:\/\/secure.gravatar.com\/avatar\/fe4f91a0de32b52a838d0d612abdc1aa?s=96&d=mm&r=g","contentUrl":"https:\/\/secure.gravatar.com\/avatar\/fe4f91a0de32b52a838d0d612abdc1aa?s=96&d=mm&r=g","caption":"Larissa Carvalho"},"url":"https:\/\/www.correiobraziliense.com.br\/cbradar\/author\/larissamyth\/"}]}},"_links":{"self":[{"href":"https:\/\/www.correiobraziliense.com.br\/cbradar\/wp-json\/wp\/v2\/posts\/28004","targetHints":{"allow":["GET"]}}],"collection":[{"href":"https:\/\/www.correiobraziliense.com.br\/cbradar\/wp-json\/wp\/v2\/posts"}],"about":[{"href":"https:\/\/www.correiobraziliense.com.br\/cbradar\/wp-json\/wp\/v2\/types\/post"}],"author":[{"embeddable":true,"href":"https:\/\/www.correiobraziliense.com.br\/cbradar\/wp-json\/wp\/v2\/users\/3"}],"replies":[{"embeddable":true,"href":"https:\/\/www.correiobraziliense.com.br\/cbradar\/wp-json\/wp\/v2\/comments?post=28004"}],"version-history":[{"count":1,"href":"https:\/\/www.correiobraziliense.com.br\/cbradar\/wp-json\/wp\/v2\/posts\/28004\/revisions"}],"predecessor-version":[{"id":28007,"href":"https:\/\/www.correiobraziliense.com.br\/cbradar\/wp-json\/wp\/v2\/posts\/28004\/revisions\/28007"}],"wp:featuredmedia":[{"embeddable":true,"href":"https:\/\/www.correiobraziliense.com.br\/cbradar\/wp-json\/wp\/v2\/media\/28006"}],"wp:attachment":[{"href":"https:\/\/www.correiobraziliense.com.br\/cbradar\/wp-json\/wp\/v2\/media?parent=28004"}],"wp:term":[{"taxonomy":"category","embeddable":true,"href":"https:\/\/www.correiobraziliense.com.br\/cbradar\/wp-json\/wp\/v2\/categories?post=28004"},{"taxonomy":"post_tag","embeddable":true,"href":"https:\/\/www.correiobraziliense.com.br\/cbradar\/wp-json\/wp\/v2\/post_tag?post=28004"}],"curies":[{"name":"wp","href":"https:\/\/api.w.org\/{rel}","templated":true}]}}