{"id":28008,"date":"2025-04-26T15:30:00","date_gmt":"2025-04-26T18:30:00","guid":{"rendered":"https:\/\/www.correiobraziliense.com.br\/cbradar\/?p=28008"},"modified":"2025-04-24T21:20:08","modified_gmt":"2025-04-25T00:20:08","slug":"o-drama-leve-e-tocante-que-voce-nao-sabia-que-precisava-ver","status":"publish","type":"post","link":"https:\/\/www.correiobraziliense.com.br\/cbradar\/o-drama-leve-e-tocante-que-voce-nao-sabia-que-precisava-ver\/","title":{"rendered":"O drama leve e tocante que voc\u00ea n\u00e3o sabia que precisava ver"},"content":{"rendered":"\n<p><strong>O pior vizinho do mundo<\/strong> \u00e9 uma adapta\u00e7\u00e3o americana do sucesso sueco <em><strong>Um homem chamado Ove<\/strong><\/em>, e traz <strong>Tom Hanks<\/strong> no papel principal. A trama gira em torno de um vi\u00favo amargo e solit\u00e1rio, que parece viver apenas para reclamar \u2014 at\u00e9 que novos vizinhos chegam e, pouco a pouco, come\u00e7am a mudar sua forma de ver o mundo.<\/p>\n\n\n\n<p>O filme equilibra humor sarc\u00e1stico, drama emocional e reflex\u00f5es sobre perda, conviv\u00eancia e empatia. \u00c9 uma daquelas hist\u00f3rias que fazem rir, chorar e refletir, tudo no mesmo pacote.<\/p>\n\n\n\n<h2 class=\"wp-block-heading\">Qual a hist\u00f3ria de O pior vizinho do mundo?<\/h2>\n\n\n\n<p>Na trama, conhecemos <strong>Otto Anderson<\/strong>, um senhor de meia-idade que vive uma rotina r\u00edgida e sem grandes emo\u00e7\u00f5es. Ap\u00f3s a morte de sua esposa, ele se isola e passa os dias apontando erros dos vizinhos, cobrando regras do condom\u00ednio e cultivando uma amargura profunda.<\/p>\n\n\n\n<p>Tudo muda quando uma fam\u00edlia latina se muda para a casa da frente. A extrovertida <strong>Marisol<\/strong>, com sua personalidade calorosa e espont\u00e2nea, insiste em interagir com Otto, quebrando suas barreiras aos poucos.<\/p>\n\n\n\n<p>Aos poucos, vamos descobrindo os motivos por tr\u00e1s do comportamento do protagonista, e a conex\u00e3o com os novos vizinhos se transforma em um catalisador para que ele enfrente suas dores e reencontre um prop\u00f3sito.<\/p>\n\n\n\n<figure class=\"wp-block-image size-large\"><img decoding=\"async\" width=\"1024\" height=\"576\" src=\"https:\/\/www.correiobraziliense.com.br\/cbradar\/wp-content\/uploads\/2025\/04\/O-pior-vizinho-do-mundo-1024x576.png\" alt=\"O drama leve e tocante que voc\u00ea n\u00e3o sabia que precisava ver\" class=\"wp-image-28009\" srcset=\"https:\/\/www.correiobraziliense.com.br\/cbradar\/wp-content\/uploads\/2025\/04\/O-pior-vizinho-do-mundo-1024x576.png 1024w, https:\/\/www.correiobraziliense.com.br\/cbradar\/wp-content\/uploads\/2025\/04\/O-pior-vizinho-do-mundo-300x169.png 300w, https:\/\/www.correiobraziliense.com.br\/cbradar\/wp-content\/uploads\/2025\/04\/O-pior-vizinho-do-mundo-768x432.png 768w, https:\/\/www.correiobraziliense.com.br\/cbradar\/wp-content\/uploads\/2025\/04\/O-pior-vizinho-do-mundo-750x422.png 750w, https:\/\/www.correiobraziliense.com.br\/cbradar\/wp-content\/uploads\/2025\/04\/O-pior-vizinho-do-mundo-1140x641.png 1140w, https:\/\/www.correiobraziliense.com.br\/cbradar\/wp-content\/uploads\/2025\/04\/O-pior-vizinho-do-mundo.png 1280w\" sizes=\"(max-width: 1024px) 100vw, 1024px\" \/><figcaption class=\"wp-element-caption\">O pior vizinho do mundo. Fonte: divulga\u00e7\u00e3o \/ Sony Pictures<\/figcaption><\/figure>\n\n\n\n<h2 class=\"wp-block-heading\">Quais temas o filme aborda?<\/h2>\n\n\n\n<p>Apesar do tom leve em muitos momentos, <em>O pior vizinho do mundo<\/em> toca em quest\u00f5es profundas, como:<\/p>\n\n\n\n<ul class=\"wp-block-list\">\n<li>Luto e sa\u00fade mental na terceira idade;<\/li>\n\n\n\n<li>Suic\u00eddio e sinais de depress\u00e3o silenciosa;<\/li>\n\n\n\n<li>Diferen\u00e7as culturais e conviv\u00eancia comunit\u00e1ria;<\/li>\n\n\n\n<li>A import\u00e2ncia da empatia e do contato humano.<\/li>\n<\/ul>\n\n\n\n<p>O roteiro \u00e9 sens\u00edvel e evita cair em clich\u00eas, mesmo quando aposta em f\u00f3rmulas conhecidas. A jornada de Otto \u00e9 constru\u00edda com camadas emocionais que valorizam cada transforma\u00e7\u00e3o, tornando o arco do personagem extremamente cativante.<\/p>\n\n\n\n<h2 class=\"wp-block-heading\">Vale a pena assistir O pior vizinho do mundo?<\/h2>\n\n\n\n<p>Sim \u2014 e especialmente se voc\u00ea busca um filme que seja ao mesmo tempo leve e significativo. <em>O pior vizinho do mundo<\/em> \u00e9 daqueles dramas que aquecem o cora\u00e7\u00e3o sem apelar para exageros. A atua\u00e7\u00e3o de <strong>Tom Hanks<\/strong> \u00e9 impec\u00e1vel, conferindo humanidade a um personagem que poderia facilmente ser apenas um estere\u00f3tipo.<\/p>\n\n\n\n<p>A dire\u00e7\u00e3o \u00e9 delicada, o humor \u00e9 bem dosado e o desfecho entrega uma sensa\u00e7\u00e3o reconfortante, mesmo lidando com temas dif\u00edceis. \u00c9 o tipo de hist\u00f3ria perfeita para assistir em fam\u00edlia ou em momentos de introspec\u00e7\u00e3o.<\/p>\n\n\n\n<p>Se voc\u00ea gostou de filmes como <em>Pequena Miss Sunshine<\/em>, <em>O lado bom da vida<\/em> ou <em>Extraordin\u00e1rio<\/em>, essa \u00e9 uma adi\u00e7\u00e3o certeira \u00e0 sua lista.<\/p>\n\n\n\n<h2 class=\"wp-block-heading\">O que diferencia O pior vizinho do mundo de outras com\u00e9dias dram\u00e1ticas?<\/h2>\n\n\n\n<p>O grande trunfo do filme est\u00e1 na capacidade de unir uma narrativa emocional com personagens genuinamente relacion\u00e1veis. Otto \u00e9 mal-humorado, sim \u2014 mas tamb\u00e9m \u00e9 profundamente humano. Suas dores, suas mem\u00f3rias e suas hesita\u00e7\u00f5es constroem um personagem complexo, muito al\u00e9m do r\u00f3tulo de \u201cvizinho rabugento\u201d.<\/p>\n\n\n\n<p>Al\u00e9m disso, a representatividade da fam\u00edlia latina e o contraste cultural entre eles e Otto enriquecem a trama com leveza e autenticidade. O filme tamb\u00e9m acerta ao usar flashbacks de forma pontual, aprofundando ainda mais a conex\u00e3o do p\u00fablico com o passado do protagonista.<\/p>\n\n\n\n<div class=\"jeg_video_container jeg_video_content\"><iframe loading=\"lazy\" title=\"O Pior Vizinho do Mundo | Trailer Dublado\" width=\"500\" height=\"281\" src=\"https:\/\/www.youtube.com\/embed\/5O9Rp6U4dIo?feature=oembed\" frameborder=\"0\" allow=\"accelerometer; autoplay; clipboard-write; encrypted-media; gyroscope; picture-in-picture; web-share\" referrerpolicy=\"strict-origin-when-cross-origin\" allowfullscreen><\/iframe><\/div>\n\n\n\n<h2 class=\"wp-block-heading\">FAQ &#8211; Perguntas Frequentes<\/h2>\n\n\n\n<ul class=\"wp-block-list\">\n<li><strong>Onde assistir?<\/strong><br>O filme est\u00e1 dispon\u00edvel no cat\u00e1logo do <strong>Prime Video<\/strong>.<\/li>\n\n\n\n<li><strong>Quem est\u00e1 no elenco?<\/strong>\n<ul class=\"wp-block-list\">\n<li><strong>Tom Hanks<\/strong> como Otto Anderson<\/li>\n\n\n\n<li><strong>Mariana Trevi\u00f1o<\/strong> como Marisol<\/li>\n\n\n\n<li><strong>Rachel Keller<\/strong>, <strong>Manuel Garcia-Rulfo<\/strong> e <strong>Cameron Britton<\/strong><\/li>\n<\/ul>\n<\/li>\n\n\n\n<li><strong>Quantas vers\u00f5es tem esse filme?<\/strong><br>\u00c9 uma adapta\u00e7\u00e3o de <em>Um homem chamado Ove<\/em>, filme sueco de 2015, baseado no livro hom\u00f4nimo de <strong>Fredrik Backman<\/strong>.<\/li>\n\n\n\n<li><strong>J\u00e1 acabou?<\/strong><br>Sim. Trata-se de um filme com hist\u00f3ria fechada.<\/li>\n\n\n\n<li><strong>Qual o ano de lan\u00e7amento?<\/strong><br>Foi lan\u00e7ado em <strong>2022<\/strong> nos Estados Unidos, com chegada ao Brasil em <strong>2023<\/strong>.<\/li>\n\n\n\n<li><strong>Quem produziu o filme?<\/strong><br>Produzido por <strong>Rita Wilson<\/strong>, <strong>Gary Goetzman<\/strong> e <strong>Fredrik Wikstr\u00f6m Nicastro<\/strong>, com distribui\u00e7\u00e3o da <strong>Sony Pictures<\/strong>.<\/li>\n<\/ul>\n","protected":false},"excerpt":{"rendered":"<p>Tom Hanks brilha como um vi\u00favo rabugento em O pior vizinho do mundo, um filme com humor \u00e1cido e grandes li\u00e7\u00f5es sobre empatia e recome\u00e7os.<\/p>\n","protected":false},"author":3,"featured_media":28010,"comment_status":"open","ping_status":"open","sticky":false,"template":"","format":"standard","meta":{"jnews-multi-image_gallery":[],"jnews_single_post":{"format":"standard"},"jnews_primary_category":[],"jnews_social_meta":[],"jnews_override_counter":[],"footnotes":""},"categories":[140],"post_tag":[568],"class_list":["post-28008","post","type-post","status-publish","format-standard","has-post-thumbnail","hentry","category-entretenimento","tag-series-e-filmes"],"yoast_head":"<!-- This site is optimized with the Yoast SEO plugin v24.6 - https:\/\/yoast.com\/wordpress\/plugins\/seo\/ -->\n<title>O drama leve e tocante que voc\u00ea n\u00e3o sabia que precisava ver<\/title>\n<meta name=\"description\" content=\"Tom Hanks brilha como um vi\u00favo rabugento em O pior vizinho do mundo, um filme com humor \u00e1cido e grandes li\u00e7\u00f5es sobre empatia e recome\u00e7os.\" \/>\n<meta name=\"robots\" content=\"index, follow, max-snippet:-1, max-image-preview:large, max-video-preview:-1\" \/>\n<link rel=\"canonical\" href=\"https:\/\/www.correiobraziliense.com.br\/cbradar\/o-drama-leve-e-tocante-que-voce-nao-sabia-que-precisava-ver\/\" \/>\n<meta property=\"og:locale\" content=\"pt_BR\" \/>\n<meta property=\"og:type\" content=\"article\" \/>\n<meta property=\"og:title\" content=\"O drama leve e tocante que voc\u00ea n\u00e3o sabia que precisava ver\" \/>\n<meta property=\"og:description\" content=\"Tom Hanks brilha como um vi\u00favo rabugento em O pior vizinho do mundo, um filme com humor \u00e1cido e grandes li\u00e7\u00f5es sobre empatia e recome\u00e7os.\" \/>\n<meta property=\"og:url\" content=\"https:\/\/www.correiobraziliense.com.br\/cbradar\/o-drama-leve-e-tocante-que-voce-nao-sabia-que-precisava-ver\/\" \/>\n<meta property=\"og:site_name\" content=\"Correio Braziliense - Radar\" \/>\n<meta property=\"article:published_time\" content=\"2025-04-26T18:30:00+00:00\" \/>\n<meta property=\"og:image\" content=\"https:\/\/www.correiobraziliense.com.br\/cbradar\/wp-content\/uploads\/2025\/04\/O-pior-vizinho-do-mundo-2.png\" \/>\n\t<meta property=\"og:image:width\" content=\"1280\" \/>\n\t<meta property=\"og:image:height\" content=\"720\" \/>\n\t<meta property=\"og:image:type\" content=\"image\/png\" \/>\n<meta name=\"author\" content=\"Larissa Carvalho\" \/>\n<meta name=\"twitter:card\" content=\"summary_large_image\" \/>\n<meta name=\"twitter:label1\" content=\"Escrito por\" \/>\n\t<meta name=\"twitter:data1\" content=\"Larissa Carvalho\" \/>\n\t<meta name=\"twitter:label2\" content=\"Est. tempo de leitura\" \/>\n\t<meta name=\"twitter:data2\" content=\"4 minutos\" \/>\n<!-- \/ Yoast SEO plugin. -->","yoast_head_json":{"title":"O drama leve e tocante que voc\u00ea n\u00e3o sabia que precisava ver","description":"Tom Hanks brilha como um vi\u00favo rabugento em O pior vizinho do mundo, um filme com humor \u00e1cido e grandes li\u00e7\u00f5es sobre empatia e recome\u00e7os.","robots":{"index":"index","follow":"follow","max-snippet":"max-snippet:-1","max-image-preview":"max-image-preview:large","max-video-preview":"max-video-preview:-1"},"canonical":"https:\/\/www.correiobraziliense.com.br\/cbradar\/o-drama-leve-e-tocante-que-voce-nao-sabia-que-precisava-ver\/","og_locale":"pt_BR","og_type":"article","og_title":"O drama leve e tocante que voc\u00ea n\u00e3o sabia que precisava ver","og_description":"Tom Hanks brilha como um vi\u00favo rabugento em O pior vizinho do mundo, um filme com humor \u00e1cido e grandes li\u00e7\u00f5es sobre empatia e recome\u00e7os.","og_url":"https:\/\/www.correiobraziliense.com.br\/cbradar\/o-drama-leve-e-tocante-que-voce-nao-sabia-que-precisava-ver\/","og_site_name":"Correio Braziliense - Radar","article_published_time":"2025-04-26T18:30:00+00:00","og_image":[{"width":1280,"height":720,"url":"https:\/\/www.correiobraziliense.com.br\/cbradar\/wp-content\/uploads\/2025\/04\/O-pior-vizinho-do-mundo-2.png","type":"image\/png"}],"author":"Larissa Carvalho","twitter_card":"summary_large_image","twitter_misc":{"Escrito por":"Larissa Carvalho","Est. tempo de leitura":"4 minutos"},"schema":{"@context":"https:\/\/schema.org","@graph":[{"@type":"WebPage","@id":"https:\/\/www.correiobraziliense.com.br\/cbradar\/o-drama-leve-e-tocante-que-voce-nao-sabia-que-precisava-ver\/","url":"https:\/\/www.correiobraziliense.com.br\/cbradar\/o-drama-leve-e-tocante-que-voce-nao-sabia-que-precisava-ver\/","name":"O drama leve e tocante que voc\u00ea n\u00e3o sabia que precisava ver","isPartOf":{"@id":"https:\/\/www.correiobraziliense.com.br\/cbradar\/#website"},"primaryImageOfPage":{"@id":"https:\/\/www.correiobraziliense.com.br\/cbradar\/o-drama-leve-e-tocante-que-voce-nao-sabia-que-precisava-ver\/#primaryimage"},"image":{"@id":"https:\/\/www.correiobraziliense.com.br\/cbradar\/o-drama-leve-e-tocante-que-voce-nao-sabia-que-precisava-ver\/#primaryimage"},"thumbnailUrl":"https:\/\/www.correiobraziliense.com.br\/cbradar\/wp-content\/uploads\/2025\/04\/O-pior-vizinho-do-mundo-2.png","datePublished":"2025-04-26T18:30:00+00:00","author":{"@id":"https:\/\/www.correiobraziliense.com.br\/cbradar\/#\/schema\/person\/58422787644df994b53a19d3e56c1513"},"description":"Tom Hanks brilha como um vi\u00favo rabugento em O pior vizinho do mundo, um filme com humor \u00e1cido e grandes li\u00e7\u00f5es sobre empatia e recome\u00e7os.","breadcrumb":{"@id":"https:\/\/www.correiobraziliense.com.br\/cbradar\/o-drama-leve-e-tocante-que-voce-nao-sabia-que-precisava-ver\/#breadcrumb"},"inLanguage":"pt-BR","potentialAction":[{"@type":"ReadAction","target":["https:\/\/www.correiobraziliense.com.br\/cbradar\/o-drama-leve-e-tocante-que-voce-nao-sabia-que-precisava-ver\/"]}]},{"@type":"ImageObject","inLanguage":"pt-BR","@id":"https:\/\/www.correiobraziliense.com.br\/cbradar\/o-drama-leve-e-tocante-que-voce-nao-sabia-que-precisava-ver\/#primaryimage","url":"https:\/\/www.correiobraziliense.com.br\/cbradar\/wp-content\/uploads\/2025\/04\/O-pior-vizinho-do-mundo-2.png","contentUrl":"https:\/\/www.correiobraziliense.com.br\/cbradar\/wp-content\/uploads\/2025\/04\/O-pior-vizinho-do-mundo-2.png","width":1280,"height":720,"caption":"O pior vizinho do mundo. Fonte: divulga\u00e7\u00e3o \/ Sony Pictures"},{"@type":"BreadcrumbList","@id":"https:\/\/www.correiobraziliense.com.br\/cbradar\/o-drama-leve-e-tocante-que-voce-nao-sabia-que-precisava-ver\/#breadcrumb","itemListElement":[{"@type":"ListItem","position":1,"name":"In\u00edcio","item":"https:\/\/www.correiobraziliense.com.br\/cbradar\/"},{"@type":"ListItem","position":2,"name":"O drama leve e tocante que voc\u00ea n\u00e3o sabia que precisava ver"}]},{"@type":"WebSite","@id":"https:\/\/www.correiobraziliense.com.br\/cbradar\/#website","url":"https:\/\/www.correiobraziliense.com.br\/cbradar\/","name":"Correio Braziliense - Radar","description":"Acompanhe as \u00faltimas not\u00edcias e fique bem informado sobre tudo o que acontece no Brasil e no mundo.","potentialAction":[{"@type":"SearchAction","target":{"@type":"EntryPoint","urlTemplate":"https:\/\/www.correiobraziliense.com.br\/cbradar\/?s={search_term_string}"},"query-input":{"@type":"PropertyValueSpecification","valueRequired":true,"valueName":"search_term_string"}}],"inLanguage":"pt-BR"},{"@type":"Person","@id":"https:\/\/www.correiobraziliense.com.br\/cbradar\/#\/schema\/person\/58422787644df994b53a19d3e56c1513","name":"Larissa Carvalho","image":{"@type":"ImageObject","inLanguage":"pt-BR","@id":"https:\/\/www.correiobraziliense.com.br\/cbradar\/#\/schema\/person\/image\/","url":"https:\/\/secure.gravatar.com\/avatar\/fe4f91a0de32b52a838d0d612abdc1aa?s=96&d=mm&r=g","contentUrl":"https:\/\/secure.gravatar.com\/avatar\/fe4f91a0de32b52a838d0d612abdc1aa?s=96&d=mm&r=g","caption":"Larissa Carvalho"},"url":"https:\/\/www.correiobraziliense.com.br\/cbradar\/author\/larissamyth\/"}]}},"_links":{"self":[{"href":"https:\/\/www.correiobraziliense.com.br\/cbradar\/wp-json\/wp\/v2\/posts\/28008","targetHints":{"allow":["GET"]}}],"collection":[{"href":"https:\/\/www.correiobraziliense.com.br\/cbradar\/wp-json\/wp\/v2\/posts"}],"about":[{"href":"https:\/\/www.correiobraziliense.com.br\/cbradar\/wp-json\/wp\/v2\/types\/post"}],"author":[{"embeddable":true,"href":"https:\/\/www.correiobraziliense.com.br\/cbradar\/wp-json\/wp\/v2\/users\/3"}],"replies":[{"embeddable":true,"href":"https:\/\/www.correiobraziliense.com.br\/cbradar\/wp-json\/wp\/v2\/comments?post=28008"}],"version-history":[{"count":2,"href":"https:\/\/www.correiobraziliense.com.br\/cbradar\/wp-json\/wp\/v2\/posts\/28008\/revisions"}],"predecessor-version":[{"id":28591,"href":"https:\/\/www.correiobraziliense.com.br\/cbradar\/wp-json\/wp\/v2\/posts\/28008\/revisions\/28591"}],"wp:featuredmedia":[{"embeddable":true,"href":"https:\/\/www.correiobraziliense.com.br\/cbradar\/wp-json\/wp\/v2\/media\/28010"}],"wp:attachment":[{"href":"https:\/\/www.correiobraziliense.com.br\/cbradar\/wp-json\/wp\/v2\/media?parent=28008"}],"wp:term":[{"taxonomy":"category","embeddable":true,"href":"https:\/\/www.correiobraziliense.com.br\/cbradar\/wp-json\/wp\/v2\/categories?post=28008"},{"taxonomy":"post_tag","embeddable":true,"href":"https:\/\/www.correiobraziliense.com.br\/cbradar\/wp-json\/wp\/v2\/post_tag?post=28008"}],"curies":[{"name":"wp","href":"https:\/\/api.w.org\/{rel}","templated":true}]}}