{"id":28111,"date":"2025-04-25T21:50:00","date_gmt":"2025-04-26T00:50:00","guid":{"rendered":"https:\/\/www.correiobraziliense.com.br\/cbradar\/?p=28111"},"modified":"2025-04-25T03:02:53","modified_gmt":"2025-04-25T06:02:53","slug":"veja-a-cidade-do-topo-do-ranking-de-melhor-para-se-viver-no-brasil","status":"publish","type":"post","link":"https:\/\/www.correiobraziliense.com.br\/cbradar\/veja-a-cidade-do-topo-do-ranking-de-melhor-para-se-viver-no-brasil\/","title":{"rendered":"Veja a cidade do topo do ranking de melhor para se viver no Brasil"},"content":{"rendered":"\n<p>Localizada no interior do estado de <strong>S\u00e3o Paulo<\/strong>, <a href=\"https:\/\/www.gaviaopeixoto.wls.com.br\/\" target=\"_blank\" rel=\"noreferrer noopener\"><strong>Gavi\u00e3o Peixoto<\/strong> <\/a>\u00e9 uma cidade que encanta seus habitantes e visitantes com sua beleza natural e qualidade de vida. Com uma popula\u00e7\u00e3o acolhedora e um clima tranquilo, este munic\u00edpio \u00e9 um exemplo de como o interior pode proporcionar o equil\u00edbrio perfeito entre vida urbana e rural. Em meio a um cen\u00e1rio de crescimento, <strong>Gavi\u00e3o Peixoto<\/strong> se destaca como um lugar que oferece qualidade de vida, boas op\u00e7\u00f5es educacionais e um turismo que se mistura com a natureza e a cultura local.<\/p>\n\n\n\n<h2 class=\"wp-block-heading\">Gavi\u00e3o Peixoto \u00e9 a melhor cidade para se viver no Brasil?<\/h2>\n\n\n\n<p>Sim, <strong>Gavi\u00e3o Peixoto <\/strong>\u00e9 considerada a melhor cidade para se viver no <strong><a href=\"https:\/\/www.correiobraziliense.com.br\/cbradar\/cidade-tranquila-e-com-qualidade-de-vida-para-se-viver-no-brasil\/\" target=\"_blank\" rel=\"noreferrer noopener\">Brasil<\/a><\/strong>, conforme o<strong> \u00cdndice de Progresso Social (IPS) <\/strong>de 2024. Com uma popula\u00e7\u00e3o de aproximadamente<strong> 4.700 habitantes<\/strong>, o munic\u00edpio paulista obteve uma pontua\u00e7\u00e3o de <strong>74,49,<\/strong> superando outras cidades como <strong>Bras\u00edlia <\/strong>e <strong>S\u00e3o Carlos.<\/strong><\/p>\n\n\n\n<blockquote class=\"tiktok-embed\" cite=\"https:\/\/www.tiktok.com\/@cidadesofc\/video\/7394958906683854085\" data-video-id=\"7394958906683854085\" style=\"max-width: 605px;min-width: 325px;\" > <section> <a target=\"_blank\" title=\"@cidadesofc\" href=\"https:\/\/www.tiktok.com\/@cidadesofc?refer=embed\">@cidadesofc<\/a> Gavi\u00e3o Peixoto, a melhor cidade do Brasil em qualidade de vida segundo o IPS. <a title=\"saopaulo\" target=\"_blank\" href=\"https:\/\/www.tiktok.com\/tag\/saopaulo?refer=embed\">#saopaulo<\/a> <a title=\"gaviaopeixoto\" target=\"_blank\" href=\"https:\/\/www.tiktok.com\/tag\/gaviaopeixoto?refer=embed\">#gaviaopeixoto<\/a> <a title=\"campinas\" target=\"_blank\" href=\"https:\/\/www.tiktok.com\/tag\/campinas?refer=embed\">#campinas<\/a> <a title=\"jundiai\" target=\"_blank\" href=\"https:\/\/www.tiktok.com\/tag\/jundiai?refer=embed\">#jundiai<\/a> <a title=\"guarulhos\" target=\"_blank\" href=\"https:\/\/www.tiktok.com\/tag\/guarulhos?refer=embed\">#guarulhos<\/a> <a title=\"embraer\" target=\"_blank\" href=\"https:\/\/www.tiktok.com\/tag\/embraer?refer=embed\">#embraer<\/a> <a target=\"_blank\" title=\"\u266c KEHLANI - Jordan Adetunji\" href=\"https:\/\/www.tiktok.com\/music\/KEHLANI-7370420816004679696?refer=embed\">\u266c KEHLANI &#8211; Jordan Adetunji<\/a> <\/section> <\/blockquote> <script async src=\"https:\/\/www.tiktok.com\/embed.js\"><\/script>\n\n\n\n<h2 class=\"wp-block-heading\">O que destaca Gavi\u00e3o Peixoto?<\/h2>\n\n\n\n<ul class=\"wp-block-list\">\n<li><strong>\u00cdndice de Progresso Social (IPS):<\/strong> A cidade alcan\u00e7ou uma pontua\u00e7\u00e3o geral de 74,49, destacando-se em \u00e1reas como moradia, educa\u00e7\u00e3o e saneamento b\u00e1sico.<\/li>\n\n\n\n<li><strong>Educa\u00e7\u00e3o:<\/strong> Praticamente todos os jovens entre 6 e 14 anos est\u00e3o matriculados na escola, com acesso tamb\u00e9m ao ensino superior.<\/li>\n\n\n\n<li><strong>Infraestrutura:<\/strong> A cidade possui um dos maiores aer\u00f3dromos do mundo, com uma pista de 4.967 metros, facilitando opera\u00e7\u00f5es a\u00e9reas de grande porte.<\/li>\n\n\n\n<li><strong>Economia:<\/strong> A presen\u00e7a da <strong>Embraer <\/strong>desde 2001 impulsionou a economia local, gerando empregos e desenvolvimento tecnol\u00f3gico<a href=\"https:\/\/terrabrasilnoticias.com\/2024\/11\/esta-e-a-cidade-com-a-melhor-qualidade-de-vida-do-brasil-veja-por-que\/?utm_source=chatgpt.com\" target=\"_blank\" rel=\"noreferrer noopener\">.<\/a><\/li>\n\n\n\n<li><strong>Qualidade de Vida:<\/strong> Com uma m\u00e9dia salarial de R$ 6.279,20, a cidade apresenta uma das melhores condi\u00e7\u00f5es de vida do estado de<strong> S\u00e3o Paulo.<\/strong><\/li>\n<\/ul>\n\n\n\n<h2 class=\"wp-block-heading\">Educa\u00e7\u00e3o de qualidade<\/h2>\n\n\n\n<p>A educa\u00e7\u00e3o em <strong>Gavi\u00e3o Peixoto<\/strong> \u00e9 um ponto de destaque. Com escolas municipais bem estruturadas e professores dedicados, a cidade vem investindo constantemente em sua rede educacional. Al\u00e9m disso, a proximidade com universidades e centros de ensino t\u00e9cnico da regi\u00e3o permite que os jovens da cidade possam acessar uma educa\u00e7\u00e3o de qualidade sem precisar se deslocar muito longe de casa. <strong>Gavi\u00e3o Peixoto<\/strong> se orgulha de seus alunos e do impacto positivo que a educa\u00e7\u00e3o tem na comunidade local.<\/p>\n\n\n\n<h2 class=\"wp-block-heading\">Turismo e o charme da natureza<\/h2>\n\n\n\n<p><strong>Gavi\u00e3o Peixoto<\/strong> \u00e9 um destino para quem deseja conhecer o interior paulista de uma forma aut\u00eantica e relaxante. O turismo na cidade \u00e9 marcado pela tranquilidade das suas paisagens naturais, que incluem \u00e1reas de mata, rios e pequenas cachoeiras. Para os amantes do ecoturismo, a cidade oferece diversas trilhas e passeios que permitem uma imers\u00e3o completa na natureza. Al\u00e9m disso, o munic\u00edpio conta com festivais e eventos culturais que refor\u00e7am a identidade local, fazendo de <strong>Gavi\u00e3o Peixoto<\/strong> um lugar perfeito para quem quer viver novas experi\u00eancias.<\/p>\n\n\n\n<h2 class=\"wp-block-heading\">A Infraestrutura de Gavi\u00e3o Peixoto: desenvolvimento e sustentabilidade<\/h2>\n\n\n\n<p>O munic\u00edpio tem se esfor\u00e7ado para oferecer uma infraestrutura de qualidade que atenda \u00e0s necessidades dos seus moradores. Com investimentos em sa\u00fade, seguran\u00e7a e transporte, <strong>Gavi\u00e3o Peixoto<\/strong> vem se modernizando sem perder a ess\u00eancia rural. Al\u00e9m disso, a cidade tem adotado pr\u00e1ticas sustent\u00e1veis, incentivando o cultivo de alimentos org\u00e2nicos e a preserva\u00e7\u00e3o do meio ambiente, o que tem atra\u00eddo cada vez mais pessoas em busca de um estilo de vida mais consciente e saud\u00e1vel.<\/p>\n\n\n\n<h2 class=\"wp-block-heading\">Conhe\u00e7a a cultura em Gavi\u00e3o Peixoto<\/h2>\n\n\n\n<p>A cultura em <strong>Gavi\u00e3o Peixoto<\/strong> \u00e9 um reflexo de sua hist\u00f3ria e do carinho com que os moradores preservam suas tradi\u00e7\u00f5es. Festas populares, como a Festa do Pe\u00e3o e celebra\u00e7\u00f5es religiosas, s\u00e3o momentos marcantes no calend\u00e1rio da cidade. O lazer \u00e9 outro aspecto que encanta os moradores e visitantes, com op\u00e7\u00f5es que v\u00e3o desde pequenas pra\u00e7as e centros culturais at\u00e9 eventos que re\u00fanem toda a popula\u00e7\u00e3o. \u00c9 imposs\u00edvel n\u00e3o se encantar pelo calor humano e pela diversidade cultural que permeia a cidade.<\/p>\n\n\n\n<h2 class=\"wp-block-heading\">Vale a pena morar em Gavi\u00e3o Peixoto?<\/h2>\n\n\n\n<p>Se voc\u00ea busca um lugar tranquilo para viver, com qualidade de vida, acesso \u00e0 natureza e uma comunidade acolhedora, <strong>Gavi\u00e3o Peixoto<\/strong> \u00e9 definitivamente uma excelente op\u00e7\u00e3o. A cidade alia a paz do interior com um ambiente que favorece o bem-estar, oferecendo aos seus habitantes tudo o que precisam para uma vida tranquila e satisfat\u00f3ria.<\/p>\n\n\n\n<h2 class=\"wp-block-heading\">Vale a pena visitar Gavi\u00e3o Peixoto?<\/h2>\n\n\n\n<p>Com suas belezas naturais, cultura rica e hospitalidade calorosa, <strong>Gavi\u00e3o Peixoto<\/strong> \u00e9 um destino imperd\u00edvel para quem deseja explorar o interior paulista de uma maneira \u00fanica. Se voc\u00ea est\u00e1 em busca de um lugar calmo e repleto de experi\u00eancias aut\u00eanticas, a cidade tem muito a oferecer, tanto para quem deseja passar apenas um dia quanto para aqueles que querem se aprofundar na viv\u00eancia local.<\/p>\n","protected":false},"excerpt":{"rendered":"<p>Localizada no interior do estado de S\u00e3o Paulo, Gavi\u00e3o Peixoto \u00e9 uma cidade que encanta seus habitantes e visitantes com sua beleza natural e qualidade de vida. Com uma popula\u00e7\u00e3o acolhedora e um clima tranquilo, este munic\u00edpio \u00e9 um exemplo de como o interior pode proporcionar o equil\u00edbrio perfeito entre vida urbana e rural. Em [&hellip;]<\/p>\n","protected":false},"author":8,"featured_media":0,"comment_status":"open","ping_status":"open","sticky":false,"template":"","format":"standard","meta":{"jnews-multi-image_gallery":[],"jnews_single_post":{"format":"standard"},"jnews_primary_category":[],"jnews_social_meta":[],"jnews_override_counter":[],"footnotes":""},"categories":[108],"tags":[225,277,278],"class_list":["post-28111","post","type-post","status-publish","format-standard","hentry","category-cidades","tag-brasil","tag-gaviao-peixoto","tag-sao-paulo"],"yoast_head":"<!-- This site is optimized with the Yoast SEO plugin v24.6 - https:\/\/yoast.com\/wordpress\/plugins\/seo\/ -->\n<title>Veja a cidade do topo do ranking de melhor para se viver no Brasil - Correio Braziliense - Radar<\/title>\n<meta name=\"description\" content=\"A cidade que lidera o ranking de qualidade de vida no Brasil \u00e9 um destino perfeito para quem busca bem-estar. Saiba por que ela \u00e9 \u00fanica.\" \/>\n<meta name=\"robots\" content=\"index, follow, max-snippet:-1, max-image-preview:large, max-video-preview:-1\" \/>\n<link rel=\"canonical\" href=\"https:\/\/www.correiobraziliense.com.br\/cbradar\/veja-a-cidade-do-topo-do-ranking-de-melhor-para-se-viver-no-brasil\/\" \/>\n<meta property=\"og:locale\" content=\"pt_BR\" \/>\n<meta property=\"og:type\" content=\"article\" \/>\n<meta property=\"og:title\" content=\"Veja a cidade do topo do ranking de melhor para se viver no Brasil - Correio Braziliense - Radar\" \/>\n<meta property=\"og:description\" content=\"A cidade que lidera o ranking de qualidade de vida no Brasil \u00e9 um destino perfeito para quem busca bem-estar. Saiba por que ela \u00e9 \u00fanica.\" \/>\n<meta property=\"og:url\" content=\"https:\/\/www.correiobraziliense.com.br\/cbradar\/veja-a-cidade-do-topo-do-ranking-de-melhor-para-se-viver-no-brasil\/\" \/>\n<meta property=\"og:site_name\" content=\"Correio Braziliense - Radar\" \/>\n<meta property=\"article:published_time\" content=\"2025-04-26T00:50:00+00:00\" \/>\n<meta property=\"og:image\" content=\"https:\/\/www.correiobraziliense.com.br\/cbradar\/wp-content\/uploads\/2025\/04\/Edicoes-14-1.png\" \/>\n\t<meta property=\"og:image:width\" content=\"1280\" \/>\n\t<meta property=\"og:image:height\" content=\"720\" \/>\n\t<meta property=\"og:image:type\" content=\"image\/png\" \/>\n<meta name=\"author\" content=\"Maura Pereira\" \/>\n<meta name=\"twitter:card\" content=\"summary_large_image\" \/>\n<meta name=\"twitter:label1\" content=\"Escrito por\" \/>\n\t<meta name=\"twitter:data1\" content=\"Maura Pereira\" \/>\n\t<meta name=\"twitter:label2\" content=\"Est. tempo de leitura\" \/>\n\t<meta name=\"twitter:data2\" content=\"5 minutos\" \/>\n<!-- \/ Yoast SEO plugin. -->","yoast_head_json":{"title":"Veja a cidade do topo do ranking de melhor para se viver no Brasil - Correio Braziliense - Radar","description":"A cidade que lidera o ranking de qualidade de vida no Brasil \u00e9 um destino perfeito para quem busca bem-estar. Saiba por que ela \u00e9 \u00fanica.","robots":{"index":"index","follow":"follow","max-snippet":"max-snippet:-1","max-image-preview":"max-image-preview:large","max-video-preview":"max-video-preview:-1"},"canonical":"https:\/\/www.correiobraziliense.com.br\/cbradar\/veja-a-cidade-do-topo-do-ranking-de-melhor-para-se-viver-no-brasil\/","og_locale":"pt_BR","og_type":"article","og_title":"Veja a cidade do topo do ranking de melhor para se viver no Brasil - Correio Braziliense - Radar","og_description":"A cidade que lidera o ranking de qualidade de vida no Brasil \u00e9 um destino perfeito para quem busca bem-estar. Saiba por que ela \u00e9 \u00fanica.","og_url":"https:\/\/www.correiobraziliense.com.br\/cbradar\/veja-a-cidade-do-topo-do-ranking-de-melhor-para-se-viver-no-brasil\/","og_site_name":"Correio Braziliense - Radar","article_published_time":"2025-04-26T00:50:00+00:00","og_image":[{"width":1280,"height":720,"url":"https:\/\/www.correiobraziliense.com.br\/cbradar\/wp-content\/uploads\/2025\/04\/Edicoes-14-1.png","type":"image\/png"}],"author":"Maura Pereira","twitter_card":"summary_large_image","twitter_misc":{"Escrito por":"Maura Pereira","Est. tempo de leitura":"5 minutos"},"schema":{"@context":"https:\/\/schema.org","@graph":[{"@type":"WebPage","@id":"https:\/\/www.correiobraziliense.com.br\/cbradar\/veja-a-cidade-do-topo-do-ranking-de-melhor-para-se-viver-no-brasil\/","url":"https:\/\/www.correiobraziliense.com.br\/cbradar\/veja-a-cidade-do-topo-do-ranking-de-melhor-para-se-viver-no-brasil\/","name":"Veja a cidade do topo do ranking de melhor para se viver no Brasil - Correio Braziliense - Radar","isPartOf":{"@id":"https:\/\/www.correiobraziliense.com.br\/cbradar\/#website"},"datePublished":"2025-04-26T00:50:00+00:00","author":{"@id":"https:\/\/www.correiobraziliense.com.br\/cbradar\/#\/schema\/person\/4053c651a9bfc785afc6f4cbc9032fd3"},"description":"A cidade que lidera o ranking de qualidade de vida no Brasil \u00e9 um destino perfeito para quem busca bem-estar. Saiba por que ela \u00e9 \u00fanica.","breadcrumb":{"@id":"https:\/\/www.correiobraziliense.com.br\/cbradar\/veja-a-cidade-do-topo-do-ranking-de-melhor-para-se-viver-no-brasil\/#breadcrumb"},"inLanguage":"pt-BR","potentialAction":[{"@type":"ReadAction","target":["https:\/\/www.correiobraziliense.com.br\/cbradar\/veja-a-cidade-do-topo-do-ranking-de-melhor-para-se-viver-no-brasil\/"]}]},{"@type":"BreadcrumbList","@id":"https:\/\/www.correiobraziliense.com.br\/cbradar\/veja-a-cidade-do-topo-do-ranking-de-melhor-para-se-viver-no-brasil\/#breadcrumb","itemListElement":[{"@type":"ListItem","position":1,"name":"In\u00edcio","item":"https:\/\/www.correiobraziliense.com.br\/cbradar\/"},{"@type":"ListItem","position":2,"name":"Veja a cidade do topo do ranking de melhor para se viver no Brasil"}]},{"@type":"WebSite","@id":"https:\/\/www.correiobraziliense.com.br\/cbradar\/#website","url":"https:\/\/www.correiobraziliense.com.br\/cbradar\/","name":"Correio Braziliense - Radar","description":"Acompanhe as \u00faltimas not\u00edcias e fique bem informado sobre tudo o que acontece no Brasil e no mundo.","potentialAction":[{"@type":"SearchAction","target":{"@type":"EntryPoint","urlTemplate":"https:\/\/www.correiobraziliense.com.br\/cbradar\/?s={search_term_string}"},"query-input":{"@type":"PropertyValueSpecification","valueRequired":true,"valueName":"search_term_string"}}],"inLanguage":"pt-BR"},{"@type":"Person","@id":"https:\/\/www.correiobraziliense.com.br\/cbradar\/#\/schema\/person\/4053c651a9bfc785afc6f4cbc9032fd3","name":"Maura Pereira","image":{"@type":"ImageObject","inLanguage":"pt-BR","@id":"https:\/\/www.correiobraziliense.com.br\/cbradar\/#\/schema\/person\/image\/","url":"https:\/\/secure.gravatar.com\/avatar\/3effd6bdadfa447f15089c7f7144eaa6?s=96&d=mm&r=g","contentUrl":"https:\/\/secure.gravatar.com\/avatar\/3effd6bdadfa447f15089c7f7144eaa6?s=96&d=mm&r=g","caption":"Maura Pereira"},"sameAs":["https:\/\/www.correiobraziliense.com.br\/"],"url":"https:\/\/www.correiobraziliense.com.br\/cbradar\/author\/mauramyth\/"}]}},"_links":{"self":[{"href":"https:\/\/www.correiobraziliense.com.br\/cbradar\/wp-json\/wp\/v2\/posts\/28111","targetHints":{"allow":["GET"]}}],"collection":[{"href":"https:\/\/www.correiobraziliense.com.br\/cbradar\/wp-json\/wp\/v2\/posts"}],"about":[{"href":"https:\/\/www.correiobraziliense.com.br\/cbradar\/wp-json\/wp\/v2\/types\/post"}],"author":[{"embeddable":true,"href":"https:\/\/www.correiobraziliense.com.br\/cbradar\/wp-json\/wp\/v2\/users\/8"}],"replies":[{"embeddable":true,"href":"https:\/\/www.correiobraziliense.com.br\/cbradar\/wp-json\/wp\/v2\/comments?post=28111"}],"version-history":[{"count":13,"href":"https:\/\/www.correiobraziliense.com.br\/cbradar\/wp-json\/wp\/v2\/posts\/28111\/revisions"}],"predecessor-version":[{"id":28145,"href":"https:\/\/www.correiobraziliense.com.br\/cbradar\/wp-json\/wp\/v2\/posts\/28111\/revisions\/28145"}],"wp:attachment":[{"href":"https:\/\/www.correiobraziliense.com.br\/cbradar\/wp-json\/wp\/v2\/media?parent=28111"}],"wp:term":[{"taxonomy":"category","embeddable":true,"href":"https:\/\/www.correiobraziliense.com.br\/cbradar\/wp-json\/wp\/v2\/categories?post=28111"},{"taxonomy":"post_tag","embeddable":true,"href":"https:\/\/www.correiobraziliense.com.br\/cbradar\/wp-json\/wp\/v2\/tags?post=28111"}],"curies":[{"name":"wp","href":"https:\/\/api.w.org\/{rel}","templated":true}]}}