{"id":28148,"date":"2025-04-26T13:50:00","date_gmt":"2025-04-26T16:50:00","guid":{"rendered":"https:\/\/www.correiobraziliense.com.br\/cbradar\/?p=28148"},"modified":"2025-07-02T11:40:33","modified_gmt":"2025-07-02T14:40:33","slug":"a-franquia-de-splinter-cell-vai-ganhar-serie-na-netflix-confira-trailer","status":"publish","type":"post","link":"https:\/\/www.correiobraziliense.com.br\/cbradar\/a-franquia-de-splinter-cell-vai-ganhar-serie-na-netflix-confira-trailer\/","title":{"rendered":"A franquia de Splinter Cell vai ganhar s\u00e9rie na Netflix; confira trailer!"},"content":{"rendered":"\n<p>A\u00a0<strong>Netflix<\/strong>\u00a0finalmente vai dar vida ao mundo de<a href=\"https:\/\/www.imdb.com\/pt\/title\/tt12809802\/\" target=\"_blank\" rel=\"noreferrer noopener\">\u00a0<strong>Splinter Cell<\/strong><\/a>\u00a0atrav\u00e9s da s\u00e9rie animada\u00a0<strong>Deathwatch<\/strong>, que promete chegar \u00e0s telas em outubro de 2025. Depois de anos de espera, os f\u00e3s v\u00e3o poder acompanhar as aventuras de\u00a0<strong>Sam Fisher<\/strong>\u00a0em uma nova plataforma, desta vez com a voz de\u00a0<strong>Liev Schreiber<\/strong>\u00a0dando vida ao ic\u00f4nico agente secreto. A produ\u00e7\u00e3o j\u00e1 gerou muito burburinho entre os gamers que acompanham a <a href=\"https:\/\/www.correiobraziliense.com.br\/cbradar\/documentario-sobre-vinicius-junior-na-netflix-ganha-trailer-e-data-de-estreia\/\" target=\"_blank\" rel=\"noreferrer noopener\">franquia<\/a> desde 2002.<\/p>\n\n\n\n<p>A s\u00e9rie marca o retorno oficial do personagem ap\u00f3s 11 anos sem novos jogos da franquia principal. O \u00faltimo t\u00edtulo,&nbsp;<strong>Splinter Cell: Blacklist<\/strong>, foi lan\u00e7ado em 2013, deixando uma lacuna gigante no cora\u00e7\u00e3o dos f\u00e3s. Agora, a&nbsp;<strong>Ubisoft Film &amp; Television<\/strong>&nbsp;se juntou aos est\u00fadios&nbsp;<strong>\u00c6sten<\/strong>,&nbsp;<strong>Fost<\/strong>&nbsp;e&nbsp;<strong>Sun Creature<\/strong>&nbsp;para criar uma anima\u00e7\u00e3o que promete capturar toda a ess\u00eancia do que fez os jogos serem t\u00e3o especiais.<\/p>\n\n\n\n<h2 class=\"wp-block-heading\">Como a Netflix pretende honrar o legado dos jogos?<\/h2>\n\n\n\n<p>A produ\u00e7\u00e3o est\u00e1 nas m\u00e3os de&nbsp;<strong>Derek Kolstad<\/strong>, o roteirista por tr\u00e1s da franquia&nbsp;<strong>John Wick<\/strong>, garantindo que as cenas de a\u00e7\u00e3o tenham aquela intensidade cinematogr\u00e1fica que os f\u00e3s adoram. Os diretores&nbsp;<strong>Guillaume Dousse<\/strong>&nbsp;e&nbsp;<strong>F\u00e9licien Colmet-Daage<\/strong>&nbsp;explicaram que a s\u00e9rie busca uma abordagem visual inspirada em &#8220;<strong>Michael Mann<\/strong>&nbsp;encontra&nbsp;<strong>Satoshi Kon<\/strong>&#8220;, misturando realismo com elementos visuais marcantes.<\/p>\n\n\n\n<p>O projeto come\u00e7ou em 2020 com o objetivo claro de atrair n\u00e3o apenas os f\u00e3s dos jogos, mas tamb\u00e9m um p\u00fablico mais amplo interessado em thrillers de espionagem.&nbsp;<strong>Hugo Revon<\/strong>, da&nbsp;<strong>Ubisoft<\/strong>, enfatizou que o universo&nbsp;<strong>Splinter Cell<\/strong>&nbsp;sempre foi &#8220;profundamente enraizado no realismo&#8221;, e essa caracter\u00edstica ser\u00e1 mantida na adapta\u00e7\u00e3o. A s\u00e9rie promete explorar temas geopol\u00edticos atuais enquanto mant\u00e9m aquela atmosfera tensa de infiltra\u00e7\u00e3o que define a franquia.<\/p>\n\n\n\n<h2 class=\"wp-block-heading\">Qual ser\u00e1 o diferencial desta adapta\u00e7\u00e3o animada?<\/h2>\n\n\n\n<p><strong>Deathwatch<\/strong>&nbsp;n\u00e3o ser\u00e1 apenas mais uma adapta\u00e7\u00e3o superficial de um jogo famoso. A s\u00e9rie est\u00e1 sendo desenvolvida como um thriller adulto que visa conquistar tanto os veteranos da franquia quanto novos espectadores. A trilha sonora ficar\u00e1 por conta da dupla&nbsp;<strong>Danny Bensi<\/strong>&nbsp;e&nbsp;<strong>Saunder Jurriaans<\/strong>, conhecida pelos trabalhos em&nbsp;<strong>Tokyo Vice<\/strong>&nbsp;e&nbsp;<strong>Enemy<\/strong>, prometendo uma atmosfera sonora de tirar o f\u00f4lego.<\/p>\n\n\n\n<p>A anima\u00e7\u00e3o ter\u00e1 um&nbsp;<strong>Sam Fisher<\/strong>&nbsp;mais velho e experiente, refletindo a passagem do tempo desde os primeiros jogos.&nbsp;<strong>Liev Schreiber<\/strong>&nbsp;assume o papel que por anos foi de&nbsp;<strong>Michael Ironside<\/strong>, trazendo uma nova interpreta\u00e7\u00e3o para o personagem. O teaser j\u00e1 mostrou elementos ic\u00f4nicos como os \u00f3culos de vis\u00e3o noturna e aquela narra\u00e7\u00e3o caracter\u00edstica do agente se movendo nas sombras.<\/p>\n\n\n\n<h2 class=\"wp-block-heading\">Por que Liev Schreiber foi escolhido para dublar Sam Fisher?<\/h2>\n\n\n\n<p>A escolha de&nbsp;<strong>Schreiber<\/strong>&nbsp;n\u00e3o foi por acaso. O ator j\u00e1 tem experi\u00eancia com o universo de&nbsp;<strong>Tom Clancy<\/strong>, tendo interpretado&nbsp;<strong>John Clark<\/strong>&nbsp;no filme&nbsp;<strong>A Soma de Todos os Medos<\/strong>&nbsp;em 2002. Sua voz grave e experi\u00eancia em pap\u00e9is dram\u00e1ticos intensos fazem dele a escolha perfeita para dar vida a um&nbsp;<strong>Sam Fisher<\/strong>&nbsp;maduro e veterano.<\/p>\n\n\n\n<p><strong>Michael Ironside<\/strong>, que dublou o personagem nos primeiros jogos, n\u00e3o conseguiu retornar devido a problemas de sa\u00fade que enfrentou nos \u00faltimos anos. Ironside inclusive foi quem revelou que&nbsp;<strong>Schreiber<\/strong>&nbsp;seria seu substituto, em uma entrevista casual que acabou vazando a informa\u00e7\u00e3o antes do an\u00fancio oficial da&nbsp;<strong>Netflix<\/strong>. A mudan\u00e7a representa uma nova era para o personagem, mantendo sua ess\u00eancia mas trazendo um frescor necess\u00e1rio.<\/p>\n\n\n\n<h2 class=\"wp-block-heading\">Quando poderemos assistir e o que esperar da hist\u00f3ria?<\/h2>\n\n\n\n<figure class=\"wp-block-embed aligncenter is-type-video is-provider-youtube wp-block-embed-youtube wp-embed-aspect-16-9 wp-has-aspect-ratio\"><div class=\"wp-block-embed__wrapper\">\n<div class=\"jeg_video_container jeg_video_content\"><iframe loading=\"lazy\" title=\"Splinter Cell: Deathwatch | Official Announcement | Geeked Week &#039;24 | Netflix\" width=\"500\" height=\"281\" src=\"https:\/\/www.youtube.com\/embed\/gdVrikMkoNY?feature=oembed\" frameborder=\"0\" allow=\"accelerometer; autoplay; clipboard-write; encrypted-media; gyroscope; picture-in-picture; web-share\" referrerpolicy=\"strict-origin-when-cross-origin\" allowfullscreen><\/iframe><\/div>\n<\/div><\/figure>\n\n\n\n<p>A s\u00e9rie tem previs\u00e3o de estreia para outubro de 2025, com um novo trailer prometido para julho deste ano. O primeiro teaser j\u00e1 deu algumas pistas sobre a narrativa, mostrando cenas misteriosas como \u00f3culos afundando na \u00e1gua e flores sendo colocadas no caix\u00e3o de&nbsp;<strong>Douglas Shetland<\/strong>, sugerindo que elementos dos jogos anteriores ser\u00e3o retomados.<\/p>\n\n\n\n<p><strong>Sam Fisher<\/strong>&nbsp;continuar\u00e1 trabalhando para a&nbsp;<strong>Quarta Echelon<\/strong>, a divis\u00e3o governamental ultra-secreta especializada em opera\u00e7\u00f5es antiterrorismo. A s\u00e9rie promete explorar a complexidade das miss\u00f5es modernas de espionagem, abordando temas como guerra h\u00edbrida e vigil\u00e2ncia digital que s\u00e3o extremamente relevantes nos dias atuais.<\/p>\n\n\n\n<h2 class=\"wp-block-heading\">O que o futuro reserva para a franquia Splinter Cell?<\/h2>\n\n\n\n<p><strong>Deathwatch<\/strong>&nbsp;pode ser o pontap\u00e9 inicial para um ressurgimento completo da franquia&nbsp;<strong>Splinter Cell<\/strong>. Embora n\u00e3o haja confirma\u00e7\u00e3o oficial, especula-se que o sucesso da s\u00e9rie pode influenciar a&nbsp;<strong>Ubisoft<\/strong>&nbsp;a retomar o desenvolvimento de novos jogos. A empresa tem apenas rumores sobre remakes e novos t\u00edtulos, mas nada concreto foi anunciado at\u00e9 agora.<\/p>\n\n\n\n<p>A s\u00e9rie tamb\u00e9m abre precedente para mais adapta\u00e7\u00f5es de jogos da&nbsp;<strong>Ubisoft<\/strong>&nbsp;na&nbsp;<strong>Netflix<\/strong>. O sucesso das recentes adapta\u00e7\u00f5es de games para o streaming, como&nbsp;<strong>The Last of Us<\/strong>&nbsp;e&nbsp;<strong>Fallout<\/strong>, mostra que existe um mercado sedento por esse tipo de conte\u00fado. Se&nbsp;<strong>Deathwatch<\/strong>&nbsp;conseguir capturar a magia dos jogos originais, pode abrir caminho para uma nova era dourada de adapta\u00e7\u00f5es de videogames para o entretenimento.<\/p>\n","protected":false},"excerpt":{"rendered":"<p>A\u00a0Netflix\u00a0finalmente vai dar vida ao mundo de\u00a0Splinter Cell\u00a0atrav\u00e9s da s\u00e9rie animada\u00a0Deathwatch, que promete chegar \u00e0s telas em outubro de 2025. Depois de anos de espera, os f\u00e3s v\u00e3o poder acompanhar as aventuras de\u00a0Sam Fisher\u00a0em uma nova plataforma, desta vez com a voz de\u00a0Liev Schreiber\u00a0dando vida ao ic\u00f4nico agente secreto. A produ\u00e7\u00e3o j\u00e1 gerou muito burburinho [&hellip;]<\/p>\n","protected":false},"author":8,"featured_media":28183,"comment_status":"open","ping_status":"open","sticky":false,"template":"","format":"standard","meta":{"jnews-multi-image_gallery":[],"jnews_single_post":{"format":"standard"},"jnews_primary_category":[],"jnews_social_meta":[],"jnews_override_counter":[],"footnotes":""},"categories":[140],"post_tag":[163,141,568,3801],"class_list":["post-28148","post","type-post","status-publish","format-standard","has-post-thumbnail","hentry","category-entretenimento","tag-jogos","tag-netflix","tag-series-e-filmes","tag-splinter-cell"],"yoast_head":"<!-- This site is optimized with the Yoast SEO plugin v24.6 - https:\/\/yoast.com\/wordpress\/plugins\/seo\/ -->\n<title>A franquia de Splinter Cell vai ganhar s\u00e9rie na Netflix; confira trailer! - Correio Braziliense - Radar<\/title>\n<meta name=\"description\" content=\"A s\u00e9rie animada de Splinter Cell chegou \u00e0 Netflix. Assista ao trailer e descubra por que esta adapta\u00e7\u00e3o vai conquistar os f\u00e3s de espionagem\" \/>\n<meta name=\"robots\" content=\"index, follow, max-snippet:-1, max-image-preview:large, max-video-preview:-1\" \/>\n<link rel=\"canonical\" href=\"https:\/\/www.correiobraziliense.com.br\/cbradar\/a-franquia-de-splinter-cell-vai-ganhar-serie-na-netflix-confira-trailer\/\" \/>\n<meta property=\"og:locale\" content=\"pt_BR\" \/>\n<meta property=\"og:type\" content=\"article\" \/>\n<meta property=\"og:title\" content=\"A franquia de Splinter Cell vai ganhar s\u00e9rie na Netflix; confira trailer! - Correio Braziliense - Radar\" \/>\n<meta property=\"og:description\" content=\"A s\u00e9rie animada de Splinter Cell chegou \u00e0 Netflix. Assista ao trailer e descubra por que esta adapta\u00e7\u00e3o vai conquistar os f\u00e3s de espionagem\" \/>\n<meta property=\"og:url\" content=\"https:\/\/www.correiobraziliense.com.br\/cbradar\/a-franquia-de-splinter-cell-vai-ganhar-serie-na-netflix-confira-trailer\/\" \/>\n<meta property=\"og:site_name\" content=\"Correio Braziliense - Radar\" \/>\n<meta property=\"article:published_time\" content=\"2025-04-26T16:50:00+00:00\" \/>\n<meta property=\"article:modified_time\" content=\"2025-07-02T14:40:33+00:00\" \/>\n<meta property=\"og:image\" content=\"https:\/\/www.correiobraziliense.com.br\/cbradar\/wp-content\/uploads\/2025\/04\/Edicoes-17-1.png\" \/>\n\t<meta property=\"og:image:width\" content=\"1280\" \/>\n\t<meta property=\"og:image:height\" content=\"720\" \/>\n\t<meta property=\"og:image:type\" content=\"image\/png\" \/>\n<meta name=\"author\" content=\"Maura Pereira\" \/>\n<meta name=\"twitter:card\" content=\"summary_large_image\" \/>\n<meta name=\"twitter:label1\" content=\"Escrito por\" \/>\n\t<meta name=\"twitter:data1\" content=\"Maura Pereira\" \/>\n\t<meta name=\"twitter:label2\" content=\"Est. tempo de leitura\" \/>\n\t<meta name=\"twitter:data2\" content=\"5 minutos\" \/>\n<!-- \/ Yoast SEO plugin. -->","yoast_head_json":{"title":"A franquia de Splinter Cell vai ganhar s\u00e9rie na Netflix; confira trailer! - Correio Braziliense - Radar","description":"A s\u00e9rie animada de Splinter Cell chegou \u00e0 Netflix. Assista ao trailer e descubra por que esta adapta\u00e7\u00e3o vai conquistar os f\u00e3s de espionagem","robots":{"index":"index","follow":"follow","max-snippet":"max-snippet:-1","max-image-preview":"max-image-preview:large","max-video-preview":"max-video-preview:-1"},"canonical":"https:\/\/www.correiobraziliense.com.br\/cbradar\/a-franquia-de-splinter-cell-vai-ganhar-serie-na-netflix-confira-trailer\/","og_locale":"pt_BR","og_type":"article","og_title":"A franquia de Splinter Cell vai ganhar s\u00e9rie na Netflix; confira trailer! - Correio Braziliense - Radar","og_description":"A s\u00e9rie animada de Splinter Cell chegou \u00e0 Netflix. Assista ao trailer e descubra por que esta adapta\u00e7\u00e3o vai conquistar os f\u00e3s de espionagem","og_url":"https:\/\/www.correiobraziliense.com.br\/cbradar\/a-franquia-de-splinter-cell-vai-ganhar-serie-na-netflix-confira-trailer\/","og_site_name":"Correio Braziliense - Radar","article_published_time":"2025-04-26T16:50:00+00:00","article_modified_time":"2025-07-02T14:40:33+00:00","og_image":[{"width":1280,"height":720,"url":"https:\/\/www.correiobraziliense.com.br\/cbradar\/wp-content\/uploads\/2025\/04\/Edicoes-17-1.png","type":"image\/png"}],"author":"Maura Pereira","twitter_card":"summary_large_image","twitter_misc":{"Escrito por":"Maura Pereira","Est. tempo de leitura":"5 minutos"},"schema":{"@context":"https:\/\/schema.org","@graph":[{"@type":"WebPage","@id":"https:\/\/www.correiobraziliense.com.br\/cbradar\/a-franquia-de-splinter-cell-vai-ganhar-serie-na-netflix-confira-trailer\/","url":"https:\/\/www.correiobraziliense.com.br\/cbradar\/a-franquia-de-splinter-cell-vai-ganhar-serie-na-netflix-confira-trailer\/","name":"A franquia de Splinter Cell vai ganhar s\u00e9rie na Netflix; confira trailer! - Correio Braziliense - Radar","isPartOf":{"@id":"https:\/\/www.correiobraziliense.com.br\/cbradar\/#website"},"primaryImageOfPage":{"@id":"https:\/\/www.correiobraziliense.com.br\/cbradar\/a-franquia-de-splinter-cell-vai-ganhar-serie-na-netflix-confira-trailer\/#primaryimage"},"image":{"@id":"https:\/\/www.correiobraziliense.com.br\/cbradar\/a-franquia-de-splinter-cell-vai-ganhar-serie-na-netflix-confira-trailer\/#primaryimage"},"thumbnailUrl":"https:\/\/www.correiobraziliense.com.br\/cbradar\/wp-content\/uploads\/2025\/04\/Edicoes-17-1.png","datePublished":"2025-04-26T16:50:00+00:00","dateModified":"2025-07-02T14:40:33+00:00","author":{"@id":"https:\/\/www.correiobraziliense.com.br\/cbradar\/#\/schema\/person\/4053c651a9bfc785afc6f4cbc9032fd3"},"description":"A s\u00e9rie animada de Splinter Cell chegou \u00e0 Netflix. Assista ao trailer e descubra por que esta adapta\u00e7\u00e3o vai conquistar os f\u00e3s de espionagem","breadcrumb":{"@id":"https:\/\/www.correiobraziliense.com.br\/cbradar\/a-franquia-de-splinter-cell-vai-ganhar-serie-na-netflix-confira-trailer\/#breadcrumb"},"inLanguage":"pt-BR","potentialAction":[{"@type":"ReadAction","target":["https:\/\/www.correiobraziliense.com.br\/cbradar\/a-franquia-de-splinter-cell-vai-ganhar-serie-na-netflix-confira-trailer\/"]}]},{"@type":"ImageObject","inLanguage":"pt-BR","@id":"https:\/\/www.correiobraziliense.com.br\/cbradar\/a-franquia-de-splinter-cell-vai-ganhar-serie-na-netflix-confira-trailer\/#primaryimage","url":"https:\/\/www.correiobraziliense.com.br\/cbradar\/wp-content\/uploads\/2025\/04\/Edicoes-17-1.png","contentUrl":"https:\/\/www.correiobraziliense.com.br\/cbradar\/wp-content\/uploads\/2025\/04\/Edicoes-17-1.png","width":1280,"height":720,"caption":"Splinter Cell \/\/ Reprodu\u00e7\u00e3o: IMDb (Foto\/Divulga\u00e7\u00e3o)"},{"@type":"BreadcrumbList","@id":"https:\/\/www.correiobraziliense.com.br\/cbradar\/a-franquia-de-splinter-cell-vai-ganhar-serie-na-netflix-confira-trailer\/#breadcrumb","itemListElement":[{"@type":"ListItem","position":1,"name":"In\u00edcio","item":"https:\/\/www.correiobraziliense.com.br\/cbradar\/"},{"@type":"ListItem","position":2,"name":"A franquia de Splinter Cell vai ganhar s\u00e9rie na Netflix; confira trailer!"}]},{"@type":"WebSite","@id":"https:\/\/www.correiobraziliense.com.br\/cbradar\/#website","url":"https:\/\/www.correiobraziliense.com.br\/cbradar\/","name":"Correio Braziliense - Radar","description":"Acompanhe as \u00faltimas not\u00edcias e fique bem informado sobre tudo o que acontece no Brasil e no mundo.","potentialAction":[{"@type":"SearchAction","target":{"@type":"EntryPoint","urlTemplate":"https:\/\/www.correiobraziliense.com.br\/cbradar\/?s={search_term_string}"},"query-input":{"@type":"PropertyValueSpecification","valueRequired":true,"valueName":"search_term_string"}}],"inLanguage":"pt-BR"},{"@type":"Person","@id":"https:\/\/www.correiobraziliense.com.br\/cbradar\/#\/schema\/person\/4053c651a9bfc785afc6f4cbc9032fd3","name":"Maura Pereira","image":{"@type":"ImageObject","inLanguage":"pt-BR","@id":"https:\/\/www.correiobraziliense.com.br\/cbradar\/#\/schema\/person\/image\/","url":"https:\/\/secure.gravatar.com\/avatar\/3effd6bdadfa447f15089c7f7144eaa6?s=96&d=mm&r=g","contentUrl":"https:\/\/secure.gravatar.com\/avatar\/3effd6bdadfa447f15089c7f7144eaa6?s=96&d=mm&r=g","caption":"Maura Pereira"},"sameAs":["https:\/\/www.correiobraziliense.com.br\/"],"url":"https:\/\/www.correiobraziliense.com.br\/cbradar\/author\/mauramyth\/"}]}},"_links":{"self":[{"href":"https:\/\/www.correiobraziliense.com.br\/cbradar\/wp-json\/wp\/v2\/posts\/28148","targetHints":{"allow":["GET"]}}],"collection":[{"href":"https:\/\/www.correiobraziliense.com.br\/cbradar\/wp-json\/wp\/v2\/posts"}],"about":[{"href":"https:\/\/www.correiobraziliense.com.br\/cbradar\/wp-json\/wp\/v2\/types\/post"}],"author":[{"embeddable":true,"href":"https:\/\/www.correiobraziliense.com.br\/cbradar\/wp-json\/wp\/v2\/users\/8"}],"replies":[{"embeddable":true,"href":"https:\/\/www.correiobraziliense.com.br\/cbradar\/wp-json\/wp\/v2\/comments?post=28148"}],"version-history":[{"count":8,"href":"https:\/\/www.correiobraziliense.com.br\/cbradar\/wp-json\/wp\/v2\/posts\/28148\/revisions"}],"predecessor-version":[{"id":63267,"href":"https:\/\/www.correiobraziliense.com.br\/cbradar\/wp-json\/wp\/v2\/posts\/28148\/revisions\/63267"}],"wp:featuredmedia":[{"embeddable":true,"href":"https:\/\/www.correiobraziliense.com.br\/cbradar\/wp-json\/wp\/v2\/media\/28183"}],"wp:attachment":[{"href":"https:\/\/www.correiobraziliense.com.br\/cbradar\/wp-json\/wp\/v2\/media?parent=28148"}],"wp:term":[{"taxonomy":"category","embeddable":true,"href":"https:\/\/www.correiobraziliense.com.br\/cbradar\/wp-json\/wp\/v2\/categories?post=28148"},{"taxonomy":"post_tag","embeddable":true,"href":"https:\/\/www.correiobraziliense.com.br\/cbradar\/wp-json\/wp\/v2\/post_tag?post=28148"}],"curies":[{"name":"wp","href":"https:\/\/api.w.org\/{rel}","templated":true}]}}