{"id":28284,"date":"2025-04-26T13:10:00","date_gmt":"2025-04-26T16:10:00","guid":{"rendered":"https:\/\/www.correiobraziliense.com.br\/cbradar\/?p=28284"},"modified":"2025-04-25T13:35:20","modified_gmt":"2025-04-25T16:35:20","slug":"dicas-para-plantar-rabanete-e-colher-em-menos-de-um-mes","status":"publish","type":"post","link":"https:\/\/www.correiobraziliense.com.br\/cbradar\/dicas-para-plantar-rabanete-e-colher-em-menos-de-um-mes\/","title":{"rendered":"Dicas para plantar rabanete e colher em menos de um m\u00eas"},"content":{"rendered":"\n<p>O <strong>rabanete<\/strong> (<em>Raphanus sativus<\/em>) \u00e9 uma hortali\u00e7a de crescimento r\u00e1pido, sabor picante e textura crocante, muito utilizada em saladas, conservas e pratos orientais. Rico em fibras, vitamina C e compostos antioxidantes, \u00e9 uma excelente op\u00e7\u00e3o para <a href=\"https:\/\/www.correiobraziliense.com.br\/cbradar\/aprenda-a-fazer-um-bonsai-de-jabuticaba-passo-a-passo\/\" target=\"_blank\" rel=\"noreferrer noopener\">cultivo <\/a>em hortas urbanas, vasos ou jardineiras. Sua principal vantagem est\u00e1 no ciclo curto: pode ser colhido em poucas semanas ap\u00f3s o plantio.<\/p>\n\n\n\n<h2 class=\"wp-block-heading\">Qual o clima ideal e onde plantar o rabanete?<\/h2>\n\n\n\n<p>O <strong>rabanete<\/strong> prefere clima ameno, com temperaturas entre 15\u00baC e 25\u00baC. Pode ser cultivado em qualquer \u00e9poca do ano, mas cresce melhor no outono e in\u00edcio da primavera, quando o clima est\u00e1 mais fresco e est\u00e1vel.<\/p>\n\n\n\n<p>Ele deve ser plantado em local com boa incid\u00eancia de sol, recebendo ao menos 4 horas de luz direta por dia. Pode ser cultivado em canteiros, vasos e at\u00e9 jardineiras, desde que o solo esteja bem preparado.<\/p>\n\n\n\n<h2 class=\"wp-block-heading\">Qual o tipo de solo ideal para o rabanete?<\/h2>\n\n\n\n<p>O solo precisa ser leve, profundo, solto e bem drenado. A presen\u00e7a de pedras ou torr\u00f5es pode deformar as ra\u00edzes. O pH ideal varia entre 6,0 e 6,8.<\/p>\n\n\n\n<p>Mistura recomendada:<\/p>\n\n\n\n<ul class=\"wp-block-list\">\n<li>50% terra vegetal<\/li>\n\n\n\n<li>30% composto org\u00e2nico (como h\u00famus de minhoca)<\/li>\n\n\n\n<li>20% areia lavada ou perlita<\/li>\n<\/ul>\n\n\n\n<p>Evite o uso de esterco fresco, pois pode deixar o rabanete com sabor amargo ou formato irregular.<\/p>\n\n\n\n<h2 class=\"wp-block-heading\">Como plantar rabanete por sementes?<\/h2>\n\n\n\n<p>O plantio do <strong>rabanete<\/strong> \u00e9 sempre feito por sementes, diretamente no local definitivo:<\/p>\n\n\n\n<ol class=\"wp-block-list\">\n<li>Fa\u00e7a sulcos com cerca de 1 cm de profundidade.<\/li>\n\n\n\n<li>Plante uma semente a cada 3 a 5 cm.<\/li>\n\n\n\n<li>Cubra com uma camada fina de terra e regue com cuidado.<\/li>\n\n\n\n<li>Mantenha o solo \u00famido at\u00e9 a germina\u00e7\u00e3o, que ocorre entre 4 e 7 dias.<\/li>\n<\/ol>\n\n\n\n<p>Ap\u00f3s o crescimento inicial, fa\u00e7a o desbaste deixando um espa\u00e7amento de 5 a 10 cm entre as plantas.<\/p>\n\n\n\n<h2 class=\"wp-block-heading\">Quais os cuidados durante o cultivo do rabanete?<\/h2>\n\n\n\n<ul class=\"wp-block-list\">\n<li><strong>Rega<\/strong>: mantenha o solo levemente \u00famido. Regue de 3 a 4 vezes por semana, ou mais em dias quentes.<\/li>\n\n\n\n<li><strong>Aduba\u00e7\u00e3o<\/strong>: adube a cada 15 dias com composto org\u00e2nico ou NPK 4-14-8, sem excesso de nitrog\u00eanio (que estimula folhas, mas prejudica a raiz).<\/li>\n\n\n\n<li><strong>Capina<\/strong>: retire ervas daninhas regularmente para evitar competi\u00e7\u00e3o por nutrientes.<\/li>\n<\/ul>\n\n\n\n<p>O rabanete cresce melhor com temperaturas amenas e solo sempre \u00famido. Evite exposi\u00e7\u00e3o ao sol muito forte nas horas mais quentes do dia.<\/p>\n\n\n<div class=\"wp-block-image\">\n<figure class=\"aligncenter size-large\"><img decoding=\"async\" width=\"1024\" height=\"576\" src=\"https:\/\/www.correiobraziliense.com.br\/cbradar\/wp-content\/uploads\/2025\/04\/rabanete-_1743781997637-1024x576.jpg\" alt=\"Aprenda a plantar rabanete e colher em poucos dias\" class=\"wp-image-19359\" srcset=\"https:\/\/www.correiobraziliense.com.br\/cbradar\/wp-content\/uploads\/2025\/04\/rabanete-_1743781997637-1024x576.jpg 1024w, https:\/\/www.correiobraziliense.com.br\/cbradar\/wp-content\/uploads\/2025\/04\/rabanete-_1743781997637-300x169.jpg 300w, https:\/\/www.correiobraziliense.com.br\/cbradar\/wp-content\/uploads\/2025\/04\/rabanete-_1743781997637-768x432.jpg 768w, https:\/\/www.correiobraziliense.com.br\/cbradar\/wp-content\/uploads\/2025\/04\/rabanete-_1743781997637-750x422.jpg 750w, https:\/\/www.correiobraziliense.com.br\/cbradar\/wp-content\/uploads\/2025\/04\/rabanete-_1743781997637-1140x641.jpg 1140w, https:\/\/www.correiobraziliense.com.br\/cbradar\/wp-content\/uploads\/2025\/04\/rabanete-_1743781997637.jpg 1280w\" sizes=\"(max-width: 1024px) 100vw, 1024px\" \/><figcaption class=\"wp-element-caption\">Rabanetes &#8211; Cr\u00e9ditos: depositphotos.com \/ maxsol7<\/figcaption><\/figure><\/div>\n\n\n<h2 class=\"wp-block-heading\">Quanto tempo o rabanete leva para ser colhido?<\/h2>\n\n\n\n<p>A colheita do <strong>rabanete<\/strong> acontece entre 25 a 40 dias ap\u00f3s o plantio, dependendo da variedade e das condi\u00e7\u00f5es clim\u00e1ticas. Os sinais de que est\u00e1 pronto incluem:<\/p>\n\n\n\n<ul class=\"wp-block-list\">\n<li>Parte da raiz aparecendo acima do solo<\/li>\n\n\n\n<li>Di\u00e2metro entre 2 a 4 cm (em m\u00e9dia)<\/li>\n<\/ul>\n\n\n\n<p>Evite deixar o rabanete passar do ponto, pois pode ficar fibroso e amargo. Retire com cuidado para n\u00e3o danificar a raiz.<\/p>\n\n\n\n<h2 class=\"wp-block-heading\">Quais pragas e doen\u00e7as podem afetar o rabanete?<\/h2>\n\n\n\n<p>As pragas mais comuns s\u00e3o:<\/p>\n\n\n\n<ul class=\"wp-block-list\">\n<li><strong>Pulg\u00f5es<\/strong><\/li>\n\n\n\n<li><strong>Lagartas<\/strong><\/li>\n\n\n\n<li><strong>Nemat\u00f3ides<\/strong> (em solos contaminados)<\/li>\n<\/ul>\n\n\n\n<p>Doen\u00e7as:<\/p>\n\n\n\n<ul class=\"wp-block-list\">\n<li><strong>M\u00edldio<\/strong><\/li>\n\n\n\n<li><strong>Podrid\u00e3o radicular<\/strong> (causada por solo encharcado)<\/li>\n<\/ul>\n\n\n\n<p>A preven\u00e7\u00e3o inclui rota\u00e7\u00e3o de culturas, rega adequada, solo bem drenado e pulveriza\u00e7\u00e3o com <strong>calda de neem<\/strong> ou extrato de alho.<\/p>\n\n\n\n<h2 class=\"wp-block-heading\">FAQ<\/h2>\n\n\n\n<p><strong>1. Posso plantar rabanete em vasos?<\/strong><br>Sim. Vasos com 20 cm de profundidade j\u00e1 s\u00e3o suficientes para o cultivo.<\/p>\n\n\n\n<p><strong>2. O rabanete precisa de muito sol?<\/strong><br>Ele precisa de 4 a 6 horas de sol por dia. Em regi\u00f5es muito quentes, prefira meia-sombra.<\/p>\n\n\n\n<p><strong>3. Posso colher mais de uma vez da mesma planta?<\/strong><br>N\u00e3o. O rabanete \u00e9 uma raiz colhida uma \u00fanica vez.<\/p>\n\n\n\n<p><strong>4. Qual a melhor \u00e9poca para plantar?<\/strong><br>Outono e primavera s\u00e3o ideais, mas pode ser cultivado o ano todo em regi\u00f5es de clima ameno.<\/p>\n\n\n\n<p><strong>5. O que fazer se o rabanete ficar muito picante?<\/strong><br>O sabor picante intenso pode estar ligado ao excesso de calor ou colheita tardia. Colher na hora certa \u00e9 essencial.<\/p>\n","protected":false},"excerpt":{"rendered":"<p>O rabanete (Raphanus sativus) \u00e9 uma hortali\u00e7a de crescimento r\u00e1pido, sabor picante e textura crocante, muito utilizada em saladas, conservas e pratos orientais. Rico em fibras, vitamina C e compostos antioxidantes, \u00e9 uma excelente op\u00e7\u00e3o para cultivo em hortas urbanas, vasos ou jardineiras. Sua principal vantagem est\u00e1 no ciclo curto: pode ser colhido em poucas [&hellip;]<\/p>\n","protected":false},"author":9,"featured_media":19358,"comment_status":"open","ping_status":"open","sticky":false,"template":"","format":"standard","meta":{"_yoast_wpseo_focuskw":"rabanete","_yoast_wpseo_title":"%%title%% %%page%%","_yoast_wpseo_metadesc":"Aprenda a cultivar rabanete em casa com dicas sobre solo, clima, cuidados e colheita. Tenha ra\u00edzes frescas e saborosas rapidamente.","jnews-multi-image_gallery":[],"jnews_single_post":{"format":"standard"},"jnews_primary_category":[],"jnews_social_meta":[],"jnews_override_counter":[],"footnotes":""},"categories":[136],"post_tag":[2865,266,3814,3815],"class_list":["post-28284","post","type-post","status-publish","format-standard","has-post-thumbnail","hentry","category-jardinagem","tag-como-plantar-rabanete","tag-horta-caseira","tag-hortalicas-rapidas","tag-rabanete-em-vaso"],"yoast_head":"<!-- This site is optimized with the Yoast SEO plugin v24.6 - https:\/\/yoast.com\/wordpress\/plugins\/seo\/ -->\n<title>Dicas para plantar rabanete e colher em menos de um m\u00eas<\/title>\n<meta name=\"description\" content=\"Aprenda a cultivar rabanete em casa com dicas sobre solo, clima, cuidados e colheita. Tenha ra\u00edzes frescas e saborosas rapidamente.\" \/>\n<meta name=\"robots\" content=\"index, follow, max-snippet:-1, max-image-preview:large, max-video-preview:-1\" \/>\n<link rel=\"canonical\" href=\"https:\/\/www.correiobraziliense.com.br\/cbradar\/dicas-para-plantar-rabanete-e-colher-em-menos-de-um-mes\/\" \/>\n<meta property=\"og:locale\" content=\"pt_BR\" \/>\n<meta property=\"og:type\" content=\"article\" \/>\n<meta property=\"og:title\" content=\"Dicas para plantar rabanete e colher em menos de um m\u00eas\" \/>\n<meta property=\"og:description\" content=\"Aprenda a cultivar rabanete em casa com dicas sobre solo, clima, cuidados e colheita. Tenha ra\u00edzes frescas e saborosas rapidamente.\" \/>\n<meta property=\"og:url\" content=\"https:\/\/www.correiobraziliense.com.br\/cbradar\/dicas-para-plantar-rabanete-e-colher-em-menos-de-um-mes\/\" \/>\n<meta property=\"og:site_name\" content=\"Correio Braziliense - Radar\" \/>\n<meta property=\"article:published_time\" content=\"2025-04-26T16:10:00+00:00\" \/>\n<meta property=\"og:image\" content=\"https:\/\/www.correiobraziliense.com.br\/cbradar\/wp-content\/uploads\/2025\/04\/rabanete-_1743781937513.jpg\" \/>\n\t<meta property=\"og:image:width\" content=\"1280\" \/>\n\t<meta property=\"og:image:height\" content=\"720\" \/>\n\t<meta property=\"og:image:type\" content=\"image\/jpeg\" \/>\n<meta name=\"author\" content=\"Daniely Cardoso\" \/>\n<meta name=\"twitter:card\" content=\"summary_large_image\" \/>\n<meta name=\"twitter:label1\" content=\"Escrito por\" \/>\n\t<meta name=\"twitter:data1\" content=\"Daniely Cardoso\" \/>\n\t<meta name=\"twitter:label2\" content=\"Est. tempo de leitura\" \/>\n\t<meta name=\"twitter:data2\" content=\"4 minutos\" \/>\n<!-- \/ Yoast SEO plugin. -->","yoast_head_json":{"title":"Dicas para plantar rabanete e colher em menos de um m\u00eas","description":"Aprenda a cultivar rabanete em casa com dicas sobre solo, clima, cuidados e colheita. Tenha ra\u00edzes frescas e saborosas rapidamente.","robots":{"index":"index","follow":"follow","max-snippet":"max-snippet:-1","max-image-preview":"max-image-preview:large","max-video-preview":"max-video-preview:-1"},"canonical":"https:\/\/www.correiobraziliense.com.br\/cbradar\/dicas-para-plantar-rabanete-e-colher-em-menos-de-um-mes\/","og_locale":"pt_BR","og_type":"article","og_title":"Dicas para plantar rabanete e colher em menos de um m\u00eas","og_description":"Aprenda a cultivar rabanete em casa com dicas sobre solo, clima, cuidados e colheita. Tenha ra\u00edzes frescas e saborosas rapidamente.","og_url":"https:\/\/www.correiobraziliense.com.br\/cbradar\/dicas-para-plantar-rabanete-e-colher-em-menos-de-um-mes\/","og_site_name":"Correio Braziliense - Radar","article_published_time":"2025-04-26T16:10:00+00:00","og_image":[{"width":1280,"height":720,"url":"https:\/\/www.correiobraziliense.com.br\/cbradar\/wp-content\/uploads\/2025\/04\/rabanete-_1743781937513.jpg","type":"image\/jpeg"}],"author":"Daniely Cardoso","twitter_card":"summary_large_image","twitter_misc":{"Escrito por":"Daniely Cardoso","Est. tempo de leitura":"4 minutos"},"schema":{"@context":"https:\/\/schema.org","@graph":[{"@type":"WebPage","@id":"https:\/\/www.correiobraziliense.com.br\/cbradar\/dicas-para-plantar-rabanete-e-colher-em-menos-de-um-mes\/","url":"https:\/\/www.correiobraziliense.com.br\/cbradar\/dicas-para-plantar-rabanete-e-colher-em-menos-de-um-mes\/","name":"Dicas para plantar rabanete e colher em menos de um m\u00eas","isPartOf":{"@id":"https:\/\/www.correiobraziliense.com.br\/cbradar\/#website"},"primaryImageOfPage":{"@id":"https:\/\/www.correiobraziliense.com.br\/cbradar\/dicas-para-plantar-rabanete-e-colher-em-menos-de-um-mes\/#primaryimage"},"image":{"@id":"https:\/\/www.correiobraziliense.com.br\/cbradar\/dicas-para-plantar-rabanete-e-colher-em-menos-de-um-mes\/#primaryimage"},"thumbnailUrl":"https:\/\/www.correiobraziliense.com.br\/cbradar\/wp-content\/uploads\/2025\/04\/rabanete-_1743781937513.jpg","datePublished":"2025-04-26T16:10:00+00:00","author":{"@id":"https:\/\/www.correiobraziliense.com.br\/cbradar\/#\/schema\/person\/7356666e12ec0ee53f348ee5db227032"},"description":"Aprenda a cultivar rabanete em casa com dicas sobre solo, clima, cuidados e colheita. Tenha ra\u00edzes frescas e saborosas rapidamente.","breadcrumb":{"@id":"https:\/\/www.correiobraziliense.com.br\/cbradar\/dicas-para-plantar-rabanete-e-colher-em-menos-de-um-mes\/#breadcrumb"},"inLanguage":"pt-BR","potentialAction":[{"@type":"ReadAction","target":["https:\/\/www.correiobraziliense.com.br\/cbradar\/dicas-para-plantar-rabanete-e-colher-em-menos-de-um-mes\/"]}]},{"@type":"ImageObject","inLanguage":"pt-BR","@id":"https:\/\/www.correiobraziliense.com.br\/cbradar\/dicas-para-plantar-rabanete-e-colher-em-menos-de-um-mes\/#primaryimage","url":"https:\/\/www.correiobraziliense.com.br\/cbradar\/wp-content\/uploads\/2025\/04\/rabanete-_1743781937513.jpg","contentUrl":"https:\/\/www.correiobraziliense.com.br\/cbradar\/wp-content\/uploads\/2025\/04\/rabanete-_1743781937513.jpg","width":1280,"height":720,"caption":"Rabanete - Cr\u00e9ditos: depositphotos.com \/ IMelnyk"},{"@type":"BreadcrumbList","@id":"https:\/\/www.correiobraziliense.com.br\/cbradar\/dicas-para-plantar-rabanete-e-colher-em-menos-de-um-mes\/#breadcrumb","itemListElement":[{"@type":"ListItem","position":1,"name":"In\u00edcio","item":"https:\/\/www.correiobraziliense.com.br\/cbradar\/"},{"@type":"ListItem","position":2,"name":"Dicas para plantar rabanete e colher em menos de um m\u00eas"}]},{"@type":"WebSite","@id":"https:\/\/www.correiobraziliense.com.br\/cbradar\/#website","url":"https:\/\/www.correiobraziliense.com.br\/cbradar\/","name":"Correio Braziliense - Radar","description":"Acompanhe as \u00faltimas not\u00edcias e fique bem informado sobre tudo o que acontece no Brasil e no mundo.","potentialAction":[{"@type":"SearchAction","target":{"@type":"EntryPoint","urlTemplate":"https:\/\/www.correiobraziliense.com.br\/cbradar\/?s={search_term_string}"},"query-input":{"@type":"PropertyValueSpecification","valueRequired":true,"valueName":"search_term_string"}}],"inLanguage":"pt-BR"},{"@type":"Person","@id":"https:\/\/www.correiobraziliense.com.br\/cbradar\/#\/schema\/person\/7356666e12ec0ee53f348ee5db227032","name":"Daniely Cardoso","image":{"@type":"ImageObject","inLanguage":"pt-BR","@id":"https:\/\/www.correiobraziliense.com.br\/cbradar\/#\/schema\/person\/image\/","url":"https:\/\/secure.gravatar.com\/avatar\/4b80ddbd124d1f071b626d52d62e5dff?s=96&d=mm&r=g","contentUrl":"https:\/\/secure.gravatar.com\/avatar\/4b80ddbd124d1f071b626d52d62e5dff?s=96&d=mm&r=g","caption":"Daniely Cardoso"},"description":"Redatora nos portais CB Radar e EM Foco, formada pela Universidade Federal de Goi\u00e1s, em Goi\u00e2nia. Apaixonada por comunica\u00e7\u00e3o, arte, decora\u00e7\u00e3o e tend\u00eancias, atuo na produ\u00e7\u00e3o de conte\u00fados envolventes sobre curiosidades, moda, beleza e paisagismo, sempre com um olhar atento \u00e0s novidades do momento.","sameAs":["https:\/\/www.correiobraziliense.com.br\/cbradar"],"url":"https:\/\/www.correiobraziliense.com.br\/cbradar\/author\/danielymyth\/"}]}},"_links":{"self":[{"href":"https:\/\/www.correiobraziliense.com.br\/cbradar\/wp-json\/wp\/v2\/posts\/28284","targetHints":{"allow":["GET"]}}],"collection":[{"href":"https:\/\/www.correiobraziliense.com.br\/cbradar\/wp-json\/wp\/v2\/posts"}],"about":[{"href":"https:\/\/www.correiobraziliense.com.br\/cbradar\/wp-json\/wp\/v2\/types\/post"}],"author":[{"embeddable":true,"href":"https:\/\/www.correiobraziliense.com.br\/cbradar\/wp-json\/wp\/v2\/users\/9"}],"replies":[{"embeddable":true,"href":"https:\/\/www.correiobraziliense.com.br\/cbradar\/wp-json\/wp\/v2\/comments?post=28284"}],"version-history":[{"count":4,"href":"https:\/\/www.correiobraziliense.com.br\/cbradar\/wp-json\/wp\/v2\/posts\/28284\/revisions"}],"predecessor-version":[{"id":28296,"href":"https:\/\/www.correiobraziliense.com.br\/cbradar\/wp-json\/wp\/v2\/posts\/28284\/revisions\/28296"}],"wp:featuredmedia":[{"embeddable":true,"href":"https:\/\/www.correiobraziliense.com.br\/cbradar\/wp-json\/wp\/v2\/media\/19358"}],"wp:attachment":[{"href":"https:\/\/www.correiobraziliense.com.br\/cbradar\/wp-json\/wp\/v2\/media?parent=28284"}],"wp:term":[{"taxonomy":"category","embeddable":true,"href":"https:\/\/www.correiobraziliense.com.br\/cbradar\/wp-json\/wp\/v2\/categories?post=28284"},{"taxonomy":"post_tag","embeddable":true,"href":"https:\/\/www.correiobraziliense.com.br\/cbradar\/wp-json\/wp\/v2\/post_tag?post=28284"}],"curies":[{"name":"wp","href":"https:\/\/api.w.org\/{rel}","templated":true}]}}