{"id":28367,"date":"2025-04-27T12:50:00","date_gmt":"2025-04-27T15:50:00","guid":{"rendered":"https:\/\/www.correiobraziliense.com.br\/cbradar\/?p=28367"},"modified":"2025-04-25T20:05:48","modified_gmt":"2025-04-25T23:05:48","slug":"telescopio-encontra-buraco-negro-oculto-ha-decadas","status":"publish","type":"post","link":"https:\/\/www.correiobraziliense.com.br\/cbradar\/telescopio-encontra-buraco-negro-oculto-ha-decadas\/","title":{"rendered":"Telesc\u00f3pio encontra buraco negro oculto h\u00e1 d\u00e9cadas"},"content":{"rendered":"\n<p>O <strong>Telesc\u00f3pio Espacial James Webb (JWST)<\/strong> tem proporcionado avan\u00e7os significativos na astronomia, especialmente com suas observa\u00e7\u00f5es da gal\u00e1xia espiral Messier 83 (M83). Recentemente, pesquisadores utilizaram o JWST para investigar a presen\u00e7a de um buraco negro supermassivo no n\u00facleo dessa gal\u00e1xia, uma quest\u00e3o que intrigava astr\u00f4nomos h\u00e1 d\u00e9cadas. As novas descobertas sugerem que o centro de M83 pode abrigar um n\u00facleo gal\u00e1ctico ativo (AGN), evidenciado por emiss\u00f5es de g\u00e1s neon ionizado.<\/p>\n\n\n\n<p>Durante anos, a comunidade cient\u00edfica especulou sobre a exist\u00eancia de um buraco negro em M83, mas a confirma\u00e7\u00e3o era dificultada pela poeira espacial que obscurecia as observa\u00e7\u00f5es. A recente pesquisa, liderada por <strong>Svea Hernandez<\/strong>, trouxe \u00e0 tona evid\u00eancias convincentes que podem finalmente resolver esse mist\u00e9rio. As observa\u00e7\u00f5es realizadas pelo JWST revelaram detalhes in\u00e9ditos que n\u00e3o eram poss\u00edveis com tecnologias anteriores.<\/p>\n\n\n\n<h2 class=\"wp-block-heading\">Como o JWST contribuiu para descoberta?<\/h2>\n\n\n\n<p>O sensor infravermelho do JWST foi crucial para detectar as emiss\u00f5es de g\u00e1s neon altamente ionizado em M83. Antes do advento deste telesc\u00f3pio, os pesquisadores n\u00e3o possu\u00edam ferramentas capazes de identificar com clareza tais sinais. A capacidade do JWST de captar essas emiss\u00f5es permitiu que a equipe explorasse novas perspectivas sobre o n\u00facleo da gal\u00e1xia, sugerindo a presen\u00e7a de um buraco negro supermassivo.<\/p>\n\n\n\n<p>Os aglomerados de g\u00e1s neon detectados perto do n\u00facleo de M83 requerem uma quantidade de energia que supera a capacidade de uma supernova ou de estrelas comuns. Essa observa\u00e7\u00e3o fortalece a hip\u00f3tese de que um AGN, at\u00e9 ent\u00e3o n\u00e3o identificado, pode estar presente no centro da gal\u00e1xia. A descoberta abre novas possibilidades para o estudo de n\u00facleos gal\u00e1cticos ativos e a evolu\u00e7\u00e3o das gal\u00e1xias.<\/p>\n\n\n\n<figure class=\"wp-block-image size-large\"><img decoding=\"async\" width=\"1024\" height=\"576\" src=\"https:\/\/www.correiobraziliense.com.br\/cbradar\/wp-content\/uploads\/2025\/04\/buraco-negro_1745622302194-1024x576.jpg\" alt=\"Telesc\u00f3pio encontra buraco negro oculto h\u00e1 decadas\" class=\"wp-image-28370\" srcset=\"https:\/\/www.correiobraziliense.com.br\/cbradar\/wp-content\/uploads\/2025\/04\/buraco-negro_1745622302194-1024x576.jpg 1024w, https:\/\/www.correiobraziliense.com.br\/cbradar\/wp-content\/uploads\/2025\/04\/buraco-negro_1745622302194-300x169.jpg 300w, https:\/\/www.correiobraziliense.com.br\/cbradar\/wp-content\/uploads\/2025\/04\/buraco-negro_1745622302194-768x432.jpg 768w, https:\/\/www.correiobraziliense.com.br\/cbradar\/wp-content\/uploads\/2025\/04\/buraco-negro_1745622302194-750x422.jpg 750w, https:\/\/www.correiobraziliense.com.br\/cbradar\/wp-content\/uploads\/2025\/04\/buraco-negro_1745622302194-1140x642.jpg 1140w, https:\/\/www.correiobraziliense.com.br\/cbradar\/wp-content\/uploads\/2025\/04\/buraco-negro_1745622302194.jpg 1279w\" sizes=\"(max-width: 1024px) 100vw, 1024px\" \/><figcaption class=\"wp-element-caption\">buraco negro. Cr\u00e9ditos: depositphotos.com \/ DMegias<\/figcaption><\/figure>\n\n\n\n<h2 class=\"wp-block-heading\">Quais os pr\u00f3ximos passos na pesquisa de M83?<\/h2>\n\n\n\n<p>A equipe de pesquisadores planeja continuar suas investiga\u00e7\u00f5es utilizando outros observat\u00f3rios e telesc\u00f3pios de ponta, como o Atacama Large Millimeter\/submillimeter Array (ALMA) e o Very Large Telescope (VLT). Essas futuras observa\u00e7\u00f5es ser\u00e3o essenciais para confirmar as emiss\u00f5es detectadas pelo JWST e determinar se M83 realmente possui um n\u00facleo gal\u00e1ctico ativo ou se outro fen\u00f4meno est\u00e1 em jogo.<\/p>\n\n\n\n<p>Os dados adicionais ajudar\u00e3o a esclarecer a natureza das emiss\u00f5es de g\u00e1s neon e a compreender melhor os processos que ocorrem no n\u00facleo de M83. A pesquisa cont\u00ednua nessa \u00e1rea n\u00e3o apenas resolver\u00e1 quest\u00f5es sobre M83, mas tamb\u00e9m contribuir\u00e1 para o conhecimento geral sobre a forma\u00e7\u00e3o e evolu\u00e7\u00e3o das gal\u00e1xias no universo.<\/p>\n\n\n\n<h2 class=\"wp-block-heading\">Impacto das descobertas do JWST na astronomia<\/h2>\n\n\n\n<p>As descobertas do JWST em M83 destacam a import\u00e2ncia de tecnologias avan\u00e7adas na explora\u00e7\u00e3o do cosmos. O telesc\u00f3pio tem permitido que os astr\u00f4nomos investiguem fen\u00f4menos que antes eram inacess\u00edveis, ampliando nossa compreens\u00e3o sobre o universo. As observa\u00e7\u00f5es de M83 s\u00e3o apenas um exemplo do potencial do JWST para revolucionar a astronomia e inspirar novas pesquisas em \u00e1reas ainda inexploradas.<\/p>\n\n\n\n<p>\u00c0 medida que novas tecnologias continuam a emergir, espera-se que mais mist\u00e9rios do universo sejam desvendados, oferecendo insights valiosos sobre a natureza dos buracos negros, a forma\u00e7\u00e3o das gal\u00e1xias e a din\u00e2mica do cosmos. O JWST, com suas capacidades \u00fanicas, est\u00e1 na vanguarda dessa explora\u00e7\u00e3o, prometendo descobertas ainda mais fascinantes no futuro.<\/p>\n","protected":false},"excerpt":{"rendered":"<p>As descobertas do Telesc\u00f3pio James Webb revelam um buraco negro supermassivo em M83. Observa\u00e7\u00f5es sem precedentes revelam detalhes.<\/p>\n","protected":false},"author":3,"featured_media":28369,"comment_status":"open","ping_status":"open","sticky":false,"template":"","format":"standard","meta":{"_yoast_wpseo_focuskw":"telesc\u00f3pio buraco negro","_yoast_wpseo_title":"%%title%%","_yoast_wpseo_metadesc":"As descobertas do Telesc\u00f3pio James Webb revelam um buraco negro supermassivo em M83. Observa\u00e7\u00f5es sem precedentes revelam detalhes.","jnews-multi-image_gallery":[],"jnews_single_post":{"format":"standard"},"jnews_primary_category":[],"jnews_social_meta":[],"jnews_override_counter":[],"footnotes":""},"categories":[112],"post_tag":[855,1215],"class_list":["post-28367","post","type-post","status-publish","format-standard","has-post-thumbnail","hentry","category-curiosidades","tag-james-webb","tag-telescopio"],"yoast_head":"<!-- This site is optimized with the Yoast SEO plugin v24.6 - https:\/\/yoast.com\/wordpress\/plugins\/seo\/ -->\n<title>Telesc\u00f3pio encontra buraco negro oculto h\u00e1 d\u00e9cadas<\/title>\n<meta name=\"description\" content=\"As descobertas do Telesc\u00f3pio James Webb revelam um buraco negro supermassivo em M83. Observa\u00e7\u00f5es sem precedentes revelam detalhes.\" \/>\n<meta name=\"robots\" content=\"index, follow, max-snippet:-1, max-image-preview:large, max-video-preview:-1\" \/>\n<link rel=\"canonical\" href=\"https:\/\/www.correiobraziliense.com.br\/cbradar\/telescopio-encontra-buraco-negro-oculto-ha-decadas\/\" \/>\n<meta property=\"og:locale\" content=\"pt_BR\" \/>\n<meta property=\"og:type\" content=\"article\" \/>\n<meta property=\"og:title\" content=\"Telesc\u00f3pio encontra buraco negro oculto h\u00e1 d\u00e9cadas\" \/>\n<meta property=\"og:description\" content=\"As descobertas do Telesc\u00f3pio James Webb revelam um buraco negro supermassivo em M83. Observa\u00e7\u00f5es sem precedentes revelam detalhes.\" \/>\n<meta property=\"og:url\" content=\"https:\/\/www.correiobraziliense.com.br\/cbradar\/telescopio-encontra-buraco-negro-oculto-ha-decadas\/\" \/>\n<meta property=\"og:site_name\" content=\"Correio Braziliense - Radar\" \/>\n<meta property=\"article:published_time\" content=\"2025-04-27T15:50:00+00:00\" \/>\n<meta property=\"og:image\" content=\"https:\/\/www.correiobraziliense.com.br\/cbradar\/wp-content\/uploads\/2025\/04\/buraco-negro_1745622272945.jpg\" \/>\n\t<meta property=\"og:image:width\" content=\"1280\" \/>\n\t<meta property=\"og:image:height\" content=\"720\" \/>\n\t<meta property=\"og:image:type\" content=\"image\/jpeg\" \/>\n<meta name=\"author\" content=\"Larissa Carvalho\" \/>\n<meta name=\"twitter:card\" content=\"summary_large_image\" \/>\n<meta name=\"twitter:label1\" content=\"Escrito por\" \/>\n\t<meta name=\"twitter:data1\" content=\"Larissa Carvalho\" \/>\n\t<meta name=\"twitter:label2\" content=\"Est. tempo de leitura\" \/>\n\t<meta name=\"twitter:data2\" content=\"4 minutos\" \/>\n<!-- \/ Yoast SEO plugin. -->","yoast_head_json":{"title":"Telesc\u00f3pio encontra buraco negro oculto h\u00e1 d\u00e9cadas","description":"As descobertas do Telesc\u00f3pio James Webb revelam um buraco negro supermassivo em M83. Observa\u00e7\u00f5es sem precedentes revelam detalhes.","robots":{"index":"index","follow":"follow","max-snippet":"max-snippet:-1","max-image-preview":"max-image-preview:large","max-video-preview":"max-video-preview:-1"},"canonical":"https:\/\/www.correiobraziliense.com.br\/cbradar\/telescopio-encontra-buraco-negro-oculto-ha-decadas\/","og_locale":"pt_BR","og_type":"article","og_title":"Telesc\u00f3pio encontra buraco negro oculto h\u00e1 d\u00e9cadas","og_description":"As descobertas do Telesc\u00f3pio James Webb revelam um buraco negro supermassivo em M83. Observa\u00e7\u00f5es sem precedentes revelam detalhes.","og_url":"https:\/\/www.correiobraziliense.com.br\/cbradar\/telescopio-encontra-buraco-negro-oculto-ha-decadas\/","og_site_name":"Correio Braziliense - Radar","article_published_time":"2025-04-27T15:50:00+00:00","og_image":[{"width":1280,"height":720,"url":"https:\/\/www.correiobraziliense.com.br\/cbradar\/wp-content\/uploads\/2025\/04\/buraco-negro_1745622272945.jpg","type":"image\/jpeg"}],"author":"Larissa Carvalho","twitter_card":"summary_large_image","twitter_misc":{"Escrito por":"Larissa Carvalho","Est. tempo de leitura":"4 minutos"},"schema":{"@context":"https:\/\/schema.org","@graph":[{"@type":"WebPage","@id":"https:\/\/www.correiobraziliense.com.br\/cbradar\/telescopio-encontra-buraco-negro-oculto-ha-decadas\/","url":"https:\/\/www.correiobraziliense.com.br\/cbradar\/telescopio-encontra-buraco-negro-oculto-ha-decadas\/","name":"Telesc\u00f3pio encontra buraco negro oculto h\u00e1 d\u00e9cadas","isPartOf":{"@id":"https:\/\/www.correiobraziliense.com.br\/cbradar\/#website"},"primaryImageOfPage":{"@id":"https:\/\/www.correiobraziliense.com.br\/cbradar\/telescopio-encontra-buraco-negro-oculto-ha-decadas\/#primaryimage"},"image":{"@id":"https:\/\/www.correiobraziliense.com.br\/cbradar\/telescopio-encontra-buraco-negro-oculto-ha-decadas\/#primaryimage"},"thumbnailUrl":"https:\/\/www.correiobraziliense.com.br\/cbradar\/wp-content\/uploads\/2025\/04\/buraco-negro_1745622272945.jpg","datePublished":"2025-04-27T15:50:00+00:00","author":{"@id":"https:\/\/www.correiobraziliense.com.br\/cbradar\/#\/schema\/person\/58422787644df994b53a19d3e56c1513"},"description":"As descobertas do Telesc\u00f3pio James Webb revelam um buraco negro supermassivo em M83. Observa\u00e7\u00f5es sem precedentes revelam detalhes.","breadcrumb":{"@id":"https:\/\/www.correiobraziliense.com.br\/cbradar\/telescopio-encontra-buraco-negro-oculto-ha-decadas\/#breadcrumb"},"inLanguage":"pt-BR","potentialAction":[{"@type":"ReadAction","target":["https:\/\/www.correiobraziliense.com.br\/cbradar\/telescopio-encontra-buraco-negro-oculto-ha-decadas\/"]}]},{"@type":"ImageObject","inLanguage":"pt-BR","@id":"https:\/\/www.correiobraziliense.com.br\/cbradar\/telescopio-encontra-buraco-negro-oculto-ha-decadas\/#primaryimage","url":"https:\/\/www.correiobraziliense.com.br\/cbradar\/wp-content\/uploads\/2025\/04\/buraco-negro_1745622272945.jpg","contentUrl":"https:\/\/www.correiobraziliense.com.br\/cbradar\/wp-content\/uploads\/2025\/04\/buraco-negro_1745622272945.jpg","width":1280,"height":720,"caption":"buraco negro. Cr\u00e9ditos: depositphotos.com \/ aaronrutten"},{"@type":"BreadcrumbList","@id":"https:\/\/www.correiobraziliense.com.br\/cbradar\/telescopio-encontra-buraco-negro-oculto-ha-decadas\/#breadcrumb","itemListElement":[{"@type":"ListItem","position":1,"name":"In\u00edcio","item":"https:\/\/www.correiobraziliense.com.br\/cbradar\/"},{"@type":"ListItem","position":2,"name":"Telesc\u00f3pio encontra buraco negro oculto h\u00e1 d\u00e9cadas"}]},{"@type":"WebSite","@id":"https:\/\/www.correiobraziliense.com.br\/cbradar\/#website","url":"https:\/\/www.correiobraziliense.com.br\/cbradar\/","name":"Correio Braziliense - Radar","description":"Acompanhe as \u00faltimas not\u00edcias e fique bem informado sobre tudo o que acontece no Brasil e no mundo.","potentialAction":[{"@type":"SearchAction","target":{"@type":"EntryPoint","urlTemplate":"https:\/\/www.correiobraziliense.com.br\/cbradar\/?s={search_term_string}"},"query-input":{"@type":"PropertyValueSpecification","valueRequired":true,"valueName":"search_term_string"}}],"inLanguage":"pt-BR"},{"@type":"Person","@id":"https:\/\/www.correiobraziliense.com.br\/cbradar\/#\/schema\/person\/58422787644df994b53a19d3e56c1513","name":"Larissa Carvalho","image":{"@type":"ImageObject","inLanguage":"pt-BR","@id":"https:\/\/www.correiobraziliense.com.br\/cbradar\/#\/schema\/person\/image\/","url":"https:\/\/secure.gravatar.com\/avatar\/fe4f91a0de32b52a838d0d612abdc1aa?s=96&d=mm&r=g","contentUrl":"https:\/\/secure.gravatar.com\/avatar\/fe4f91a0de32b52a838d0d612abdc1aa?s=96&d=mm&r=g","caption":"Larissa Carvalho"},"url":"https:\/\/www.correiobraziliense.com.br\/cbradar\/author\/larissamyth\/"}]}},"_links":{"self":[{"href":"https:\/\/www.correiobraziliense.com.br\/cbradar\/wp-json\/wp\/v2\/posts\/28367","targetHints":{"allow":["GET"]}}],"collection":[{"href":"https:\/\/www.correiobraziliense.com.br\/cbradar\/wp-json\/wp\/v2\/posts"}],"about":[{"href":"https:\/\/www.correiobraziliense.com.br\/cbradar\/wp-json\/wp\/v2\/types\/post"}],"author":[{"embeddable":true,"href":"https:\/\/www.correiobraziliense.com.br\/cbradar\/wp-json\/wp\/v2\/users\/3"}],"replies":[{"embeddable":true,"href":"https:\/\/www.correiobraziliense.com.br\/cbradar\/wp-json\/wp\/v2\/comments?post=28367"}],"version-history":[{"count":2,"href":"https:\/\/www.correiobraziliense.com.br\/cbradar\/wp-json\/wp\/v2\/posts\/28367\/revisions"}],"predecessor-version":[{"id":28371,"href":"https:\/\/www.correiobraziliense.com.br\/cbradar\/wp-json\/wp\/v2\/posts\/28367\/revisions\/28371"}],"wp:featuredmedia":[{"embeddable":true,"href":"https:\/\/www.correiobraziliense.com.br\/cbradar\/wp-json\/wp\/v2\/media\/28369"}],"wp:attachment":[{"href":"https:\/\/www.correiobraziliense.com.br\/cbradar\/wp-json\/wp\/v2\/media?parent=28367"}],"wp:term":[{"taxonomy":"category","embeddable":true,"href":"https:\/\/www.correiobraziliense.com.br\/cbradar\/wp-json\/wp\/v2\/categories?post=28367"},{"taxonomy":"post_tag","embeddable":true,"href":"https:\/\/www.correiobraziliense.com.br\/cbradar\/wp-json\/wp\/v2\/post_tag?post=28367"}],"curies":[{"name":"wp","href":"https:\/\/api.w.org\/{rel}","templated":true}]}}