{"id":28448,"date":"2025-04-27T15:30:00","date_gmt":"2025-04-27T18:30:00","guid":{"rendered":"https:\/\/www.correiobraziliense.com.br\/cbradar\/?p=28448"},"modified":"2025-04-25T23:33:31","modified_gmt":"2025-04-26T02:33:31","slug":"para-quem-gosta-de-invasoes-alienigenas-com-emocao-e-adrenalina","status":"publish","type":"post","link":"https:\/\/www.correiobraziliense.com.br\/cbradar\/para-quem-gosta-de-invasoes-alienigenas-com-emocao-e-adrenalina\/","title":{"rendered":"Para quem gosta de invas\u00f5es alien\u00edgenas com emo\u00e7\u00e3o e adrenalina"},"content":{"rendered":"\n<p><strong>A quinta onda<\/strong> \u00e9 um filme de fic\u00e7\u00e3o cient\u00edfica e a\u00e7\u00e3o que adapta o primeiro livro da trilogia escrita por <strong>Rick Yancey<\/strong>. Estrelado por <strong>Chlo\u00eb Grace Moretz<\/strong>, o longa combina aventura, mist\u00e9rio e drama em uma hist\u00f3ria de sobreviv\u00eancia ap\u00f3s uma invas\u00e3o alien\u00edgena devastadora.<\/p>\n\n\n\n<p>Com cen\u00e1rios apocal\u00edpticos e uma protagonista determinada a proteger o que resta de sua fam\u00edlia, <em>A quinta onda<\/em> aposta em temas como resili\u00eancia, confian\u00e7a e a luta pela humanidade em meio ao caos.<\/p>\n\n\n\n<h2 class=\"wp-block-heading\">Qual a hist\u00f3ria de A quinta onda?<\/h2>\n\n\n\n<p>A hist\u00f3ria acompanha <strong>Cassie Sullivan<\/strong>, uma adolescente comum que v\u00ea sua vida virar de cabe\u00e7a para baixo quando a Terra \u00e9 atacada por uma ra\u00e7a alien\u00edgena conhecida apenas como &#8220;Os Outros&#8221;.<\/p>\n\n\n\n<p>A invas\u00e3o acontece em cinco ondas catastr\u00f3ficas:<\/p>\n\n\n\n<ol class=\"wp-block-list\">\n<li><strong>Pulso eletromagn\u00e9tico<\/strong> que desativa toda a tecnologia;<\/li>\n\n\n\n<li><strong>Desastres naturais<\/strong>, como tsunamis e terremotos;<\/li>\n\n\n\n<li><strong>Uma praga mortal<\/strong> que dizima a popula\u00e7\u00e3o;<\/li>\n\n\n\n<li><strong>Infiltra\u00e7\u00e3o alien\u00edgena<\/strong> disfar\u00e7ada de humanos;<\/li>\n\n\n\n<li><strong>A guerra direta contra os sobreviventes<\/strong>.<\/li>\n<\/ol>\n\n\n\n<p>Separada de seu irm\u00e3o mais novo, Cassie embarca em uma jornada perigosa para encontr\u00e1-lo, enfrentando perigos, aliados suspeitos e inimigos disfar\u00e7ados.<\/p>\n\n\n\n<figure class=\"wp-block-image size-large\"><img decoding=\"async\" width=\"1024\" height=\"576\" src=\"https:\/\/www.correiobraziliense.com.br\/cbradar\/wp-content\/uploads\/2025\/04\/A-Quinta-Onda-1024x576.png\" alt=\"Para quem gosta de invas\u00f5es alien\u00edgenas com emo\u00e7\u00e3o e adrenalina\" class=\"wp-image-28449\" srcset=\"https:\/\/www.correiobraziliense.com.br\/cbradar\/wp-content\/uploads\/2025\/04\/A-Quinta-Onda-1024x576.png 1024w, https:\/\/www.correiobraziliense.com.br\/cbradar\/wp-content\/uploads\/2025\/04\/A-Quinta-Onda-300x169.png 300w, https:\/\/www.correiobraziliense.com.br\/cbradar\/wp-content\/uploads\/2025\/04\/A-Quinta-Onda-768x432.png 768w, https:\/\/www.correiobraziliense.com.br\/cbradar\/wp-content\/uploads\/2025\/04\/A-Quinta-Onda-750x422.png 750w, https:\/\/www.correiobraziliense.com.br\/cbradar\/wp-content\/uploads\/2025\/04\/A-Quinta-Onda-1140x641.png 1140w, https:\/\/www.correiobraziliense.com.br\/cbradar\/wp-content\/uploads\/2025\/04\/A-Quinta-Onda.png 1280w\" sizes=\"(max-width: 1024px) 100vw, 1024px\" \/><figcaption class=\"wp-element-caption\">A Quinta Onda. Fonte: divulga\u00e7\u00e3o \/ Sony Pictures<\/figcaption><\/figure>\n\n\n\n<h2 class=\"wp-block-heading\">Quais s\u00e3o os temas explorados em A quinta onda?<\/h2>\n\n\n\n<p><em>A quinta onda<\/em> vai al\u00e9m da a\u00e7\u00e3o e dos efeitos especiais, abordando temas como:<\/p>\n\n\n\n<ul class=\"wp-block-list\">\n<li>Sobreviv\u00eancia em ambientes hostis;<\/li>\n\n\n\n<li>Confian\u00e7a em um mundo cheio de trai\u00e7\u00f5es;<\/li>\n\n\n\n<li>Identidade e humanidade em tempos de crise;<\/li>\n\n\n\n<li>Crescimento pessoal e amadurecimento for\u00e7ado.<\/li>\n<\/ul>\n\n\n\n<p>O filme tamb\u00e9m levanta quest\u00f5es sobre o que realmente significa ser humano e como o medo pode moldar nossas decis\u00f5es e alian\u00e7as.<\/p>\n\n\n\n<h2 class=\"wp-block-heading\">Vale a pena assistir A quinta onda?<\/h2>\n\n\n\n<p>Depende do que voc\u00ea busca. <em>A quinta onda<\/em> \u00e9 uma boa escolha para quem gosta de filmes de fic\u00e7\u00e3o cient\u00edfica com a\u00e7\u00e3o e elementos de suspense juvenil.<\/p>\n\n\n\n<p>A atua\u00e7\u00e3o de <strong>Chlo\u00eb Grace Moretz<\/strong> \u00e9 o ponto alto da produ\u00e7\u00e3o, conseguindo transmitir a vulnerabilidade e a for\u00e7a de Cassie de forma convincente. No entanto, o filme recebeu cr\u00edticas mistas, principalmente pela adapta\u00e7\u00e3o apressada de alguns pontos da hist\u00f3ria e pela compara\u00e7\u00e3o inevit\u00e1vel com outras franquias juvenis de sucesso.<\/p>\n\n\n\n<p>Se voc\u00ea curte distopias adolescentes como <em>Jogos Vorazes<\/em> ou <em>Divergente<\/em>, <em>A quinta onda<\/em> pode ser uma adi\u00e7\u00e3o interessante \u00e0 sua lista.<\/p>\n\n\n\n<iframe loading=\"lazy\" width=\"560\" height=\"315\" src=\"https:\/\/www.youtube.com\/embed\/fkYXcl-5Su0?si=B58FVNqE5GqdL3J_\" title=\"YouTube video player\" frameborder=\"0\" allow=\"accelerometer; autoplay; clipboard-write; encrypted-media; gyroscope; picture-in-picture; web-share\" referrerpolicy=\"strict-origin-when-cross-origin\" allowfullscreen><\/iframe>\n\n\n\n<h2 class=\"wp-block-heading\">O que diferencia A quinta onda de outras distopias juvenis?<\/h2>\n\n\n\n<p>Apesar de seguir a linha de adapta\u00e7\u00f5es de livros YA (Young Adult), <em>A quinta onda<\/em> se diferencia pelo foco mais forte no elemento de sobreviv\u00eancia individual e no mist\u00e9rio sobre quem \u00e9 aliado ou inimigo.<\/p>\n\n\n\n<p>Ao inv\u00e9s de batalhas grandiosas logo de in\u00edcio, o filme aposta em uma constru\u00e7\u00e3o mais lenta de tens\u00e3o, colocando a protagonista em situa\u00e7\u00f5es de desconfian\u00e7a e perigo constante, o que gera uma atmosfera de suspense mais \u00edntima e psicol\u00f3gica.<\/p>\n\n\n\n<h2 class=\"wp-block-heading\">FAQ &#8211; Perguntas Frequentes<\/h2>\n\n\n\n<ul class=\"wp-block-list\">\n<li><strong>Onde assistir?<\/strong><br><em>A quinta onda<\/em> est\u00e1 dispon\u00edvel para aluguel e compra em plataformas digitais como <strong>Amazon Prime Video<\/strong>, <strong>Google Play Filmes<\/strong> e <strong>Apple TV<\/strong>.<\/li>\n\n\n\n<li><strong>Quem est\u00e1 no elenco?<\/strong>\n<ul class=\"wp-block-list\">\n<li><strong>Chlo\u00eb Grace Moretz<\/strong> como Cassie Sullivan<\/li>\n\n\n\n<li><strong>Nick Robinson<\/strong> como Ben Parish (Zombie)<\/li>\n\n\n\n<li><strong>Alex Roe<\/strong> como Evan Walker<\/li>\n\n\n\n<li><strong>Liev Schreiber<\/strong> como Coronel Vosch<\/li>\n\n\n\n<li><strong>Maika Monroe<\/strong>, <strong>Maria Bello<\/strong> e outros.<\/li>\n<\/ul>\n<\/li>\n\n\n\n<li><strong>Quantos filmes da saga foram feitos?<\/strong><br>Apenas <em>A quinta onda<\/em> foi adaptado para o cinema. N\u00e3o houve continua\u00e7\u00f5es dos livros seguintes (<em>O mar infinito<\/em> e <em>A \u00faltima estrela<\/em>).<\/li>\n\n\n\n<li><strong>J\u00e1 acabou?<\/strong><br>Sim. N\u00e3o foram feitos novos filmes da franquia ap\u00f3s o lan\u00e7amento do primeiro.<\/li>\n\n\n\n<li><strong>Qual o ano de lan\u00e7amento?<\/strong><br>O filme foi lan\u00e7ado em <strong>2016<\/strong>.<\/li>\n\n\n\n<li><strong>Quem produziu o filme?<\/strong><br>Produzido pela <strong>GK Films<\/strong> e pela <strong>Material Pictures<\/strong>, com distribui\u00e7\u00e3o da <strong>Sony Pictures<\/strong>.<\/li>\n<\/ul>\n","protected":false},"excerpt":{"rendered":"<p>A quinta onda mistura a\u00e7\u00e3o, fic\u00e7\u00e3o cient\u00edfica e sobreviv\u00eancia em uma trama intensa sobre uma jovem enfrentando uma invas\u00e3o alien\u00edgena.<\/p>\n","protected":false},"author":3,"featured_media":28450,"comment_status":"open","ping_status":"open","sticky":false,"template":"","format":"standard","meta":{"_yoast_wpseo_focuskw":"A quinta onda","_yoast_wpseo_title":"%%title%%","_yoast_wpseo_metadesc":"A quinta onda mistura a\u00e7\u00e3o, fic\u00e7\u00e3o cient\u00edfica e sobreviv\u00eancia em uma trama intensa sobre uma jovem enfrentando uma invas\u00e3o alien\u00edgena.","jnews-multi-image_gallery":[],"jnews_single_post":{"format":"standard"},"jnews_primary_category":[],"jnews_social_meta":[],"jnews_override_counter":[],"footnotes":""},"categories":[140],"post_tag":[568],"class_list":["post-28448","post","type-post","status-publish","format-standard","has-post-thumbnail","hentry","category-entretenimento","tag-series-e-filmes"],"yoast_head":"<!-- This site is optimized with the Yoast SEO plugin v24.6 - https:\/\/yoast.com\/wordpress\/plugins\/seo\/ -->\n<title>Para quem gosta de invas\u00f5es alien\u00edgenas com emo\u00e7\u00e3o e adrenalina<\/title>\n<meta name=\"description\" content=\"A quinta onda mistura a\u00e7\u00e3o, fic\u00e7\u00e3o cient\u00edfica e sobreviv\u00eancia em uma trama intensa sobre uma jovem enfrentando uma invas\u00e3o alien\u00edgena.\" \/>\n<meta name=\"robots\" content=\"index, follow, max-snippet:-1, max-image-preview:large, max-video-preview:-1\" \/>\n<link rel=\"canonical\" href=\"https:\/\/www.correiobraziliense.com.br\/cbradar\/para-quem-gosta-de-invasoes-alienigenas-com-emocao-e-adrenalina\/\" \/>\n<meta property=\"og:locale\" content=\"pt_BR\" \/>\n<meta property=\"og:type\" content=\"article\" \/>\n<meta property=\"og:title\" content=\"Para quem gosta de invas\u00f5es alien\u00edgenas com emo\u00e7\u00e3o e adrenalina\" \/>\n<meta property=\"og:description\" content=\"A quinta onda mistura a\u00e7\u00e3o, fic\u00e7\u00e3o cient\u00edfica e sobreviv\u00eancia em uma trama intensa sobre uma jovem enfrentando uma invas\u00e3o alien\u00edgena.\" \/>\n<meta property=\"og:url\" content=\"https:\/\/www.correiobraziliense.com.br\/cbradar\/para-quem-gosta-de-invasoes-alienigenas-com-emocao-e-adrenalina\/\" \/>\n<meta property=\"og:site_name\" content=\"Correio Braziliense - Radar\" \/>\n<meta property=\"article:published_time\" content=\"2025-04-27T18:30:00+00:00\" \/>\n<meta property=\"og:image\" content=\"https:\/\/www.correiobraziliense.com.br\/cbradar\/wp-content\/uploads\/2025\/04\/A-Quinta-Onda-2.png\" \/>\n\t<meta property=\"og:image:width\" content=\"1280\" \/>\n\t<meta property=\"og:image:height\" content=\"720\" \/>\n\t<meta property=\"og:image:type\" content=\"image\/png\" \/>\n<meta name=\"author\" content=\"Larissa Carvalho\" \/>\n<meta name=\"twitter:card\" content=\"summary_large_image\" \/>\n<meta name=\"twitter:label1\" content=\"Escrito por\" \/>\n\t<meta name=\"twitter:data1\" content=\"Larissa Carvalho\" \/>\n\t<meta name=\"twitter:label2\" content=\"Est. tempo de leitura\" \/>\n\t<meta name=\"twitter:data2\" content=\"4 minutos\" \/>\n<!-- \/ Yoast SEO plugin. -->","yoast_head_json":{"title":"Para quem gosta de invas\u00f5es alien\u00edgenas com emo\u00e7\u00e3o e adrenalina","description":"A quinta onda mistura a\u00e7\u00e3o, fic\u00e7\u00e3o cient\u00edfica e sobreviv\u00eancia em uma trama intensa sobre uma jovem enfrentando uma invas\u00e3o alien\u00edgena.","robots":{"index":"index","follow":"follow","max-snippet":"max-snippet:-1","max-image-preview":"max-image-preview:large","max-video-preview":"max-video-preview:-1"},"canonical":"https:\/\/www.correiobraziliense.com.br\/cbradar\/para-quem-gosta-de-invasoes-alienigenas-com-emocao-e-adrenalina\/","og_locale":"pt_BR","og_type":"article","og_title":"Para quem gosta de invas\u00f5es alien\u00edgenas com emo\u00e7\u00e3o e adrenalina","og_description":"A quinta onda mistura a\u00e7\u00e3o, fic\u00e7\u00e3o cient\u00edfica e sobreviv\u00eancia em uma trama intensa sobre uma jovem enfrentando uma invas\u00e3o alien\u00edgena.","og_url":"https:\/\/www.correiobraziliense.com.br\/cbradar\/para-quem-gosta-de-invasoes-alienigenas-com-emocao-e-adrenalina\/","og_site_name":"Correio Braziliense - Radar","article_published_time":"2025-04-27T18:30:00+00:00","og_image":[{"width":1280,"height":720,"url":"https:\/\/www.correiobraziliense.com.br\/cbradar\/wp-content\/uploads\/2025\/04\/A-Quinta-Onda-2.png","type":"image\/png"}],"author":"Larissa Carvalho","twitter_card":"summary_large_image","twitter_misc":{"Escrito por":"Larissa Carvalho","Est. tempo de leitura":"4 minutos"},"schema":{"@context":"https:\/\/schema.org","@graph":[{"@type":"WebPage","@id":"https:\/\/www.correiobraziliense.com.br\/cbradar\/para-quem-gosta-de-invasoes-alienigenas-com-emocao-e-adrenalina\/","url":"https:\/\/www.correiobraziliense.com.br\/cbradar\/para-quem-gosta-de-invasoes-alienigenas-com-emocao-e-adrenalina\/","name":"Para quem gosta de invas\u00f5es alien\u00edgenas com emo\u00e7\u00e3o e adrenalina","isPartOf":{"@id":"https:\/\/www.correiobraziliense.com.br\/cbradar\/#website"},"primaryImageOfPage":{"@id":"https:\/\/www.correiobraziliense.com.br\/cbradar\/para-quem-gosta-de-invasoes-alienigenas-com-emocao-e-adrenalina\/#primaryimage"},"image":{"@id":"https:\/\/www.correiobraziliense.com.br\/cbradar\/para-quem-gosta-de-invasoes-alienigenas-com-emocao-e-adrenalina\/#primaryimage"},"thumbnailUrl":"https:\/\/www.correiobraziliense.com.br\/cbradar\/wp-content\/uploads\/2025\/04\/A-Quinta-Onda-2.png","datePublished":"2025-04-27T18:30:00+00:00","author":{"@id":"https:\/\/www.correiobraziliense.com.br\/cbradar\/#\/schema\/person\/58422787644df994b53a19d3e56c1513"},"description":"A quinta onda mistura a\u00e7\u00e3o, fic\u00e7\u00e3o cient\u00edfica e sobreviv\u00eancia em uma trama intensa sobre uma jovem enfrentando uma invas\u00e3o alien\u00edgena.","breadcrumb":{"@id":"https:\/\/www.correiobraziliense.com.br\/cbradar\/para-quem-gosta-de-invasoes-alienigenas-com-emocao-e-adrenalina\/#breadcrumb"},"inLanguage":"pt-BR","potentialAction":[{"@type":"ReadAction","target":["https:\/\/www.correiobraziliense.com.br\/cbradar\/para-quem-gosta-de-invasoes-alienigenas-com-emocao-e-adrenalina\/"]}]},{"@type":"ImageObject","inLanguage":"pt-BR","@id":"https:\/\/www.correiobraziliense.com.br\/cbradar\/para-quem-gosta-de-invasoes-alienigenas-com-emocao-e-adrenalina\/#primaryimage","url":"https:\/\/www.correiobraziliense.com.br\/cbradar\/wp-content\/uploads\/2025\/04\/A-Quinta-Onda-2.png","contentUrl":"https:\/\/www.correiobraziliense.com.br\/cbradar\/wp-content\/uploads\/2025\/04\/A-Quinta-Onda-2.png","width":1280,"height":720,"caption":"A Quinta Onda. Fonte: divulga\u00e7\u00e3o \/ Sony Pictures"},{"@type":"BreadcrumbList","@id":"https:\/\/www.correiobraziliense.com.br\/cbradar\/para-quem-gosta-de-invasoes-alienigenas-com-emocao-e-adrenalina\/#breadcrumb","itemListElement":[{"@type":"ListItem","position":1,"name":"In\u00edcio","item":"https:\/\/www.correiobraziliense.com.br\/cbradar\/"},{"@type":"ListItem","position":2,"name":"Para quem gosta de invas\u00f5es alien\u00edgenas com emo\u00e7\u00e3o e adrenalina"}]},{"@type":"WebSite","@id":"https:\/\/www.correiobraziliense.com.br\/cbradar\/#website","url":"https:\/\/www.correiobraziliense.com.br\/cbradar\/","name":"Correio Braziliense - Radar","description":"Acompanhe as \u00faltimas not\u00edcias e fique bem informado sobre tudo o que acontece no Brasil e no mundo.","potentialAction":[{"@type":"SearchAction","target":{"@type":"EntryPoint","urlTemplate":"https:\/\/www.correiobraziliense.com.br\/cbradar\/?s={search_term_string}"},"query-input":{"@type":"PropertyValueSpecification","valueRequired":true,"valueName":"search_term_string"}}],"inLanguage":"pt-BR"},{"@type":"Person","@id":"https:\/\/www.correiobraziliense.com.br\/cbradar\/#\/schema\/person\/58422787644df994b53a19d3e56c1513","name":"Larissa Carvalho","image":{"@type":"ImageObject","inLanguage":"pt-BR","@id":"https:\/\/www.correiobraziliense.com.br\/cbradar\/#\/schema\/person\/image\/","url":"https:\/\/secure.gravatar.com\/avatar\/fe4f91a0de32b52a838d0d612abdc1aa?s=96&d=mm&r=g","contentUrl":"https:\/\/secure.gravatar.com\/avatar\/fe4f91a0de32b52a838d0d612abdc1aa?s=96&d=mm&r=g","caption":"Larissa Carvalho"},"url":"https:\/\/www.correiobraziliense.com.br\/cbradar\/author\/larissamyth\/"}]}},"_links":{"self":[{"href":"https:\/\/www.correiobraziliense.com.br\/cbradar\/wp-json\/wp\/v2\/posts\/28448","targetHints":{"allow":["GET"]}}],"collection":[{"href":"https:\/\/www.correiobraziliense.com.br\/cbradar\/wp-json\/wp\/v2\/posts"}],"about":[{"href":"https:\/\/www.correiobraziliense.com.br\/cbradar\/wp-json\/wp\/v2\/types\/post"}],"author":[{"embeddable":true,"href":"https:\/\/www.correiobraziliense.com.br\/cbradar\/wp-json\/wp\/v2\/users\/3"}],"replies":[{"embeddable":true,"href":"https:\/\/www.correiobraziliense.com.br\/cbradar\/wp-json\/wp\/v2\/comments?post=28448"}],"version-history":[{"count":1,"href":"https:\/\/www.correiobraziliense.com.br\/cbradar\/wp-json\/wp\/v2\/posts\/28448\/revisions"}],"predecessor-version":[{"id":28451,"href":"https:\/\/www.correiobraziliense.com.br\/cbradar\/wp-json\/wp\/v2\/posts\/28448\/revisions\/28451"}],"wp:featuredmedia":[{"embeddable":true,"href":"https:\/\/www.correiobraziliense.com.br\/cbradar\/wp-json\/wp\/v2\/media\/28450"}],"wp:attachment":[{"href":"https:\/\/www.correiobraziliense.com.br\/cbradar\/wp-json\/wp\/v2\/media?parent=28448"}],"wp:term":[{"taxonomy":"category","embeddable":true,"href":"https:\/\/www.correiobraziliense.com.br\/cbradar\/wp-json\/wp\/v2\/categories?post=28448"},{"taxonomy":"post_tag","embeddable":true,"href":"https:\/\/www.correiobraziliense.com.br\/cbradar\/wp-json\/wp\/v2\/post_tag?post=28448"}],"curies":[{"name":"wp","href":"https:\/\/api.w.org\/{rel}","templated":true}]}}