{"id":28452,"date":"2025-04-27T07:30:00","date_gmt":"2025-04-27T10:30:00","guid":{"rendered":"https:\/\/www.correiobraziliense.com.br\/cbradar\/?p=28452"},"modified":"2025-04-27T06:12:13","modified_gmt":"2025-04-27T09:12:13","slug":"essa-cidade-da-alemanha-aboliu-os-carros-no-centro-historico-ha-mais-de-20-anos","status":"publish","type":"post","link":"https:\/\/www.correiobraziliense.com.br\/cbradar\/essa-cidade-da-alemanha-aboliu-os-carros-no-centro-historico-ha-mais-de-20-anos\/","title":{"rendered":"Essa cidade da Alemanha aboliu os carros no centro hist\u00f3rico h\u00e1 mais de 20 anos"},"content":{"rendered":"\n<p>Na regi\u00e3o da <strong>Vestf\u00e1lia do Sul<\/strong>, na <strong>Alemanha<\/strong>, a cidade de <strong>Siegen<\/strong> implementou uma pol\u00edtica pioneira de mobilidade urbana ao proibir a circula\u00e7\u00e3o de ve\u00edculos automotores em seu centro hist\u00f3rico. Desde 1970, a <strong>K\u00f6lner Stra\u00dfe<\/strong>, principal rua da<strong> Cidade Alta<\/strong>, foi transformada em uma zona exclusiva para pedestres. Dois anos depois, em 1972, a Bahnhofstra\u00dfe, principal via da Cidade Baixa, tamb\u00e9m se tornou uma \u00e1rea livre de carros. Essas medidas visaram melhorar a qualidade de vida dos moradores e preservar o patrim\u00f4nio hist\u00f3rico da cidade.\u200b<a href=\"https:\/\/pt.wikipedia.org\/wiki\/Siegen?utm_source=chatgpt.com\" target=\"_blank\" rel=\"noreferrer noopener\"><\/a><\/p>\n\n\n\n<h2 class=\"wp-block-heading\">Transforma\u00e7\u00e3o urbana e qualidade de vida<\/h2>\n\n\n\n<p>A decis\u00e3o de restringir o tr\u00e1fego de ve\u00edculos no centro hist\u00f3rico de <strong>Siegen<\/strong> resultou em uma s\u00e9rie de benef\u00edcios para a popula\u00e7\u00e3o local. A redu\u00e7\u00e3o da polui\u00e7\u00e3o sonora e do ar contribuiu para um ambiente mais saud\u00e1vel e agrad\u00e1vel. Al\u00e9m disso, as \u00e1reas exclusivas para pedestres incentivaram o com\u00e9rcio local e o turismo, fortalecendo a economia da cidade.<\/p>\n\n\n\n<h2 class=\"wp-block-heading\">Preserva\u00e7\u00e3o do patrim\u00f4nio hist\u00f3rico<\/h2>\n\n\n\n<p>Com a diminui\u00e7\u00e3o do tr\u00e1fego de ve\u00edculos, <strong>Siegen<\/strong> conseguiu preservar melhor suas constru\u00e7\u00f5es hist\u00f3ricas, muitas das quais datam dos s\u00e9culos XVII a XIX. A aus\u00eancia de carros nas ruas centrais reduziu o risco de danos \u00e0s estruturas antigas e permitiu uma aprecia\u00e7\u00e3o mais tranquila da arquitetura local.\u200b<\/p>\n\n\n\n<figure class=\"wp-block-image size-large\"><img decoding=\"async\" width=\"1024\" height=\"576\" src=\"https:\/\/www.correiobraziliense.com.br\/cbradar\/wp-content\/uploads\/2025\/04\/Siegen_1745628023994-1024x576.jpg\" alt=\"Essa cidade da Alemanha aboliu os carros no centro hist\u00f3rico h\u00e1 mais de 20 anos\" class=\"wp-image-28454\" srcset=\"https:\/\/www.correiobraziliense.com.br\/cbradar\/wp-content\/uploads\/2025\/04\/Siegen_1745628023994-1024x576.jpg 1024w, https:\/\/www.correiobraziliense.com.br\/cbradar\/wp-content\/uploads\/2025\/04\/Siegen_1745628023994-300x169.jpg 300w, https:\/\/www.correiobraziliense.com.br\/cbradar\/wp-content\/uploads\/2025\/04\/Siegen_1745628023994-768x432.jpg 768w, https:\/\/www.correiobraziliense.com.br\/cbradar\/wp-content\/uploads\/2025\/04\/Siegen_1745628023994-750x422.jpg 750w, https:\/\/www.correiobraziliense.com.br\/cbradar\/wp-content\/uploads\/2025\/04\/Siegen_1745628023994-1140x641.jpg 1140w, https:\/\/www.correiobraziliense.com.br\/cbradar\/wp-content\/uploads\/2025\/04\/Siegen_1745628023994.jpg 1280w\" sizes=\"(max-width: 1024px) 100vw, 1024px\" \/><figcaption class=\"wp-element-caption\">Siegen. Cr\u00e9ditos: depositphotos.com \/ jonnysek<\/figcaption><\/figure>\n\n\n\n<h2 class=\"wp-block-heading\">Mobilidade alternativa e sustentabilidade<\/h2>\n\n\n\n<p>A cidade investiu em infraestrutura para promover meios de transporte alternativos, como ciclovias e cal\u00e7adas amplas, incentivando os moradores a adotarem modos de locomo\u00e7\u00e3o mais sustent\u00e1veis. Essas iniciativas alinham-se com os objetivos de desenvolvimento urbano sustent\u00e1vel e servem de exemplo para outras cidades que buscam solu\u00e7\u00f5es semelhantes.\u200b<\/p>\n\n\n\n<h2 class=\"wp-block-heading\">Quais s\u00e3o os principais pontos tur\u00edsticos para visitar?<\/h2>\n\n\n\n<ul class=\"wp-block-list\">\n<li><strong>Castelo de Siegen<\/strong>: uma fortaleza hist\u00f3rica que oferece uma vista panor\u00e2mica da cidade.\u200b<\/li>\n\n\n\n<li><strong>Museu Siegerland<\/strong>: abriga exposi\u00e7\u00f5es sobre a hist\u00f3ria e a cultura da regi\u00e3o.\u200b<\/li>\n\n\n\n<li><strong>Igreja de S\u00e3o Nicolau<\/strong>: uma das constru\u00e7\u00f5es mais antigas da cidade, com arquitetura impressionante.\u200b<\/li>\n\n\n\n<li><strong>Centro Cultural Apollo<\/strong>: oferece uma variedade de apresenta\u00e7\u00f5es art\u00edsticas e culturais.<\/li>\n<\/ul>\n\n\n\n<h2 class=\"wp-block-heading\">Vale a pena morar?<\/h2>\n\n\n\n<p>Para quem busca uma cidade com qualidade de vida elevada, infraestrutura voltada para pedestres e um ambiente urbano sustent\u00e1vel, <strong>Siegen<\/strong> \u00e9 uma excelente op\u00e7\u00e3o. A cidade combina o charme hist\u00f3rico com as comodidades modernas, proporcionando um estilo de vida equilibrado.\u200b<\/p>\n\n\n\n<h2 class=\"wp-block-heading\">Vale a pena visitar?<\/h2>\n\n\n\n<p>Sem d\u00favida. <strong>Siegen<\/strong> oferece aos visitantes uma experi\u00eancia \u00fanica de imers\u00e3o em um centro hist\u00f3rico livre de carros, onde \u00e9 poss\u00edvel explorar a cidade a p\u00e9, apreciar sua arquitetura e desfrutar de uma atmosfera tranquila e acolhedora.<\/p>\n","protected":false},"excerpt":{"rendered":"<p>Siegen, na Alemanha, aboliu os carros no centro hist\u00f3rico h\u00e1 mais de 20 anos, promovendo qualidade de vida e preserva\u00e7\u00e3o do patrim\u00f4nio.<\/p>\n","protected":false},"author":3,"featured_media":28453,"comment_status":"open","ping_status":"open","sticky":false,"template":"","format":"standard","meta":{"_yoast_wpseo_focuskw":"cidade aboliu carros","_yoast_wpseo_title":"%%title%%","_yoast_wpseo_metadesc":"Siegen, na Alemanha, aboliu os carros no centro hist\u00f3rico h\u00e1 mais de 20 anos, promovendo qualidade de vida e preserva\u00e7\u00e3o do patrim\u00f4nio.","jnews-multi-image_gallery":[],"jnews_single_post":{"format":"standard"},"jnews_primary_category":[],"jnews_social_meta":[],"jnews_override_counter":[],"footnotes":""},"categories":[108],"post_tag":[109],"class_list":["post-28452","post","type-post","status-publish","format-standard","has-post-thumbnail","hentry","category-cidades","tag-cidades"],"yoast_head":"<!-- This site is optimized with the Yoast SEO plugin v24.6 - https:\/\/yoast.com\/wordpress\/plugins\/seo\/ -->\n<title>Essa cidade da Alemanha aboliu os carros no centro hist\u00f3rico h\u00e1 mais de 20 anos<\/title>\n<meta name=\"description\" content=\"Siegen, na Alemanha, aboliu os carros no centro hist\u00f3rico h\u00e1 mais de 20 anos, promovendo qualidade de vida e preserva\u00e7\u00e3o do patrim\u00f4nio.\" \/>\n<meta name=\"robots\" content=\"index, follow, max-snippet:-1, max-image-preview:large, max-video-preview:-1\" \/>\n<link rel=\"canonical\" href=\"https:\/\/www.correiobraziliense.com.br\/cbradar\/essa-cidade-da-alemanha-aboliu-os-carros-no-centro-historico-ha-mais-de-20-anos\/\" \/>\n<meta property=\"og:locale\" content=\"pt_BR\" \/>\n<meta property=\"og:type\" content=\"article\" \/>\n<meta property=\"og:title\" content=\"Essa cidade da Alemanha aboliu os carros no centro hist\u00f3rico h\u00e1 mais de 20 anos\" \/>\n<meta property=\"og:description\" content=\"Siegen, na Alemanha, aboliu os carros no centro hist\u00f3rico h\u00e1 mais de 20 anos, promovendo qualidade de vida e preserva\u00e7\u00e3o do patrim\u00f4nio.\" \/>\n<meta property=\"og:url\" content=\"https:\/\/www.correiobraziliense.com.br\/cbradar\/essa-cidade-da-alemanha-aboliu-os-carros-no-centro-historico-ha-mais-de-20-anos\/\" \/>\n<meta property=\"og:site_name\" content=\"Correio Braziliense - Radar\" \/>\n<meta property=\"article:published_time\" content=\"2025-04-27T10:30:00+00:00\" \/>\n<meta property=\"og:image\" content=\"https:\/\/www.correiobraziliense.com.br\/cbradar\/wp-content\/uploads\/2025\/04\/Siegen_1745627994733.jpg\" \/>\n\t<meta property=\"og:image:width\" content=\"1279\" \/>\n\t<meta property=\"og:image:height\" content=\"720\" \/>\n\t<meta property=\"og:image:type\" content=\"image\/jpeg\" \/>\n<meta name=\"author\" content=\"Larissa Carvalho\" \/>\n<meta name=\"twitter:card\" content=\"summary_large_image\" \/>\n<meta name=\"twitter:label1\" content=\"Escrito por\" \/>\n\t<meta name=\"twitter:data1\" content=\"Larissa Carvalho\" \/>\n\t<meta name=\"twitter:label2\" content=\"Est. tempo de leitura\" \/>\n\t<meta name=\"twitter:data2\" content=\"3 minutos\" \/>\n<!-- \/ Yoast SEO plugin. -->","yoast_head_json":{"title":"Essa cidade da Alemanha aboliu os carros no centro hist\u00f3rico h\u00e1 mais de 20 anos","description":"Siegen, na Alemanha, aboliu os carros no centro hist\u00f3rico h\u00e1 mais de 20 anos, promovendo qualidade de vida e preserva\u00e7\u00e3o do patrim\u00f4nio.","robots":{"index":"index","follow":"follow","max-snippet":"max-snippet:-1","max-image-preview":"max-image-preview:large","max-video-preview":"max-video-preview:-1"},"canonical":"https:\/\/www.correiobraziliense.com.br\/cbradar\/essa-cidade-da-alemanha-aboliu-os-carros-no-centro-historico-ha-mais-de-20-anos\/","og_locale":"pt_BR","og_type":"article","og_title":"Essa cidade da Alemanha aboliu os carros no centro hist\u00f3rico h\u00e1 mais de 20 anos","og_description":"Siegen, na Alemanha, aboliu os carros no centro hist\u00f3rico h\u00e1 mais de 20 anos, promovendo qualidade de vida e preserva\u00e7\u00e3o do patrim\u00f4nio.","og_url":"https:\/\/www.correiobraziliense.com.br\/cbradar\/essa-cidade-da-alemanha-aboliu-os-carros-no-centro-historico-ha-mais-de-20-anos\/","og_site_name":"Correio Braziliense - Radar","article_published_time":"2025-04-27T10:30:00+00:00","og_image":[{"width":1279,"height":720,"url":"https:\/\/www.correiobraziliense.com.br\/cbradar\/wp-content\/uploads\/2025\/04\/Siegen_1745627994733.jpg","type":"image\/jpeg"}],"author":"Larissa Carvalho","twitter_card":"summary_large_image","twitter_misc":{"Escrito por":"Larissa Carvalho","Est. tempo de leitura":"3 minutos"},"schema":{"@context":"https:\/\/schema.org","@graph":[{"@type":"WebPage","@id":"https:\/\/www.correiobraziliense.com.br\/cbradar\/essa-cidade-da-alemanha-aboliu-os-carros-no-centro-historico-ha-mais-de-20-anos\/","url":"https:\/\/www.correiobraziliense.com.br\/cbradar\/essa-cidade-da-alemanha-aboliu-os-carros-no-centro-historico-ha-mais-de-20-anos\/","name":"Essa cidade da Alemanha aboliu os carros no centro hist\u00f3rico h\u00e1 mais de 20 anos","isPartOf":{"@id":"https:\/\/www.correiobraziliense.com.br\/cbradar\/#website"},"primaryImageOfPage":{"@id":"https:\/\/www.correiobraziliense.com.br\/cbradar\/essa-cidade-da-alemanha-aboliu-os-carros-no-centro-historico-ha-mais-de-20-anos\/#primaryimage"},"image":{"@id":"https:\/\/www.correiobraziliense.com.br\/cbradar\/essa-cidade-da-alemanha-aboliu-os-carros-no-centro-historico-ha-mais-de-20-anos\/#primaryimage"},"thumbnailUrl":"https:\/\/www.correiobraziliense.com.br\/cbradar\/wp-content\/uploads\/2025\/04\/Siegen_1745627994733.jpg","datePublished":"2025-04-27T10:30:00+00:00","author":{"@id":"https:\/\/www.correiobraziliense.com.br\/cbradar\/#\/schema\/person\/58422787644df994b53a19d3e56c1513"},"description":"Siegen, na Alemanha, aboliu os carros no centro hist\u00f3rico h\u00e1 mais de 20 anos, promovendo qualidade de vida e preserva\u00e7\u00e3o do patrim\u00f4nio.","breadcrumb":{"@id":"https:\/\/www.correiobraziliense.com.br\/cbradar\/essa-cidade-da-alemanha-aboliu-os-carros-no-centro-historico-ha-mais-de-20-anos\/#breadcrumb"},"inLanguage":"pt-BR","potentialAction":[{"@type":"ReadAction","target":["https:\/\/www.correiobraziliense.com.br\/cbradar\/essa-cidade-da-alemanha-aboliu-os-carros-no-centro-historico-ha-mais-de-20-anos\/"]}]},{"@type":"ImageObject","inLanguage":"pt-BR","@id":"https:\/\/www.correiobraziliense.com.br\/cbradar\/essa-cidade-da-alemanha-aboliu-os-carros-no-centro-historico-ha-mais-de-20-anos\/#primaryimage","url":"https:\/\/www.correiobraziliense.com.br\/cbradar\/wp-content\/uploads\/2025\/04\/Siegen_1745627994733.jpg","contentUrl":"https:\/\/www.correiobraziliense.com.br\/cbradar\/wp-content\/uploads\/2025\/04\/Siegen_1745627994733.jpg","width":1279,"height":720,"caption":"Siegen. Cr\u00e9ditos: depositphotos.com \/ schneiderfoto"},{"@type":"BreadcrumbList","@id":"https:\/\/www.correiobraziliense.com.br\/cbradar\/essa-cidade-da-alemanha-aboliu-os-carros-no-centro-historico-ha-mais-de-20-anos\/#breadcrumb","itemListElement":[{"@type":"ListItem","position":1,"name":"In\u00edcio","item":"https:\/\/www.correiobraziliense.com.br\/cbradar\/"},{"@type":"ListItem","position":2,"name":"Essa cidade da Alemanha aboliu os carros no centro hist\u00f3rico h\u00e1 mais de 20 anos"}]},{"@type":"WebSite","@id":"https:\/\/www.correiobraziliense.com.br\/cbradar\/#website","url":"https:\/\/www.correiobraziliense.com.br\/cbradar\/","name":"Correio Braziliense - Radar","description":"Acompanhe as \u00faltimas not\u00edcias e fique bem informado sobre tudo o que acontece no Brasil e no mundo.","potentialAction":[{"@type":"SearchAction","target":{"@type":"EntryPoint","urlTemplate":"https:\/\/www.correiobraziliense.com.br\/cbradar\/?s={search_term_string}"},"query-input":{"@type":"PropertyValueSpecification","valueRequired":true,"valueName":"search_term_string"}}],"inLanguage":"pt-BR"},{"@type":"Person","@id":"https:\/\/www.correiobraziliense.com.br\/cbradar\/#\/schema\/person\/58422787644df994b53a19d3e56c1513","name":"Larissa Carvalho","image":{"@type":"ImageObject","inLanguage":"pt-BR","@id":"https:\/\/www.correiobraziliense.com.br\/cbradar\/#\/schema\/person\/image\/","url":"https:\/\/secure.gravatar.com\/avatar\/fe4f91a0de32b52a838d0d612abdc1aa?s=96&d=mm&r=g","contentUrl":"https:\/\/secure.gravatar.com\/avatar\/fe4f91a0de32b52a838d0d612abdc1aa?s=96&d=mm&r=g","caption":"Larissa Carvalho"},"url":"https:\/\/www.correiobraziliense.com.br\/cbradar\/author\/larissamyth\/"}]}},"_links":{"self":[{"href":"https:\/\/www.correiobraziliense.com.br\/cbradar\/wp-json\/wp\/v2\/posts\/28452","targetHints":{"allow":["GET"]}}],"collection":[{"href":"https:\/\/www.correiobraziliense.com.br\/cbradar\/wp-json\/wp\/v2\/posts"}],"about":[{"href":"https:\/\/www.correiobraziliense.com.br\/cbradar\/wp-json\/wp\/v2\/types\/post"}],"author":[{"embeddable":true,"href":"https:\/\/www.correiobraziliense.com.br\/cbradar\/wp-json\/wp\/v2\/users\/3"}],"replies":[{"embeddable":true,"href":"https:\/\/www.correiobraziliense.com.br\/cbradar\/wp-json\/wp\/v2\/comments?post=28452"}],"version-history":[{"count":2,"href":"https:\/\/www.correiobraziliense.com.br\/cbradar\/wp-json\/wp\/v2\/posts\/28452\/revisions"}],"predecessor-version":[{"id":28997,"href":"https:\/\/www.correiobraziliense.com.br\/cbradar\/wp-json\/wp\/v2\/posts\/28452\/revisions\/28997"}],"wp:featuredmedia":[{"embeddable":true,"href":"https:\/\/www.correiobraziliense.com.br\/cbradar\/wp-json\/wp\/v2\/media\/28453"}],"wp:attachment":[{"href":"https:\/\/www.correiobraziliense.com.br\/cbradar\/wp-json\/wp\/v2\/media?parent=28452"}],"wp:term":[{"taxonomy":"category","embeddable":true,"href":"https:\/\/www.correiobraziliense.com.br\/cbradar\/wp-json\/wp\/v2\/categories?post=28452"},{"taxonomy":"post_tag","embeddable":true,"href":"https:\/\/www.correiobraziliense.com.br\/cbradar\/wp-json\/wp\/v2\/post_tag?post=28452"}],"curies":[{"name":"wp","href":"https:\/\/api.w.org\/{rel}","templated":true}]}}