{"id":28465,"date":"2025-04-26T21:50:00","date_gmt":"2025-04-27T00:50:00","guid":{"rendered":"https:\/\/www.correiobraziliense.com.br\/cbradar\/?p=28465"},"modified":"2025-04-26T01:15:17","modified_gmt":"2025-04-26T04:15:17","slug":"encontre-qualidade-de-vida-e-paisagens-incriveis-em-um-so-lugar","status":"publish","type":"post","link":"https:\/\/www.correiobraziliense.com.br\/cbradar\/encontre-qualidade-de-vida-e-paisagens-incriveis-em-um-so-lugar\/","title":{"rendered":"Encontre qualidade de vida e paisagens incr\u00edveis em um s\u00f3 lugar"},"content":{"rendered":"\n<p><strong><a href=\"https:\/\/prefeitura.pbh.gov.br\/\" target=\"_blank\" rel=\"noreferrer noopener\">Belo Horizonte<\/a><\/strong>, a capital de <strong><a href=\"https:\/\/www.correiobraziliense.com.br\/cbradar\/cidade-no-interior-de-minas-gerais-e-uma-das-melhores-para-se-viver\/\" target=\"_blank\" rel=\"noreferrer noopener\">Minas Gerais<\/a><\/strong>, \u00e9 uma cidade que tem muito a oferecer aos seus moradores e visitantes. Localizada no cora\u00e7\u00e3o do <strong>Brasil<\/strong>, a cidade combina a simplicidade da vida mineira com a sofistica\u00e7\u00e3o de um grande centro urbano. Em cada esquina, h\u00e1 algo novo para descobrir, seja na cultura, na gastronomia ou nas belezas naturais que cercam a cidade. Neste artigo, vamos explorar por que <strong>Belo Horizonte<\/strong> \u00e9 um dos melhores lugares para viver e um destino imperd\u00edvel para quem busca experi\u00eancias aut\u00eanticas.<\/p>\n\n\n\n<h2 class=\"wp-block-heading\">Qualidade de vida em Belo Horizonte<\/h2>\n\n\n\n<p>Quando se fala em qualidade de vida, <strong>Belo Horizonte<\/strong> se destaca como uma das capitais mais agrad\u00e1veis do Brasil. A cidade possui uma infraestrutura de servi\u00e7os p\u00fablicos eficiente e um custo de vida razo\u00e1vel, especialmente se comparado a outras grandes metr\u00f3poles brasileiras. Al\u00e9m disso, a cidade tem um clima ameno, com temperaturas agrad\u00e1veis durante a maior parte do ano, e \u00e9 rodeada por montanhas, proporcionando uma vista deslumbrante e muitas op\u00e7\u00f5es de lazer ao ar livre.<\/p>\n\n\n\n<p>Um dos grandes atrativos de <strong>Belo Horizonte<\/strong> \u00e9 a sua seguran\u00e7a, que, embora n\u00e3o isenta de desafios, apresenta \u00edndices mais baixos de criminalidade em compara\u00e7\u00e3o com outras grandes capitais do pa\u00eds. Al\u00e9m disso, a cidade tem se tornado cada vez mais acess\u00edvel, com um transporte p\u00fablico de qualidade e investimentos em infraestrutura que tornam a vida mais f\u00e1cil para quem mora ou visita.<\/p>\n\n\n<div class=\"wp-block-image\">\n<figure class=\"aligncenter size-large\"><img decoding=\"async\" width=\"1024\" height=\"576\" src=\"https:\/\/www.correiobraziliense.com.br\/cbradar\/wp-content\/uploads\/2025\/03\/belo-horizonte_1741057637038-1024x576.jpg\" alt=\"Qualidade de vida e paisagens incr\u00edveis em uma s\u00f3 cidade\" class=\"wp-image-8694\" srcset=\"https:\/\/www.correiobraziliense.com.br\/cbradar\/wp-content\/uploads\/2025\/03\/belo-horizonte_1741057637038-1024x576.jpg 1024w, https:\/\/www.correiobraziliense.com.br\/cbradar\/wp-content\/uploads\/2025\/03\/belo-horizonte_1741057637038-300x169.jpg 300w, https:\/\/www.correiobraziliense.com.br\/cbradar\/wp-content\/uploads\/2025\/03\/belo-horizonte_1741057637038-768x432.jpg 768w, https:\/\/www.correiobraziliense.com.br\/cbradar\/wp-content\/uploads\/2025\/03\/belo-horizonte_1741057637038-750x422.jpg 750w, https:\/\/www.correiobraziliense.com.br\/cbradar\/wp-content\/uploads\/2025\/03\/belo-horizonte_1741057637038-1140x641.jpg 1140w, https:\/\/www.correiobraziliense.com.br\/cbradar\/wp-content\/uploads\/2025\/03\/belo-horizonte_1741057637038.jpg 1280w\" sizes=\"(max-width: 1024px) 100vw, 1024px\" \/><figcaption class=\"wp-element-caption\">Belo Horizonte, Minas Gerais \/\/ Cr\u00e9ditos: depositphotos.com \/ PedroTruffi<\/figcaption><\/figure><\/div>\n\n\n<h2 class=\"wp-block-heading\">Educa\u00e7\u00e3o de excel\u00eancia e acessibilidade<\/h2>\n\n\n\n<p>A educa\u00e7\u00e3o \u00e9 um dos pilares que sustenta o desenvolvimento de <strong>Belo Horizonte<\/strong>. A cidade oferece diversas op\u00e7\u00f5es de ensino de qualidade, tanto na rede p\u00fablica quanto privada. A <strong>Universidade Federal de Minas Gerais (UFMG)<\/strong>, uma das mais prestigiadas do Brasil, tem sua sede na cidade, atraindo estudantes de todo o pa\u00eds. Al\u00e9m disso, <strong>Belo Horizonte<\/strong> conta com v\u00e1rias escolas de ensino fundamental e m\u00e9dio que se destacam pelo n\u00edvel de ensino e por estarem sempre buscando inova\u00e7\u00f5es pedag\u00f3gicas.<\/p>\n\n\n\n<p>A cidade tamb\u00e9m possui v\u00e1rias institui\u00e7\u00f5es de ensino superior, o que faz dela um polo educacional importante, n\u00e3o apenas para Minas Gerais, mas para o Brasil como um todo. Esses investimentos em educa\u00e7\u00e3o garantem a forma\u00e7\u00e3o de profissionais altamente capacitados, o que reflete diretamente no mercado de trabalho local e no desenvolvimento econ\u00f4mico da cidade.<\/p>\n\n\n\n<h2 class=\"wp-block-heading\">Turismo recheado de belezas naturais<\/h2>\n\n\n\n<p><strong>Belo Horizonte<\/strong> \u00e9 um destino tur\u00edstico em constante crescimento. A cidade possui uma rica hist\u00f3ria e uma cultura vibrante, que se reflete em suas ruas, pra\u00e7as e monumentos. O <strong>Conjunto Arquitet\u00f4nico da Pampulha<\/strong>, projetado pelo renomado Oscar Niemeyer, \u00e9 um dos maiores exemplos da beleza e sofistica\u00e7\u00e3o da cidade. O conjunto inclui a famosa <strong>Igreja de S\u00e3o Francisco de Assis<\/strong>, considerada uma das mais belas obras do modernismo brasileiro.<\/p>\n\n\n\n<p>Al\u00e9m disso, <strong>Belo Horizonte<\/strong> \u00e9 famosa por sua culin\u00e1ria, com destaque para o tradicional <strong>p\u00e3o de queijo<\/strong> e os pratos t\u00edpicos como a <strong>feijoada<\/strong> e a <strong>tropeira<\/strong>. A cidade conta com uma enorme variedade de restaurantes, bares e mercados que servem as del\u00edcias da gastronomia mineira, sendo o <strong>Mercado Central de Belo Horizonte<\/strong> um dos pontos tur\u00edsticos mais famosos, onde \u00e9 poss\u00edvel experimentar os melhores sabores locais.<\/p>\n\n\n\n<p>Mas <strong>Belo Horizonte<\/strong> n\u00e3o se limita \u00e0 cidade em si. Ao redor dela, h\u00e1 diversos parques naturais e op\u00e7\u00f5es de ecoturismo que atraem visitantes em busca de contato com a natureza. As <strong>Serras do Curral<\/strong>, que cercam a cidade, s\u00e3o perfeitas para quem gosta de caminhadas e trilhas, e o <strong>Parque das Mangabeiras<\/strong> oferece uma vista espetacular da cidade.<\/p>\n\n\n\n<h2 class=\"wp-block-heading\">Cultura encantadora<\/h2>\n\n\n\n<p>A cultura de <strong>Belo Horizonte<\/strong> \u00e9 marcada pelo calor humano e pela hospitalidade t\u00edpica dos mineiros. A cidade possui uma rica tradi\u00e7\u00e3o cultural, com diversos eventos que acontecem ao longo do ano, como o <strong>Festival Internacional de Teatro de Belo Horizonte<\/strong> e a <strong>Festa Junina de Belo Horizonte<\/strong>, que re\u00fane milhares de pessoas para celebrar as tradi\u00e7\u00f5es do interior de <strong>Minas Gerais<\/strong>.<\/p>\n\n\n\n<p>Outro grande atrativo da cidade \u00e9 o <strong>Carnaval de Belo Horizonte<\/strong>, que tem se tornado cada vez mais popular, com blocos de rua e festas que levam a cidade a um n\u00edvel de anima\u00e7\u00e3o incr\u00edvel. A m\u00fasica tamb\u00e9m \u00e9 uma das grandes paix\u00f5es dos belorizontinos, com o <strong>Centro Cultural Banco do Brasil (CCBB)<\/strong> e o <strong>Pal\u00e1cio das Artes<\/strong> oferecendo espet\u00e1culos de m\u00fasica, teatro e dan\u00e7a durante todo o ano.<\/p>\n\n\n\n<h2 class=\"wp-block-heading\">Sustentabilidade e preserva\u00e7\u00e3o ambiental<\/h2>\n\n\n\n<p>Nos \u00faltimos anos, <strong>Belo Horizonte<\/strong> tem investido de forma significativa em sustentabilidade. A cidade busca equilibrar seu crescimento com a preserva\u00e7\u00e3o ambiental, adotando iniciativas como o uso de energia solar em espa\u00e7os p\u00fablicos, a cria\u00e7\u00e3o de \u00e1reas verdes e a amplia\u00e7\u00e3o de projetos de mobilidade urbana sustent\u00e1vel. <strong>Belo Horizonte<\/strong> tem se tornado um exemplo de como uma cidade pode crescer de maneira sustent\u00e1vel, melhorando a qualidade de vida para seus habitantes.<\/p>\n\n\n\n<p>Al\u00e9m disso, a cidade tem se esfor\u00e7ado para criar mais espa\u00e7os p\u00fablicos e melhorar a infraestrutura de transporte, como a amplia\u00e7\u00e3o de ciclovias e o desenvolvimento de um sistema de \u00f4nibus eficiente. Esses investimentos t\u00eam contribu\u00eddo para tornar a cidade ainda mais acess\u00edvel e agrad\u00e1vel para quem mora ou visita.<\/p>\n\n\n\n<h2 class=\"wp-block-heading\">Vale a pena morar em Belo Horizonte?<\/h2>\n\n\n\n<p>Sim, definitivamente vale a pena morar em <strong>Belo Horizonte<\/strong>. Com uma excelente qualidade de vida, infraestrutura de primeira, oportunidades educacionais e uma cultura rica e acolhedora, <strong>Belo Horizonte<\/strong> oferece tudo o que voc\u00ea precisa para uma vida plena e equilibrada. A cidade est\u00e1 em constante desenvolvimento, mas sem perder sua ess\u00eancia mineira, o que a torna um lugar \u00fanico e encantador para viver.<\/p>\n\n\n\n<h2 class=\"wp-block-heading\">Vale a pena visitar Belo Horizonte?<\/h2>\n\n\n\n<p>Se voc\u00ea ainda n\u00e3o conhece <strong>Belo Horizonte<\/strong>, est\u00e1 na hora de colocar a cidade na sua lista de destinos tur\u00edsticos. Com suas paisagens deslumbrantes, gastronomia de dar \u00e1gua na boca, rica cultura e eventos que fazem qualquer visitante se sentir em casa, <strong>Belo Horizonte<\/strong> \u00e9 um lugar que encanta a todos. Al\u00e9m disso, a hospitalidade dos belorizontinos torna qualquer visita ainda mais especial. N\u00e3o deixe de explorar tudo o que essa capital mineira tem a oferecer!<\/p>\n","protected":false},"excerpt":{"rendered":"<p>Belo Horizonte, a capital de Minas Gerais, \u00e9 uma cidade que tem muito a oferecer aos seus moradores e visitantes. Localizada no cora\u00e7\u00e3o do Brasil, a cidade combina a simplicidade da vida mineira com a sofistica\u00e7\u00e3o de um grande centro urbano. Em cada esquina, h\u00e1 algo novo para descobrir, seja na cultura, na gastronomia ou [&hellip;]<\/p>\n","protected":false},"author":8,"featured_media":6700,"comment_status":"open","ping_status":"open","sticky":false,"template":"","format":"standard","meta":{"_yoast_wpseo_focuskw":"qualidade","_yoast_wpseo_title":"","_yoast_wpseo_metadesc":"Em uma cidade mineira com qualidade de vida incompar\u00e1vel, a natureza \u00e9 a protagonista. Saiba por que esse lugar \u00e9 \u00fanico.","jnews-multi-image_gallery":[],"jnews_single_post":{"format":"standard"},"jnews_primary_category":[],"jnews_social_meta":[],"jnews_override_counter":[],"footnotes":""},"categories":[108],"tags":[1213,247],"class_list":["post-28465","post","type-post","status-publish","format-standard","has-post-thumbnail","hentry","category-cidades","tag-belo-horizonte","tag-qualidade-de-vida"],"yoast_head":"<!-- This site is optimized with the Yoast SEO plugin v24.6 - https:\/\/yoast.com\/wordpress\/plugins\/seo\/ -->\n<title>Encontre qualidade de vida e paisagens incr\u00edveis em um s\u00f3 lugar - Correio Braziliense - Radar<\/title>\n<meta name=\"description\" content=\"Em uma cidade mineira com qualidade de vida incompar\u00e1vel, a natureza \u00e9 a protagonista. Saiba por que esse lugar \u00e9 \u00fanico.\" \/>\n<meta name=\"robots\" content=\"index, follow, max-snippet:-1, max-image-preview:large, max-video-preview:-1\" \/>\n<link rel=\"canonical\" href=\"https:\/\/www.correiobraziliense.com.br\/cbradar\/encontre-qualidade-de-vida-e-paisagens-incriveis-em-um-so-lugar\/\" \/>\n<meta property=\"og:locale\" content=\"pt_BR\" \/>\n<meta property=\"og:type\" content=\"article\" \/>\n<meta property=\"og:title\" content=\"Encontre qualidade de vida e paisagens incr\u00edveis em um s\u00f3 lugar - Correio Braziliense - Radar\" \/>\n<meta property=\"og:description\" content=\"Em uma cidade mineira com qualidade de vida incompar\u00e1vel, a natureza \u00e9 a protagonista. Saiba por que esse lugar \u00e9 \u00fanico.\" \/>\n<meta property=\"og:url\" content=\"https:\/\/www.correiobraziliense.com.br\/cbradar\/encontre-qualidade-de-vida-e-paisagens-incriveis-em-um-so-lugar\/\" \/>\n<meta property=\"og:site_name\" content=\"Correio Braziliense - Radar\" \/>\n<meta property=\"article:published_time\" content=\"2025-04-27T00:50:00+00:00\" \/>\n<meta property=\"og:image\" content=\"https:\/\/www.correiobraziliense.com.br\/cbradar\/wp-content\/uploads\/2025\/02\/belo-horizonte_1740635165652.jpg\" \/>\n\t<meta property=\"og:image:width\" content=\"1280\" \/>\n\t<meta property=\"og:image:height\" content=\"720\" \/>\n\t<meta property=\"og:image:type\" content=\"image\/jpeg\" \/>\n<meta name=\"author\" content=\"Maura Pereira\" \/>\n<meta name=\"twitter:card\" content=\"summary_large_image\" \/>\n<meta name=\"twitter:label1\" content=\"Escrito por\" \/>\n\t<meta name=\"twitter:data1\" content=\"Maura Pereira\" \/>\n\t<meta name=\"twitter:label2\" content=\"Est. tempo de leitura\" \/>\n\t<meta name=\"twitter:data2\" content=\"6 minutos\" \/>\n<!-- \/ Yoast SEO plugin. -->","yoast_head_json":{"title":"Encontre qualidade de vida e paisagens incr\u00edveis em um s\u00f3 lugar - Correio Braziliense - Radar","description":"Em uma cidade mineira com qualidade de vida incompar\u00e1vel, a natureza \u00e9 a protagonista. Saiba por que esse lugar \u00e9 \u00fanico.","robots":{"index":"index","follow":"follow","max-snippet":"max-snippet:-1","max-image-preview":"max-image-preview:large","max-video-preview":"max-video-preview:-1"},"canonical":"https:\/\/www.correiobraziliense.com.br\/cbradar\/encontre-qualidade-de-vida-e-paisagens-incriveis-em-um-so-lugar\/","og_locale":"pt_BR","og_type":"article","og_title":"Encontre qualidade de vida e paisagens incr\u00edveis em um s\u00f3 lugar - Correio Braziliense - Radar","og_description":"Em uma cidade mineira com qualidade de vida incompar\u00e1vel, a natureza \u00e9 a protagonista. Saiba por que esse lugar \u00e9 \u00fanico.","og_url":"https:\/\/www.correiobraziliense.com.br\/cbradar\/encontre-qualidade-de-vida-e-paisagens-incriveis-em-um-so-lugar\/","og_site_name":"Correio Braziliense - Radar","article_published_time":"2025-04-27T00:50:00+00:00","og_image":[{"width":1280,"height":720,"url":"https:\/\/www.correiobraziliense.com.br\/cbradar\/wp-content\/uploads\/2025\/02\/belo-horizonte_1740635165652.jpg","type":"image\/jpeg"}],"author":"Maura Pereira","twitter_card":"summary_large_image","twitter_misc":{"Escrito por":"Maura Pereira","Est. tempo de leitura":"6 minutos"},"schema":{"@context":"https:\/\/schema.org","@graph":[{"@type":"WebPage","@id":"https:\/\/www.correiobraziliense.com.br\/cbradar\/encontre-qualidade-de-vida-e-paisagens-incriveis-em-um-so-lugar\/","url":"https:\/\/www.correiobraziliense.com.br\/cbradar\/encontre-qualidade-de-vida-e-paisagens-incriveis-em-um-so-lugar\/","name":"Encontre qualidade de vida e paisagens incr\u00edveis em um s\u00f3 lugar - Correio Braziliense - Radar","isPartOf":{"@id":"https:\/\/www.correiobraziliense.com.br\/cbradar\/#website"},"primaryImageOfPage":{"@id":"https:\/\/www.correiobraziliense.com.br\/cbradar\/encontre-qualidade-de-vida-e-paisagens-incriveis-em-um-so-lugar\/#primaryimage"},"image":{"@id":"https:\/\/www.correiobraziliense.com.br\/cbradar\/encontre-qualidade-de-vida-e-paisagens-incriveis-em-um-so-lugar\/#primaryimage"},"thumbnailUrl":"https:\/\/www.correiobraziliense.com.br\/cbradar\/wp-content\/uploads\/2025\/02\/belo-horizonte_1740635165652.jpg","datePublished":"2025-04-27T00:50:00+00:00","author":{"@id":"https:\/\/www.correiobraziliense.com.br\/cbradar\/#\/schema\/person\/4053c651a9bfc785afc6f4cbc9032fd3"},"description":"Em uma cidade mineira com qualidade de vida incompar\u00e1vel, a natureza \u00e9 a protagonista. Saiba por que esse lugar \u00e9 \u00fanico.","breadcrumb":{"@id":"https:\/\/www.correiobraziliense.com.br\/cbradar\/encontre-qualidade-de-vida-e-paisagens-incriveis-em-um-so-lugar\/#breadcrumb"},"inLanguage":"pt-BR","potentialAction":[{"@type":"ReadAction","target":["https:\/\/www.correiobraziliense.com.br\/cbradar\/encontre-qualidade-de-vida-e-paisagens-incriveis-em-um-so-lugar\/"]}]},{"@type":"ImageObject","inLanguage":"pt-BR","@id":"https:\/\/www.correiobraziliense.com.br\/cbradar\/encontre-qualidade-de-vida-e-paisagens-incriveis-em-um-so-lugar\/#primaryimage","url":"https:\/\/www.correiobraziliense.com.br\/cbradar\/wp-content\/uploads\/2025\/02\/belo-horizonte_1740635165652.jpg","contentUrl":"https:\/\/www.correiobraziliense.com.br\/cbradar\/wp-content\/uploads\/2025\/02\/belo-horizonte_1740635165652.jpg","width":1280,"height":720,"caption":"Belo Horizonte \u00e9 reconhecida pela qualidade de vida, gastronomia premiada e riqueza cultural. \/\/ Cr\u00e9ditos: depositphotos.com \/ gustavofrazao"},{"@type":"BreadcrumbList","@id":"https:\/\/www.correiobraziliense.com.br\/cbradar\/encontre-qualidade-de-vida-e-paisagens-incriveis-em-um-so-lugar\/#breadcrumb","itemListElement":[{"@type":"ListItem","position":1,"name":"In\u00edcio","item":"https:\/\/www.correiobraziliense.com.br\/cbradar\/"},{"@type":"ListItem","position":2,"name":"Encontre qualidade de vida e paisagens incr\u00edveis em um s\u00f3 lugar"}]},{"@type":"WebSite","@id":"https:\/\/www.correiobraziliense.com.br\/cbradar\/#website","url":"https:\/\/www.correiobraziliense.com.br\/cbradar\/","name":"Correio Braziliense - Radar","description":"Acompanhe as \u00faltimas not\u00edcias e fique bem informado sobre tudo o que acontece no Brasil e no mundo.","potentialAction":[{"@type":"SearchAction","target":{"@type":"EntryPoint","urlTemplate":"https:\/\/www.correiobraziliense.com.br\/cbradar\/?s={search_term_string}"},"query-input":{"@type":"PropertyValueSpecification","valueRequired":true,"valueName":"search_term_string"}}],"inLanguage":"pt-BR"},{"@type":"Person","@id":"https:\/\/www.correiobraziliense.com.br\/cbradar\/#\/schema\/person\/4053c651a9bfc785afc6f4cbc9032fd3","name":"Maura Pereira","image":{"@type":"ImageObject","inLanguage":"pt-BR","@id":"https:\/\/www.correiobraziliense.com.br\/cbradar\/#\/schema\/person\/image\/","url":"https:\/\/secure.gravatar.com\/avatar\/3effd6bdadfa447f15089c7f7144eaa6?s=96&d=mm&r=g","contentUrl":"https:\/\/secure.gravatar.com\/avatar\/3effd6bdadfa447f15089c7f7144eaa6?s=96&d=mm&r=g","caption":"Maura Pereira"},"sameAs":["https:\/\/www.correiobraziliense.com.br\/"],"url":"https:\/\/www.correiobraziliense.com.br\/cbradar\/author\/mauramyth\/"}]}},"_links":{"self":[{"href":"https:\/\/www.correiobraziliense.com.br\/cbradar\/wp-json\/wp\/v2\/posts\/28465","targetHints":{"allow":["GET"]}}],"collection":[{"href":"https:\/\/www.correiobraziliense.com.br\/cbradar\/wp-json\/wp\/v2\/posts"}],"about":[{"href":"https:\/\/www.correiobraziliense.com.br\/cbradar\/wp-json\/wp\/v2\/types\/post"}],"author":[{"embeddable":true,"href":"https:\/\/www.correiobraziliense.com.br\/cbradar\/wp-json\/wp\/v2\/users\/8"}],"replies":[{"embeddable":true,"href":"https:\/\/www.correiobraziliense.com.br\/cbradar\/wp-json\/wp\/v2\/comments?post=28465"}],"version-history":[{"count":8,"href":"https:\/\/www.correiobraziliense.com.br\/cbradar\/wp-json\/wp\/v2\/posts\/28465\/revisions"}],"predecessor-version":[{"id":28503,"href":"https:\/\/www.correiobraziliense.com.br\/cbradar\/wp-json\/wp\/v2\/posts\/28465\/revisions\/28503"}],"wp:featuredmedia":[{"embeddable":true,"href":"https:\/\/www.correiobraziliense.com.br\/cbradar\/wp-json\/wp\/v2\/media\/6700"}],"wp:attachment":[{"href":"https:\/\/www.correiobraziliense.com.br\/cbradar\/wp-json\/wp\/v2\/media?parent=28465"}],"wp:term":[{"taxonomy":"category","embeddable":true,"href":"https:\/\/www.correiobraziliense.com.br\/cbradar\/wp-json\/wp\/v2\/categories?post=28465"},{"taxonomy":"post_tag","embeddable":true,"href":"https:\/\/www.correiobraziliense.com.br\/cbradar\/wp-json\/wp\/v2\/tags?post=28465"}],"curies":[{"name":"wp","href":"https:\/\/api.w.org\/{rel}","templated":true}]}}