{"id":28467,"date":"2025-04-26T17:50:00","date_gmt":"2025-04-26T20:50:00","guid":{"rendered":"https:\/\/www.correiobraziliense.com.br\/cbradar\/?p=28467"},"modified":"2025-04-26T01:06:31","modified_gmt":"2025-04-26T04:06:31","slug":"como-essa-cidade-se-tornou-o-sonho-de-quem-busca-qualidade-de-vida","status":"publish","type":"post","link":"https:\/\/www.correiobraziliense.com.br\/cbradar\/como-essa-cidade-se-tornou-o-sonho-de-quem-busca-qualidade-de-vida\/","title":{"rendered":"Como essa cidade se tornou o sonho de quem busca qualidade de vida"},"content":{"rendered":"\n<p><strong><a href=\"https:\/\/www.pmf.sc.gov.br\/\" target=\"_blank\" rel=\"noreferrer noopener\">Florian\u00f3polis<\/a><\/strong>, a capital do <strong>Estado de Santa Catarina<\/strong>, \u00e9 uma cidade \u00fanica que mescla belezas naturais com uma infraestrutura urbana crescente. Quem a visita se depara com um cen\u00e1rio impressionante: praias de \u00e1guas cristalinas, trilhas em meio \u00e0 mata atl\u00e2ntica e uma atmosfera tranquila que parece convidar todos a desacelerar. No entanto, <strong>Florian\u00f3polis<\/strong> vai muito al\u00e9m de suas paisagens exuberantes. Com um dos melhores \u00edndices de qualidade de vida do <strong><a href=\"https:\/\/www.correiobraziliense.com.br\/cbradar\/veja-a-cidade-do-topo-do-ranking-de-melhor-para-se-viver-no-brasil\/\" target=\"_blank\" rel=\"noreferrer noopener\">Brasil<\/a><\/strong>, essa cidade \u00e9 muito mais do que um destino tur\u00edstico. Vamos explorar como a cidade conquista seus moradores e visitantes.<\/p>\n\n\n\n<h2 class=\"wp-block-heading\">A qualidade de vida de Florian\u00f3polis<\/h2>\n\n\n\n<p>Quando se fala em qualidade de vida, <strong>Florian\u00f3polis<\/strong> se destaca como uma das cidades mais procuradas por quem busca equil\u00edbrio entre vida profissional e pessoal. Com um custo de vida moderado, a cidade combina boas oportunidades de trabalho com um ambiente acolhedor e tranquilo, longe da agita\u00e7\u00e3o das grandes capitais.<\/p>\n\n\n\n<p>O clima \u00e9 ameno, com temperaturas agrad\u00e1veis durante o ano todo, o que facilita a pr\u00e1tica de atividades ao ar livre, como caminhadas, corridas e esportes aqu\u00e1ticos. A cidade \u00e9 conhecida por ser bastante segura, com baixos \u00edndices de criminalidade em compara\u00e7\u00e3o com outras capitais brasileiras, o que tamb\u00e9m \u00e9 um fator que atrai fam\u00edlias em busca de um lugar para viver com qualidade.<\/p>\n\n\n<div class=\"wp-block-image\">\n<figure class=\"aligncenter size-large\"><img decoding=\"async\" width=\"1024\" height=\"576\" src=\"https:\/\/www.correiobraziliense.com.br\/cbradar\/wp-content\/uploads\/2025\/03\/Florianopolis_1741126241414-1024x576.jpg\" alt=\"Como essa cidade se tornou o sonho de quem busca qualidade de vida\" class=\"wp-image-9162\" srcset=\"https:\/\/www.correiobraziliense.com.br\/cbradar\/wp-content\/uploads\/2025\/03\/Florianopolis_1741126241414-1024x576.jpg 1024w, https:\/\/www.correiobraziliense.com.br\/cbradar\/wp-content\/uploads\/2025\/03\/Florianopolis_1741126241414-300x169.jpg 300w, https:\/\/www.correiobraziliense.com.br\/cbradar\/wp-content\/uploads\/2025\/03\/Florianopolis_1741126241414-768x432.jpg 768w, https:\/\/www.correiobraziliense.com.br\/cbradar\/wp-content\/uploads\/2025\/03\/Florianopolis_1741126241414-750x422.jpg 750w, https:\/\/www.correiobraziliense.com.br\/cbradar\/wp-content\/uploads\/2025\/03\/Florianopolis_1741126241414-1140x641.jpg 1140w, https:\/\/www.correiobraziliense.com.br\/cbradar\/wp-content\/uploads\/2025\/03\/Florianopolis_1741126241414.jpg 1280w\" sizes=\"(max-width: 1024px) 100vw, 1024px\" \/><figcaption class=\"wp-element-caption\">Florianopolis \/\/ Cr\u00e9ditos: depositphotos.com \/ Keola<\/figcaption><\/figure><\/div>\n\n\n<h2 class=\"wp-block-heading\">Uma cidade que valoriza o conhecimento<\/h2>\n\n\n\n<p>A educa\u00e7\u00e3o \u00e9 outro pilar que faz <strong>Florian\u00f3polis<\/strong> se destacar. A cidade possui institui\u00e7\u00f5es de ensino de alta qualidade, tanto p\u00fablicas quanto privadas. O ensino b\u00e1sico, m\u00e9dio e superior \u00e9 bem estruturado, com v\u00e1rias escolas e universidades que garantem um ensino de excel\u00eancia. A <strong>Universidade Federal de Santa Catarina (UFSC)<\/strong>, por exemplo, \u00e9 uma das mais renomadas do pa\u00eds e atrai estudantes de todas as partes do <strong>Brasil <\/strong>e do mundo.<\/p>\n\n\n\n<p>Al\u00e9m disso, <strong>Florian\u00f3polis<\/strong> tem investido cada vez mais em programas de capacita\u00e7\u00e3o e qualifica\u00e7\u00e3o profissional, o que tem ajudado a cidade a manter uma economia s\u00f3lida e diversificada. A educa\u00e7\u00e3o \u00e9 vista como uma ferramenta essencial para o desenvolvimento local, e isso se reflete na qualidade do trabalho e nas oportunidades que surgem para os moradores.<\/p>\n\n\n\n<h2 class=\"wp-block-heading\">Turismo encantador<\/h2>\n\n\n\n<p>N\u00e3o \u00e9 surpresa para ningu\u00e9m que <strong>Florian\u00f3polis<\/strong> seja um destino tur\u00edstico de renome. As praias da cidade s\u00e3o mundialmente famosas, e o turismo \u00e9 uma das maiores fontes de renda da regi\u00e3o. A Ilha de <strong>Santa Catarina<\/strong>, onde a cidade est\u00e1 localizada, \u00e9 um verdadeiro para\u00edso para os amantes de natureza.<\/p>\n\n\n\n<p>As op\u00e7\u00f5es para quem deseja explorar o turismo local s\u00e3o in\u00fameras. As praias como <strong>Praia Mole<\/strong>, <strong>Jurer\u00ea Internacional<\/strong> e <strong>Barra da Lagoa<\/strong> s\u00e3o apenas algumas das atra\u00e7\u00f5es que atraem milhares de turistas todos os anos. Al\u00e9m disso, <strong>Florian\u00f3polis<\/strong> oferece v\u00e1rias op\u00e7\u00f5es de ecoturismo, com trilhas deslumbrantes como a da <strong>Lagoinha do Leste<\/strong>, que permitem aos visitantes explorar a rica biodiversidade da regi\u00e3o.<\/p>\n\n\n\n<p>N\u00e3o s\u00f3 o mar encanta, mas tamb\u00e9m as montanhas e as ilhas ao redor de <strong>Florian\u00f3polis<\/strong> oferecem op\u00e7\u00f5es para os mais aventureiros. Seja para surfar, fazer caminhadas ou simplesmente relaxar nas praias, a cidade oferece uma experi\u00eancia \u00fanica a quem a visita.<\/p>\n\n\n\n<h2 class=\"wp-block-heading\">Cultura local e gastronomia<\/h2>\n\n\n\n<p>A cultura de <strong>Florian\u00f3polis<\/strong> \u00e9 um dos grandes encantos da cidade. Suas tradi\u00e7\u00f5es azorianas, herdadas dos colonizadores portugueses, est\u00e3o presentes nas festividades, na m\u00fasica, na dan\u00e7a e, claro, na culin\u00e1ria.<\/p>\n\n\n\n<p>Os pratos t\u00edpicos, como a famosa <em>sequ\u00eancia de camar\u00e3o<\/em>, s\u00e3o uma verdadeira experi\u00eancia para os sentidos. Os restaurantes \u00e0 beira-mar oferecem um cen\u00e1rio incr\u00edvel para degustar as del\u00edcias locais enquanto se aprecia a vista do oceano.<\/p>\n\n\n\n<p><strong>Florian\u00f3polis<\/strong> tamb\u00e9m tem um cen\u00e1rio cultural vibrante, com v\u00e1rios centros culturais e eventos que celebram a arte e a cultura local. Festivais de m\u00fasica, dan\u00e7a e gastronomia ocorrem durante o ano inteiro, tornando a cidade ainda mais acolhedora e rica em experi\u00eancias.<\/p>\n\n\n\n<h2 class=\"wp-block-heading\">O crescimento sustent\u00e1vel de Florian\u00f3polis<\/h2>\n\n\n\n<p>Apesar de seu crescimento acelerado, <strong>Florian\u00f3polis<\/strong> tem se mostrado uma cidade comprometida com o desenvolvimento sustent\u00e1vel. A preserva\u00e7\u00e3o do meio ambiente \u00e9 uma prioridade para os gestores locais, que buscam equilibrar a expans\u00e3o urbana com a preserva\u00e7\u00e3o das suas belezas naturais.<\/p>\n\n\n\n<p>Al\u00e9m disso, a cidade tem investido em solu\u00e7\u00f5es de mobilidade urbana, com a cria\u00e7\u00e3o de ciclovias e a amplia\u00e7\u00e3o do transporte p\u00fablico, sempre visando reduzir o impacto ambiental e melhorar a qualidade de vida de seus habitantes.<\/p>\n\n\n\n<h2 class=\"wp-block-heading\">Vale a pena morar em Florian\u00f3polis?<\/h2>\n\n\n\n<p>Se voc\u00ea est\u00e1 pensando em mudar para <strong>Florian\u00f3polis<\/strong>, a resposta \u00e9, sem d\u00favida, sim. A cidade oferece um equil\u00edbrio perfeito entre vida urbana e natureza, com uma infraestrutura de alta qualidade, excelentes op\u00e7\u00f5es de educa\u00e7\u00e3o e sa\u00fade, al\u00e9m de um clima agrad\u00e1vel durante todo o ano. A tranquilidade e seguran\u00e7a tamb\u00e9m s\u00e3o pontos que fazem a cidade se destacar, tornando-a uma excelente op\u00e7\u00e3o para quem busca qualidade de vida.<\/p>\n\n\n\n<h2 class=\"wp-block-heading\">Vale a pena visitar Florian\u00f3polis?<\/h2>\n\n\n\n<p>Com certeza! Se voc\u00ea ainda n\u00e3o conhece <strong>Florian\u00f3polis<\/strong>, est\u00e1 na hora de incluir a cidade na sua lista de destinos tur\u00edsticos. Seja para curtir suas belas praias, explorar trilhas ou simplesmente aproveitar a gastronomia local, a cidade oferece uma experi\u00eancia \u00fanica que combina o melhor da natureza com a cultura e hospitalidade dos catarinenses.<\/p>\n","protected":false},"excerpt":{"rendered":"<p>Florian\u00f3polis, a capital do Estado de Santa Catarina, \u00e9 uma cidade \u00fanica que mescla belezas naturais com uma infraestrutura urbana crescente. Quem a visita se depara com um cen\u00e1rio impressionante: praias de \u00e1guas cristalinas, trilhas em meio \u00e0 mata atl\u00e2ntica e uma atmosfera tranquila que parece convidar todos a desacelerar. No entanto, Florian\u00f3polis vai muito [&hellip;]<\/p>\n","protected":false},"author":8,"featured_media":2169,"comment_status":"open","ping_status":"open","sticky":false,"template":"","format":"standard","meta":{"_yoast_wpseo_focuskw":"cidade","_yoast_wpseo_title":"","_yoast_wpseo_metadesc":"Procurando qualidade de vida? Esta cidade vai surpreender voc\u00ea com tudo o que oferece para uma vida plena e tranquila.","jnews-multi-image_gallery":[],"jnews_single_post":{"format":"standard"},"jnews_primary_category":[],"jnews_social_meta":[],"jnews_override_counter":[],"footnotes":""},"categories":[108],"tags":[225,646,247],"class_list":["post-28467","post","type-post","status-publish","format-standard","has-post-thumbnail","hentry","category-cidades","tag-brasil","tag-florianopolis","tag-qualidade-de-vida"],"yoast_head":"<!-- This site is optimized with the Yoast SEO plugin v24.6 - https:\/\/yoast.com\/wordpress\/plugins\/seo\/ -->\n<title>Como essa cidade se tornou o sonho de quem busca qualidade de vida - Correio Braziliense - Radar<\/title>\n<meta name=\"description\" content=\"Procurando qualidade de vida? Esta cidade vai surpreender voc\u00ea com tudo o que oferece para uma vida plena e tranquila.\" \/>\n<meta name=\"robots\" content=\"index, follow, max-snippet:-1, max-image-preview:large, max-video-preview:-1\" \/>\n<link rel=\"canonical\" href=\"https:\/\/www.correiobraziliense.com.br\/cbradar\/como-essa-cidade-se-tornou-o-sonho-de-quem-busca-qualidade-de-vida\/\" \/>\n<meta property=\"og:locale\" content=\"pt_BR\" \/>\n<meta property=\"og:type\" content=\"article\" \/>\n<meta property=\"og:title\" content=\"Como essa cidade se tornou o sonho de quem busca qualidade de vida - Correio Braziliense - Radar\" \/>\n<meta property=\"og:description\" content=\"Procurando qualidade de vida? Esta cidade vai surpreender voc\u00ea com tudo o que oferece para uma vida plena e tranquila.\" \/>\n<meta property=\"og:url\" content=\"https:\/\/www.correiobraziliense.com.br\/cbradar\/como-essa-cidade-se-tornou-o-sonho-de-quem-busca-qualidade-de-vida\/\" \/>\n<meta property=\"og:site_name\" content=\"Correio Braziliense - Radar\" \/>\n<meta property=\"article:published_time\" content=\"2025-04-26T20:50:00+00:00\" \/>\n<meta property=\"og:image\" content=\"https:\/\/www.correiobraziliense.com.br\/cbradar\/wp-content\/uploads\/2025\/02\/florianopolis_1739427665998.jpg\" \/>\n\t<meta property=\"og:image:width\" content=\"1280\" \/>\n\t<meta property=\"og:image:height\" content=\"720\" \/>\n\t<meta property=\"og:image:type\" content=\"image\/jpeg\" \/>\n<meta name=\"author\" content=\"Maura Pereira\" \/>\n<meta name=\"twitter:card\" content=\"summary_large_image\" \/>\n<meta name=\"twitter:label1\" content=\"Escrito por\" \/>\n\t<meta name=\"twitter:data1\" content=\"Maura Pereira\" \/>\n\t<meta name=\"twitter:label2\" content=\"Est. tempo de leitura\" \/>\n\t<meta name=\"twitter:data2\" content=\"6 minutos\" \/>\n<!-- \/ Yoast SEO plugin. -->","yoast_head_json":{"title":"Como essa cidade se tornou o sonho de quem busca qualidade de vida - Correio Braziliense - Radar","description":"Procurando qualidade de vida? Esta cidade vai surpreender voc\u00ea com tudo o que oferece para uma vida plena e tranquila.","robots":{"index":"index","follow":"follow","max-snippet":"max-snippet:-1","max-image-preview":"max-image-preview:large","max-video-preview":"max-video-preview:-1"},"canonical":"https:\/\/www.correiobraziliense.com.br\/cbradar\/como-essa-cidade-se-tornou-o-sonho-de-quem-busca-qualidade-de-vida\/","og_locale":"pt_BR","og_type":"article","og_title":"Como essa cidade se tornou o sonho de quem busca qualidade de vida - Correio Braziliense - Radar","og_description":"Procurando qualidade de vida? Esta cidade vai surpreender voc\u00ea com tudo o que oferece para uma vida plena e tranquila.","og_url":"https:\/\/www.correiobraziliense.com.br\/cbradar\/como-essa-cidade-se-tornou-o-sonho-de-quem-busca-qualidade-de-vida\/","og_site_name":"Correio Braziliense - Radar","article_published_time":"2025-04-26T20:50:00+00:00","og_image":[{"width":1280,"height":720,"url":"https:\/\/www.correiobraziliense.com.br\/cbradar\/wp-content\/uploads\/2025\/02\/florianopolis_1739427665998.jpg","type":"image\/jpeg"}],"author":"Maura Pereira","twitter_card":"summary_large_image","twitter_misc":{"Escrito por":"Maura Pereira","Est. tempo de leitura":"6 minutos"},"schema":{"@context":"https:\/\/schema.org","@graph":[{"@type":"WebPage","@id":"https:\/\/www.correiobraziliense.com.br\/cbradar\/como-essa-cidade-se-tornou-o-sonho-de-quem-busca-qualidade-de-vida\/","url":"https:\/\/www.correiobraziliense.com.br\/cbradar\/como-essa-cidade-se-tornou-o-sonho-de-quem-busca-qualidade-de-vida\/","name":"Como essa cidade se tornou o sonho de quem busca qualidade de vida - Correio Braziliense - Radar","isPartOf":{"@id":"https:\/\/www.correiobraziliense.com.br\/cbradar\/#website"},"primaryImageOfPage":{"@id":"https:\/\/www.correiobraziliense.com.br\/cbradar\/como-essa-cidade-se-tornou-o-sonho-de-quem-busca-qualidade-de-vida\/#primaryimage"},"image":{"@id":"https:\/\/www.correiobraziliense.com.br\/cbradar\/como-essa-cidade-se-tornou-o-sonho-de-quem-busca-qualidade-de-vida\/#primaryimage"},"thumbnailUrl":"https:\/\/www.correiobraziliense.com.br\/cbradar\/wp-content\/uploads\/2025\/02\/florianopolis_1739427665998.jpg","datePublished":"2025-04-26T20:50:00+00:00","author":{"@id":"https:\/\/www.correiobraziliense.com.br\/cbradar\/#\/schema\/person\/4053c651a9bfc785afc6f4cbc9032fd3"},"description":"Procurando qualidade de vida? Esta cidade vai surpreender voc\u00ea com tudo o que oferece para uma vida plena e tranquila.","breadcrumb":{"@id":"https:\/\/www.correiobraziliense.com.br\/cbradar\/como-essa-cidade-se-tornou-o-sonho-de-quem-busca-qualidade-de-vida\/#breadcrumb"},"inLanguage":"pt-BR","potentialAction":[{"@type":"ReadAction","target":["https:\/\/www.correiobraziliense.com.br\/cbradar\/como-essa-cidade-se-tornou-o-sonho-de-quem-busca-qualidade-de-vida\/"]}]},{"@type":"ImageObject","inLanguage":"pt-BR","@id":"https:\/\/www.correiobraziliense.com.br\/cbradar\/como-essa-cidade-se-tornou-o-sonho-de-quem-busca-qualidade-de-vida\/#primaryimage","url":"https:\/\/www.correiobraziliense.com.br\/cbradar\/wp-content\/uploads\/2025\/02\/florianopolis_1739427665998.jpg","contentUrl":"https:\/\/www.correiobraziliense.com.br\/cbradar\/wp-content\/uploads\/2025\/02\/florianopolis_1739427665998.jpg","width":1280,"height":720,"caption":"Ilha catarinense registra aumento de 35% no turismo sustent\u00e1vel e busca crescente por moradia. \/\/ Cr\u00e9ditos: depositphotos.com \/ Keola"},{"@type":"BreadcrumbList","@id":"https:\/\/www.correiobraziliense.com.br\/cbradar\/como-essa-cidade-se-tornou-o-sonho-de-quem-busca-qualidade-de-vida\/#breadcrumb","itemListElement":[{"@type":"ListItem","position":1,"name":"In\u00edcio","item":"https:\/\/www.correiobraziliense.com.br\/cbradar\/"},{"@type":"ListItem","position":2,"name":"Como essa cidade se tornou o sonho de quem busca qualidade de vida"}]},{"@type":"WebSite","@id":"https:\/\/www.correiobraziliense.com.br\/cbradar\/#website","url":"https:\/\/www.correiobraziliense.com.br\/cbradar\/","name":"Correio Braziliense - Radar","description":"Acompanhe as \u00faltimas not\u00edcias e fique bem informado sobre tudo o que acontece no Brasil e no mundo.","potentialAction":[{"@type":"SearchAction","target":{"@type":"EntryPoint","urlTemplate":"https:\/\/www.correiobraziliense.com.br\/cbradar\/?s={search_term_string}"},"query-input":{"@type":"PropertyValueSpecification","valueRequired":true,"valueName":"search_term_string"}}],"inLanguage":"pt-BR"},{"@type":"Person","@id":"https:\/\/www.correiobraziliense.com.br\/cbradar\/#\/schema\/person\/4053c651a9bfc785afc6f4cbc9032fd3","name":"Maura Pereira","image":{"@type":"ImageObject","inLanguage":"pt-BR","@id":"https:\/\/www.correiobraziliense.com.br\/cbradar\/#\/schema\/person\/image\/","url":"https:\/\/secure.gravatar.com\/avatar\/3effd6bdadfa447f15089c7f7144eaa6?s=96&d=mm&r=g","contentUrl":"https:\/\/secure.gravatar.com\/avatar\/3effd6bdadfa447f15089c7f7144eaa6?s=96&d=mm&r=g","caption":"Maura Pereira"},"sameAs":["https:\/\/www.correiobraziliense.com.br\/"],"url":"https:\/\/www.correiobraziliense.com.br\/cbradar\/author\/mauramyth\/"}]}},"_links":{"self":[{"href":"https:\/\/www.correiobraziliense.com.br\/cbradar\/wp-json\/wp\/v2\/posts\/28467","targetHints":{"allow":["GET"]}}],"collection":[{"href":"https:\/\/www.correiobraziliense.com.br\/cbradar\/wp-json\/wp\/v2\/posts"}],"about":[{"href":"https:\/\/www.correiobraziliense.com.br\/cbradar\/wp-json\/wp\/v2\/types\/post"}],"author":[{"embeddable":true,"href":"https:\/\/www.correiobraziliense.com.br\/cbradar\/wp-json\/wp\/v2\/users\/8"}],"replies":[{"embeddable":true,"href":"https:\/\/www.correiobraziliense.com.br\/cbradar\/wp-json\/wp\/v2\/comments?post=28467"}],"version-history":[{"count":9,"href":"https:\/\/www.correiobraziliense.com.br\/cbradar\/wp-json\/wp\/v2\/posts\/28467\/revisions"}],"predecessor-version":[{"id":28502,"href":"https:\/\/www.correiobraziliense.com.br\/cbradar\/wp-json\/wp\/v2\/posts\/28467\/revisions\/28502"}],"wp:featuredmedia":[{"embeddable":true,"href":"https:\/\/www.correiobraziliense.com.br\/cbradar\/wp-json\/wp\/v2\/media\/2169"}],"wp:attachment":[{"href":"https:\/\/www.correiobraziliense.com.br\/cbradar\/wp-json\/wp\/v2\/media?parent=28467"}],"wp:term":[{"taxonomy":"category","embeddable":true,"href":"https:\/\/www.correiobraziliense.com.br\/cbradar\/wp-json\/wp\/v2\/categories?post=28467"},{"taxonomy":"post_tag","embeddable":true,"href":"https:\/\/www.correiobraziliense.com.br\/cbradar\/wp-json\/wp\/v2\/tags?post=28467"}],"curies":[{"name":"wp","href":"https:\/\/api.w.org\/{rel}","templated":true}]}}