{"id":28569,"date":"2025-04-27T06:10:00","date_gmt":"2025-04-27T09:10:00","guid":{"rendered":"https:\/\/www.correiobraziliense.com.br\/cbradar\/?p=28569"},"modified":"2025-04-26T10:42:31","modified_gmt":"2025-04-26T13:42:31","slug":"conheca-os-beneficios-do-almeirao-e-cultive-de-formas-simples-em-casa","status":"publish","type":"post","link":"https:\/\/www.correiobraziliense.com.br\/cbradar\/conheca-os-beneficios-do-almeirao-e-cultive-de-formas-simples-em-casa\/","title":{"rendered":"Conhe\u00e7a os benef\u00edcios do almeir\u00e3o e cultive de formas simples em casa"},"content":{"rendered":"\n<p>O <strong>almeir\u00e3o<\/strong> \u00e9 uma hortali\u00e7a folhosa rica em nutrientes e muito apreciada na <strong>culin\u00e1ria brasileira<\/strong>, principalmente em saladas, refogados e sucos verdes. De f\u00e1cil cultivo, resistente e de r\u00e1pido crescimento, o <strong>almeir\u00e3o<\/strong> \u00e9 uma excelente escolha para quem deseja montar uma horta caseira, mesmo em espa\u00e7os pequenos. A seguir, voc\u00ea encontrar\u00e1 um passo a passo completo para <a href=\"https:\/\/www.correiobraziliense.com.br\/cbradar\/como-ter-couve-flor-fresca-na-sua-horta-caseira\/\" target=\"_blank\" rel=\"noreferrer noopener\">plantar<\/a>, cuidar e colher <strong>almeir\u00e3o<\/strong> com sucesso.<\/p>\n\n\n\n<h2 class=\"wp-block-heading\">Qual \u00e9 o melhor local para plantar?<\/h2>\n\n\n\n<p>O <strong>almeir\u00e3o<\/strong> \u00e9 uma planta que se adapta bem a diferentes ambientes, podendo ser cultivado em <strong>sol pleno<\/strong> ou <strong>meia sombra<\/strong>. O ideal \u00e9 escolher um local que receba pelo menos <strong>4 a 6 horas de luz solar por dia<\/strong>.<\/p>\n\n\n\n<p>Pode ser plantado em:<\/p>\n\n\n\n<ul class=\"wp-block-list\">\n<li>Canteiros no quintal<\/li>\n\n\n\n<li>Jardineiras em varandas<\/li>\n\n\n\n<li>Vasos m\u00e9dios ou grandes<\/li>\n<\/ul>\n\n\n\n<p>A boa circula\u00e7\u00e3o de ar e o solo bem drenado s\u00e3o fundamentais para evitar o ac\u00famulo de umidade e a prolifera\u00e7\u00e3o de fungos.<\/p>\n\n\n\n<h2 class=\"wp-block-heading\">Qual \u00e9 o solo ideal para o cultivo?<\/h2>\n\n\n\n<p>O <strong>almeir\u00e3o<\/strong> se desenvolve melhor em <strong>solos leves, f\u00e9rteis, ricos em mat\u00e9ria org\u00e2nica e bem drenados<\/strong>.<\/p>\n\n\n\n<p>Mistura ideal para o plantio:<\/p>\n\n\n\n<ul class=\"wp-block-list\">\n<li>1 parte de terra vegetal<\/li>\n\n\n\n<li>1 parte de composto org\u00e2nico (como h\u00famus de minhoca)<\/li>\n\n\n\n<li>1 parte de areia grossa ou perlita (para ajudar na drenagem)<\/li>\n<\/ul>\n\n\n\n<p>O pH do solo deve ser levemente \u00e1cido a neutro, entre 6,0 e 7,0. Antes do plantio, \u00e9 recomend\u00e1vel enriquecer o solo com esterco curtido ou adubos naturais.<\/p>\n\n\n\n<h2 class=\"wp-block-heading\">Como plantar: passo a passo<\/h2>\n\n\n\n<p>O <strong>almeir\u00e3o<\/strong> pode ser plantado por sementes diretamente no solo ou em sementeiras para posterior transplante.<\/p>\n\n\n\n<ol class=\"wp-block-list\">\n<li><strong>Semeadura direta<\/strong>: abra sulcos rasos (cerca de 1 cm de profundidade) no solo. Distribua as sementes de forma espa\u00e7ada e cubra levemente com terra.<\/li>\n\n\n\n<li><strong>Semeadura em bandejas<\/strong>: coloque uma ou duas sementes por c\u00e9lula, e transplante as mudas para o canteiro quando atingirem 10 a 15 cm de altura.<\/li>\n\n\n\n<li><strong>Espa\u00e7amento<\/strong>: mantenha uma dist\u00e2ncia de 20 a 30 cm entre plantas para garantir o desenvolvimento adequado.<\/li>\n<\/ol>\n\n\n\n<p>Regue delicadamente ap\u00f3s o plantio para n\u00e3o deslocar as sementes.<\/p>\n\n\n<div class=\"wp-block-image\">\n<figure class=\"aligncenter size-large\"><img decoding=\"async\" width=\"1024\" height=\"576\" src=\"https:\/\/www.correiobraziliense.com.br\/cbradar\/wp-content\/uploads\/2025\/04\/almeirao_1744649670177-1024x576.jpg\" alt=\"Conhe\u00e7a os benef\u00edcios do almeir\u00e3o e cultive de formas simples em casa\" class=\"wp-image-23340\" srcset=\"https:\/\/www.correiobraziliense.com.br\/cbradar\/wp-content\/uploads\/2025\/04\/almeirao_1744649670177-1024x576.jpg 1024w, https:\/\/www.correiobraziliense.com.br\/cbradar\/wp-content\/uploads\/2025\/04\/almeirao_1744649670177-300x169.jpg 300w, https:\/\/www.correiobraziliense.com.br\/cbradar\/wp-content\/uploads\/2025\/04\/almeirao_1744649670177-768x432.jpg 768w, https:\/\/www.correiobraziliense.com.br\/cbradar\/wp-content\/uploads\/2025\/04\/almeirao_1744649670177-750x422.jpg 750w, https:\/\/www.correiobraziliense.com.br\/cbradar\/wp-content\/uploads\/2025\/04\/almeirao_1744649670177-1140x641.jpg 1140w, https:\/\/www.correiobraziliense.com.br\/cbradar\/wp-content\/uploads\/2025\/04\/almeirao_1744649670177.jpg 1280w\" sizes=\"(max-width: 1024px) 100vw, 1024px\" \/><figcaption class=\"wp-element-caption\">Almeir\u00e3o &#8211; Cr\u00e9ditos: depositphotos.com \/ tpzijl<\/figcaption><\/figure><\/div>\n\n\n<h2 class=\"wp-block-heading\">Qual \u00e9 a \u00e9poca ideal para plantar?<\/h2>\n\n\n\n<p>O <strong>almeir\u00e3o<\/strong> pode ser plantado <strong>o ano todo<\/strong> em regi\u00f5es de clima ameno a quente. No entanto, ele cresce melhor durante o <strong>outono e inverno<\/strong>, pois prefere temperaturas entre 15\u00b0C e 25\u00b0C.<\/p>\n\n\n\n<p>Em regi\u00f5es muito quentes, o cultivo em <strong>meia sombra<\/strong> \u00e9 recomendado para evitar o amargor excessivo nas folhas.<\/p>\n\n\n\n<h2 class=\"wp-block-heading\">Como cuidar durante o cultivo?<\/h2>\n\n\n\n<p>Os cuidados b\u00e1sicos para garantir o crescimento saud\u00e1vel do <strong>almeir\u00e3o<\/strong> s\u00e3o:<\/p>\n\n\n\n<ul class=\"wp-block-list\">\n<li><strong>Rega<\/strong>: mantenha o solo sempre levemente \u00famido. Regue 2 a 3 vezes por semana, ajustando conforme o clima.<\/li>\n\n\n\n<li><strong>Aduba\u00e7\u00e3o<\/strong>: a cada 30 dias, aplique adubo org\u00e2nico ou h\u00famus de minhoca para estimular o crescimento das folhas.<\/li>\n\n\n\n<li><strong>Desbaste<\/strong>: quando as mudas estiverem com cerca de 5 cm, elimine as plantas mais fracas para fortalecer as mais vigorosas.<\/li>\n\n\n\n<li><strong>Poda preventiva<\/strong>: retire folhas velhas ou amareladas para evitar doen\u00e7as.<\/li>\n<\/ul>\n\n\n\n<p>Proteja a planta\u00e7\u00e3o contra carac\u00f3is, lesmas e pulg\u00f5es usando barreiras naturais ou solu\u00e7\u00f5es caseiras de controle biol\u00f3gico.<\/p>\n\n\n\n<h2 class=\"wp-block-heading\">Quando e como colher o almeir\u00e3o?<\/h2>\n\n\n\n<p>A colheita do <strong>almeir\u00e3o<\/strong> pode come\u00e7ar cerca de <strong>45 a 60 dias<\/strong> ap\u00f3s a semeadura, dependendo da variedade e das condi\u00e7\u00f5es de cultivo.<\/p>\n\n\n\n<ul class=\"wp-block-list\">\n<li><strong>Folhas novas<\/strong>: podem ser colhidas conforme a necessidade, cortando apenas as folhas externas com uma tesoura.<\/li>\n\n\n\n<li><strong>Planta inteira<\/strong>: para consumo imediato ou venda, corte toda a planta a cerca de 2 cm acima do solo.<\/li>\n<\/ul>\n\n\n\n<p>O melhor hor\u00e1rio para colher \u00e9 no in\u00edcio da manh\u00e3, quando as folhas est\u00e3o mais hidratadas e frescas.<\/p>\n\n\n\n<h2 class=\"wp-block-heading\">Quais s\u00e3o os principais benef\u00edcios?<\/h2>\n\n\n\n<p>O <strong>almeir\u00e3o<\/strong> \u00e9 altamente nutritivo, sendo rico em:<\/p>\n\n\n\n<ul class=\"wp-block-list\">\n<li><strong>Fibras<\/strong> \u2013 auxiliam na digest\u00e3o e no controle do colesterol.<\/li>\n\n\n\n<li><strong>Vitaminas A, C e K<\/strong> \u2013 fortalecem o sistema imunol\u00f3gico e a sa\u00fade da pele.<\/li>\n\n\n\n<li><strong>Minerais como ferro e pot\u00e1ssio<\/strong> \u2013 importantes para o sangue e a sa\u00fade muscular.<\/li>\n<\/ul>\n\n\n\n<p>Al\u00e9m disso, ele possui propriedades antioxidantes e \u00e9 conhecido por estimular a fun\u00e7\u00e3o hep\u00e1tica, ajudando na desintoxica\u00e7\u00e3o do organismo.<\/p>\n\n\n\n<h2 class=\"wp-block-heading\">FAQ <\/h2>\n\n\n\n<p><strong>1. O almeir\u00e3o precisa de muito sol?<\/strong><br>Ele se adapta bem a sol pleno ou meia sombra, mas produz folhas mais tenras com sol moderado.<\/p>\n\n\n\n<p><strong>2. Quanto tempo demora para o almeir\u00e3o crescer?<\/strong><br>De 45 a 60 dias, dependendo do clima e da variedade.<\/p>\n\n\n\n<p><strong>3. Posso plantar almeir\u00e3o em vaso?<\/strong><br>Sim, desde que o vaso tenha pelo menos 25 cm de profundidade e boa drenagem.<\/p>\n\n\n\n<p><strong>4. O almeir\u00e3o precisa de muita \u00e1gua?<\/strong><br>Precisa de solo levemente \u00famido, mas sem encharcar. Regas moderadas s\u00e3o ideais.<\/p>\n\n\n\n<p><strong>5. Como evitar que o almeir\u00e3o fique muito amargo?<\/strong><br>Cultive em temperaturas amenas e evite estresse h\u00eddrico. Colha as folhas antes que a planta flores\u00e7a.<\/p>\n","protected":false},"excerpt":{"rendered":"<p>O almeir\u00e3o \u00e9 uma hortali\u00e7a folhosa rica em nutrientes e muito apreciada na culin\u00e1ria brasileira, principalmente em saladas, refogados e sucos verdes. De f\u00e1cil cultivo, resistente e de r\u00e1pido crescimento, o almeir\u00e3o \u00e9 uma excelente escolha para quem deseja montar uma horta caseira, mesmo em espa\u00e7os pequenos. A seguir, voc\u00ea encontrar\u00e1 um passo a passo [&hellip;]<\/p>\n","protected":false},"author":9,"featured_media":23985,"comment_status":"open","ping_status":"open","sticky":false,"template":"","format":"standard","meta":{"_yoast_wpseo_focuskw":"almeir\u00e3o","_yoast_wpseo_title":"%%title%% %%page%%","_yoast_wpseo_metadesc":"Aprenda a plantar almeir\u00e3o em casa com passo a passo completo. Cultive de forma simples e colha os benef\u00edcios dessa hortali\u00e7a nutritiva.","jnews-multi-image_gallery":[],"jnews_single_post":{"format":"standard"},"jnews_primary_category":[],"jnews_social_meta":[],"jnews_override_counter":[],"footnotes":""},"categories":[136],"post_tag":[3843,3376,266,3844],"class_list":["post-28569","post","type-post","status-publish","format-standard","has-post-thumbnail","hentry","category-jardinagem","tag-almeirao","tag-cultivo-de-almeirao","tag-horta-caseira","tag-hortalicas-folhosas"],"yoast_head":"<!-- This site is optimized with the Yoast SEO plugin v24.6 - https:\/\/yoast.com\/wordpress\/plugins\/seo\/ -->\n<title>Conhe\u00e7a os benef\u00edcios do almeir\u00e3o e cultive de formas simples em casa<\/title>\n<meta name=\"description\" content=\"Aprenda a plantar almeir\u00e3o em casa com passo a passo completo. Cultive de forma simples e colha os benef\u00edcios dessa hortali\u00e7a nutritiva.\" \/>\n<meta name=\"robots\" content=\"index, follow, max-snippet:-1, max-image-preview:large, max-video-preview:-1\" \/>\n<link rel=\"canonical\" href=\"https:\/\/www.correiobraziliense.com.br\/cbradar\/conheca-os-beneficios-do-almeirao-e-cultive-de-formas-simples-em-casa\/\" \/>\n<meta property=\"og:locale\" content=\"pt_BR\" \/>\n<meta property=\"og:type\" content=\"article\" \/>\n<meta property=\"og:title\" content=\"Conhe\u00e7a os benef\u00edcios do almeir\u00e3o e cultive de formas simples em casa\" \/>\n<meta property=\"og:description\" content=\"Aprenda a plantar almeir\u00e3o em casa com passo a passo completo. Cultive de forma simples e colha os benef\u00edcios dessa hortali\u00e7a nutritiva.\" \/>\n<meta property=\"og:url\" content=\"https:\/\/www.correiobraziliense.com.br\/cbradar\/conheca-os-beneficios-do-almeirao-e-cultive-de-formas-simples-em-casa\/\" \/>\n<meta property=\"og:site_name\" content=\"Correio Braziliense - Radar\" \/>\n<meta property=\"article:published_time\" content=\"2025-04-27T09:10:00+00:00\" \/>\n<meta property=\"og:image\" content=\"https:\/\/www.correiobraziliense.com.br\/cbradar\/wp-content\/uploads\/2025\/04\/almeirao-plantacao_1744734382487.jpg\" \/>\n\t<meta property=\"og:image:width\" content=\"1280\" \/>\n\t<meta property=\"og:image:height\" content=\"720\" \/>\n\t<meta property=\"og:image:type\" content=\"image\/jpeg\" \/>\n<meta name=\"author\" content=\"Daniely Cardoso\" \/>\n<meta name=\"twitter:card\" content=\"summary_large_image\" \/>\n<meta name=\"twitter:label1\" content=\"Escrito por\" \/>\n\t<meta name=\"twitter:data1\" content=\"Daniely Cardoso\" \/>\n\t<meta name=\"twitter:label2\" content=\"Est. tempo de leitura\" \/>\n\t<meta name=\"twitter:data2\" content=\"5 minutos\" \/>\n<!-- \/ Yoast SEO plugin. -->","yoast_head_json":{"title":"Conhe\u00e7a os benef\u00edcios do almeir\u00e3o e cultive de formas simples em casa","description":"Aprenda a plantar almeir\u00e3o em casa com passo a passo completo. Cultive de forma simples e colha os benef\u00edcios dessa hortali\u00e7a nutritiva.","robots":{"index":"index","follow":"follow","max-snippet":"max-snippet:-1","max-image-preview":"max-image-preview:large","max-video-preview":"max-video-preview:-1"},"canonical":"https:\/\/www.correiobraziliense.com.br\/cbradar\/conheca-os-beneficios-do-almeirao-e-cultive-de-formas-simples-em-casa\/","og_locale":"pt_BR","og_type":"article","og_title":"Conhe\u00e7a os benef\u00edcios do almeir\u00e3o e cultive de formas simples em casa","og_description":"Aprenda a plantar almeir\u00e3o em casa com passo a passo completo. Cultive de forma simples e colha os benef\u00edcios dessa hortali\u00e7a nutritiva.","og_url":"https:\/\/www.correiobraziliense.com.br\/cbradar\/conheca-os-beneficios-do-almeirao-e-cultive-de-formas-simples-em-casa\/","og_site_name":"Correio Braziliense - Radar","article_published_time":"2025-04-27T09:10:00+00:00","og_image":[{"width":1280,"height":720,"url":"https:\/\/www.correiobraziliense.com.br\/cbradar\/wp-content\/uploads\/2025\/04\/almeirao-plantacao_1744734382487.jpg","type":"image\/jpeg"}],"author":"Daniely Cardoso","twitter_card":"summary_large_image","twitter_misc":{"Escrito por":"Daniely Cardoso","Est. tempo de leitura":"5 minutos"},"schema":{"@context":"https:\/\/schema.org","@graph":[{"@type":"WebPage","@id":"https:\/\/www.correiobraziliense.com.br\/cbradar\/conheca-os-beneficios-do-almeirao-e-cultive-de-formas-simples-em-casa\/","url":"https:\/\/www.correiobraziliense.com.br\/cbradar\/conheca-os-beneficios-do-almeirao-e-cultive-de-formas-simples-em-casa\/","name":"Conhe\u00e7a os benef\u00edcios do almeir\u00e3o e cultive de formas simples em casa","isPartOf":{"@id":"https:\/\/www.correiobraziliense.com.br\/cbradar\/#website"},"primaryImageOfPage":{"@id":"https:\/\/www.correiobraziliense.com.br\/cbradar\/conheca-os-beneficios-do-almeirao-e-cultive-de-formas-simples-em-casa\/#primaryimage"},"image":{"@id":"https:\/\/www.correiobraziliense.com.br\/cbradar\/conheca-os-beneficios-do-almeirao-e-cultive-de-formas-simples-em-casa\/#primaryimage"},"thumbnailUrl":"https:\/\/www.correiobraziliense.com.br\/cbradar\/wp-content\/uploads\/2025\/04\/almeirao-plantacao_1744734382487.jpg","datePublished":"2025-04-27T09:10:00+00:00","author":{"@id":"https:\/\/www.correiobraziliense.com.br\/cbradar\/#\/schema\/person\/7356666e12ec0ee53f348ee5db227032"},"description":"Aprenda a plantar almeir\u00e3o em casa com passo a passo completo. Cultive de forma simples e colha os benef\u00edcios dessa hortali\u00e7a nutritiva.","breadcrumb":{"@id":"https:\/\/www.correiobraziliense.com.br\/cbradar\/conheca-os-beneficios-do-almeirao-e-cultive-de-formas-simples-em-casa\/#breadcrumb"},"inLanguage":"pt-BR","potentialAction":[{"@type":"ReadAction","target":["https:\/\/www.correiobraziliense.com.br\/cbradar\/conheca-os-beneficios-do-almeirao-e-cultive-de-formas-simples-em-casa\/"]}]},{"@type":"ImageObject","inLanguage":"pt-BR","@id":"https:\/\/www.correiobraziliense.com.br\/cbradar\/conheca-os-beneficios-do-almeirao-e-cultive-de-formas-simples-em-casa\/#primaryimage","url":"https:\/\/www.correiobraziliense.com.br\/cbradar\/wp-content\/uploads\/2025\/04\/almeirao-plantacao_1744734382487.jpg","contentUrl":"https:\/\/www.correiobraziliense.com.br\/cbradar\/wp-content\/uploads\/2025\/04\/almeirao-plantacao_1744734382487.jpg","width":1280,"height":720,"caption":"O almeir\u00e3o \u00e9 um rem\u00e9dio natural para uma variedade de desconfortos digestivos - Cr\u00e9ditos: depositphotos.com \/ ueuaphoto"},{"@type":"BreadcrumbList","@id":"https:\/\/www.correiobraziliense.com.br\/cbradar\/conheca-os-beneficios-do-almeirao-e-cultive-de-formas-simples-em-casa\/#breadcrumb","itemListElement":[{"@type":"ListItem","position":1,"name":"In\u00edcio","item":"https:\/\/www.correiobraziliense.com.br\/cbradar\/"},{"@type":"ListItem","position":2,"name":"Conhe\u00e7a os benef\u00edcios do almeir\u00e3o e cultive de formas simples em casa"}]},{"@type":"WebSite","@id":"https:\/\/www.correiobraziliense.com.br\/cbradar\/#website","url":"https:\/\/www.correiobraziliense.com.br\/cbradar\/","name":"Correio Braziliense - Radar","description":"Acompanhe as \u00faltimas not\u00edcias e fique bem informado sobre tudo o que acontece no Brasil e no mundo.","potentialAction":[{"@type":"SearchAction","target":{"@type":"EntryPoint","urlTemplate":"https:\/\/www.correiobraziliense.com.br\/cbradar\/?s={search_term_string}"},"query-input":{"@type":"PropertyValueSpecification","valueRequired":true,"valueName":"search_term_string"}}],"inLanguage":"pt-BR"},{"@type":"Person","@id":"https:\/\/www.correiobraziliense.com.br\/cbradar\/#\/schema\/person\/7356666e12ec0ee53f348ee5db227032","name":"Daniely Cardoso","image":{"@type":"ImageObject","inLanguage":"pt-BR","@id":"https:\/\/www.correiobraziliense.com.br\/cbradar\/#\/schema\/person\/image\/","url":"https:\/\/secure.gravatar.com\/avatar\/4b80ddbd124d1f071b626d52d62e5dff?s=96&d=mm&r=g","contentUrl":"https:\/\/secure.gravatar.com\/avatar\/4b80ddbd124d1f071b626d52d62e5dff?s=96&d=mm&r=g","caption":"Daniely Cardoso"},"description":"Redatora nos portais CB Radar e EM Foco, formada pela Universidade Federal de Goi\u00e1s, em Goi\u00e2nia. Apaixonada por comunica\u00e7\u00e3o, arte, decora\u00e7\u00e3o e tend\u00eancias, atuo na produ\u00e7\u00e3o de conte\u00fados envolventes sobre curiosidades, moda, beleza e paisagismo, sempre com um olhar atento \u00e0s novidades do momento.","sameAs":["https:\/\/www.correiobraziliense.com.br\/cbradar"],"url":"https:\/\/www.correiobraziliense.com.br\/cbradar\/author\/danielymyth\/"}]}},"_links":{"self":[{"href":"https:\/\/www.correiobraziliense.com.br\/cbradar\/wp-json\/wp\/v2\/posts\/28569","targetHints":{"allow":["GET"]}}],"collection":[{"href":"https:\/\/www.correiobraziliense.com.br\/cbradar\/wp-json\/wp\/v2\/posts"}],"about":[{"href":"https:\/\/www.correiobraziliense.com.br\/cbradar\/wp-json\/wp\/v2\/types\/post"}],"author":[{"embeddable":true,"href":"https:\/\/www.correiobraziliense.com.br\/cbradar\/wp-json\/wp\/v2\/users\/9"}],"replies":[{"embeddable":true,"href":"https:\/\/www.correiobraziliense.com.br\/cbradar\/wp-json\/wp\/v2\/comments?post=28569"}],"version-history":[{"count":3,"href":"https:\/\/www.correiobraziliense.com.br\/cbradar\/wp-json\/wp\/v2\/posts\/28569\/revisions"}],"predecessor-version":[{"id":28574,"href":"https:\/\/www.correiobraziliense.com.br\/cbradar\/wp-json\/wp\/v2\/posts\/28569\/revisions\/28574"}],"wp:featuredmedia":[{"embeddable":true,"href":"https:\/\/www.correiobraziliense.com.br\/cbradar\/wp-json\/wp\/v2\/media\/23985"}],"wp:attachment":[{"href":"https:\/\/www.correiobraziliense.com.br\/cbradar\/wp-json\/wp\/v2\/media?parent=28569"}],"wp:term":[{"taxonomy":"category","embeddable":true,"href":"https:\/\/www.correiobraziliense.com.br\/cbradar\/wp-json\/wp\/v2\/categories?post=28569"},{"taxonomy":"post_tag","embeddable":true,"href":"https:\/\/www.correiobraziliense.com.br\/cbradar\/wp-json\/wp\/v2\/post_tag?post=28569"}],"curies":[{"name":"wp","href":"https:\/\/api.w.org\/{rel}","templated":true}]}}