{"id":28582,"date":"2025-04-27T09:10:00","date_gmt":"2025-04-27T12:10:00","guid":{"rendered":"https:\/\/www.correiobraziliense.com.br\/cbradar\/?p=28582"},"modified":"2025-04-26T11:23:19","modified_gmt":"2025-04-26T14:23:19","slug":"cultive-as-melhores-plantas-para-criar-cosmeticos-naturais-em-casa","status":"publish","type":"post","link":"https:\/\/www.correiobraziliense.com.br\/cbradar\/cultive-as-melhores-plantas-para-criar-cosmeticos-naturais-em-casa\/","title":{"rendered":"Cultive as melhores plantas para criar cosm\u00e9ticos naturais em casa"},"content":{"rendered":"\n<p>As <strong>plantas usadas na beleza natural<\/strong> s\u00e3o verdadeiros tesouros para quem busca alternativas saud\u00e1veis e sustent\u00e1veis para cuidar da pele, dos cabelos e do corpo. Muitas dessas plantas s\u00e3o f\u00e1ceis de cultivar em casa, n\u00e3o exigem grandes espa\u00e7os e podem ser aproveitadas frescas ou processadas em cosm\u00e9ticos artesanais. A seguir, voc\u00ea aprender\u00e1 quais esp\u00e9cies escolher, como <a href=\"https:\/\/www.correiobraziliense.com.br\/cbradar\/como-plantar-amora-com-pouco-espaco-e-muito-resultado\/\" target=\"_blank\" rel=\"noreferrer noopener\">plantar <\/a>e como cuidar de um jardim voltado ao <strong>autocuidado natural<\/strong>.<\/p>\n\n\n\n<h2 class=\"wp-block-heading\">Quais plantas s\u00e3o usadas na beleza natural?<\/h2>\n\n\n\n<p>Diversas plantas possuem propriedades incr\u00edveis para fins est\u00e9ticos. Algumas das mais conhecidas e indicadas para cultivo s\u00e3o:<\/p>\n\n\n\n<ul class=\"wp-block-list\">\n<li><strong>Babosa (Aloe vera)<\/strong> \u2013 hidratante para pele e cabelos, cicatrizante e anti-inflamat\u00f3ria.<\/li>\n\n\n\n<li><strong>Cal\u00eandula<\/strong> \u2013 regeneradora da pele, ajuda na cicatriza\u00e7\u00e3o e suaviza irrita\u00e7\u00f5es.<\/li>\n\n\n\n<li><strong>Lavanda<\/strong> \u2013 calmante para a pele e cabelos, aromatizante natural.<\/li>\n\n\n\n<li><strong>Camomila<\/strong> \u2013 clareadora de cabelos, calmante para peles sens\u00edveis.<\/li>\n\n\n\n<li><strong>Alecrim<\/strong> \u2013 estimula o crescimento capilar e combate a oleosidade.<\/li>\n\n\n\n<li><strong>Hortel\u00e3<\/strong> \u2013 refrescante, ajuda em peles oleosas e combate a acne.<\/li>\n\n\n\n<li><strong>Rosa mosqueta<\/strong> \u2013 fonte de \u00f3leo regenerador e anti-envelhecimento.<\/li>\n\n\n\n<li><strong>Erva-cidreira<\/strong> \u2013 calmante para a pele, auxilia em cremes e lo\u00e7\u00f5es relaxantes.<\/li>\n<\/ul>\n\n\n\n<p>Essas plantas n\u00e3o apenas embelezam o jardim, mas tamb\u00e9m oferecem mat\u00e9ria-prima para m\u00e1scaras, cremes, lo\u00e7\u00f5es, shampoos e muito mais.<\/p>\n\n\n\n<h2 class=\"wp-block-heading\">Qual o melhor local para plantar plantas de beleza natural?<\/h2>\n\n\n\n<p>A maioria dessas plantas gosta de <strong>sol pleno ou meia sombra<\/strong>, dependendo da esp\u00e9cie. Escolha um local:<\/p>\n\n\n\n<ul class=\"wp-block-list\">\n<li>Com pelo menos 4 a 6 horas de luz solar direta para <strong>aloe vera<\/strong>, <strong>lavanda<\/strong>, <strong>alecrim<\/strong> e <strong>hortel\u00e3<\/strong>.<\/li>\n\n\n\n<li>Com luz suave ou meia sombra para <strong>camomila<\/strong>, <strong>cal\u00eandula<\/strong> e <strong>erva-cidreira<\/strong>.<\/li>\n<\/ul>\n\n\n\n<p>Al\u00e9m disso, certifique-se de que o local tenha boa ventila\u00e7\u00e3o e solo bem drenado, evitando excesso de umidade que pode favorecer fungos.<\/p>\n\n\n\n<p>Voc\u00ea pode montar:<\/p>\n\n\n\n<ul class=\"wp-block-list\">\n<li>Canteiros no quintal<\/li>\n\n\n\n<li>Jardineiras em varandas<\/li>\n\n\n\n<li>Vasos e floreiras suspensas<\/li>\n<\/ul>\n\n\n\n<p>A ideia \u00e9 deixar o jardim acess\u00edvel para colher as plantas sempre fresquinhas!<\/p>\n\n\n\n<h2 class=\"wp-block-heading\">Como preparar o solo ideal para essas plantas?<\/h2>\n\n\n\n<p>O solo precisa ser <strong>rico em mat\u00e9ria org\u00e2nica<\/strong>, leve e com boa drenagem. Um preparo b\u00e1sico eficaz \u00e9:<\/p>\n\n\n\n<ul class=\"wp-block-list\">\n<li>1 parte de terra vegetal<\/li>\n\n\n\n<li>1 parte de areia grossa<\/li>\n\n\n\n<li>1 parte de composto org\u00e2nico (como h\u00famus de minhoca ou compostagem caseira)<\/li>\n<\/ul>\n\n\n\n<p>O pH deve ser levemente \u00e1cido a neutro (entre 6,0 e 7,0), adequado para a maioria das plantas medicinais e arom\u00e1ticas.<\/p>\n\n\n\n<p>Antes do plantio, afofe bem o solo e retire pedras, torr\u00f5es e ra\u00edzes velhas para que as mudas se desenvolvam livremente.<\/p>\n\n\n\n<h2 class=\"wp-block-heading\">Como plantar plantas de beleza natural: passo a passo<\/h2>\n\n\n\n<ol class=\"wp-block-list\">\n<li><strong>Escolha das mudas ou sementes<\/strong>: prefira mudas saud\u00e1veis ou sementes certificadas.<\/li>\n\n\n\n<li><strong>Plantio<\/strong>: fa\u00e7a covas adequadas ao tamanho da muda ou siga a profundidade indicada nas sementes.<\/li>\n\n\n\n<li><strong>Espa\u00e7amento<\/strong>: respeite a necessidade de cada planta. Em geral:\n<ul class=\"wp-block-list\">\n<li>Plantas grandes (como <strong>aloe vera<\/strong>) precisam de 50 cm a 1 metro.<\/li>\n\n\n\n<li>Plantas de pequeno porte (<strong>camomila<\/strong>, <strong>hortel\u00e3<\/strong>) podem ficar a 20 ou 30 cm de dist\u00e2ncia.<\/li>\n<\/ul>\n<\/li>\n\n\n\n<li><strong>Regas<\/strong>: mantenha o solo \u00famido nos primeiros dias, mas sem encharcar.<\/li>\n\n\n\n<li><strong>Aduba\u00e7\u00e3o<\/strong>: a cada 40 a 60 dias, adube com compostos naturais para manter a sa\u00fade e o vigor das plantas.<\/li>\n<\/ol>\n\n\n<div class=\"wp-block-image\">\n<figure class=\"aligncenter size-large\"><img decoding=\"async\" width=\"1024\" height=\"576\" src=\"https:\/\/www.correiobraziliense.com.br\/cbradar\/wp-content\/uploads\/2025\/04\/hortela-_1744136173739-1024x576.jpg\" alt=\"Aprenda como cuidar da hortel\u00e3 em qualquer espa\u00e7o\" class=\"wp-image-20926\" srcset=\"https:\/\/www.correiobraziliense.com.br\/cbradar\/wp-content\/uploads\/2025\/04\/hortela-_1744136173739-1024x576.jpg 1024w, https:\/\/www.correiobraziliense.com.br\/cbradar\/wp-content\/uploads\/2025\/04\/hortela-_1744136173739-300x169.jpg 300w, https:\/\/www.correiobraziliense.com.br\/cbradar\/wp-content\/uploads\/2025\/04\/hortela-_1744136173739-768x432.jpg 768w, https:\/\/www.correiobraziliense.com.br\/cbradar\/wp-content\/uploads\/2025\/04\/hortela-_1744136173739-750x422.jpg 750w, https:\/\/www.correiobraziliense.com.br\/cbradar\/wp-content\/uploads\/2025\/04\/hortela-_1744136173739-1140x641.jpg 1140w, https:\/\/www.correiobraziliense.com.br\/cbradar\/wp-content\/uploads\/2025\/04\/hortela-_1744136173739.jpg 1280w\" sizes=\"(max-width: 1024px) 100vw, 1024px\" \/><figcaption class=\"wp-element-caption\">Ramo de hortel\u00e3 &#8211; Cr\u00e9ditos: depositphotos.com \/ anskuw<\/figcaption><\/figure><\/div>\n\n\n<h2 class=\"wp-block-heading\">Como cuidar do jardim de plantas para beleza natural?<\/h2>\n\n\n\n<p>Manter o jardim bonito e produtivo exige aten\u00e7\u00e3o a alguns cuidados simples:<\/p>\n\n\n\n<ul class=\"wp-block-list\">\n<li><strong>Rega<\/strong>: regue sempre que o solo estiver seco ao toque, evitando molhar diretamente as folhas em excesso.<\/li>\n\n\n\n<li><strong>Poda<\/strong>: retire flores murchas e folhas secas para estimular novas brota\u00e7\u00f5es.<\/li>\n\n\n\n<li><strong>Aduba\u00e7\u00e3o regular<\/strong>: mantenha a fertilidade do solo com h\u00famus, farinha de ossos e torta de mamona.<\/li>\n\n\n\n<li><strong>Controle de pragas<\/strong>: use solu\u00e7\u00f5es naturais como \u00f3leo de neem ou ch\u00e1 de alho.<\/li>\n<\/ul>\n\n\n\n<p>Mantenha o jardim limpo e livre de ervas daninhas, que competem por nutrientes e luz.<\/p>\n\n\n\n<h2 class=\"wp-block-heading\">Como usar as plantas na beleza natural?<\/h2>\n\n\n\n<p>Cada planta tem um modo especial de uso:<\/p>\n\n\n\n<ul class=\"wp-block-list\">\n<li><strong>Babosa<\/strong>: corte uma folha e use o gel interno em m\u00e1scaras faciais e capilares.<\/li>\n\n\n\n<li><strong>Cal\u00eandula<\/strong>: fa\u00e7a infus\u00f5es para usar em lo\u00e7\u00f5es calmantes ou banhos de assento.<\/li>\n\n\n\n<li><strong>Lavanda<\/strong>: utilize flores secas para fazer \u00f3leos, perfumes e m\u00e1scaras relaxantes.<\/li>\n\n\n\n<li><strong>Camomila<\/strong>: prepare infus\u00f5es para clarear os cabelos ou acalmar peles irritadas.<\/li>\n\n\n\n<li><strong>Alecrim<\/strong>: infunda em \u00f3leo vegetal para fazer t\u00f4nicos capilares estimulantes.<\/li>\n\n\n\n<li><strong>Hortel\u00e3<\/strong>: aplique compressas frescas em peles oleosas e acneicas.<\/li>\n\n\n\n<li><strong>Rosa mosqueta<\/strong>: extraia \u00f3leo das sementes para tratamento anti-idade.<\/li>\n\n\n\n<li><strong>Erva-cidreira<\/strong>: adicione infus\u00e3o em cremes e hidratantes relaxantes.<\/li>\n<\/ul>\n\n\n\n<p>Essas plantas s\u00e3o \u00f3timas bases para cosm\u00e9ticos 100% naturais e livres de qu\u00edmicos.<\/p>\n\n\n\n<h2 class=\"wp-block-heading\">FAQ <\/h2>\n\n\n\n<p><strong>1. Todas essas plantas precisam de muito sol?<\/strong><br>A maioria sim, mas esp\u00e9cies como <strong>camomila<\/strong> e <strong>erva-cidreira<\/strong> se adaptam melhor \u00e0 meia sombra.<\/p>\n\n\n\n<p><strong>2. Posso cultivar em vasos pequenos?<\/strong><br>Algumas sim, como <strong>hortel\u00e3<\/strong> e <strong>camomila<\/strong>. J\u00e1 plantas maiores como <strong>babosa<\/strong> precisam de vasos grandes ou canteiros.<\/p>\n\n\n\n<p><strong>3. Em quanto tempo posso come\u00e7ar a usar as plantas?<\/strong><br>Folhas e flores podem ser colhidas em 2 a 4 meses, dependendo da esp\u00e9cie.<\/p>\n\n\n\n<p><strong>4. Preciso usar adubo qu\u00edmico?<\/strong><br>N\u00e3o. Adubos org\u00e2nicos como h\u00famus de minhoca s\u00e3o mais indicados para preservar as propriedades medicinais das plantas.<\/p>\n\n\n\n<p><strong>5. As plantas de beleza natural tamb\u00e9m t\u00eam propriedades medicinais?<\/strong><br>Sim, muitas delas possuem a\u00e7\u00f5es anti-inflamat\u00f3rias, cicatrizantes e calmantes.<\/p>\n","protected":false},"excerpt":{"rendered":"<p>As plantas usadas na beleza natural s\u00e3o verdadeiros tesouros para quem busca alternativas saud\u00e1veis e sustent\u00e1veis para cuidar da pele, dos cabelos e do corpo. Muitas dessas plantas s\u00e3o f\u00e1ceis de cultivar em casa, n\u00e3o exigem grandes espa\u00e7os e podem ser aproveitadas frescas ou processadas em cosm\u00e9ticos artesanais. A seguir, voc\u00ea aprender\u00e1 quais esp\u00e9cies escolher, [&hellip;]<\/p>\n","protected":false},"author":9,"featured_media":25442,"comment_status":"open","ping_status":"open","sticky":false,"template":"","format":"standard","meta":{"_yoast_wpseo_focuskw":"natural","_yoast_wpseo_title":"%%title%% %%page%%","_yoast_wpseo_metadesc":"Cultive plantas que cuidam da pele, cabelos e corpo de forma natural e descubra como montar seu pr\u00f3prio jardim de beleza em casa.","jnews-multi-image_gallery":[],"jnews_single_post":{"format":"standard"},"jnews_primary_category":[],"jnews_social_meta":[],"jnews_override_counter":[],"footnotes":""},"categories":[136],"post_tag":[3848,3847,3846,3845],"class_list":["post-28582","post","type-post","status-publish","format-standard","has-post-thumbnail","hentry","category-jardinagem","tag-autocuidado-natural","tag-horta-cosmetica","tag-jardinagem-medicinal","tag-plantas-de-beleza"],"yoast_head":"<!-- This site is optimized with the Yoast SEO plugin v24.6 - https:\/\/yoast.com\/wordpress\/plugins\/seo\/ -->\n<title>Cultive as melhores plantas para criar cosm\u00e9ticos naturais em casa<\/title>\n<meta name=\"description\" content=\"Cultive plantas que cuidam da pele, cabelos e corpo de forma natural e descubra como montar seu pr\u00f3prio jardim de beleza em casa.\" \/>\n<meta name=\"robots\" content=\"index, follow, max-snippet:-1, max-image-preview:large, max-video-preview:-1\" \/>\n<link rel=\"canonical\" href=\"https:\/\/www.correiobraziliense.com.br\/cbradar\/cultive-as-melhores-plantas-para-criar-cosmeticos-naturais-em-casa\/\" \/>\n<meta property=\"og:locale\" content=\"pt_BR\" \/>\n<meta property=\"og:type\" content=\"article\" \/>\n<meta property=\"og:title\" content=\"Cultive as melhores plantas para criar cosm\u00e9ticos naturais em casa\" \/>\n<meta property=\"og:description\" content=\"Cultive plantas que cuidam da pele, cabelos e corpo de forma natural e descubra como montar seu pr\u00f3prio jardim de beleza em casa.\" \/>\n<meta property=\"og:url\" content=\"https:\/\/www.correiobraziliense.com.br\/cbradar\/cultive-as-melhores-plantas-para-criar-cosmeticos-naturais-em-casa\/\" \/>\n<meta property=\"og:site_name\" content=\"Correio Braziliense - Radar\" \/>\n<meta property=\"article:published_time\" content=\"2025-04-27T12:10:00+00:00\" \/>\n<meta property=\"og:image\" content=\"https:\/\/www.correiobraziliense.com.br\/cbradar\/wp-content\/uploads\/2025\/04\/babosa-plantacao_1744999761803.jpg\" \/>\n\t<meta property=\"og:image:width\" content=\"1280\" \/>\n\t<meta property=\"og:image:height\" content=\"720\" \/>\n\t<meta property=\"og:image:type\" content=\"image\/jpeg\" \/>\n<meta name=\"author\" content=\"Daniely Cardoso\" \/>\n<meta name=\"twitter:card\" content=\"summary_large_image\" \/>\n<meta name=\"twitter:label1\" content=\"Escrito por\" \/>\n\t<meta name=\"twitter:data1\" content=\"Daniely Cardoso\" \/>\n\t<meta name=\"twitter:label2\" content=\"Est. tempo de leitura\" \/>\n\t<meta name=\"twitter:data2\" content=\"5 minutos\" \/>\n<!-- \/ Yoast SEO plugin. -->","yoast_head_json":{"title":"Cultive as melhores plantas para criar cosm\u00e9ticos naturais em casa","description":"Cultive plantas que cuidam da pele, cabelos e corpo de forma natural e descubra como montar seu pr\u00f3prio jardim de beleza em casa.","robots":{"index":"index","follow":"follow","max-snippet":"max-snippet:-1","max-image-preview":"max-image-preview:large","max-video-preview":"max-video-preview:-1"},"canonical":"https:\/\/www.correiobraziliense.com.br\/cbradar\/cultive-as-melhores-plantas-para-criar-cosmeticos-naturais-em-casa\/","og_locale":"pt_BR","og_type":"article","og_title":"Cultive as melhores plantas para criar cosm\u00e9ticos naturais em casa","og_description":"Cultive plantas que cuidam da pele, cabelos e corpo de forma natural e descubra como montar seu pr\u00f3prio jardim de beleza em casa.","og_url":"https:\/\/www.correiobraziliense.com.br\/cbradar\/cultive-as-melhores-plantas-para-criar-cosmeticos-naturais-em-casa\/","og_site_name":"Correio Braziliense - Radar","article_published_time":"2025-04-27T12:10:00+00:00","og_image":[{"width":1280,"height":720,"url":"https:\/\/www.correiobraziliense.com.br\/cbradar\/wp-content\/uploads\/2025\/04\/babosa-plantacao_1744999761803.jpg","type":"image\/jpeg"}],"author":"Daniely Cardoso","twitter_card":"summary_large_image","twitter_misc":{"Escrito por":"Daniely Cardoso","Est. tempo de leitura":"5 minutos"},"schema":{"@context":"https:\/\/schema.org","@graph":[{"@type":"WebPage","@id":"https:\/\/www.correiobraziliense.com.br\/cbradar\/cultive-as-melhores-plantas-para-criar-cosmeticos-naturais-em-casa\/","url":"https:\/\/www.correiobraziliense.com.br\/cbradar\/cultive-as-melhores-plantas-para-criar-cosmeticos-naturais-em-casa\/","name":"Cultive as melhores plantas para criar cosm\u00e9ticos naturais em casa","isPartOf":{"@id":"https:\/\/www.correiobraziliense.com.br\/cbradar\/#website"},"primaryImageOfPage":{"@id":"https:\/\/www.correiobraziliense.com.br\/cbradar\/cultive-as-melhores-plantas-para-criar-cosmeticos-naturais-em-casa\/#primaryimage"},"image":{"@id":"https:\/\/www.correiobraziliense.com.br\/cbradar\/cultive-as-melhores-plantas-para-criar-cosmeticos-naturais-em-casa\/#primaryimage"},"thumbnailUrl":"https:\/\/www.correiobraziliense.com.br\/cbradar\/wp-content\/uploads\/2025\/04\/babosa-plantacao_1744999761803.jpg","datePublished":"2025-04-27T12:10:00+00:00","author":{"@id":"https:\/\/www.correiobraziliense.com.br\/cbradar\/#\/schema\/person\/7356666e12ec0ee53f348ee5db227032"},"description":"Cultive plantas que cuidam da pele, cabelos e corpo de forma natural e descubra como montar seu pr\u00f3prio jardim de beleza em casa.","breadcrumb":{"@id":"https:\/\/www.correiobraziliense.com.br\/cbradar\/cultive-as-melhores-plantas-para-criar-cosmeticos-naturais-em-casa\/#breadcrumb"},"inLanguage":"pt-BR","potentialAction":[{"@type":"ReadAction","target":["https:\/\/www.correiobraziliense.com.br\/cbradar\/cultive-as-melhores-plantas-para-criar-cosmeticos-naturais-em-casa\/"]}]},{"@type":"ImageObject","inLanguage":"pt-BR","@id":"https:\/\/www.correiobraziliense.com.br\/cbradar\/cultive-as-melhores-plantas-para-criar-cosmeticos-naturais-em-casa\/#primaryimage","url":"https:\/\/www.correiobraziliense.com.br\/cbradar\/wp-content\/uploads\/2025\/04\/babosa-plantacao_1744999761803.jpg","contentUrl":"https:\/\/www.correiobraziliense.com.br\/cbradar\/wp-content\/uploads\/2025\/04\/babosa-plantacao_1744999761803.jpg","width":1280,"height":720,"caption":"Babosa - Cr\u00e9ditos: depositphotos.com \/ photographyrima"},{"@type":"BreadcrumbList","@id":"https:\/\/www.correiobraziliense.com.br\/cbradar\/cultive-as-melhores-plantas-para-criar-cosmeticos-naturais-em-casa\/#breadcrumb","itemListElement":[{"@type":"ListItem","position":1,"name":"In\u00edcio","item":"https:\/\/www.correiobraziliense.com.br\/cbradar\/"},{"@type":"ListItem","position":2,"name":"Cultive as melhores plantas para criar cosm\u00e9ticos naturais em casa"}]},{"@type":"WebSite","@id":"https:\/\/www.correiobraziliense.com.br\/cbradar\/#website","url":"https:\/\/www.correiobraziliense.com.br\/cbradar\/","name":"Correio Braziliense - Radar","description":"Acompanhe as \u00faltimas not\u00edcias e fique bem informado sobre tudo o que acontece no Brasil e no mundo.","potentialAction":[{"@type":"SearchAction","target":{"@type":"EntryPoint","urlTemplate":"https:\/\/www.correiobraziliense.com.br\/cbradar\/?s={search_term_string}"},"query-input":{"@type":"PropertyValueSpecification","valueRequired":true,"valueName":"search_term_string"}}],"inLanguage":"pt-BR"},{"@type":"Person","@id":"https:\/\/www.correiobraziliense.com.br\/cbradar\/#\/schema\/person\/7356666e12ec0ee53f348ee5db227032","name":"Daniely Cardoso","image":{"@type":"ImageObject","inLanguage":"pt-BR","@id":"https:\/\/www.correiobraziliense.com.br\/cbradar\/#\/schema\/person\/image\/","url":"https:\/\/secure.gravatar.com\/avatar\/4b80ddbd124d1f071b626d52d62e5dff?s=96&d=mm&r=g","contentUrl":"https:\/\/secure.gravatar.com\/avatar\/4b80ddbd124d1f071b626d52d62e5dff?s=96&d=mm&r=g","caption":"Daniely Cardoso"},"description":"Redatora nos portais CB Radar e EM Foco, formada pela Universidade Federal de Goi\u00e1s, em Goi\u00e2nia. Apaixonada por comunica\u00e7\u00e3o, arte, decora\u00e7\u00e3o e tend\u00eancias, atuo na produ\u00e7\u00e3o de conte\u00fados envolventes sobre curiosidades, moda, beleza e paisagismo, sempre com um olhar atento \u00e0s novidades do momento.","sameAs":["https:\/\/www.correiobraziliense.com.br\/cbradar"],"url":"https:\/\/www.correiobraziliense.com.br\/cbradar\/author\/danielymyth\/"}]}},"_links":{"self":[{"href":"https:\/\/www.correiobraziliense.com.br\/cbradar\/wp-json\/wp\/v2\/posts\/28582","targetHints":{"allow":["GET"]}}],"collection":[{"href":"https:\/\/www.correiobraziliense.com.br\/cbradar\/wp-json\/wp\/v2\/posts"}],"about":[{"href":"https:\/\/www.correiobraziliense.com.br\/cbradar\/wp-json\/wp\/v2\/types\/post"}],"author":[{"embeddable":true,"href":"https:\/\/www.correiobraziliense.com.br\/cbradar\/wp-json\/wp\/v2\/users\/9"}],"replies":[{"embeddable":true,"href":"https:\/\/www.correiobraziliense.com.br\/cbradar\/wp-json\/wp\/v2\/comments?post=28582"}],"version-history":[{"count":2,"href":"https:\/\/www.correiobraziliense.com.br\/cbradar\/wp-json\/wp\/v2\/posts\/28582\/revisions"}],"predecessor-version":[{"id":28590,"href":"https:\/\/www.correiobraziliense.com.br\/cbradar\/wp-json\/wp\/v2\/posts\/28582\/revisions\/28590"}],"wp:featuredmedia":[{"embeddable":true,"href":"https:\/\/www.correiobraziliense.com.br\/cbradar\/wp-json\/wp\/v2\/media\/25442"}],"wp:attachment":[{"href":"https:\/\/www.correiobraziliense.com.br\/cbradar\/wp-json\/wp\/v2\/media?parent=28582"}],"wp:term":[{"taxonomy":"category","embeddable":true,"href":"https:\/\/www.correiobraziliense.com.br\/cbradar\/wp-json\/wp\/v2\/categories?post=28582"},{"taxonomy":"post_tag","embeddable":true,"href":"https:\/\/www.correiobraziliense.com.br\/cbradar\/wp-json\/wp\/v2\/post_tag?post=28582"}],"curies":[{"name":"wp","href":"https:\/\/api.w.org\/{rel}","templated":true}]}}