{"id":28669,"date":"2025-04-27T20:50:00","date_gmt":"2025-04-27T23:50:00","guid":{"rendered":"https:\/\/www.correiobraziliense.com.br\/cbradar\/?p=28669"},"modified":"2025-04-27T01:06:49","modified_gmt":"2025-04-27T04:06:49","slug":"o-imperio-da-artista-pop-mais-famosa-no-mundo-vai-ter-show-no-brasil","status":"publish","type":"post","link":"https:\/\/www.correiobraziliense.com.br\/cbradar\/o-imperio-da-artista-pop-mais-famosa-no-mundo-vai-ter-show-no-brasil\/","title":{"rendered":"O imp\u00e9rio da artista pop mais famosa no mundo &#8211; vai ter show no Brasil?"},"content":{"rendered":"\n<p><strong><a href=\"https:\/\/pt.wikipedia.org\/wiki\/Lady_Gaga\" target=\"_blank\" rel=\"noreferrer noopener\">Lady Gaga<\/a><\/strong> \u00e9 uma das artistas mais inovadoras e influentes da m\u00fasica contempor\u00e2nea. Desde seu in\u00edcio na ind\u00fastria at\u00e9 os dias atuais, ela se destacou n\u00e3o apenas por sua incr\u00edvel voz, mas tamb\u00e9m por sua ousadia e talento em redefinir os limites da m\u00fasica pop e da cultura pop em geral. Ao longo de sua carreira, <strong>Lady Gaga<\/strong> se tornou um \u00edcone global, conhecida por seu estilo \u00fanico, suas letras impactantes e sua postura provocadora. Vamos explorar mais sobre a carreira, as conquistas e curiosidades dessa artista multifacetada.<\/p>\n\n\n\n<h2 class=\"wp-block-heading\">Como Lady Gaga come\u00e7ou sua carreira?<\/h2>\n\n\n\n<p><strong>Lady Gaga<\/strong>, cujo nome verdadeiro \u00e9 <strong>Stefani Joanne Angelina Germanotta<\/strong>, nasceu em <strong>Nova York<\/strong>, <strong>EUA<\/strong>, no dia <strong>28 de mar\u00e7o de 1986<\/strong>. Desde muito jovem, <strong>Lady Gaga<\/strong> demonstrou uma grande paix\u00e3o pela m\u00fasica, aprendendo a tocar piano aos 4 anos e se apresentando em diversas produ\u00e7\u00f5es teatrais durante sua adolesc\u00eancia. Ela se formou na <strong>Tisch School of the Arts<\/strong>, da <strong>Universidade de Nova York<\/strong>, antes de come\u00e7ar sua jornada na m\u00fasica.<\/p>\n\n\n\n<p>Ap\u00f3s se mudar para <strong>Los Angeles<\/strong>, <strong>Lady Gaga<\/strong> passou por dificuldades financeiras e pequenas apresenta\u00e7\u00f5es at\u00e9 ser descoberta pelo produtor <strong>Rob Fusari<\/strong>, que ajudou a moldar seu estilo e a desenvolver sua identidade art\u00edstica. Seu primeiro grande sucesso veio com o lan\u00e7amento de <strong>The Fame<\/strong> em <strong>2008<\/strong>, que incluiu os hits <strong>&#8220;Just Dance&#8221;<\/strong> e <strong>&#8220;Poker Face&#8221;<\/strong>, que rapidamente a colocaram no centro da cena pop. Seu estilo \u00fanico, combinado com uma forte presen\u00e7a de palco e uma abordagem ousada, fez de <strong>Lady Gaga<\/strong> uma das artistas mais ousadas de sua gera\u00e7\u00e3o.<\/p>\n\n\n<div class=\"wp-block-image\">\n<figure class=\"aligncenter size-large\"><img decoding=\"async\" width=\"1024\" height=\"576\" src=\"https:\/\/www.correiobraziliense.com.br\/cbradar\/wp-content\/uploads\/2025\/02\/lady-gaga_1740191867944-1024x576.jpg\" alt=\"O imp\u00e9rio da artista pop mais famosa no mundo - vai ter show no Brasil?\" class=\"wp-image-4808\" srcset=\"https:\/\/www.correiobraziliense.com.br\/cbradar\/wp-content\/uploads\/2025\/02\/lady-gaga_1740191867944-1024x576.jpg 1024w, https:\/\/www.correiobraziliense.com.br\/cbradar\/wp-content\/uploads\/2025\/02\/lady-gaga_1740191867944-300x169.jpg 300w, https:\/\/www.correiobraziliense.com.br\/cbradar\/wp-content\/uploads\/2025\/02\/lady-gaga_1740191867944-768x432.jpg 768w, https:\/\/www.correiobraziliense.com.br\/cbradar\/wp-content\/uploads\/2025\/02\/lady-gaga_1740191867944-750x422.jpg 750w, https:\/\/www.correiobraziliense.com.br\/cbradar\/wp-content\/uploads\/2025\/02\/lady-gaga_1740191867944-1140x641.jpg 1140w, https:\/\/www.correiobraziliense.com.br\/cbradar\/wp-content\/uploads\/2025\/02\/lady-gaga_1740191867944.jpg 1280w\" sizes=\"(max-width: 1024px) 100vw, 1024px\" \/><figcaption class=\"wp-element-caption\">Lady Gaga \/\/ Cr\u00e9ditos: depositphotos.com \/ arp<\/figcaption><\/figure><\/div>\n\n\n<h2 class=\"wp-block-heading\">Quais s\u00e3o as conquistas da artista?<\/h2>\n\n\n\n<p><strong>Lady Gaga<\/strong> alcan\u00e7ou in\u00fameras conquistas ao longo de sua carreira. Ela tem <strong>6 pr\u00eamios Grammy<\/strong>, <strong>13 pr\u00eamios MTV Video Music Awards<\/strong> e <strong>1 <a href=\"https:\/\/www.correiobraziliense.com.br\/cbradar\/pecadores-ja-e-um-filme-de-sucesso-e-vira-aposta-ao-oscar-2025\/\" target=\"_blank\" rel=\"noreferrer noopener\">Oscar<\/a><\/strong>, al\u00e9m de v\u00e1rias indica\u00e7\u00f5es a <strong>Golden Globe Awards<\/strong>. O \u00e1lbum <strong>The Fame<\/strong> (2008) foi um marco na sua carreira, n\u00e3o s\u00f3 por ter colocado <strong>Lady Gaga<\/strong> no topo das paradas, mas tamb\u00e9m por ser um dos \u00e1lbuns mais vendidos da d\u00e9cada.<\/p>\n\n\n\n<p>Ela tamb\u00e9m fez hist\u00f3ria no cinema, especialmente com sua performance aclamada em <strong>A Star is Born<\/strong> (2018), onde interpretou a cantora <strong>Ally<\/strong> ao lado de <strong>Bradley Cooper<\/strong>. A can\u00e7\u00e3o <strong>&#8220;Shallow&#8221;<\/strong> da trilha sonora do filme, interpretada por <strong>Lady Gaga<\/strong> e <strong>Bradley Cooper<\/strong>, ganhou o <strong>Oscar<\/strong> de <strong>Melhor Can\u00e7\u00e3o Original<\/strong>, e <strong>Lady Gaga<\/strong> levou para casa o <strong>Golden Globe<\/strong> e o <strong>BAFTA<\/strong> por sua performance.<\/p>\n\n\n\n<p>Al\u00e9m disso, <strong>Lady Gaga<\/strong> foi a primeira artista a vender <strong>1 milh\u00e3o<\/strong> de \u00e1lbuns digitais nos Estados Unidos, e seus \u00e1lbuns s\u00e3o reconhecidos globalmente, com grande impacto nas paradas de sucesso e no estilo musical da \u00e9poca.<\/p>\n\n\n\n<h2 class=\"wp-block-heading\">Curiosidades sobre a artista<\/h2>\n\n\n\n<ul class=\"wp-block-list\">\n<li><strong>Lady Gaga<\/strong> \u00e9 conhecida por sua ousadia e por quebrar barreiras no mundo da moda. Ela tem um estilo visualmente impactante, o que a tornou um \u00edcone de moda global. O vestido de carne que ela usou no <strong>MTV Video Music Awards 2010<\/strong> \u00e9 um dos momentos mais lembrados de sua carreira.<\/li>\n\n\n\n<li><strong>Lady Gaga<\/strong> sempre foi uma defensora dos direitos LGBT e \u00e9 uma ativista pelos direitos humanos e igualdade. Ela fundou a <strong>Born This Way Foundation<\/strong>, uma organiza\u00e7\u00e3o sem fins lucrativos dedicada \u00e0 sa\u00fade mental e ao apoio a jovens LGBTQ+.<\/li>\n\n\n\n<li>Em <strong>2011<\/strong>, <strong>Lady Gaga<\/strong> foi a primeira artista a atingir <strong>1 bilh\u00e3o<\/strong> de visualiza\u00e7\u00f5es no <strong>YouTube<\/strong>, um feito que a solidificou como uma das artistas digitais mais influentes.<\/li>\n\n\n\n<li><strong>Lady Gaga<\/strong> tem uma grande paix\u00e3o pela arte, e ela \u00e9 treinada em ballet cl\u00e1ssico e piano. Ela tamb\u00e9m trabalhou em diversas iniciativas de arte perform\u00e1tica, especialmente no in\u00edcio de sua carreira.<\/li>\n\n\n\n<li>A artista tamb\u00e9m tem sido reconhecida por sua coragem em falar abertamente sobre sua luta contra a depress\u00e3o e os dist\u00farbios alimentares, inspirando milh\u00f5es com sua transpar\u00eancia e for\u00e7a.<\/li>\n<\/ul>\n\n\n\n<h2 class=\"wp-block-heading\">Qual \u00e9 o valor da fortuna de Lady Gaga e fontes de renda?<\/h2>\n\n\n\n<p>O patrim\u00f4nio de <strong>Lady Gaga<\/strong> \u00e9 estimado em cerca de <strong>$320 milh\u00f5es<\/strong>. Sua principal fonte de renda vem de sua carreira musical, incluindo vendas de \u00e1lbuns, shows e contratos de publicidade. <strong>Lady Gaga<\/strong> tamb\u00e9m ganha com suas turn\u00eas mundiais, que s\u00e3o sempre um sucesso estrondoso de bilheteiras. Al\u00e9m disso, a artista diversificou suas fontes de receita com sua linha de maquiagem, <strong>Haus Laboratories<\/strong>, e com contratos publicit\u00e1rios com marcas globais como <strong>Versace<\/strong>, <strong>Tiffany &amp; Co.<\/strong> e <strong>Mac Cosmetics<\/strong>.<\/p>\n\n\n\n<p>Al\u00e9m disso, <strong>Lady Gaga<\/strong> ganha com suas colabora\u00e7\u00f5es no cinema, como sua atua\u00e7\u00e3o em <strong>A Star is Born<\/strong>, que gerou grandes lucros tanto nas bilheteiras quanto com a m\u00fasica da trilha sonora. Sua presen\u00e7a nas redes sociais tamb\u00e9m \u00e9 uma fonte de renda significativa, com milh\u00f5es de seguidores no <strong>Instagram<\/strong> e <strong>Twitter<\/strong>, o que atrai acordos de patroc\u00ednio com marcas internacionais.<\/p>\n\n\n\n<h2 class=\"wp-block-heading\">Vai ter show da Lady Gaga no Brasil?<\/h2>\n\n\n\n<p>Apesar de todos os rumores de que a \u00eddola n\u00e3o comparecer\u00e1 no evento, as \u00faltimas not\u00edcias e um pedido da artista d\u00e1 a entender que sim,<strong> Lady Gaga<\/strong> far\u00e1 sua participa\u00e7\u00e3o no show gratuito em <strong>Copacabana<\/strong>, <strong>Rio de Janeiro<\/strong>, no dia <strong>3 de maio de 2025<\/strong>. Os rumores afirmam que patrocinadores do show de <strong>Lady Gaga<\/strong> est\u00e3o impedidos de usar sua imagem em suas campanhas publicit\u00e1rias devido a restri\u00e7\u00f5es contratuais. Apenas a <strong>TV Globo<\/strong>, respons\u00e1vel pela transmiss\u00e3o do evento, tem permiss\u00e3o para associar sua marca \u00e0 artista. Isso gerou confus\u00e3o quando um cartaz com a imagem de <strong>Gaga <\/strong>foi substitu\u00eddo por outro painel do projeto &#8220;<strong>Todo Mundo no Rio<\/strong>&#8220;, levando algumas pessoas a especularem sobre o cancelamento do show. No entanto, a substitui\u00e7\u00e3o foi planejada e n\u00e3o afeta a realiza\u00e7\u00e3o do evento.<\/p>\n","protected":false},"excerpt":{"rendered":"<p>Lady Gaga \u00e9 uma das artistas mais inovadoras e influentes da m\u00fasica contempor\u00e2nea. Desde seu in\u00edcio na ind\u00fastria at\u00e9 os dias atuais, ela se destacou n\u00e3o apenas por sua incr\u00edvel voz, mas tamb\u00e9m por sua ousadia e talento em redefinir os limites da m\u00fasica pop e da cultura pop em geral. Ao longo de sua [&hellip;]<\/p>\n","protected":false},"author":8,"featured_media":3843,"comment_status":"open","ping_status":"open","sticky":false,"template":"","format":"standard","meta":{"jnews-multi-image_gallery":[],"jnews_single_post":{"format":"standard"},"jnews_primary_category":[],"jnews_social_meta":[],"jnews_override_counter":[],"footnotes":""},"categories":[128,169],"post_tag":[534,810,1406],"class_list":["post-28669","post","type-post","status-publish","format-standard","has-post-thumbnail","hentry","category-economia","category-noticias","tag-fortunas","tag-lady-gaga","tag-pop"],"yoast_head":"<!-- This site is optimized with the Yoast SEO plugin v24.6 - https:\/\/yoast.com\/wordpress\/plugins\/seo\/ -->\n<title>O imp\u00e9rio da artista pop mais famosa no mundo - vai ter show no Brasil? - Correio Braziliense - Radar<\/title>\n<meta name=\"description\" content=\"A artista pop mais famosa do mundo est\u00e1 dominando os palcos, mas ser\u00e1 que o Brasil vai ser parte desse show? Saiba mais aqui.\" \/>\n<meta name=\"robots\" content=\"index, follow, max-snippet:-1, max-image-preview:large, max-video-preview:-1\" \/>\n<link rel=\"canonical\" href=\"https:\/\/www.correiobraziliense.com.br\/cbradar\/o-imperio-da-artista-pop-mais-famosa-no-mundo-vai-ter-show-no-brasil\/\" \/>\n<meta property=\"og:locale\" content=\"pt_BR\" \/>\n<meta property=\"og:type\" content=\"article\" \/>\n<meta property=\"og:title\" content=\"O imp\u00e9rio da artista pop mais famosa no mundo - vai ter show no Brasil? - Correio Braziliense - Radar\" \/>\n<meta property=\"og:description\" content=\"A artista pop mais famosa do mundo est\u00e1 dominando os palcos, mas ser\u00e1 que o Brasil vai ser parte desse show? Saiba mais aqui.\" \/>\n<meta property=\"og:url\" content=\"https:\/\/www.correiobraziliense.com.br\/cbradar\/o-imperio-da-artista-pop-mais-famosa-no-mundo-vai-ter-show-no-brasil\/\" \/>\n<meta property=\"og:site_name\" content=\"Correio Braziliense - Radar\" \/>\n<meta property=\"article:published_time\" content=\"2025-04-27T23:50:00+00:00\" \/>\n<meta property=\"og:image\" content=\"https:\/\/www.correiobraziliense.com.br\/cbradar\/wp-content\/uploads\/2025\/02\/lady-gaga_1739853054219.jpg\" \/>\n\t<meta property=\"og:image:width\" content=\"1280\" \/>\n\t<meta property=\"og:image:height\" content=\"720\" \/>\n\t<meta property=\"og:image:type\" content=\"image\/jpeg\" \/>\n<meta name=\"author\" content=\"Maura Pereira\" \/>\n<meta name=\"twitter:card\" content=\"summary_large_image\" \/>\n<meta name=\"twitter:label1\" content=\"Escrito por\" \/>\n\t<meta name=\"twitter:data1\" content=\"Maura Pereira\" \/>\n\t<meta name=\"twitter:label2\" content=\"Est. tempo de leitura\" \/>\n\t<meta name=\"twitter:data2\" content=\"6 minutos\" \/>\n<!-- \/ Yoast SEO plugin. -->","yoast_head_json":{"title":"O imp\u00e9rio da artista pop mais famosa no mundo - vai ter show no Brasil? - Correio Braziliense - Radar","description":"A artista pop mais famosa do mundo est\u00e1 dominando os palcos, mas ser\u00e1 que o Brasil vai ser parte desse show? Saiba mais aqui.","robots":{"index":"index","follow":"follow","max-snippet":"max-snippet:-1","max-image-preview":"max-image-preview:large","max-video-preview":"max-video-preview:-1"},"canonical":"https:\/\/www.correiobraziliense.com.br\/cbradar\/o-imperio-da-artista-pop-mais-famosa-no-mundo-vai-ter-show-no-brasil\/","og_locale":"pt_BR","og_type":"article","og_title":"O imp\u00e9rio da artista pop mais famosa no mundo - vai ter show no Brasil? - Correio Braziliense - Radar","og_description":"A artista pop mais famosa do mundo est\u00e1 dominando os palcos, mas ser\u00e1 que o Brasil vai ser parte desse show? Saiba mais aqui.","og_url":"https:\/\/www.correiobraziliense.com.br\/cbradar\/o-imperio-da-artista-pop-mais-famosa-no-mundo-vai-ter-show-no-brasil\/","og_site_name":"Correio Braziliense - Radar","article_published_time":"2025-04-27T23:50:00+00:00","og_image":[{"width":1280,"height":720,"url":"https:\/\/www.correiobraziliense.com.br\/cbradar\/wp-content\/uploads\/2025\/02\/lady-gaga_1739853054219.jpg","type":"image\/jpeg"}],"author":"Maura Pereira","twitter_card":"summary_large_image","twitter_misc":{"Escrito por":"Maura Pereira","Est. tempo de leitura":"6 minutos"},"schema":{"@context":"https:\/\/schema.org","@graph":[{"@type":"WebPage","@id":"https:\/\/www.correiobraziliense.com.br\/cbradar\/o-imperio-da-artista-pop-mais-famosa-no-mundo-vai-ter-show-no-brasil\/","url":"https:\/\/www.correiobraziliense.com.br\/cbradar\/o-imperio-da-artista-pop-mais-famosa-no-mundo-vai-ter-show-no-brasil\/","name":"O imp\u00e9rio da artista pop mais famosa no mundo - vai ter show no Brasil? - Correio Braziliense - Radar","isPartOf":{"@id":"https:\/\/www.correiobraziliense.com.br\/cbradar\/#website"},"primaryImageOfPage":{"@id":"https:\/\/www.correiobraziliense.com.br\/cbradar\/o-imperio-da-artista-pop-mais-famosa-no-mundo-vai-ter-show-no-brasil\/#primaryimage"},"image":{"@id":"https:\/\/www.correiobraziliense.com.br\/cbradar\/o-imperio-da-artista-pop-mais-famosa-no-mundo-vai-ter-show-no-brasil\/#primaryimage"},"thumbnailUrl":"https:\/\/www.correiobraziliense.com.br\/cbradar\/wp-content\/uploads\/2025\/02\/lady-gaga_1739853054219.jpg","datePublished":"2025-04-27T23:50:00+00:00","author":{"@id":"https:\/\/www.correiobraziliense.com.br\/cbradar\/#\/schema\/person\/4053c651a9bfc785afc6f4cbc9032fd3"},"description":"A artista pop mais famosa do mundo est\u00e1 dominando os palcos, mas ser\u00e1 que o Brasil vai ser parte desse show? Saiba mais aqui.","breadcrumb":{"@id":"https:\/\/www.correiobraziliense.com.br\/cbradar\/o-imperio-da-artista-pop-mais-famosa-no-mundo-vai-ter-show-no-brasil\/#breadcrumb"},"inLanguage":"pt-BR","potentialAction":[{"@type":"ReadAction","target":["https:\/\/www.correiobraziliense.com.br\/cbradar\/o-imperio-da-artista-pop-mais-famosa-no-mundo-vai-ter-show-no-brasil\/"]}]},{"@type":"ImageObject","inLanguage":"pt-BR","@id":"https:\/\/www.correiobraziliense.com.br\/cbradar\/o-imperio-da-artista-pop-mais-famosa-no-mundo-vai-ter-show-no-brasil\/#primaryimage","url":"https:\/\/www.correiobraziliense.com.br\/cbradar\/wp-content\/uploads\/2025\/02\/lady-gaga_1739853054219.jpg","contentUrl":"https:\/\/www.correiobraziliense.com.br\/cbradar\/wp-content\/uploads\/2025\/02\/lady-gaga_1739853054219.jpg","width":1280,"height":720,"caption":"Lady Gaga \/\/ Cr\u00e9ditos: depositphotos.com \/ Jean_Nelson"},{"@type":"BreadcrumbList","@id":"https:\/\/www.correiobraziliense.com.br\/cbradar\/o-imperio-da-artista-pop-mais-famosa-no-mundo-vai-ter-show-no-brasil\/#breadcrumb","itemListElement":[{"@type":"ListItem","position":1,"name":"In\u00edcio","item":"https:\/\/www.correiobraziliense.com.br\/cbradar\/"},{"@type":"ListItem","position":2,"name":"O imp\u00e9rio da artista pop mais famosa no mundo &#8211; vai ter show no Brasil?"}]},{"@type":"WebSite","@id":"https:\/\/www.correiobraziliense.com.br\/cbradar\/#website","url":"https:\/\/www.correiobraziliense.com.br\/cbradar\/","name":"Correio Braziliense - Radar","description":"Acompanhe as \u00faltimas not\u00edcias e fique bem informado sobre tudo o que acontece no Brasil e no mundo.","potentialAction":[{"@type":"SearchAction","target":{"@type":"EntryPoint","urlTemplate":"https:\/\/www.correiobraziliense.com.br\/cbradar\/?s={search_term_string}"},"query-input":{"@type":"PropertyValueSpecification","valueRequired":true,"valueName":"search_term_string"}}],"inLanguage":"pt-BR"},{"@type":"Person","@id":"https:\/\/www.correiobraziliense.com.br\/cbradar\/#\/schema\/person\/4053c651a9bfc785afc6f4cbc9032fd3","name":"Maura Pereira","image":{"@type":"ImageObject","inLanguage":"pt-BR","@id":"https:\/\/www.correiobraziliense.com.br\/cbradar\/#\/schema\/person\/image\/","url":"https:\/\/secure.gravatar.com\/avatar\/3effd6bdadfa447f15089c7f7144eaa6?s=96&d=mm&r=g","contentUrl":"https:\/\/secure.gravatar.com\/avatar\/3effd6bdadfa447f15089c7f7144eaa6?s=96&d=mm&r=g","caption":"Maura Pereira"},"sameAs":["https:\/\/www.correiobraziliense.com.br\/"],"url":"https:\/\/www.correiobraziliense.com.br\/cbradar\/author\/mauramyth\/"}]}},"_links":{"self":[{"href":"https:\/\/www.correiobraziliense.com.br\/cbradar\/wp-json\/wp\/v2\/posts\/28669","targetHints":{"allow":["GET"]}}],"collection":[{"href":"https:\/\/www.correiobraziliense.com.br\/cbradar\/wp-json\/wp\/v2\/posts"}],"about":[{"href":"https:\/\/www.correiobraziliense.com.br\/cbradar\/wp-json\/wp\/v2\/types\/post"}],"author":[{"embeddable":true,"href":"https:\/\/www.correiobraziliense.com.br\/cbradar\/wp-json\/wp\/v2\/users\/8"}],"replies":[{"embeddable":true,"href":"https:\/\/www.correiobraziliense.com.br\/cbradar\/wp-json\/wp\/v2\/comments?post=28669"}],"version-history":[{"count":14,"href":"https:\/\/www.correiobraziliense.com.br\/cbradar\/wp-json\/wp\/v2\/posts\/28669\/revisions"}],"predecessor-version":[{"id":28733,"href":"https:\/\/www.correiobraziliense.com.br\/cbradar\/wp-json\/wp\/v2\/posts\/28669\/revisions\/28733"}],"wp:featuredmedia":[{"embeddable":true,"href":"https:\/\/www.correiobraziliense.com.br\/cbradar\/wp-json\/wp\/v2\/media\/3843"}],"wp:attachment":[{"href":"https:\/\/www.correiobraziliense.com.br\/cbradar\/wp-json\/wp\/v2\/media?parent=28669"}],"wp:term":[{"taxonomy":"category","embeddable":true,"href":"https:\/\/www.correiobraziliense.com.br\/cbradar\/wp-json\/wp\/v2\/categories?post=28669"},{"taxonomy":"post_tag","embeddable":true,"href":"https:\/\/www.correiobraziliense.com.br\/cbradar\/wp-json\/wp\/v2\/post_tag?post=28669"}],"curies":[{"name":"wp","href":"https:\/\/api.w.org\/{rel}","templated":true}]}}