{"id":28742,"date":"2025-04-27T17:50:00","date_gmt":"2025-04-27T20:50:00","guid":{"rendered":"https:\/\/www.correiobraziliense.com.br\/cbradar\/?p=28742"},"modified":"2025-04-27T01:39:40","modified_gmt":"2025-04-27T04:39:40","slug":"a-cidade-das-flores-vai-te-encantar-com-qualidade-de-vida-e-beleza","status":"publish","type":"post","link":"https:\/\/www.correiobraziliense.com.br\/cbradar\/a-cidade-das-flores-vai-te-encantar-com-qualidade-de-vida-e-beleza\/","title":{"rendered":"A cidade das flores vai te encantar com qualidade de vida e beleza"},"content":{"rendered":"\n<p>Localizada no interior de <strong><a href=\"https:\/\/www.correiobraziliense.com.br\/cbradar\/uma-cidade-no-interior-de-sao-paulo-conhecida-como-a-terra-do-sol\/\" target=\"_blank\" rel=\"noreferrer noopener\">S\u00e3o Paulo<\/a><\/strong>, <strong>Holambra<\/strong> \u00e9 uma cidade que se destaca por sua beleza, tranquilidade e pela forte conex\u00e3o com a natureza. Conhecida como a &#8220;<strong>Cidade das Flores<\/strong>&#8220;, <strong>Holambra<\/strong> \u00e9 um lugar \u00fanico, onde o charme das flores se mistura com a qualidade de vida de uma cidade interiorana. Al\u00e9m disso, sua rica hist\u00f3ria e a cultura de origem holandesa tornam a cidade ainda mais especial. Se voc\u00ea est\u00e1 procurando um lugar para viver ou visitar, <strong>Holambra<\/strong> tem muito a oferecer.<\/p>\n\n\n\n<h2 class=\"wp-block-heading\">Qualidade de vida em Holambra<\/h2>\n\n\n\n<p><a href=\"https:\/\/www.holambra.sp.gov.br\/\" target=\"_blank\" rel=\"noreferrer noopener\"><strong>Holambra<\/strong> <\/a>\u00e9 a defini\u00e7\u00e3o de qualidade de vida no interior. Com um clima agrad\u00e1vel, uma infraestrutura bem planejada e um custo de vida mais baixo do que as grandes metr\u00f3poles, a cidade se tornou um destino popular para aqueles que buscam uma vida tranquila, mas sem abrir m\u00e3o das facilidades da vida moderna.<\/p>\n\n\n\n<p>A cidade tem se destacado por suas pol\u00edticas p\u00fablicas voltadas para o bem-estar de seus habitantes, com investimento em sa\u00fade, educa\u00e7\u00e3o e seguran\u00e7a. <strong>Holambra<\/strong> tamb\u00e9m conta com diversas \u00e1reas verdes, pra\u00e7as e parques, como o <strong>Parque Van Gogh<\/strong>, onde moradores e visitantes podem desfrutar de momentos de lazer e relaxamento em contato com a natureza. Al\u00e9m disso, a cidade \u00e9 tranquila, com baixos \u00edndices de criminalidade, proporcionando um ambiente seguro para fam\u00edlias e pessoas de todas as idades.<\/p>\n\n\n<div class=\"wp-block-image\">\n<figure class=\"aligncenter size-large\"><img decoding=\"async\" width=\"1024\" height=\"576\" src=\"https:\/\/www.correiobraziliense.com.br\/cbradar\/wp-content\/uploads\/2025\/02\/Holambra_1739512269031-1024x576.jpg\" alt=\"A cidade das flores vai te encantar com qualidade de vida imbat\u00edvel\" class=\"wp-image-2628\" srcset=\"https:\/\/www.correiobraziliense.com.br\/cbradar\/wp-content\/uploads\/2025\/02\/Holambra_1739512269031-1024x576.jpg 1024w, https:\/\/www.correiobraziliense.com.br\/cbradar\/wp-content\/uploads\/2025\/02\/Holambra_1739512269031-300x169.jpg 300w, https:\/\/www.correiobraziliense.com.br\/cbradar\/wp-content\/uploads\/2025\/02\/Holambra_1739512269031-768x432.jpg 768w, https:\/\/www.correiobraziliense.com.br\/cbradar\/wp-content\/uploads\/2025\/02\/Holambra_1739512269031-750x422.jpg 750w, https:\/\/www.correiobraziliense.com.br\/cbradar\/wp-content\/uploads\/2025\/02\/Holambra_1739512269031-1140x641.jpg 1140w, https:\/\/www.correiobraziliense.com.br\/cbradar\/wp-content\/uploads\/2025\/02\/Holambra_1739512269031.jpg 1280w\" sizes=\"(max-width: 1024px) 100vw, 1024px\" \/><figcaption class=\"wp-element-caption\">Holambra \/\/ Cr\u00e9ditos: depositphotos.com \/ paulobaqueta<\/figcaption><\/figure><\/div>\n\n\n<h2 class=\"wp-block-heading\">Uma educa\u00e7\u00e3o compromissada com o futuro<\/h2>\n\n\n\n<p>A educa\u00e7\u00e3o \u00e9 um dos pilares que sustentam o desenvolvimento de <strong>Holambra<\/strong>. A cidade conta com escolas de qualidade que atendem desde a educa\u00e7\u00e3o infantil at\u00e9 o ensino m\u00e9dio. As institui\u00e7\u00f5es de ensino de <strong>Holambra<\/strong> s\u00e3o conhecidas pelo compromisso com a aprendizagem e pelo foco no desenvolvimento integral dos alunos.<\/p>\n\n\n\n<p>Al\u00e9m disso, <strong>Holambra<\/strong> conta com diversas parcerias com escolas e universidades de cidades vizinhas, proporcionando aos estudantes acesso a uma educa\u00e7\u00e3o de n\u00edvel superior de qualidade. Embora ainda n\u00e3o possua uma universidade pr\u00f3pria, a cidade tem investido constantemente em sua infraestrutura educacional, oferecendo diversas op\u00e7\u00f5es de cursos profissionalizantes e de capacita\u00e7\u00e3o para a popula\u00e7\u00e3o local.<\/p>\n\n\n\n<h2 class=\"wp-block-heading\">Turismo em e imers\u00e3o no mundo das flores<\/h2>\n\n\n\n<p><strong>Holambra<\/strong> \u00e9, sem d\u00favida, um destino tur\u00edstico \u00fanico, com uma forte identidade ligada ao cultivo de flores e plantas ornamentais. Conhecida por ser a maior produtora de flores da Am\u00e9rica Latina, a cidade atrai turistas de todo o Brasil e do mundo, especialmente durante a <strong>ExpoFlora<\/strong>, uma das maiores exposi\u00e7\u00f5es de flores e plantas do pa\u00eds, que acontece anualmente em <strong>Holambra<\/strong>. Durante esse evento, a cidade se transforma em um verdadeiro espet\u00e1culo de cores e aromas, com mais de 600 esp\u00e9cies de flores e plantas expostas.<\/p>\n\n\n\n<p>Al\u00e9m da ExpoFlora, <strong>Holambra<\/strong> oferece outras atra\u00e7\u00f5es tur\u00edsticas, como o <strong>Moinho Povos Unidos<\/strong>, um dos maiores moinhos de vento do Brasil, que remete \u00e0 tradi\u00e7\u00e3o holandesa e \u00e9 um dos s\u00edmbolos da cidade. Outro ponto tur\u00edstico importante \u00e9 o <strong>Museu Hist\u00f3rico e Cultural de Holambra<\/strong>, que conta a hist\u00f3ria da imigra\u00e7\u00e3o holandesa na cidade e do cultivo de flores na regi\u00e3o.<\/p>\n\n\n\n<p>A cidade tamb\u00e9m oferece passeios pela zona rural, onde os visitantes podem conhecer as floriculturas e viver a experi\u00eancia de ver de perto o cultivo das flores que s\u00e3o distribu\u00eddas para todo o Brasil.<\/p>\n\n\n\n<h2 class=\"wp-block-heading\">A Influ\u00eancia holandesa na cultura<\/h2>\n\n\n\n<p><strong>Holambra<\/strong> tem uma forte influ\u00eancia da cultura holandesa, que pode ser observada em diversos aspectos da cidade, desde a arquitetura at\u00e9 as tradi\u00e7\u00f5es locais. A cidade foi fundada por imigrantes holandeses na d\u00e9cada de 1940, e essa heran\u00e7a \u00e9 preservada at\u00e9 hoje em sua gastronomia, festas e eventos culturais.<\/p>\n\n\n\n<p>A cidade \u00e9 conhecida pelo famoso <strong>Festival das Flores<\/strong>, realizado anualmente e que celebra a cultura e as tradi\u00e7\u00f5es holandesas, com dan\u00e7as t\u00edpicas, m\u00fasicas e, claro, muitas flores. A culin\u00e1ria tamb\u00e9m reflete essa influ\u00eancia, com pratos t\u00edpicos da Holanda, como o <strong>stroopwafel<\/strong> (um doce holand\u00eas) e o <strong>kroket<\/strong> (um croquete t\u00edpico), encontrados nos restaurantes e caf\u00e9s locais.<\/p>\n\n\n\n<h2 class=\"wp-block-heading\">Infraestrutura<\/h2>\n\n\n\n<p>Apesar de ser uma cidade de porte pequeno, <strong>Holambra<\/strong> tem se desenvolvido rapidamente nos \u00faltimos anos. A cidade tem investido em infraestrutura, com melhorias nas \u00e1reas de transporte, saneamento e sa\u00fade, o que tem atra\u00eddo novas fam\u00edlias e empresas. <strong>Holambra<\/strong> \u00e9 uma cidade com excelente qualidade de vida, mas tamb\u00e9m com um ambiente prop\u00edcio para o crescimento econ\u00f4mico.<\/p>\n\n\n\n<p>Al\u00e9m disso, o com\u00e9rcio local \u00e9 muito forte, com uma variedade de lojas que vendem produtos artesanais e flores, \u00e9 claro. A cidade tem se tornado um polo tur\u00edstico e de neg\u00f3cios, o que garante um bom n\u00edvel de emprego e oportunidades para os seus moradores.<\/p>\n\n\n\n<h2 class=\"wp-block-heading\">Vale a pena morar em Holambra?<\/h2>\n\n\n\n<p>Sim, morar em <strong>Holambra<\/strong> \u00e9 uma excelente escolha para quem busca qualidade de vida, tranquilidade e um ambiente de desenvolvimento cont\u00ednuo. A cidade oferece um \u00f3timo custo de vida, seguran\u00e7a, educa\u00e7\u00e3o de qualidade e acesso \u00e0 natureza, al\u00e9m de ser um lugar acolhedor para fam\u00edlias. Com sua infraestrutura moderna e a constante busca por melhorias, <strong>Holambra<\/strong> tem tudo o que voc\u00ea precisa para viver bem.<\/p>\n\n\n\n<h2 class=\"wp-block-heading\">Vale a pena visitar Holambra?<\/h2>\n\n\n\n<p>Sem d\u00favida, visitar <strong>Holambra<\/strong> \u00e9 uma experi\u00eancia \u00fanica. A cidade oferece aos turistas uma imers\u00e3o no mundo das flores, com eventos como a <strong>ExpoFlora<\/strong> e o <strong>Festival das Flores<\/strong>, que tornam a cidade um lugar imperd\u00edvel para quem aprecia a beleza e a cultura. Al\u00e9m disso, a influ\u00eancia holandesa, com seus moinhos de vento e gastronomia t\u00edpica, \u00e9 outro grande atrativo. Se voc\u00ea busca um destino tranquilo, com muita hist\u00f3ria e charme, <strong>Holambra<\/strong> \u00e9 o lugar perfeito.<\/p>\n","protected":false},"excerpt":{"rendered":"<p>Localizada no interior de S\u00e3o Paulo, Holambra \u00e9 uma cidade que se destaca por sua beleza, tranquilidade e pela forte conex\u00e3o com a natureza. Conhecida como a &#8220;Cidade das Flores&#8220;, Holambra \u00e9 um lugar \u00fanico, onde o charme das flores se mistura com a qualidade de vida de uma cidade interiorana. Al\u00e9m disso, sua rica [&hellip;]<\/p>\n","protected":false},"author":8,"featured_media":2627,"comment_status":"open","ping_status":"open","sticky":false,"template":"","format":"standard","meta":{"jnews-multi-image_gallery":[],"jnews_single_post":{"format":"standard"},"jnews_primary_category":[],"jnews_social_meta":[],"jnews_override_counter":[],"footnotes":""},"categories":[108],"post_tag":[225,3865,677],"class_list":["post-28742","post","type-post","status-publish","format-standard","has-post-thumbnail","hentry","category-cidades","tag-brasil","tag-cidade-das-flores","tag-holambra"],"yoast_head":"<!-- This site is optimized with the Yoast SEO plugin v24.6 - https:\/\/yoast.com\/wordpress\/plugins\/seo\/ -->\n<title>A cidade das flores vai te encantar com qualidade de vida e beleza - Correio Braziliense - Radar<\/title>\n<meta name=\"description\" content=\"A cidade das flores \u00e9 o lugar onde a beleza e a qualidade de vida se encontram. Conhe\u00e7a esse para\u00edso e se encante!\" \/>\n<meta name=\"robots\" content=\"index, follow, max-snippet:-1, max-image-preview:large, max-video-preview:-1\" \/>\n<link rel=\"canonical\" href=\"https:\/\/www.correiobraziliense.com.br\/cbradar\/a-cidade-das-flores-vai-te-encantar-com-qualidade-de-vida-e-beleza\/\" \/>\n<meta property=\"og:locale\" content=\"pt_BR\" \/>\n<meta property=\"og:type\" content=\"article\" \/>\n<meta property=\"og:title\" content=\"A cidade das flores vai te encantar com qualidade de vida e beleza - Correio Braziliense - Radar\" \/>\n<meta property=\"og:description\" content=\"A cidade das flores \u00e9 o lugar onde a beleza e a qualidade de vida se encontram. Conhe\u00e7a esse para\u00edso e se encante!\" \/>\n<meta property=\"og:url\" content=\"https:\/\/www.correiobraziliense.com.br\/cbradar\/a-cidade-das-flores-vai-te-encantar-com-qualidade-de-vida-e-beleza\/\" \/>\n<meta property=\"og:site_name\" content=\"Correio Braziliense - Radar\" \/>\n<meta property=\"article:published_time\" content=\"2025-04-27T20:50:00+00:00\" \/>\n<meta property=\"og:image\" content=\"https:\/\/www.correiobraziliense.com.br\/cbradar\/wp-content\/uploads\/2025\/02\/Holambra_1739512258697.jpg\" \/>\n\t<meta property=\"og:image:width\" content=\"1280\" \/>\n\t<meta property=\"og:image:height\" content=\"720\" \/>\n\t<meta property=\"og:image:type\" content=\"image\/jpeg\" \/>\n<meta name=\"author\" content=\"Maura Pereira\" \/>\n<meta name=\"twitter:card\" content=\"summary_large_image\" \/>\n<meta name=\"twitter:label1\" content=\"Escrito por\" \/>\n\t<meta name=\"twitter:data1\" content=\"Maura Pereira\" \/>\n\t<meta name=\"twitter:label2\" content=\"Est. tempo de leitura\" \/>\n\t<meta name=\"twitter:data2\" content=\"6 minutos\" \/>\n<!-- \/ Yoast SEO plugin. -->","yoast_head_json":{"title":"A cidade das flores vai te encantar com qualidade de vida e beleza - Correio Braziliense - Radar","description":"A cidade das flores \u00e9 o lugar onde a beleza e a qualidade de vida se encontram. Conhe\u00e7a esse para\u00edso e se encante!","robots":{"index":"index","follow":"follow","max-snippet":"max-snippet:-1","max-image-preview":"max-image-preview:large","max-video-preview":"max-video-preview:-1"},"canonical":"https:\/\/www.correiobraziliense.com.br\/cbradar\/a-cidade-das-flores-vai-te-encantar-com-qualidade-de-vida-e-beleza\/","og_locale":"pt_BR","og_type":"article","og_title":"A cidade das flores vai te encantar com qualidade de vida e beleza - Correio Braziliense - Radar","og_description":"A cidade das flores \u00e9 o lugar onde a beleza e a qualidade de vida se encontram. Conhe\u00e7a esse para\u00edso e se encante!","og_url":"https:\/\/www.correiobraziliense.com.br\/cbradar\/a-cidade-das-flores-vai-te-encantar-com-qualidade-de-vida-e-beleza\/","og_site_name":"Correio Braziliense - Radar","article_published_time":"2025-04-27T20:50:00+00:00","og_image":[{"width":1280,"height":720,"url":"https:\/\/www.correiobraziliense.com.br\/cbradar\/wp-content\/uploads\/2025\/02\/Holambra_1739512258697.jpg","type":"image\/jpeg"}],"author":"Maura Pereira","twitter_card":"summary_large_image","twitter_misc":{"Escrito por":"Maura Pereira","Est. tempo de leitura":"6 minutos"},"schema":{"@context":"https:\/\/schema.org","@graph":[{"@type":"WebPage","@id":"https:\/\/www.correiobraziliense.com.br\/cbradar\/a-cidade-das-flores-vai-te-encantar-com-qualidade-de-vida-e-beleza\/","url":"https:\/\/www.correiobraziliense.com.br\/cbradar\/a-cidade-das-flores-vai-te-encantar-com-qualidade-de-vida-e-beleza\/","name":"A cidade das flores vai te encantar com qualidade de vida e beleza - Correio Braziliense - Radar","isPartOf":{"@id":"https:\/\/www.correiobraziliense.com.br\/cbradar\/#website"},"primaryImageOfPage":{"@id":"https:\/\/www.correiobraziliense.com.br\/cbradar\/a-cidade-das-flores-vai-te-encantar-com-qualidade-de-vida-e-beleza\/#primaryimage"},"image":{"@id":"https:\/\/www.correiobraziliense.com.br\/cbradar\/a-cidade-das-flores-vai-te-encantar-com-qualidade-de-vida-e-beleza\/#primaryimage"},"thumbnailUrl":"https:\/\/www.correiobraziliense.com.br\/cbradar\/wp-content\/uploads\/2025\/02\/Holambra_1739512258697.jpg","datePublished":"2025-04-27T20:50:00+00:00","author":{"@id":"https:\/\/www.correiobraziliense.com.br\/cbradar\/#\/schema\/person\/4053c651a9bfc785afc6f4cbc9032fd3"},"description":"A cidade das flores \u00e9 o lugar onde a beleza e a qualidade de vida se encontram. Conhe\u00e7a esse para\u00edso e se encante!","breadcrumb":{"@id":"https:\/\/www.correiobraziliense.com.br\/cbradar\/a-cidade-das-flores-vai-te-encantar-com-qualidade-de-vida-e-beleza\/#breadcrumb"},"inLanguage":"pt-BR","potentialAction":[{"@type":"ReadAction","target":["https:\/\/www.correiobraziliense.com.br\/cbradar\/a-cidade-das-flores-vai-te-encantar-com-qualidade-de-vida-e-beleza\/"]}]},{"@type":"ImageObject","inLanguage":"pt-BR","@id":"https:\/\/www.correiobraziliense.com.br\/cbradar\/a-cidade-das-flores-vai-te-encantar-com-qualidade-de-vida-e-beleza\/#primaryimage","url":"https:\/\/www.correiobraziliense.com.br\/cbradar\/wp-content\/uploads\/2025\/02\/Holambra_1739512258697.jpg","contentUrl":"https:\/\/www.correiobraziliense.com.br\/cbradar\/wp-content\/uploads\/2025\/02\/Holambra_1739512258697.jpg","width":1280,"height":720,"caption":"O Moinho Povos Unidos, maior moinho t\u00edpico da Am\u00e9rica Latina, \u00e9 cart\u00e3o-postal da cidade. \/\/ Cr\u00e9ditos: depositphotos.com \/ paulobaqueta"},{"@type":"BreadcrumbList","@id":"https:\/\/www.correiobraziliense.com.br\/cbradar\/a-cidade-das-flores-vai-te-encantar-com-qualidade-de-vida-e-beleza\/#breadcrumb","itemListElement":[{"@type":"ListItem","position":1,"name":"In\u00edcio","item":"https:\/\/www.correiobraziliense.com.br\/cbradar\/"},{"@type":"ListItem","position":2,"name":"A cidade das flores vai te encantar com qualidade de vida e beleza"}]},{"@type":"WebSite","@id":"https:\/\/www.correiobraziliense.com.br\/cbradar\/#website","url":"https:\/\/www.correiobraziliense.com.br\/cbradar\/","name":"Correio Braziliense - Radar","description":"Acompanhe as \u00faltimas not\u00edcias e fique bem informado sobre tudo o que acontece no Brasil e no mundo.","potentialAction":[{"@type":"SearchAction","target":{"@type":"EntryPoint","urlTemplate":"https:\/\/www.correiobraziliense.com.br\/cbradar\/?s={search_term_string}"},"query-input":{"@type":"PropertyValueSpecification","valueRequired":true,"valueName":"search_term_string"}}],"inLanguage":"pt-BR"},{"@type":"Person","@id":"https:\/\/www.correiobraziliense.com.br\/cbradar\/#\/schema\/person\/4053c651a9bfc785afc6f4cbc9032fd3","name":"Maura Pereira","image":{"@type":"ImageObject","inLanguage":"pt-BR","@id":"https:\/\/www.correiobraziliense.com.br\/cbradar\/#\/schema\/person\/image\/","url":"https:\/\/secure.gravatar.com\/avatar\/3effd6bdadfa447f15089c7f7144eaa6?s=96&d=mm&r=g","contentUrl":"https:\/\/secure.gravatar.com\/avatar\/3effd6bdadfa447f15089c7f7144eaa6?s=96&d=mm&r=g","caption":"Maura Pereira"},"sameAs":["https:\/\/www.correiobraziliense.com.br\/"],"url":"https:\/\/www.correiobraziliense.com.br\/cbradar\/author\/mauramyth\/"}]}},"_links":{"self":[{"href":"https:\/\/www.correiobraziliense.com.br\/cbradar\/wp-json\/wp\/v2\/posts\/28742","targetHints":{"allow":["GET"]}}],"collection":[{"href":"https:\/\/www.correiobraziliense.com.br\/cbradar\/wp-json\/wp\/v2\/posts"}],"about":[{"href":"https:\/\/www.correiobraziliense.com.br\/cbradar\/wp-json\/wp\/v2\/types\/post"}],"author":[{"embeddable":true,"href":"https:\/\/www.correiobraziliense.com.br\/cbradar\/wp-json\/wp\/v2\/users\/8"}],"replies":[{"embeddable":true,"href":"https:\/\/www.correiobraziliense.com.br\/cbradar\/wp-json\/wp\/v2\/comments?post=28742"}],"version-history":[{"count":9,"href":"https:\/\/www.correiobraziliense.com.br\/cbradar\/wp-json\/wp\/v2\/posts\/28742\/revisions"}],"predecessor-version":[{"id":28761,"href":"https:\/\/www.correiobraziliense.com.br\/cbradar\/wp-json\/wp\/v2\/posts\/28742\/revisions\/28761"}],"wp:featuredmedia":[{"embeddable":true,"href":"https:\/\/www.correiobraziliense.com.br\/cbradar\/wp-json\/wp\/v2\/media\/2627"}],"wp:attachment":[{"href":"https:\/\/www.correiobraziliense.com.br\/cbradar\/wp-json\/wp\/v2\/media?parent=28742"}],"wp:term":[{"taxonomy":"category","embeddable":true,"href":"https:\/\/www.correiobraziliense.com.br\/cbradar\/wp-json\/wp\/v2\/categories?post=28742"},{"taxonomy":"post_tag","embeddable":true,"href":"https:\/\/www.correiobraziliense.com.br\/cbradar\/wp-json\/wp\/v2\/post_tag?post=28742"}],"curies":[{"name":"wp","href":"https:\/\/api.w.org\/{rel}","templated":true}]}}