{"id":28768,"date":"2025-04-28T15:50:00","date_gmt":"2025-04-28T18:50:00","guid":{"rendered":"https:\/\/www.correiobraziliense.com.br\/cbradar\/?p=28768"},"modified":"2025-04-27T03:23:04","modified_gmt":"2025-04-27T06:23:04","slug":"paraiso-carioca-encanta-brasileiros-com-natureza-e-qualidade-de-vida","status":"publish","type":"post","link":"https:\/\/www.correiobraziliense.com.br\/cbradar\/paraiso-carioca-encanta-brasileiros-com-natureza-e-qualidade-de-vida\/","title":{"rendered":"Para\u00edso carioca encanta brasileiros com natureza e qualidade de vida"},"content":{"rendered":"\n<p><strong><a href=\"https:\/\/angra.rj.gov.br\/\" target=\"_blank\" rel=\"noreferrer noopener\">Angra dos Reis<\/a><\/strong>, localizada no litoral sul do <strong><a href=\"https:\/\/www.correiobraziliense.com.br\/cbradar\/voce-conhece-esta-cidade-do-rio-de-janeiro-encantadora\/\" target=\"_blank\" rel=\"noreferrer noopener\">Rio de Janeiro<\/a><\/strong>, \u00e9 um dos destinos mais encantadores do Brasil. Com um cen\u00e1rio natural impressionante, repleto de ilhas paradis\u00edacas, \u00e1guas cristalinas e exuberante vegeta\u00e7\u00e3o, a cidade tem sido cada vez mais procurada por quem deseja aproveitar a vida no litoral, seja para turismo ou para morar. Mas <strong>Angra dos Reis<\/strong> n\u00e3o \u00e9 s\u00f3 sobre belezas naturais. A cidade tamb\u00e9m oferece uma excelente qualidade de vida, com infraestrutura moderna e um forte v\u00ednculo com a preserva\u00e7\u00e3o ambiental.<\/p>\n\n\n\n<h2 class=\"wp-block-heading\">Qualidade de vida em Angra dos Reis<\/h2>\n\n\n\n<p><strong>Angra dos Reis<\/strong> \u00e9 uma cidade que proporciona um equil\u00edbrio perfeito entre o contato com a natureza e as comodidades da vida moderna. Com suas praias exuberantes, vegeta\u00e7\u00e3o tropical e tranquilidade, ela se tornou um lugar ideal para quem busca qualidade de vida longe da agita\u00e7\u00e3o das grandes metr\u00f3poles, sem abrir m\u00e3o de servi\u00e7os essenciais de alto n\u00edvel.<\/p>\n\n\n\n<p>A cidade tem investido em infraestrutura e melhorias no saneamento b\u00e1sico, transporte e seguran\u00e7a, o que contribui para uma vida mais tranquila e confort\u00e1vel para seus habitantes. Al\u00e9m disso, a proximidade com <strong>Rio de Janeiro<\/strong> e <strong>S\u00e3o Paulo<\/strong> facilita o acesso \u00e0 cidade, tornando-a uma excelente op\u00e7\u00e3o para quem busca fugir do ritmo acelerado da vida urbana, mas ainda deseja estar relativamente perto de grandes centros econ\u00f4micos e culturais.<\/p>\n\n\n<div class=\"wp-block-image\">\n<figure class=\"aligncenter size-large\"><img decoding=\"async\" width=\"1024\" height=\"576\" src=\"https:\/\/www.correiobraziliense.com.br\/cbradar\/wp-content\/uploads\/2025\/02\/Angra-dos-Reis_1740201029523-1024x576.jpg\" alt=\"Para\u00edso carioca encanta brasileiros com natureza e qualidade de vida\" class=\"wp-image-4946\" srcset=\"https:\/\/www.correiobraziliense.com.br\/cbradar\/wp-content\/uploads\/2025\/02\/Angra-dos-Reis_1740201029523-1024x576.jpg 1024w, https:\/\/www.correiobraziliense.com.br\/cbradar\/wp-content\/uploads\/2025\/02\/Angra-dos-Reis_1740201029523-300x169.jpg 300w, https:\/\/www.correiobraziliense.com.br\/cbradar\/wp-content\/uploads\/2025\/02\/Angra-dos-Reis_1740201029523-768x432.jpg 768w, https:\/\/www.correiobraziliense.com.br\/cbradar\/wp-content\/uploads\/2025\/02\/Angra-dos-Reis_1740201029523-750x422.jpg 750w, https:\/\/www.correiobraziliense.com.br\/cbradar\/wp-content\/uploads\/2025\/02\/Angra-dos-Reis_1740201029523-1140x641.jpg 1140w, https:\/\/www.correiobraziliense.com.br\/cbradar\/wp-content\/uploads\/2025\/02\/Angra-dos-Reis_1740201029523.jpg 1280w\" sizes=\"(max-width: 1024px) 100vw, 1024px\" \/><figcaption class=\"wp-element-caption\">Angra dos Reis \/\/ Cr\u00e9ditos: depositphotos.com \/ rmnunes<\/figcaption><\/figure><\/div>\n\n\n<h2 class=\"wp-block-heading\">Educa\u00e7\u00e3o com ensino capacitado<\/h2>\n\n\n\n<p>A educa\u00e7\u00e3o em <strong>Angra dos Reis<\/strong> \u00e9 um dos pilares da cidade, com escolas e institui\u00e7\u00f5es de ensino que buscam proporcionar aos alunos uma educa\u00e7\u00e3o de qualidade. A cidade conta com boas op\u00e7\u00f5es de escolas p\u00fablicas e privadas, oferecendo desde o ensino infantil at\u00e9 o ensino m\u00e9dio, al\u00e9m de cursos de capacita\u00e7\u00e3o e profissionaliza\u00e7\u00e3o.<\/p>\n\n\n\n<p>Para quem busca ensino superior, <strong>Angra dos Reis<\/strong> tem a <strong>Universidade Federal Fluminense (UFF)<\/strong>, com unidades no munic\u00edpio, oferecendo cursos de gradua\u00e7\u00e3o e p\u00f3s-gradua\u00e7\u00e3o em diversas \u00e1reas, o que atrai jovens estudantes da regi\u00e3o e de outros estados. A presen\u00e7a da universidade contribui para o desenvolvimento educacional e econ\u00f4mico da cidade, preparando as novas gera\u00e7\u00f5es para um mercado de trabalho din\u00e2mico e competitivo.<\/p>\n\n\n\n<h2 class=\"wp-block-heading\">Um para\u00edso rico em turismo: praias, ilhas, aventura e com\u00e9rcio<\/h2>\n\n\n\n<p><strong>Angra dos Reis<\/strong> \u00e9 um verdadeiro para\u00edso para os turistas que buscam contato com a natureza e aventuras ao ar livre. Com mais de 300 ilhas espalhadas pela ba\u00eda, a cidade \u00e9 um destino imperd\u00edvel para quem deseja explorar o litoral carioca. As praias de <strong>Angra dos Reis<\/strong>, como <strong>Praia do Dentista<\/strong>, <strong>Praia de Lopes Mendes<\/strong> e <strong>Praia de Cataguases<\/strong>, s\u00e3o famosas pela beleza e \u00e1guas cristalinas, perfeitas para quem gosta de praticar esportes aqu\u00e1ticos, como mergulho, snorkel e vela.<\/p>\n\n\n\n<p>Al\u00e9m das praias, as ilhas de <strong>Angra dos Reis<\/strong> s\u00e3o atra\u00e7\u00f5es \u00e0 parte. <strong>Ilha Grande<\/strong>, por exemplo, \u00e9 um dos destinos mais procurados, com suas trilhas na <strong>Mata Atl\u00e2ntica<\/strong>, cachoeiras e a famosa <strong>Praia de Lopes Mendes<\/strong>, considerada uma das mais bonitas do Brasil. A <strong>Ilha de Jorge Grego<\/strong> e a <strong>Ilha do Gip\u00f3ia<\/strong> tamb\u00e9m s\u00e3o bastante visitadas, oferecendo passeios de barco, belas paisagens e tranquilidade para quem deseja um ref\u00fagio de paz.<\/p>\n\n\n\n<p>Quem gosta de ecoturismo pode explorar as diversas trilhas que levam a mirantes e praias isoladas, ou ainda aproveitar para fazer passeios de barco por \u00e1guas calmas e cristalinas, descobrindo a rica biodiversidade local.<\/p>\n\n\n\n<h2 class=\"wp-block-heading\">As tradi\u00e7\u00f5es e sabores de Angra dos Reis<\/h2>\n\n\n\n<p>A cultura de <strong>Angra dos Reis<\/strong> \u00e9 um reflexo de sua hist\u00f3ria, marcada pela presen\u00e7a dos povos ind\u00edgenas, coloniza\u00e7\u00e3o portuguesa e forte influ\u00eancia do litoral carioca. A cidade celebra suas tradi\u00e7\u00f5es com festas, eventos culturais e gastron\u00f4micos que atraem tanto os moradores quanto os turistas.<\/p>\n\n\n\n<p>A culin\u00e1ria local \u00e9 um dos grandes destaques, com pratos \u00e0 base de frutos do mar, como <strong>moqueca<\/strong>, <strong>peixe assado<\/strong> e <strong>camar\u00f5es grelhados<\/strong>, sendo servidos nos muitos restaurantes \u00e0 beira-mar. O <strong>Festival Gastron\u00f4mico de Angra dos Reis<\/strong> \u00e9 um evento anual que celebra essa rica gastronomia e atrai visitantes que buscam saborear o melhor da culin\u00e1ria local.<\/p>\n\n\n\n<p>A cidade tamb\u00e9m conta com diversas manifesta\u00e7\u00f5es culturais, como o <strong>Festival de M\u00fasica de Angra dos Reis<\/strong>, que promove apresenta\u00e7\u00f5es de artistas locais e nacionais, al\u00e9m de exposi\u00e7\u00f5es de arte no <strong>Museu de Arte de Angra dos Reis<\/strong>. Essas festas e eventos ajudam a manter vivas as tradi\u00e7\u00f5es da cidade, ao mesmo tempo em que criam um ambiente acolhedor para os visitantes.<\/p>\n\n\n\n<h2 class=\"wp-block-heading\">Infraestrutura e crescimento sustent\u00e1vel<\/h2>\n\n\n\n<p>Apesar de sua fama como destino tur\u00edstico, <strong>Angra dos Reis<\/strong> tamb\u00e9m tem se destacado pelo desenvolvimento econ\u00f4mico e infraestrutura. A cidade tem investido na melhoria de sua infraestrutura de transporte, sa\u00fade, educa\u00e7\u00e3o e seguran\u00e7a, tornando-se cada vez mais atrativa para aqueles que desejam morar na regi\u00e3o.<\/p>\n\n\n\n<p>O mercado imobili\u00e1rio tem experimentado um crescimento significativo, com a constru\u00e7\u00e3o de novos empreendimentos residenciais e comerciais, especialmente em \u00e1reas mais pr\u00f3ximas das praias e do centro da cidade. Esses investimentos t\u00eam sido acompanhados de uma gest\u00e3o p\u00fablica que busca equilibrar o crescimento urbano com a preserva\u00e7\u00e3o ambiental, um desafio que <strong>Angra dos Reis<\/strong> tem encarado com seriedade e dedica\u00e7\u00e3o.<\/p>\n\n\n\n<h2 class=\"wp-block-heading\">Vale a pena morar em Angra dos Reis?<\/h2>\n\n\n\n<p>Com certeza, morar em <strong>Angra dos Reis<\/strong> \u00e9 uma excelente escolha para quem deseja qualidade de vida em um ambiente natural deslumbrante, com uma cidade tranquila, mas ao mesmo tempo bem estruturada. Com boas op\u00e7\u00f5es de educa\u00e7\u00e3o, infraestrutura moderna e uma qualidade de vida \u00edmpar, <strong>Angra dos Reis<\/strong> \u00e9 perfeita para quem busca equil\u00edbrio entre a vida urbana e a natureza.<\/p>\n\n\n\n<h2 class=\"wp-block-heading\">Vale a pena visitar Angra dos Reis?<\/h2>\n\n\n\n<p>Sim, visitar <strong>Angra dos Reis<\/strong> \u00e9 uma experi\u00eancia imperd\u00edvel para quem deseja explorar um dos destinos mais bonitos do Brasil. Com suas praias paradis\u00edacas, ilhas encantadoras e rica hist\u00f3ria cultural, <strong>Angra dos Reis<\/strong> oferece tudo o que um turista pode desejar: aventura, tranquilidade, cultura e gastronomia. Seja para uma visita r\u00e1pida ou para um descanso prolongado, a cidade \u00e9 um verdadeiro ref\u00fagio para quem busca se conectar com a natureza e desfrutar das maravilhas do litoral carioca.<\/p>\n","protected":false},"excerpt":{"rendered":"<p>Angra dos Reis, localizada no litoral sul do Rio de Janeiro, \u00e9 um dos destinos mais encantadores do Brasil. Com um cen\u00e1rio natural impressionante, repleto de ilhas paradis\u00edacas, \u00e1guas cristalinas e exuberante vegeta\u00e7\u00e3o, a cidade tem sido cada vez mais procurada por quem deseja aproveitar a vida no litoral, seja para turismo ou para morar. [&hellip;]<\/p>\n","protected":false},"author":8,"featured_media":4947,"comment_status":"open","ping_status":"open","sticky":false,"template":"","format":"standard","meta":{"_yoast_wpseo_focuskw":"qualidade","_yoast_wpseo_title":"","_yoast_wpseo_metadesc":"O para\u00edso carioca encanta brasileiros com suas belezas naturais e qualidade de vida \u00fanica. Descubra por que \u00e9 o destino perfeito para viver!","jnews-multi-image_gallery":[],"jnews_single_post":{"format":"standard"},"jnews_primary_category":[],"jnews_social_meta":[],"jnews_override_counter":[],"footnotes":""},"categories":[108,111],"tags":[557,304],"class_list":["post-28768","post","type-post","status-publish","format-standard","has-post-thumbnail","hentry","category-cidades","category-turismo","tag-angra-dos-reis","tag-rio-de-janeiro"],"yoast_head":"<!-- This site is optimized with the Yoast SEO plugin v24.6 - https:\/\/yoast.com\/wordpress\/plugins\/seo\/ -->\n<title>Para\u00edso carioca encanta brasileiros com natureza e qualidade de vida - Correio Braziliense - Radar<\/title>\n<meta name=\"description\" content=\"O para\u00edso carioca encanta brasileiros com suas belezas naturais e qualidade de vida \u00fanica. Descubra por que \u00e9 o destino perfeito para viver!\" \/>\n<meta name=\"robots\" content=\"index, follow, max-snippet:-1, max-image-preview:large, max-video-preview:-1\" \/>\n<link rel=\"canonical\" href=\"https:\/\/www.correiobraziliense.com.br\/cbradar\/paraiso-carioca-encanta-brasileiros-com-natureza-e-qualidade-de-vida\/\" \/>\n<meta property=\"og:locale\" content=\"pt_BR\" \/>\n<meta property=\"og:type\" content=\"article\" \/>\n<meta property=\"og:title\" content=\"Para\u00edso carioca encanta brasileiros com natureza e qualidade de vida - Correio Braziliense - Radar\" \/>\n<meta property=\"og:description\" content=\"O para\u00edso carioca encanta brasileiros com suas belezas naturais e qualidade de vida \u00fanica. Descubra por que \u00e9 o destino perfeito para viver!\" \/>\n<meta property=\"og:url\" content=\"https:\/\/www.correiobraziliense.com.br\/cbradar\/paraiso-carioca-encanta-brasileiros-com-natureza-e-qualidade-de-vida\/\" \/>\n<meta property=\"og:site_name\" content=\"Correio Braziliense - Radar\" \/>\n<meta property=\"article:published_time\" content=\"2025-04-28T18:50:00+00:00\" \/>\n<meta property=\"og:image\" content=\"https:\/\/www.correiobraziliense.com.br\/cbradar\/wp-content\/uploads\/2025\/02\/Angra-dos-Reis_1740200986110.jpg\" \/>\n\t<meta property=\"og:image:width\" content=\"1280\" \/>\n\t<meta property=\"og:image:height\" content=\"720\" \/>\n\t<meta property=\"og:image:type\" content=\"image\/jpeg\" \/>\n<meta name=\"author\" content=\"Maura Pereira\" \/>\n<meta name=\"twitter:card\" content=\"summary_large_image\" \/>\n<meta name=\"twitter:label1\" content=\"Escrito por\" \/>\n\t<meta name=\"twitter:data1\" content=\"Maura Pereira\" \/>\n\t<meta name=\"twitter:label2\" content=\"Est. tempo de leitura\" \/>\n\t<meta name=\"twitter:data2\" content=\"6 minutos\" \/>\n<!-- \/ Yoast SEO plugin. -->","yoast_head_json":{"title":"Para\u00edso carioca encanta brasileiros com natureza e qualidade de vida - Correio Braziliense - Radar","description":"O para\u00edso carioca encanta brasileiros com suas belezas naturais e qualidade de vida \u00fanica. Descubra por que \u00e9 o destino perfeito para viver!","robots":{"index":"index","follow":"follow","max-snippet":"max-snippet:-1","max-image-preview":"max-image-preview:large","max-video-preview":"max-video-preview:-1"},"canonical":"https:\/\/www.correiobraziliense.com.br\/cbradar\/paraiso-carioca-encanta-brasileiros-com-natureza-e-qualidade-de-vida\/","og_locale":"pt_BR","og_type":"article","og_title":"Para\u00edso carioca encanta brasileiros com natureza e qualidade de vida - Correio Braziliense - Radar","og_description":"O para\u00edso carioca encanta brasileiros com suas belezas naturais e qualidade de vida \u00fanica. Descubra por que \u00e9 o destino perfeito para viver!","og_url":"https:\/\/www.correiobraziliense.com.br\/cbradar\/paraiso-carioca-encanta-brasileiros-com-natureza-e-qualidade-de-vida\/","og_site_name":"Correio Braziliense - Radar","article_published_time":"2025-04-28T18:50:00+00:00","og_image":[{"width":1280,"height":720,"url":"https:\/\/www.correiobraziliense.com.br\/cbradar\/wp-content\/uploads\/2025\/02\/Angra-dos-Reis_1740200986110.jpg","type":"image\/jpeg"}],"author":"Maura Pereira","twitter_card":"summary_large_image","twitter_misc":{"Escrito por":"Maura Pereira","Est. tempo de leitura":"6 minutos"},"schema":{"@context":"https:\/\/schema.org","@graph":[{"@type":"WebPage","@id":"https:\/\/www.correiobraziliense.com.br\/cbradar\/paraiso-carioca-encanta-brasileiros-com-natureza-e-qualidade-de-vida\/","url":"https:\/\/www.correiobraziliense.com.br\/cbradar\/paraiso-carioca-encanta-brasileiros-com-natureza-e-qualidade-de-vida\/","name":"Para\u00edso carioca encanta brasileiros com natureza e qualidade de vida - Correio Braziliense - Radar","isPartOf":{"@id":"https:\/\/www.correiobraziliense.com.br\/cbradar\/#website"},"primaryImageOfPage":{"@id":"https:\/\/www.correiobraziliense.com.br\/cbradar\/paraiso-carioca-encanta-brasileiros-com-natureza-e-qualidade-de-vida\/#primaryimage"},"image":{"@id":"https:\/\/www.correiobraziliense.com.br\/cbradar\/paraiso-carioca-encanta-brasileiros-com-natureza-e-qualidade-de-vida\/#primaryimage"},"thumbnailUrl":"https:\/\/www.correiobraziliense.com.br\/cbradar\/wp-content\/uploads\/2025\/02\/Angra-dos-Reis_1740200986110.jpg","datePublished":"2025-04-28T18:50:00+00:00","author":{"@id":"https:\/\/www.correiobraziliense.com.br\/cbradar\/#\/schema\/person\/4053c651a9bfc785afc6f4cbc9032fd3"},"description":"O para\u00edso carioca encanta brasileiros com suas belezas naturais e qualidade de vida \u00fanica. Descubra por que \u00e9 o destino perfeito para viver!","breadcrumb":{"@id":"https:\/\/www.correiobraziliense.com.br\/cbradar\/paraiso-carioca-encanta-brasileiros-com-natureza-e-qualidade-de-vida\/#breadcrumb"},"inLanguage":"pt-BR","potentialAction":[{"@type":"ReadAction","target":["https:\/\/www.correiobraziliense.com.br\/cbradar\/paraiso-carioca-encanta-brasileiros-com-natureza-e-qualidade-de-vida\/"]}]},{"@type":"ImageObject","inLanguage":"pt-BR","@id":"https:\/\/www.correiobraziliense.com.br\/cbradar\/paraiso-carioca-encanta-brasileiros-com-natureza-e-qualidade-de-vida\/#primaryimage","url":"https:\/\/www.correiobraziliense.com.br\/cbradar\/wp-content\/uploads\/2025\/02\/Angra-dos-Reis_1740200986110.jpg","contentUrl":"https:\/\/www.correiobraziliense.com.br\/cbradar\/wp-content\/uploads\/2025\/02\/Angra-dos-Reis_1740200986110.jpg","width":1280,"height":720,"caption":"Ref\u00fagio tropical com ilhas e enseadas, Angra dos Reis \u00e9 sin\u00f4nimo de mar, descanso e paisagens \u00fanicas. \/\/ Cr\u00e9ditos: depositphotos.com \/ Cristian_Lourenco"},{"@type":"BreadcrumbList","@id":"https:\/\/www.correiobraziliense.com.br\/cbradar\/paraiso-carioca-encanta-brasileiros-com-natureza-e-qualidade-de-vida\/#breadcrumb","itemListElement":[{"@type":"ListItem","position":1,"name":"In\u00edcio","item":"https:\/\/www.correiobraziliense.com.br\/cbradar\/"},{"@type":"ListItem","position":2,"name":"Para\u00edso carioca encanta brasileiros com natureza e qualidade de vida"}]},{"@type":"WebSite","@id":"https:\/\/www.correiobraziliense.com.br\/cbradar\/#website","url":"https:\/\/www.correiobraziliense.com.br\/cbradar\/","name":"Correio Braziliense - Radar","description":"Acompanhe as \u00faltimas not\u00edcias e fique bem informado sobre tudo o que acontece no Brasil e no mundo.","potentialAction":[{"@type":"SearchAction","target":{"@type":"EntryPoint","urlTemplate":"https:\/\/www.correiobraziliense.com.br\/cbradar\/?s={search_term_string}"},"query-input":{"@type":"PropertyValueSpecification","valueRequired":true,"valueName":"search_term_string"}}],"inLanguage":"pt-BR"},{"@type":"Person","@id":"https:\/\/www.correiobraziliense.com.br\/cbradar\/#\/schema\/person\/4053c651a9bfc785afc6f4cbc9032fd3","name":"Maura Pereira","image":{"@type":"ImageObject","inLanguage":"pt-BR","@id":"https:\/\/www.correiobraziliense.com.br\/cbradar\/#\/schema\/person\/image\/","url":"https:\/\/secure.gravatar.com\/avatar\/3effd6bdadfa447f15089c7f7144eaa6?s=96&d=mm&r=g","contentUrl":"https:\/\/secure.gravatar.com\/avatar\/3effd6bdadfa447f15089c7f7144eaa6?s=96&d=mm&r=g","caption":"Maura Pereira"},"sameAs":["https:\/\/www.correiobraziliense.com.br\/"],"url":"https:\/\/www.correiobraziliense.com.br\/cbradar\/author\/mauramyth\/"}]}},"_links":{"self":[{"href":"https:\/\/www.correiobraziliense.com.br\/cbradar\/wp-json\/wp\/v2\/posts\/28768","targetHints":{"allow":["GET"]}}],"collection":[{"href":"https:\/\/www.correiobraziliense.com.br\/cbradar\/wp-json\/wp\/v2\/posts"}],"about":[{"href":"https:\/\/www.correiobraziliense.com.br\/cbradar\/wp-json\/wp\/v2\/types\/post"}],"author":[{"embeddable":true,"href":"https:\/\/www.correiobraziliense.com.br\/cbradar\/wp-json\/wp\/v2\/users\/8"}],"replies":[{"embeddable":true,"href":"https:\/\/www.correiobraziliense.com.br\/cbradar\/wp-json\/wp\/v2\/comments?post=28768"}],"version-history":[{"count":6,"href":"https:\/\/www.correiobraziliense.com.br\/cbradar\/wp-json\/wp\/v2\/posts\/28768\/revisions"}],"predecessor-version":[{"id":28795,"href":"https:\/\/www.correiobraziliense.com.br\/cbradar\/wp-json\/wp\/v2\/posts\/28768\/revisions\/28795"}],"wp:featuredmedia":[{"embeddable":true,"href":"https:\/\/www.correiobraziliense.com.br\/cbradar\/wp-json\/wp\/v2\/media\/4947"}],"wp:attachment":[{"href":"https:\/\/www.correiobraziliense.com.br\/cbradar\/wp-json\/wp\/v2\/media?parent=28768"}],"wp:term":[{"taxonomy":"category","embeddable":true,"href":"https:\/\/www.correiobraziliense.com.br\/cbradar\/wp-json\/wp\/v2\/categories?post=28768"},{"taxonomy":"post_tag","embeddable":true,"href":"https:\/\/www.correiobraziliense.com.br\/cbradar\/wp-json\/wp\/v2\/tags?post=28768"}],"curies":[{"name":"wp","href":"https:\/\/api.w.org\/{rel}","templated":true}]}}