{"id":28771,"date":"2025-04-28T21:50:00","date_gmt":"2025-04-29T00:50:00","guid":{"rendered":"https:\/\/www.correiobraziliense.com.br\/cbradar\/?p=28771"},"modified":"2025-04-27T03:29:02","modified_gmt":"2025-04-27T06:29:02","slug":"cidade-do-interior-paulista-referencia-em-educacao-de-ponta","status":"publish","type":"post","link":"https:\/\/www.correiobraziliense.com.br\/cbradar\/cidade-do-interior-paulista-referencia-em-educacao-de-ponta\/","title":{"rendered":"Cidade do interior paulista refer\u00eancia em educa\u00e7\u00e3o de ponta"},"content":{"rendered":"\n<p><strong><a href=\"https:\/\/www.coderp.sp.gov.br\/portal\/index.xhtml\" target=\"_blank\" rel=\"noreferrer noopener\">Ribeir\u00e3o Preto<\/a><\/strong>, localizada no interior de<a href=\"https:\/\/www.correiobraziliense.com.br\/cbradar\/essa-cidade-do-interior-de-sao-paulo-vai-te-encantar\/\" target=\"_blank\" rel=\"noreferrer noopener\"> <strong>S\u00e3o Paulo<\/strong><\/a>, \u00e9 uma cidade que combina a sofistica\u00e7\u00e3o de um grande centro urbano com a tranquilidade caracter\u00edstica das cidades do interior. Conhecida por sua forte economia, especialmente no setor agropecu\u00e1rio, <strong>Ribeir\u00e3o Preto<\/strong> \u00e9 tamb\u00e9m um polo educacional, cultural e tur\u00edstico, o que a torna um destino desej\u00e1vel tanto para quem busca um local para morar quanto para os turistas que querem explorar as riquezas do interior paulista. A cidade tem conquistado cada vez mais adeptos, gra\u00e7as \u00e0 sua excelente qualidade de vida e infraestrutura moderna.<\/p>\n\n\n\n<h2 class=\"wp-block-heading\">Qualidade de vida em Ribeir\u00e3o Preto<\/h2>\n\n\n\n<p>A qualidade de vida em <strong>Ribeir\u00e3o Preto<\/strong> \u00e9 um dos maiores atrativos para quem escolhe viver na cidade. Com um custo de vida mais baixo que nas grandes metr\u00f3poles, <strong>Ribeir\u00e3o Preto<\/strong> oferece uma infraestrutura completa, com bons servi\u00e7os de sa\u00fade, seguran\u00e7a e educa\u00e7\u00e3o, o que garante o conforto de seus moradores. A cidade tamb\u00e9m se destaca pela sua excelente mobilidade urbana, com ruas bem planejadas e op\u00e7\u00f5es de transporte p\u00fablico que atendem a grande parte da popula\u00e7\u00e3o.<\/p>\n\n\n\n<p>Outro ponto que se destaca em <strong>Ribeir\u00e3o Preto<\/strong> \u00e9 o seu clima, com invernos agrad\u00e1veis e ver\u00f5es mais quentes, o que favorece a pr\u00e1tica de atividades ao ar livre. A cidade possui v\u00e1rios parques e pra\u00e7as, como o <strong>Parque Curupira<\/strong> e o <strong>Parque das Artes<\/strong>, onde os moradores podem relaxar e aproveitar o ambiente natural.<\/p>\n\n\n<div class=\"wp-block-image\">\n<figure class=\"aligncenter size-large\"><img decoding=\"async\" width=\"1024\" height=\"576\" src=\"https:\/\/www.correiobraziliense.com.br\/cbradar\/wp-content\/uploads\/2025\/02\/Samsung-Galaxy-A55-15-1024x576.png\" alt=\"Cidade do interior paulista com qualidade de vida e educa\u00e7\u00e3o de ponta\" class=\"wp-image-6927\" srcset=\"https:\/\/www.correiobraziliense.com.br\/cbradar\/wp-content\/uploads\/2025\/02\/Samsung-Galaxy-A55-15-1024x576.png 1024w, https:\/\/www.correiobraziliense.com.br\/cbradar\/wp-content\/uploads\/2025\/02\/Samsung-Galaxy-A55-15-300x169.png 300w, https:\/\/www.correiobraziliense.com.br\/cbradar\/wp-content\/uploads\/2025\/02\/Samsung-Galaxy-A55-15-768x432.png 768w, https:\/\/www.correiobraziliense.com.br\/cbradar\/wp-content\/uploads\/2025\/02\/Samsung-Galaxy-A55-15-750x422.png 750w, https:\/\/www.correiobraziliense.com.br\/cbradar\/wp-content\/uploads\/2025\/02\/Samsung-Galaxy-A55-15-1140x641.png 1140w, https:\/\/www.correiobraziliense.com.br\/cbradar\/wp-content\/uploads\/2025\/02\/Samsung-Galaxy-A55-15.png 1280w\" sizes=\"(max-width: 1024px) 100vw, 1024px\" \/><figcaption class=\"wp-element-caption\">Ribeir\u00e3o Preto \/\/ Reprodu\u00e7\u00e3o: Wikimedia Commons<\/figcaption><\/figure><\/div>\n\n\n<h2 class=\"wp-block-heading\">Cidade de forte voca\u00e7\u00e3o educacional<\/h2>\n\n\n\n<p><strong>Ribeir\u00e3o Preto<\/strong> \u00e9 uma cidade de forte voca\u00e7\u00e3o educacional, com v\u00e1rias institui\u00e7\u00f5es de ensino de excel\u00eancia. A <strong>Universidade de Ribeir\u00e3o Preto (UNAERP)<\/strong> e a <strong>Universidade de S\u00e3o Paulo (USP)<\/strong>, por meio de seu campus na cidade, s\u00e3o grandes refer\u00eancias no ensino superior. Ambas oferecem cursos de gradua\u00e7\u00e3o e p\u00f3s-gradua\u00e7\u00e3o em diversas \u00e1reas, contribuindo significativamente para a forma\u00e7\u00e3o acad\u00eamica de estudantes de todas as regi\u00f5es do Brasil.<\/p>\n\n\n\n<p>Al\u00e9m disso, a cidade conta com boas escolas p\u00fablicas e privadas que atendem desde a educa\u00e7\u00e3o infantil at\u00e9 o ensino m\u00e9dio. O sistema educacional de <strong>Ribeir\u00e3o Preto<\/strong> tem sido constantemente aprimorado, com programas de capacita\u00e7\u00e3o e projetos educacionais que buscam incentivar o desenvolvimento acad\u00eamico e profissional dos jovens da cidade.<\/p>\n\n\n\n<h2 class=\"wp-block-heading\">Quais s\u00e3o os pontos tur\u00edsticos principais de Ribeir\u00e3o Preto?<\/h2>\n\n\n\n<p><strong>Ribeir\u00e3o Preto<\/strong> possui uma rica oferta de pontos tur\u00edsticos que encantam tanto os moradores quanto os turistas. Se voc\u00ea est\u00e1 planejando visitar a cidade, aqui est\u00e3o alguns dos principais locais para conhecer:<\/p>\n\n\n\n<ul class=\"wp-block-list\">\n<li><strong>Theatro Pedro II<\/strong>: Inaugurado em 1910, este teatro \u00e9 um dos principais marcos culturais da cidade. Com sua arquitetura cl\u00e1ssica e uma programa\u00e7\u00e3o diversificada, que inclui pe\u00e7as de teatro, shows e apresenta\u00e7\u00f5es de dan\u00e7a, o <strong>Theatro Pedro II<\/strong> \u00e9 um dos principais centros culturais de <strong>Ribeir\u00e3o Preto<\/strong>.<\/li>\n\n\n\n<li><strong>Museu do Caf\u00e9<\/strong>: Como cidade com forte liga\u00e7\u00e3o ao agroneg\u00f3cio, especialmente no setor de caf\u00e9, o <strong>Museu do Caf\u00e9<\/strong> de <strong>Ribeir\u00e3o Preto<\/strong> \u00e9 um ponto de visita\u00e7\u00e3o imperd\u00edvel. O museu conta a hist\u00f3ria do caf\u00e9 e sua import\u00e2ncia para o desenvolvimento econ\u00f4mico da regi\u00e3o.<\/li>\n\n\n\n<li><strong>Parque Curupira<\/strong>: Com uma enorme \u00e1rea verde e v\u00e1rias op\u00e7\u00f5es de lazer, como trilhas e lagoas, o <strong>Parque Curupira<\/strong> \u00e9 ideal para quem gosta de atividades ao ar livre. O parque tamb\u00e9m abriga um centro de educa\u00e7\u00e3o ambiental, promovendo a conscientiza\u00e7\u00e3o sobre a preserva\u00e7\u00e3o da natureza.<\/li>\n\n\n\n<li><strong>Rua do Porto<\/strong>: Para quem gosta de passeios tranquilos, a <strong>Rua do Porto<\/strong> \u00e9 um local muito visitado, oferecendo uma vista linda do rio e op\u00e7\u00f5es de restaurantes e bares \u00e0 beira da \u00e1gua, onde se pode degustar pratos t\u00edpicos e relaxar ao lado da natureza.<\/li>\n\n\n\n<li><strong>Centro Cultural Palace<\/strong>: O <strong>Centro Cultural Palace<\/strong> \u00e9 outro importante centro de cultura em <strong>Ribeir\u00e3o Preto<\/strong>. Ele abriga exposi\u00e7\u00f5es art\u00edsticas, eventos culturais e oferece um ambiente aconchegante para quem deseja mergulhar na arte e na hist\u00f3ria da cidade.<\/li>\n<\/ul>\n\n\n\n<h2 class=\"wp-block-heading\">O crescimento sustent\u00e1vel da cidade<\/h2>\n\n\n\n<p><strong>Ribeir\u00e3o Preto<\/strong> tem se destacado como uma cidade que busca equilibrar seu crescimento urbano com a preserva\u00e7\u00e3o de suas \u00e1reas verdes e o desenvolvimento sustent\u00e1vel. Com uma economia forte, baseada no agroneg\u00f3cio, com\u00e9rcio e servi\u00e7os, a cidade tem atra\u00eddo investimentos em diversos setores, como tecnologia e inova\u00e7\u00e3o. Ao mesmo tempo, a cidade se preocupa com o meio ambiente, criando pol\u00edticas p\u00fablicas que incentivam a sustentabilidade e o uso respons\u00e1vel dos recursos naturais.<\/p>\n\n\n\n<p>A infraestrutura da cidade tem melhorado a cada ano, com novas op\u00e7\u00f5es de moradia, empresas e com\u00e9rcios, o que faz de <strong>Ribeir\u00e3o Preto<\/strong> um excelente lugar para investir e viver. A cidade tamb\u00e9m tem trabalhado para melhorar a qualidade do transporte p\u00fablico e criar novos espa\u00e7os urbanos mais verdes e acess\u00edveis, garantindo um ambiente mais agrad\u00e1vel para os seus moradores.<\/p>\n\n\n\n<h2 class=\"wp-block-heading\">Vale a pena morar em Ribeir\u00e3o Preto?<\/h2>\n\n\n\n<p>Sim, morar em <strong>Ribeir\u00e3o Preto<\/strong> \u00e9 uma excelente escolha. A cidade oferece uma excelente qualidade de vida, com infraestrutura de primeira, boa educa\u00e7\u00e3o e seguran\u00e7a. \u00c9 um lugar ideal para quem busca um estilo de vida mais tranquilo, com a possibilidade de acesso a grandes centros econ\u00f4micos e culturais, como <strong>S\u00e3o Paulo<\/strong> e <strong>Campinas<\/strong>. Al\u00e9m disso, a cidade tem investido em crescimento sustent\u00e1vel, garantindo que o ambiente urbano se desenvolva de maneira equilibrada com a natureza.<\/p>\n\n\n\n<h2 class=\"wp-block-heading\">Vale a pena visitar Ribeir\u00e3o Preto?<\/h2>\n\n\n\n<p>Sem d\u00favida, <strong>Ribeir\u00e3o Preto<\/strong> \u00e9 uma cidade que vale a pena visitar. Com seus pontos tur\u00edsticos, como o <strong>Museu do Caf\u00e9<\/strong>, o <strong>Theatro Pedro II<\/strong> e o <strong>Parque Curupira<\/strong>, al\u00e9m de sua cultura vibrante e gastronomia de qualidade, a cidade oferece muitas op\u00e7\u00f5es para quem deseja explorar o interior paulista. Se voc\u00ea est\u00e1 buscando um destino tur\u00edstico que combine hist\u00f3ria, cultura, lazer e natureza, <strong>Ribeir\u00e3o Preto<\/strong> \u00e9 uma excelente escolha.<\/p>\n","protected":false},"excerpt":{"rendered":"<p>Ribeir\u00e3o Preto, localizada no interior de S\u00e3o Paulo, \u00e9 uma cidade que combina a sofistica\u00e7\u00e3o de um grande centro urbano com a tranquilidade caracter\u00edstica das cidades do interior. Conhecida por sua forte economia, especialmente no setor agropecu\u00e1rio, Ribeir\u00e3o Preto \u00e9 tamb\u00e9m um polo educacional, cultural e tur\u00edstico, o que a torna um destino desej\u00e1vel tanto [&hellip;]<\/p>\n","protected":false},"author":8,"featured_media":6926,"comment_status":"open","ping_status":"open","sticky":false,"template":"","format":"standard","meta":{"jnews-multi-image_gallery":[],"jnews_single_post":{"format":"standard"},"jnews_primary_category":[],"jnews_social_meta":[],"jnews_override_counter":[],"footnotes":""},"categories":[108,111],"post_tag":[225,149,1234],"class_list":["post-28771","post","type-post","status-publish","format-standard","has-post-thumbnail","hentry","category-cidades","category-turismo","tag-brasil","tag-educacao","tag-ribeirao-preto"],"yoast_head":"<!-- This site is optimized with the Yoast SEO plugin v24.6 - https:\/\/yoast.com\/wordpress\/plugins\/seo\/ -->\n<title>Cidade do interior paulista refer\u00eancia em educa\u00e7\u00e3o de ponta - Correio Braziliense - Radar<\/title>\n<meta name=\"description\" content=\"Conhe\u00e7a a cidade do interior paulista que oferece acesso \u00e0 educa\u00e7\u00e3o de ponta e qualidade de vida. Um destino ideal para quem busca o melhor.\" \/>\n<meta name=\"robots\" content=\"index, follow, max-snippet:-1, max-image-preview:large, max-video-preview:-1\" \/>\n<link rel=\"canonical\" href=\"https:\/\/www.correiobraziliense.com.br\/cbradar\/cidade-do-interior-paulista-referencia-em-educacao-de-ponta\/\" \/>\n<meta property=\"og:locale\" content=\"pt_BR\" \/>\n<meta property=\"og:type\" content=\"article\" \/>\n<meta property=\"og:title\" content=\"Cidade do interior paulista refer\u00eancia em educa\u00e7\u00e3o de ponta - Correio Braziliense - Radar\" \/>\n<meta property=\"og:description\" content=\"Conhe\u00e7a a cidade do interior paulista que oferece acesso \u00e0 educa\u00e7\u00e3o de ponta e qualidade de vida. Um destino ideal para quem busca o melhor.\" \/>\n<meta property=\"og:url\" content=\"https:\/\/www.correiobraziliense.com.br\/cbradar\/cidade-do-interior-paulista-referencia-em-educacao-de-ponta\/\" \/>\n<meta property=\"og:site_name\" content=\"Correio Braziliense - Radar\" \/>\n<meta property=\"article:published_time\" content=\"2025-04-29T00:50:00+00:00\" \/>\n<meta property=\"og:image\" content=\"https:\/\/www.correiobraziliense.com.br\/cbradar\/wp-content\/uploads\/2025\/02\/Samsung-Galaxy-A55-16.png\" \/>\n\t<meta property=\"og:image:width\" content=\"1280\" \/>\n\t<meta property=\"og:image:height\" content=\"720\" \/>\n\t<meta property=\"og:image:type\" content=\"image\/png\" \/>\n<meta name=\"author\" content=\"Maura Pereira\" \/>\n<meta name=\"twitter:card\" content=\"summary_large_image\" \/>\n<meta name=\"twitter:label1\" content=\"Escrito por\" \/>\n\t<meta name=\"twitter:data1\" content=\"Maura Pereira\" \/>\n\t<meta name=\"twitter:label2\" content=\"Est. tempo de leitura\" \/>\n\t<meta name=\"twitter:data2\" content=\"6 minutos\" \/>\n<!-- \/ Yoast SEO plugin. -->","yoast_head_json":{"title":"Cidade do interior paulista refer\u00eancia em educa\u00e7\u00e3o de ponta - Correio Braziliense - Radar","description":"Conhe\u00e7a a cidade do interior paulista que oferece acesso \u00e0 educa\u00e7\u00e3o de ponta e qualidade de vida. Um destino ideal para quem busca o melhor.","robots":{"index":"index","follow":"follow","max-snippet":"max-snippet:-1","max-image-preview":"max-image-preview:large","max-video-preview":"max-video-preview:-1"},"canonical":"https:\/\/www.correiobraziliense.com.br\/cbradar\/cidade-do-interior-paulista-referencia-em-educacao-de-ponta\/","og_locale":"pt_BR","og_type":"article","og_title":"Cidade do interior paulista refer\u00eancia em educa\u00e7\u00e3o de ponta - Correio Braziliense - Radar","og_description":"Conhe\u00e7a a cidade do interior paulista que oferece acesso \u00e0 educa\u00e7\u00e3o de ponta e qualidade de vida. Um destino ideal para quem busca o melhor.","og_url":"https:\/\/www.correiobraziliense.com.br\/cbradar\/cidade-do-interior-paulista-referencia-em-educacao-de-ponta\/","og_site_name":"Correio Braziliense - Radar","article_published_time":"2025-04-29T00:50:00+00:00","og_image":[{"width":1280,"height":720,"url":"https:\/\/www.correiobraziliense.com.br\/cbradar\/wp-content\/uploads\/2025\/02\/Samsung-Galaxy-A55-16.png","type":"image\/png"}],"author":"Maura Pereira","twitter_card":"summary_large_image","twitter_misc":{"Escrito por":"Maura Pereira","Est. tempo de leitura":"6 minutos"},"schema":{"@context":"https:\/\/schema.org","@graph":[{"@type":"WebPage","@id":"https:\/\/www.correiobraziliense.com.br\/cbradar\/cidade-do-interior-paulista-referencia-em-educacao-de-ponta\/","url":"https:\/\/www.correiobraziliense.com.br\/cbradar\/cidade-do-interior-paulista-referencia-em-educacao-de-ponta\/","name":"Cidade do interior paulista refer\u00eancia em educa\u00e7\u00e3o de ponta - Correio Braziliense - Radar","isPartOf":{"@id":"https:\/\/www.correiobraziliense.com.br\/cbradar\/#website"},"primaryImageOfPage":{"@id":"https:\/\/www.correiobraziliense.com.br\/cbradar\/cidade-do-interior-paulista-referencia-em-educacao-de-ponta\/#primaryimage"},"image":{"@id":"https:\/\/www.correiobraziliense.com.br\/cbradar\/cidade-do-interior-paulista-referencia-em-educacao-de-ponta\/#primaryimage"},"thumbnailUrl":"https:\/\/www.correiobraziliense.com.br\/cbradar\/wp-content\/uploads\/2025\/02\/Samsung-Galaxy-A55-16.png","datePublished":"2025-04-29T00:50:00+00:00","author":{"@id":"https:\/\/www.correiobraziliense.com.br\/cbradar\/#\/schema\/person\/4053c651a9bfc785afc6f4cbc9032fd3"},"description":"Conhe\u00e7a a cidade do interior paulista que oferece acesso \u00e0 educa\u00e7\u00e3o de ponta e qualidade de vida. Um destino ideal para quem busca o melhor.","breadcrumb":{"@id":"https:\/\/www.correiobraziliense.com.br\/cbradar\/cidade-do-interior-paulista-referencia-em-educacao-de-ponta\/#breadcrumb"},"inLanguage":"pt-BR","potentialAction":[{"@type":"ReadAction","target":["https:\/\/www.correiobraziliense.com.br\/cbradar\/cidade-do-interior-paulista-referencia-em-educacao-de-ponta\/"]}]},{"@type":"ImageObject","inLanguage":"pt-BR","@id":"https:\/\/www.correiobraziliense.com.br\/cbradar\/cidade-do-interior-paulista-referencia-em-educacao-de-ponta\/#primaryimage","url":"https:\/\/www.correiobraziliense.com.br\/cbradar\/wp-content\/uploads\/2025\/02\/Samsung-Galaxy-A55-16.png","contentUrl":"https:\/\/www.correiobraziliense.com.br\/cbradar\/wp-content\/uploads\/2025\/02\/Samsung-Galaxy-A55-16.png","width":1280,"height":720,"caption":"A cidade passa por um processo de desenvolvimento urbano com planos diretor e requalifica\u00e7\u00e3o de \u00e1reas centrais. \/\/ Reprodu\u00e7\u00e3o: Wikimedia Commons"},{"@type":"BreadcrumbList","@id":"https:\/\/www.correiobraziliense.com.br\/cbradar\/cidade-do-interior-paulista-referencia-em-educacao-de-ponta\/#breadcrumb","itemListElement":[{"@type":"ListItem","position":1,"name":"In\u00edcio","item":"https:\/\/www.correiobraziliense.com.br\/cbradar\/"},{"@type":"ListItem","position":2,"name":"Cidade do interior paulista refer\u00eancia em educa\u00e7\u00e3o de ponta"}]},{"@type":"WebSite","@id":"https:\/\/www.correiobraziliense.com.br\/cbradar\/#website","url":"https:\/\/www.correiobraziliense.com.br\/cbradar\/","name":"Correio Braziliense - Radar","description":"Acompanhe as \u00faltimas not\u00edcias e fique bem informado sobre tudo o que acontece no Brasil e no mundo.","potentialAction":[{"@type":"SearchAction","target":{"@type":"EntryPoint","urlTemplate":"https:\/\/www.correiobraziliense.com.br\/cbradar\/?s={search_term_string}"},"query-input":{"@type":"PropertyValueSpecification","valueRequired":true,"valueName":"search_term_string"}}],"inLanguage":"pt-BR"},{"@type":"Person","@id":"https:\/\/www.correiobraziliense.com.br\/cbradar\/#\/schema\/person\/4053c651a9bfc785afc6f4cbc9032fd3","name":"Maura Pereira","image":{"@type":"ImageObject","inLanguage":"pt-BR","@id":"https:\/\/www.correiobraziliense.com.br\/cbradar\/#\/schema\/person\/image\/","url":"https:\/\/secure.gravatar.com\/avatar\/3effd6bdadfa447f15089c7f7144eaa6?s=96&d=mm&r=g","contentUrl":"https:\/\/secure.gravatar.com\/avatar\/3effd6bdadfa447f15089c7f7144eaa6?s=96&d=mm&r=g","caption":"Maura Pereira"},"sameAs":["https:\/\/www.correiobraziliense.com.br\/"],"url":"https:\/\/www.correiobraziliense.com.br\/cbradar\/author\/mauramyth\/"}]}},"_links":{"self":[{"href":"https:\/\/www.correiobraziliense.com.br\/cbradar\/wp-json\/wp\/v2\/posts\/28771","targetHints":{"allow":["GET"]}}],"collection":[{"href":"https:\/\/www.correiobraziliense.com.br\/cbradar\/wp-json\/wp\/v2\/posts"}],"about":[{"href":"https:\/\/www.correiobraziliense.com.br\/cbradar\/wp-json\/wp\/v2\/types\/post"}],"author":[{"embeddable":true,"href":"https:\/\/www.correiobraziliense.com.br\/cbradar\/wp-json\/wp\/v2\/users\/8"}],"replies":[{"embeddable":true,"href":"https:\/\/www.correiobraziliense.com.br\/cbradar\/wp-json\/wp\/v2\/comments?post=28771"}],"version-history":[{"count":7,"href":"https:\/\/www.correiobraziliense.com.br\/cbradar\/wp-json\/wp\/v2\/posts\/28771\/revisions"}],"predecessor-version":[{"id":28847,"href":"https:\/\/www.correiobraziliense.com.br\/cbradar\/wp-json\/wp\/v2\/posts\/28771\/revisions\/28847"}],"wp:featuredmedia":[{"embeddable":true,"href":"https:\/\/www.correiobraziliense.com.br\/cbradar\/wp-json\/wp\/v2\/media\/6926"}],"wp:attachment":[{"href":"https:\/\/www.correiobraziliense.com.br\/cbradar\/wp-json\/wp\/v2\/media?parent=28771"}],"wp:term":[{"taxonomy":"category","embeddable":true,"href":"https:\/\/www.correiobraziliense.com.br\/cbradar\/wp-json\/wp\/v2\/categories?post=28771"},{"taxonomy":"post_tag","embeddable":true,"href":"https:\/\/www.correiobraziliense.com.br\/cbradar\/wp-json\/wp\/v2\/post_tag?post=28771"}],"curies":[{"name":"wp","href":"https:\/\/api.w.org\/{rel}","templated":true}]}}