{"id":28772,"date":"2025-04-28T09:30:00","date_gmt":"2025-04-28T12:30:00","guid":{"rendered":"https:\/\/www.correiobraziliense.com.br\/cbradar\/?p=28772"},"modified":"2025-04-27T03:21:39","modified_gmt":"2025-04-27T06:21:39","slug":"capital-lider-em-qualidade-de-vida-e-menor-custo-para-viver-no-brasil","status":"publish","type":"post","link":"https:\/\/www.correiobraziliense.com.br\/cbradar\/capital-lider-em-qualidade-de-vida-e-menor-custo-para-viver-no-brasil\/","title":{"rendered":"Capital l\u00edder em qualidade de vida e menor custo para viver no Brasil"},"content":{"rendered":"\n<p><strong><a href=\"https:\/\/www.vitoria.es.gov.br\/\" target=\"_blank\" rel=\"noreferrer noopener\">Vit\u00f3ria<\/a><\/strong>, a capital do <strong>Esp\u00edrito Santo<\/strong>, \u00e9 uma cidade que encanta pela sua combina\u00e7\u00e3o \u00fanica de mar, montanhas e urbaniza\u00e7\u00e3o. Com uma localiza\u00e7\u00e3o privilegiada no <strong><a href=\"https:\/\/www.correiobraziliense.com.br\/cbradar\/veja-a-cidade-do-topo-do-ranking-de-melhor-para-se-viver-no-brasil\/\" target=\"_blank\" rel=\"noreferrer noopener\">Brasil <\/a><\/strong>entre o oceano Atl\u00e2ntico e as serras do <strong>Esp\u00edrito Santo<\/strong>, a cidade oferece uma excelente qualidade de vida e uma infraestrutura crescente. Al\u00e9m de ser um centro comercial e industrial, tamb\u00e9m \u00e9 rica em cultura, com um povo acolhedor e diversas op\u00e7\u00f5es de lazer e turismo. Se voc\u00ea est\u00e1 procurando um lugar para morar ou para conhecer, <strong>Vit\u00f3ria<\/strong> \u00e9 uma cidade que pode surpreender voc\u00ea, al\u00e9m de ser uma das capitais brasileiras que combinam\u00a0<strong>qualidade de vida com custo acess\u00edvel<\/strong>. <\/p>\n\n\n\n<h2 class=\"wp-block-heading\">Qualidade de vida em Vit\u00f3ria<\/h2>\n\n\n\n<p>A qualidade de vida em <strong>Vit\u00f3ria<\/strong> \u00e9 uma das grandes vantagens de morar na cidade. Ela \u00e9 considerada a capital <strong>com custo de vida mais acess\u00edvel entre outras brasileiras,<\/strong> a cidade proporciona um equil\u00edbrio perfeito entre a tranquilidade do interior e a modernidade de uma capital. <strong>Vit\u00f3ria<\/strong> tem investido em \u00e1reas como mobilidade urbana, sa\u00fade e seguran\u00e7a, tornando a vida mais f\u00e1cil e segura para seus habitantes. <\/p>\n\n\n\n<p>A capital tamb\u00e9m conta com diversas op\u00e7\u00f5es de lazer ao ar livre, como suas lindas praias e parques. O clima de <strong>Vit\u00f3ria<\/strong> \u00e9 tropical, com ver\u00f5es quentes e invernos amenos, o que permite aos moradores aproveitar as \u00e1reas externas ao longo do ano. Os pontos verdes da cidade, como o <strong>Parque Pedra da Cebola<\/strong> e a <strong>Ilha das Caieiras<\/strong>, oferecem excelentes espa\u00e7os para caminhadas, piqueniques e passeios, promovendo bem-estar e uma conex\u00e3o com a natureza.<\/p>\n\n\n<div class=\"wp-block-image\">\n<figure class=\"aligncenter size-large\"><img decoding=\"async\" width=\"1024\" height=\"576\" src=\"https:\/\/www.correiobraziliense.com.br\/cbradar\/wp-content\/uploads\/2025\/02\/Design-sem-nome-16-1-1024x576.png\" alt=\"A capital mais rica em qualidade de vida e mais barata para viver no Brasil\" class=\"wp-image-5927\" srcset=\"https:\/\/www.correiobraziliense.com.br\/cbradar\/wp-content\/uploads\/2025\/02\/Design-sem-nome-16-1-1024x576.png 1024w, https:\/\/www.correiobraziliense.com.br\/cbradar\/wp-content\/uploads\/2025\/02\/Design-sem-nome-16-1-300x169.png 300w, https:\/\/www.correiobraziliense.com.br\/cbradar\/wp-content\/uploads\/2025\/02\/Design-sem-nome-16-1-768x432.png 768w, https:\/\/www.correiobraziliense.com.br\/cbradar\/wp-content\/uploads\/2025\/02\/Design-sem-nome-16-1-750x422.png 750w, https:\/\/www.correiobraziliense.com.br\/cbradar\/wp-content\/uploads\/2025\/02\/Design-sem-nome-16-1-1140x641.png 1140w, https:\/\/www.correiobraziliense.com.br\/cbradar\/wp-content\/uploads\/2025\/02\/Design-sem-nome-16-1.png 1280w\" sizes=\"(max-width: 1024px) 100vw, 1024px\" \/><figcaption class=\"wp-element-caption\">Vit\u00f3ria (ES) \/\/ Reprodu\u00e7\u00e3o: Wikimedia Commons<\/figcaption><\/figure><\/div>\n\n\n<h2 class=\"wp-block-heading\">Um investimento no futuro<\/h2>\n\n\n\n<p><strong>Vit\u00f3ria<\/strong> tem investido fortemente em educa\u00e7\u00e3o, desde a educa\u00e7\u00e3o b\u00e1sica at\u00e9 o ensino superior. A cidade conta com diversas escolas p\u00fablicas e privadas que oferecem ensino de qualidade, al\u00e9m de uma grande variedade de cursos profissionalizantes e t\u00e9cnicos. A <strong>Universidade Federal do Esp\u00edrito Santo (UFES)<\/strong> \u00e9 uma das principais institui\u00e7\u00f5es de ensino superior do estado, com cursos renomados em \u00e1reas como engenharia, sa\u00fade, educa\u00e7\u00e3o e ci\u00eancias sociais.<\/p>\n\n\n\n<p>Al\u00e9m disso, a capital tem se destacado pela alta taxa de alfabetiza\u00e7\u00e3o e pelas boas pr\u00e1ticas pedag\u00f3gicas em suas escolas, sendo um exemplo de educa\u00e7\u00e3o no <strong>Esp\u00edrito Santo<\/strong>. O munic\u00edpio tamb\u00e9m conta com uma excelente rede de bibliotecas e centros culturais, oferecendo aos moradores e visitantes a oportunidade de se aprofundar em diversos campos do conhecimento.<\/p>\n\n\n\n<h2 class=\"wp-block-heading\">Quais s\u00e3o os pontos tur\u00edsticos principais de Vit\u00f3ria?<\/h2>\n\n\n\n<p><strong>Vit\u00f3ria<\/strong> \u00e9 uma cidade que mistura belezas naturais com rica cultura e hist\u00f3ria. Se voc\u00ea est\u00e1 planejando uma visita, aqui est\u00e3o alguns dos principais pontos tur\u00edsticos que voc\u00ea n\u00e3o pode deixar de conhecer:<\/p>\n\n\n\n<ul class=\"wp-block-list\">\n<li><strong>Praia de Camburi<\/strong>: Uma das praias mais conhecidas de <strong>Vit\u00f3ria<\/strong>, a <strong>Praia de Camburi<\/strong> \u00e9 ideal para quem gosta de praticar esportes \u00e0 beira-mar ou simplesmente relaxar com a brisa do oceano. Com uma orla extensa e uma excelente infraestrutura, \u00e9 um \u00f3timo lugar para passeios em fam\u00edlia ou com amigos.<\/li>\n\n\n\n<li><strong>Ilha do Frade<\/strong>: Uma das ilhas mais famosas da cidade, com \u00e1guas claras e calmas. A <strong>Ilha do Frade<\/strong> \u00e9 um excelente destino para quem deseja fazer passeios de barco, nadar ou praticar esportes aqu\u00e1ticos. Al\u00e9m disso, a ilha \u00e9 rica em fauna e flora, tornando-se um lugar perfeito para ecoturismo.<\/li>\n\n\n\n<li><strong>Parque Pedra da Cebola<\/strong>: Um dos espa\u00e7os verdes mais importantes da cidade, o <strong>Parque Pedra da Cebola<\/strong> oferece trilhas, \u00e1reas para piquenique e uma vista deslumbrante da cidade e do mar. \u00c9 o local ideal para quem deseja se conectar com a natureza e relaxar no meio da cidade.<\/li>\n\n\n\n<li><strong>Convento da Penha<\/strong>: Localizado no topo de um morro, o <strong>Convento da Penha<\/strong> oferece uma vista panor\u00e2mica da cidade. Este \u00e9 um dos maiores s\u00edmbolos religiosos de <strong>Vit\u00f3ria<\/strong> e um lugar de grande import\u00e2ncia hist\u00f3rica e cultural para a cidade.<\/li>\n\n\n\n<li><strong>Ilha das Caieiras<\/strong>: A <strong>Ilha das Caieiras<\/strong> \u00e9 famosa por sua tranquilidade e por ser o local onde o tradicional peixe capixaba, como a <strong>moqueca<\/strong>, \u00e9 preparado com ingredientes frescos. A \u00e1rea tamb\u00e9m \u00e9 \u00f3tima para passeios de barco e caminhadas pela natureza.<\/li>\n<\/ul>\n\n\n\n<h2 class=\"wp-block-heading\">Desenvolvimento sustent\u00e1vel e infraestrutura<\/h2>\n\n\n\n<p>Embora seja uma cidade que tem se desenvolvido rapidamente, <strong>Vit\u00f3ria<\/strong> tem se destacado por seu compromisso com o crescimento sustent\u00e1vel. A cidade tem se empenhado em proteger suas \u00e1reas verdes e em investir em solu\u00e7\u00f5es de mobilidade urbana, como ciclovias e transporte p\u00fablico eficiente. Al\u00e9m disso, <strong>Vit\u00f3ria<\/strong> busca preservar o meio ambiente ao incentivar pr\u00e1ticas sustent\u00e1veis no com\u00e9rcio e na constru\u00e7\u00e3o civil.<\/p>\n\n\n\n<p>A infraestrutura de <strong>Vit\u00f3ria<\/strong> \u00e9 moderna e bem estruturada, com uma ampla rede de hospitais, escolas, centros comerciais e uma crescente oferta de servi\u00e7os tur\u00edsticos. A cidade tem se tornado cada vez mais acess\u00edvel para aqueles que buscam viver em um lugar tranquilo, com boa qualidade de vida, mas com as vantagens de morar em uma cidade em pleno desenvolvimento.<\/p>\n\n\n\n<h2 class=\"wp-block-heading\">Vale a pena morar em Vit\u00f3ria?<\/h2>\n\n\n\n<p>Morar em <strong>Vit\u00f3ria<\/strong> \u00e9 uma excelente escolha para quem busca qualidade de vida, acesso \u00e0 natureza e uma cidade com forte voca\u00e7\u00e3o para o desenvolvimento. A cidade oferece boa infraestrutura, op\u00e7\u00f5es de lazer e cultura, al\u00e9m de ser um lugar acolhedor e seguro para fam\u00edlias, profissionais e estudantes. Se voc\u00ea est\u00e1 em busca de um lugar que combina tranquilidade, modernidade e um clima tropical, <strong>Vit\u00f3ria<\/strong> \u00e9 o lugar ideal para viver.<\/p>\n\n\n\n<h2 class=\"wp-block-heading\">Vale a pena visitar Vit\u00f3ria?<\/h2>\n\n\n\n<p>Sem d\u00favida, visitar <strong>Vit\u00f3ria<\/strong> \u00e9 uma experi\u00eancia \u00fanica. Com suas lindas praias, cultura rica e deliciosa gastronomia, a cidade \u00e9 um excelente destino para quem busca lazer e relaxamento. Al\u00e9m disso, seus pontos tur\u00edsticos como o <strong>Convento da Penha<\/strong>, a <strong>Ilha do Frade<\/strong> e o <strong>Parque Pedra da Cebola<\/strong> oferecem aos visitantes a oportunidade de explorar as belezas naturais e culturais da cidade. Se voc\u00ea deseja conhecer o melhor do <strong>Esp\u00edrito Santo<\/strong>, <strong>Vit\u00f3ria<\/strong> \u00e9 um destino imperd\u00edvel.<\/p>\n","protected":false},"excerpt":{"rendered":"<p>Vit\u00f3ria, a capital do Esp\u00edrito Santo, \u00e9 uma cidade que encanta pela sua combina\u00e7\u00e3o \u00fanica de mar, montanhas e urbaniza\u00e7\u00e3o. Com uma localiza\u00e7\u00e3o privilegiada no Brasil entre o oceano Atl\u00e2ntico e as serras do Esp\u00edrito Santo, a cidade oferece uma excelente qualidade de vida e uma infraestrutura crescente. Al\u00e9m de ser um centro comercial e [&hellip;]<\/p>\n","protected":false},"author":8,"featured_media":5928,"comment_status":"open","ping_status":"open","sticky":false,"template":"","format":"standard","meta":{"_yoast_wpseo_focuskw":"capital","_yoast_wpseo_title":"","_yoast_wpseo_metadesc":"Quer viver bem sem gastar muito? Conhe\u00e7a a capital brasileira com qualidade de vida de primeira e o custo de vida mais barato.","jnews-multi-image_gallery":[],"jnews_single_post":{"format":"standard"},"jnews_primary_category":[],"jnews_social_meta":[],"jnews_override_counter":[],"footnotes":""},"categories":[108,111],"tags":[3867,303,247,3866],"class_list":["post-28772","post","type-post","status-publish","format-standard","has-post-thumbnail","hentry","category-cidades","category-turismo","tag-barato","tag-custo-de-vida","tag-qualidade-de-vida","tag-vitoria"],"yoast_head":"<!-- This site is optimized with the Yoast SEO plugin v24.6 - https:\/\/yoast.com\/wordpress\/plugins\/seo\/ -->\n<title>Capital l\u00edder em qualidade de vida e menor custo para viver no Brasil - Correio Braziliense - Radar<\/title>\n<meta name=\"description\" content=\"Quer viver bem sem gastar muito? Conhe\u00e7a a capital brasileira com qualidade de vida de primeira e o custo de vida mais barato.\" \/>\n<meta name=\"robots\" content=\"index, follow, max-snippet:-1, max-image-preview:large, max-video-preview:-1\" \/>\n<link rel=\"canonical\" href=\"https:\/\/www.correiobraziliense.com.br\/cbradar\/capital-lider-em-qualidade-de-vida-e-menor-custo-para-viver-no-brasil\/\" \/>\n<meta property=\"og:locale\" content=\"pt_BR\" \/>\n<meta property=\"og:type\" content=\"article\" \/>\n<meta property=\"og:title\" content=\"Capital l\u00edder em qualidade de vida e menor custo para viver no Brasil - Correio Braziliense - Radar\" \/>\n<meta property=\"og:description\" content=\"Quer viver bem sem gastar muito? Conhe\u00e7a a capital brasileira com qualidade de vida de primeira e o custo de vida mais barato.\" \/>\n<meta property=\"og:url\" content=\"https:\/\/www.correiobraziliense.com.br\/cbradar\/capital-lider-em-qualidade-de-vida-e-menor-custo-para-viver-no-brasil\/\" \/>\n<meta property=\"og:site_name\" content=\"Correio Braziliense - Radar\" \/>\n<meta property=\"article:published_time\" content=\"2025-04-28T12:30:00+00:00\" \/>\n<meta property=\"og:image\" content=\"https:\/\/www.correiobraziliense.com.br\/cbradar\/wp-content\/uploads\/2025\/02\/Design-sem-nome-15-1.png\" \/>\n\t<meta property=\"og:image:width\" content=\"1280\" \/>\n\t<meta property=\"og:image:height\" content=\"720\" \/>\n\t<meta property=\"og:image:type\" content=\"image\/png\" \/>\n<meta name=\"author\" content=\"Maura Pereira\" \/>\n<meta name=\"twitter:card\" content=\"summary_large_image\" \/>\n<meta name=\"twitter:label1\" content=\"Escrito por\" \/>\n\t<meta name=\"twitter:data1\" content=\"Maura Pereira\" \/>\n\t<meta name=\"twitter:label2\" content=\"Est. tempo de leitura\" \/>\n\t<meta name=\"twitter:data2\" content=\"6 minutos\" \/>\n<!-- \/ Yoast SEO plugin. -->","yoast_head_json":{"title":"Capital l\u00edder em qualidade de vida e menor custo para viver no Brasil - Correio Braziliense - Radar","description":"Quer viver bem sem gastar muito? Conhe\u00e7a a capital brasileira com qualidade de vida de primeira e o custo de vida mais barato.","robots":{"index":"index","follow":"follow","max-snippet":"max-snippet:-1","max-image-preview":"max-image-preview:large","max-video-preview":"max-video-preview:-1"},"canonical":"https:\/\/www.correiobraziliense.com.br\/cbradar\/capital-lider-em-qualidade-de-vida-e-menor-custo-para-viver-no-brasil\/","og_locale":"pt_BR","og_type":"article","og_title":"Capital l\u00edder em qualidade de vida e menor custo para viver no Brasil - Correio Braziliense - Radar","og_description":"Quer viver bem sem gastar muito? Conhe\u00e7a a capital brasileira com qualidade de vida de primeira e o custo de vida mais barato.","og_url":"https:\/\/www.correiobraziliense.com.br\/cbradar\/capital-lider-em-qualidade-de-vida-e-menor-custo-para-viver-no-brasil\/","og_site_name":"Correio Braziliense - Radar","article_published_time":"2025-04-28T12:30:00+00:00","og_image":[{"width":1280,"height":720,"url":"https:\/\/www.correiobraziliense.com.br\/cbradar\/wp-content\/uploads\/2025\/02\/Design-sem-nome-15-1.png","type":"image\/png"}],"author":"Maura Pereira","twitter_card":"summary_large_image","twitter_misc":{"Escrito por":"Maura Pereira","Est. tempo de leitura":"6 minutos"},"schema":{"@context":"https:\/\/schema.org","@graph":[{"@type":"WebPage","@id":"https:\/\/www.correiobraziliense.com.br\/cbradar\/capital-lider-em-qualidade-de-vida-e-menor-custo-para-viver-no-brasil\/","url":"https:\/\/www.correiobraziliense.com.br\/cbradar\/capital-lider-em-qualidade-de-vida-e-menor-custo-para-viver-no-brasil\/","name":"Capital l\u00edder em qualidade de vida e menor custo para viver no Brasil - Correio Braziliense - Radar","isPartOf":{"@id":"https:\/\/www.correiobraziliense.com.br\/cbradar\/#website"},"primaryImageOfPage":{"@id":"https:\/\/www.correiobraziliense.com.br\/cbradar\/capital-lider-em-qualidade-de-vida-e-menor-custo-para-viver-no-brasil\/#primaryimage"},"image":{"@id":"https:\/\/www.correiobraziliense.com.br\/cbradar\/capital-lider-em-qualidade-de-vida-e-menor-custo-para-viver-no-brasil\/#primaryimage"},"thumbnailUrl":"https:\/\/www.correiobraziliense.com.br\/cbradar\/wp-content\/uploads\/2025\/02\/Design-sem-nome-15-1.png","datePublished":"2025-04-28T12:30:00+00:00","author":{"@id":"https:\/\/www.correiobraziliense.com.br\/cbradar\/#\/schema\/person\/4053c651a9bfc785afc6f4cbc9032fd3"},"description":"Quer viver bem sem gastar muito? Conhe\u00e7a a capital brasileira com qualidade de vida de primeira e o custo de vida mais barato.","breadcrumb":{"@id":"https:\/\/www.correiobraziliense.com.br\/cbradar\/capital-lider-em-qualidade-de-vida-e-menor-custo-para-viver-no-brasil\/#breadcrumb"},"inLanguage":"pt-BR","potentialAction":[{"@type":"ReadAction","target":["https:\/\/www.correiobraziliense.com.br\/cbradar\/capital-lider-em-qualidade-de-vida-e-menor-custo-para-viver-no-brasil\/"]}]},{"@type":"ImageObject","inLanguage":"pt-BR","@id":"https:\/\/www.correiobraziliense.com.br\/cbradar\/capital-lider-em-qualidade-de-vida-e-menor-custo-para-viver-no-brasil\/#primaryimage","url":"https:\/\/www.correiobraziliense.com.br\/cbradar\/wp-content\/uploads\/2025\/02\/Design-sem-nome-15-1.png","contentUrl":"https:\/\/www.correiobraziliense.com.br\/cbradar\/wp-content\/uploads\/2025\/02\/Design-sem-nome-15-1.png","width":1280,"height":720,"caption":"Vit\u00f3ria, ES oferece cultura, natureza e qualidade de vida em uma ilha no litoral capixaba. \/\/ Reprodu\u00e7\u00e3o: Wikimedia Commons"},{"@type":"BreadcrumbList","@id":"https:\/\/www.correiobraziliense.com.br\/cbradar\/capital-lider-em-qualidade-de-vida-e-menor-custo-para-viver-no-brasil\/#breadcrumb","itemListElement":[{"@type":"ListItem","position":1,"name":"In\u00edcio","item":"https:\/\/www.correiobraziliense.com.br\/cbradar\/"},{"@type":"ListItem","position":2,"name":"Capital l\u00edder em qualidade de vida e menor custo para viver no Brasil"}]},{"@type":"WebSite","@id":"https:\/\/www.correiobraziliense.com.br\/cbradar\/#website","url":"https:\/\/www.correiobraziliense.com.br\/cbradar\/","name":"Correio Braziliense - Radar","description":"Acompanhe as \u00faltimas not\u00edcias e fique bem informado sobre tudo o que acontece no Brasil e no mundo.","potentialAction":[{"@type":"SearchAction","target":{"@type":"EntryPoint","urlTemplate":"https:\/\/www.correiobraziliense.com.br\/cbradar\/?s={search_term_string}"},"query-input":{"@type":"PropertyValueSpecification","valueRequired":true,"valueName":"search_term_string"}}],"inLanguage":"pt-BR"},{"@type":"Person","@id":"https:\/\/www.correiobraziliense.com.br\/cbradar\/#\/schema\/person\/4053c651a9bfc785afc6f4cbc9032fd3","name":"Maura Pereira","image":{"@type":"ImageObject","inLanguage":"pt-BR","@id":"https:\/\/www.correiobraziliense.com.br\/cbradar\/#\/schema\/person\/image\/","url":"https:\/\/secure.gravatar.com\/avatar\/3effd6bdadfa447f15089c7f7144eaa6?s=96&d=mm&r=g","contentUrl":"https:\/\/secure.gravatar.com\/avatar\/3effd6bdadfa447f15089c7f7144eaa6?s=96&d=mm&r=g","caption":"Maura Pereira"},"sameAs":["https:\/\/www.correiobraziliense.com.br\/"],"url":"https:\/\/www.correiobraziliense.com.br\/cbradar\/author\/mauramyth\/"}]}},"_links":{"self":[{"href":"https:\/\/www.correiobraziliense.com.br\/cbradar\/wp-json\/wp\/v2\/posts\/28772","targetHints":{"allow":["GET"]}}],"collection":[{"href":"https:\/\/www.correiobraziliense.com.br\/cbradar\/wp-json\/wp\/v2\/posts"}],"about":[{"href":"https:\/\/www.correiobraziliense.com.br\/cbradar\/wp-json\/wp\/v2\/types\/post"}],"author":[{"embeddable":true,"href":"https:\/\/www.correiobraziliense.com.br\/cbradar\/wp-json\/wp\/v2\/users\/8"}],"replies":[{"embeddable":true,"href":"https:\/\/www.correiobraziliense.com.br\/cbradar\/wp-json\/wp\/v2\/comments?post=28772"}],"version-history":[{"count":23,"href":"https:\/\/www.correiobraziliense.com.br\/cbradar\/wp-json\/wp\/v2\/posts\/28772\/revisions"}],"predecessor-version":[{"id":28860,"href":"https:\/\/www.correiobraziliense.com.br\/cbradar\/wp-json\/wp\/v2\/posts\/28772\/revisions\/28860"}],"wp:featuredmedia":[{"embeddable":true,"href":"https:\/\/www.correiobraziliense.com.br\/cbradar\/wp-json\/wp\/v2\/media\/5928"}],"wp:attachment":[{"href":"https:\/\/www.correiobraziliense.com.br\/cbradar\/wp-json\/wp\/v2\/media?parent=28772"}],"wp:term":[{"taxonomy":"category","embeddable":true,"href":"https:\/\/www.correiobraziliense.com.br\/cbradar\/wp-json\/wp\/v2\/categories?post=28772"},{"taxonomy":"post_tag","embeddable":true,"href":"https:\/\/www.correiobraziliense.com.br\/cbradar\/wp-json\/wp\/v2\/tags?post=28772"}],"curies":[{"name":"wp","href":"https:\/\/api.w.org\/{rel}","templated":true}]}}