{"id":28774,"date":"2025-04-28T21:30:00","date_gmt":"2025-04-29T00:30:00","guid":{"rendered":"https:\/\/www.correiobraziliense.com.br\/cbradar\/?p=28774"},"modified":"2025-04-27T03:27:27","modified_gmt":"2025-04-27T06:27:27","slug":"veja-como-e-viver-com-qualidade-de-vida-na-famosa-dubai-brasileira","status":"publish","type":"post","link":"https:\/\/www.correiobraziliense.com.br\/cbradar\/veja-como-e-viver-com-qualidade-de-vida-na-famosa-dubai-brasileira\/","title":{"rendered":"Veja como \u00e9 viver com qualidade de vida na famosa &#8220;Dubai&#8221; brasileira"},"content":{"rendered":"\n<p><strong><a href=\"https:\/\/www.bc.sc.gov.br\/\" target=\"_blank\" rel=\"noreferrer noopener\">Balne\u00e1rio Cambori\u00fa<\/a><\/strong>, localizada no litoral de <strong><a href=\"https:\/\/www.correiobraziliense.com.br\/cbradar\/essa-cidade-no-interior-de-santa-catarina-surpreende-pelo-ecoturismo\/\" target=\"_blank\" rel=\"noreferrer noopener\">Santa Catarina<\/a><\/strong>, \u00e9 um dos destinos mais sofisticados e vibrantes do <strong>Brasil<\/strong>. Conhecida por suas praias deslumbrantes, arranha-c\u00e9us modernos e uma infraestrutura de ponta, <strong>Balne\u00e1rio Cambori\u00fa<\/strong> \u00e9 o lugar perfeito para quem busca viver em uma cidade que combine a tranquilidade do litoral com as comodidades de uma metr\u00f3pole. Al\u00e9m disso, a cidade \u00e9 conhecida pela sua alta qualidade de vida, uma educa\u00e7\u00e3o excelente e uma oferta de lazer e cultura que atrai turistas de todas as partes do mundo.<\/p>\n\n\n\n<h2 class=\"wp-block-heading\">Qualidade de vida em Balne\u00e1rio Cambori\u00fa<\/h2>\n\n\n\n<p>Viver em <strong>Balne\u00e1rio Cambori\u00fa<\/strong> \u00e9 sin\u00f4nimo de qualidade de vida. A cidade tem se destacado pelo equil\u00edbrio entre urbaniza\u00e7\u00e3o e preserva\u00e7\u00e3o ambiental, oferecendo aos seus moradores uma infraestrutura moderna, servi\u00e7os de sa\u00fade de qualidade, seguran\u00e7a e um ambiente limpo e bem cuidado. O custo de vida, embora mais alto do que em outras cidades de <strong>Santa Catarina<\/strong>, \u00e9 justificado pela excelente qualidade dos servi\u00e7os e pela infraestrutura robusta.<\/p>\n\n\n\n<p>O clima em <strong>Balne\u00e1rio Cambori\u00fa<\/strong> \u00e9 outro atrativo. Com um clima tropical, a cidade possui ver\u00f5es quentes e invernos amenos, permitindo que seus habitantes desfrutem das belas praias durante o ano todo. A cidade conta tamb\u00e9m com diversas op\u00e7\u00f5es de lazer ao ar livre, como o <strong>Parque Natural Municipal Raimundo Gon\u00e7alez Malta<\/strong> e a <strong>Praia de Laranjeiras<\/strong>, que s\u00e3o ideais para quem busca relaxar em contato com a natureza.<\/p>\n\n\n<div class=\"wp-block-image\">\n<figure class=\"aligncenter size-large\"><img decoding=\"async\" width=\"1024\" height=\"576\" src=\"https:\/\/www.correiobraziliense.com.br\/cbradar\/wp-content\/uploads\/2025\/02\/Balneario-Camboriu_1739517826101-1024x576.jpg\" alt=\"Veja como \u00e9 viver com qualidade de vida na &quot;Dubai&quot; brasileira\" class=\"wp-image-2710\" srcset=\"https:\/\/www.correiobraziliense.com.br\/cbradar\/wp-content\/uploads\/2025\/02\/Balneario-Camboriu_1739517826101-1024x576.jpg 1024w, https:\/\/www.correiobraziliense.com.br\/cbradar\/wp-content\/uploads\/2025\/02\/Balneario-Camboriu_1739517826101-300x169.jpg 300w, https:\/\/www.correiobraziliense.com.br\/cbradar\/wp-content\/uploads\/2025\/02\/Balneario-Camboriu_1739517826101-768x432.jpg 768w, https:\/\/www.correiobraziliense.com.br\/cbradar\/wp-content\/uploads\/2025\/02\/Balneario-Camboriu_1739517826101-750x422.jpg 750w, https:\/\/www.correiobraziliense.com.br\/cbradar\/wp-content\/uploads\/2025\/02\/Balneario-Camboriu_1739517826101-1140x641.jpg 1140w, https:\/\/www.correiobraziliense.com.br\/cbradar\/wp-content\/uploads\/2025\/02\/Balneario-Camboriu_1739517826101.jpg 1280w\" sizes=\"(max-width: 1024px) 100vw, 1024px\" \/><figcaption class=\"wp-element-caption\">Balne\u00e1rio Cambori\u00fa \/\/ Cr\u00e9ditos: depositphotos.com \/ diegograndi<\/figcaption><\/figure><\/div>\n\n\n<h2 class=\"wp-block-heading\">Educa\u00e7\u00e3o e um investimento no futuro<\/h2>\n\n\n\n<p>A educa\u00e7\u00e3o em <strong>Balne\u00e1rio Cambori\u00fa<\/strong> \u00e9 uma das mais destacadas da regi\u00e3o. A cidade conta com escolas p\u00fablicas e privadas que se destacam pela qualidade de ensino. A educa\u00e7\u00e3o infantil, o ensino fundamental e o ensino m\u00e9dio s\u00e3o bem atendidos, com v\u00e1rias op\u00e7\u00f5es de institui\u00e7\u00f5es que oferecem uma forma\u00e7\u00e3o completa e de qualidade.<\/p>\n\n\n\n<p>Para o ensino superior, <strong>Balne\u00e1rio Cambori\u00fa<\/strong> est\u00e1 cada vez mais se consolidando como um centro educacional. A <strong>Univali (Universidade do Vale do Itaja\u00ed)<\/strong>, com seu campus em <strong>Balne\u00e1rio Cambori\u00fa<\/strong>, oferece cursos de gradua\u00e7\u00e3o e p\u00f3s-gradua\u00e7\u00e3o, proporcionando aos jovens locais e de outras regi\u00f5es a oportunidade de estudar em uma institui\u00e7\u00e3o de renome. A cidade tamb\u00e9m tem se destacado no ensino t\u00e9cnico e profissionalizante, com diversas escolas que preparam os jovens para os desafios do mercado de trabalho.<\/p>\n\n\n\n<h2 class=\"wp-block-heading\">Quais s\u00e3o os pontos tur\u00edsticos principais de Balne\u00e1rio Cambori\u00fa?<\/h2>\n\n\n\n<p><strong>Balne\u00e1rio Cambori\u00fa<\/strong> \u00e9 uma cidade repleta de atra\u00e7\u00f5es tur\u00edsticas que encantam os visitantes com suas belezas naturais, infraestrutura moderna e cultura vibrante. Se voc\u00ea est\u00e1 planejando uma visita, aqui est\u00e3o os principais pontos tur\u00edsticos da cidade:<\/p>\n\n\n\n<ul class=\"wp-block-list\">\n<li><strong>Praia Central<\/strong>: A <strong>Praia Central<\/strong> \u00e9 a principal praia de <strong>Balne\u00e1rio Cambori\u00fa<\/strong> e um dos maiores cart\u00f5es-postais da cidade. Com uma extensa faixa de areia e \u00e1guas claras, \u00e9 o local perfeito para quem quer aproveitar o sol, praticar esportes ou simplesmente caminhar pelo cal\u00e7ad\u00e3o \u00e0 beira-mar.<\/li>\n\n\n\n<li><strong>Ilha das Cabras<\/strong>: Localizada na costa de <strong>Balne\u00e1rio Cambori\u00fa<\/strong>, a <strong>Ilha das Cabras<\/strong> \u00e9 um destino popular para quem gosta de fazer passeios de barco e explorar a vida marinha. A ilha oferece uma vista espetacular da cidade e \u00e9 ideal para atividades como mergulho e snorkeling.<\/li>\n\n\n\n<li><strong>Cristo Luz<\/strong>: O <strong>Cristo Luz<\/strong> \u00e9 uma est\u00e1tua de 33 metros de altura, que oferece uma das vistas mais impressionantes de <strong>Balne\u00e1rio Cambori\u00fa<\/strong>. O monumento \u00e9 iluminado \u00e0 noite, criando um espet\u00e1culo visual que pode ser visto de v\u00e1rios pontos da cidade.<\/li>\n\n\n\n<li><strong>Parque Unipraias<\/strong>: O <strong>Parque Unipraias<\/strong> \u00e9 uma das maiores atra\u00e7\u00f5es tur\u00edsticas da cidade, com seu telef\u00e9rico que conecta a Praia Central ao <strong>Parque Natural<\/strong>. O parque oferece uma s\u00e9rie de atividades, como trilhas, tirolesa e mirantes, al\u00e9m de ser um \u00f3timo lugar para apreciar a vista panor\u00e2mica da cidade e do mar.<\/li>\n\n\n\n<li><strong>Praia de Laranjeiras<\/strong>: Para quem busca um ambiente mais tranquilo e r\u00fastico, a <strong>Praia de Laranjeiras<\/strong> \u00e9 o lugar ideal. A praia \u00e9 cercada por vegeta\u00e7\u00e3o e oferece \u00e1guas calmas, sendo perfeita para quem gosta de relaxar e se conectar com a natureza.<\/li>\n<\/ul>\n\n\n\n<h2 class=\"wp-block-heading\">Cultura local recheada de m\u00fasicas e lazer<\/h2>\n\n\n\n<p>A cultura de <strong>Balne\u00e1rio Cambori\u00fa<\/strong> \u00e9 uma mistura de tradi\u00e7\u00f5es locais com influ\u00eancias modernas, resultando em um ambiente din\u00e2mico e acolhedor. A cidade \u00e9 conhecida por seus eventos e festivais, como o <strong>Festival de M\u00fasica de Balne\u00e1rio Cambori\u00fa<\/strong>, que re\u00fane artistas de renome para apresenta\u00e7\u00f5es de m\u00fasica ao vivo, e o <strong>Festa de Natal<\/strong>, que ilumina a cidade durante a temporada de festas.<\/p>\n\n\n\n<p>A gastronomia de <strong>Balne\u00e1rio Cambori\u00fa<\/strong> \u00e9 outro destaque, com uma grande variedade de restaurantes e bares que atendem aos diferentes gostos dos moradores e turistas. A cidade \u00e9 famosa por seus frutos-do-mar frescos, como camar\u00f5es, ostras e moluscos, al\u00e9m de pratos t\u00edpicos da culin\u00e1ria brasileira e internacional.<\/p>\n\n\n\n<p>A vida noturna de <strong>Balne\u00e1rio Cambori\u00fa<\/strong> tamb\u00e9m \u00e9 agitada, com diversos bares, pubs e casas de show que oferecem entretenimento para todos os estilos. A cidade tem se tornado um centro de lazer e cultura, atraindo turistas de todas as idades.<\/p>\n\n\n\n<h2 class=\"wp-block-heading\">Infraestrutura e sustentabilidade de ponta<\/h2>\n\n\n\n<p><strong>Balne\u00e1rio Cambori\u00fa<\/strong> tem investido fortemente em infraestrutura para acompanhar seu crescimento, com melhorias nas ruas, sistemas de transporte e saneamento. A cidade \u00e9 conhecida por seu planejamento urbano, que visa equilibrar o crescimento populacional com a preserva\u00e7\u00e3o de suas belezas naturais. A cidade tamb\u00e9m tem implementado iniciativas de sustentabilidade, como a cria\u00e7\u00e3o de \u00e1reas verdes e o incentivo a pr\u00e1ticas de turismo respons\u00e1vel.<\/p>\n\n\n\n<p>O com\u00e9rcio e os servi\u00e7os tamb\u00e9m s\u00e3o muito desenvolvidos em <strong>Balne\u00e1rio Cambori\u00fa<\/strong>, o que garante uma excelente qualidade de vida para seus moradores. A cidade abriga grandes centros comerciais e \u00e9 um polo de com\u00e9rcio e turismo no sul do Brasil, o que cria oportunidades econ\u00f4micas tanto para os residentes quanto para os empres\u00e1rios locais.<\/p>\n\n\n\n<h2 class=\"wp-block-heading\">Vale a pena morar em Balne\u00e1rio Cambori\u00fa?<\/h2>\n\n\n\n<p>Sim, morar em <strong>Balne\u00e1rio Cambori\u00fa<\/strong> \u00e9 uma excelente escolha para quem busca qualidade de vida em uma cidade din\u00e2mica e cheia de op\u00e7\u00f5es de lazer. A cidade oferece uma excelente infraestrutura, boas op\u00e7\u00f5es educacionais e de sa\u00fade, al\u00e9m de ser um destino tur\u00edstico vibrante, com praias maravilhosas e muitas atra\u00e7\u00f5es culturais. Se voc\u00ea deseja viver em um lugar com clima ameno, excelente qualidade de vida e proximidade com a natureza, <strong>Balne\u00e1rio Cambori\u00fa<\/strong> \u00e9 uma excelente op\u00e7\u00e3o para morar.<\/p>\n\n\n\n<h2 class=\"wp-block-heading\">Vale a pena visitar Balne\u00e1rio Cambori\u00fa?<\/h2>\n\n\n\n<p>Com certeza, <strong>Balne\u00e1rio Cambori\u00fa<\/strong> \u00e9 um destino que vale a pena visitar. Suas praias deslumbrantes, paisagens naturais, pontos tur\u00edsticos ic\u00f4nicos como o <strong>Cristo Luz<\/strong> e o <strong>Parque Unipraias<\/strong>, e sua vibrante cena cultural fazem dela uma cidade perfeita para quem busca divers\u00e3o, descanso e lazer. Seja para um fim de semana tranquilo, um turismo de aventura ou para explorar a cultura local, <strong>Balne\u00e1rio Cambori\u00fa<\/strong> tem algo a oferecer a todos os gostos.<\/p>\n","protected":false},"excerpt":{"rendered":"<p>Balne\u00e1rio Cambori\u00fa, localizada no litoral de Santa Catarina, \u00e9 um dos destinos mais sofisticados e vibrantes do Brasil. Conhecida por suas praias deslumbrantes, arranha-c\u00e9us modernos e uma infraestrutura de ponta, Balne\u00e1rio Cambori\u00fa \u00e9 o lugar perfeito para quem busca viver em uma cidade que combine a tranquilidade do litoral com as comodidades de uma metr\u00f3pole. [&hellip;]<\/p>\n","protected":false},"author":8,"featured_media":2709,"comment_status":"open","ping_status":"open","sticky":false,"template":"","format":"standard","meta":{"jnews-multi-image_gallery":[],"jnews_single_post":{"format":"standard"},"jnews_primary_category":[],"jnews_social_meta":[],"jnews_override_counter":[],"footnotes":""},"categories":[108,111],"post_tag":[700,225],"class_list":["post-28774","post","type-post","status-publish","format-standard","has-post-thumbnail","hentry","category-cidades","category-turismo","tag-balneario-camboriu","tag-brasil"],"yoast_head":"<!-- This site is optimized with the Yoast SEO plugin v24.6 - https:\/\/yoast.com\/wordpress\/plugins\/seo\/ -->\n<title>Veja como \u00e9 viver com qualidade de vida na famosa &quot;Dubai&quot; brasileira - Correio Braziliense - Radar<\/title>\n<meta name=\"description\" content=\"Quer saber como \u00e9 viver com qualidade de vida na famosa &#039;Dubai&#039; brasileira? Descubra os segredos desse lugar repleto de luxo e bem-estar\" \/>\n<meta name=\"robots\" content=\"index, follow, max-snippet:-1, max-image-preview:large, max-video-preview:-1\" \/>\n<link rel=\"canonical\" href=\"https:\/\/www.correiobraziliense.com.br\/cbradar\/veja-como-e-viver-com-qualidade-de-vida-na-famosa-dubai-brasileira\/\" \/>\n<meta property=\"og:locale\" content=\"pt_BR\" \/>\n<meta property=\"og:type\" content=\"article\" \/>\n<meta property=\"og:title\" content=\"Veja como \u00e9 viver com qualidade de vida na famosa &quot;Dubai&quot; brasileira - Correio Braziliense - Radar\" \/>\n<meta property=\"og:description\" content=\"Quer saber como \u00e9 viver com qualidade de vida na famosa &#039;Dubai&#039; brasileira? Descubra os segredos desse lugar repleto de luxo e bem-estar\" \/>\n<meta property=\"og:url\" content=\"https:\/\/www.correiobraziliense.com.br\/cbradar\/veja-como-e-viver-com-qualidade-de-vida-na-famosa-dubai-brasileira\/\" \/>\n<meta property=\"og:site_name\" content=\"Correio Braziliense - Radar\" \/>\n<meta property=\"article:published_time\" content=\"2025-04-29T00:30:00+00:00\" \/>\n<meta property=\"og:image\" content=\"https:\/\/www.correiobraziliense.com.br\/cbradar\/wp-content\/uploads\/2025\/02\/Balneario-Camboriu_1739517788752.jpg\" \/>\n\t<meta property=\"og:image:width\" content=\"1280\" \/>\n\t<meta property=\"og:image:height\" content=\"720\" \/>\n\t<meta property=\"og:image:type\" content=\"image\/jpeg\" \/>\n<meta name=\"author\" content=\"Maura Pereira\" \/>\n<meta name=\"twitter:card\" content=\"summary_large_image\" \/>\n<meta name=\"twitter:label1\" content=\"Escrito por\" \/>\n\t<meta name=\"twitter:data1\" content=\"Maura Pereira\" \/>\n\t<meta name=\"twitter:label2\" content=\"Est. tempo de leitura\" \/>\n\t<meta name=\"twitter:data2\" content=\"7 minutos\" \/>\n<!-- \/ Yoast SEO plugin. -->","yoast_head_json":{"title":"Veja como \u00e9 viver com qualidade de vida na famosa \"Dubai\" brasileira - Correio Braziliense - Radar","description":"Quer saber como \u00e9 viver com qualidade de vida na famosa 'Dubai' brasileira? Descubra os segredos desse lugar repleto de luxo e bem-estar","robots":{"index":"index","follow":"follow","max-snippet":"max-snippet:-1","max-image-preview":"max-image-preview:large","max-video-preview":"max-video-preview:-1"},"canonical":"https:\/\/www.correiobraziliense.com.br\/cbradar\/veja-como-e-viver-com-qualidade-de-vida-na-famosa-dubai-brasileira\/","og_locale":"pt_BR","og_type":"article","og_title":"Veja como \u00e9 viver com qualidade de vida na famosa \"Dubai\" brasileira - Correio Braziliense - Radar","og_description":"Quer saber como \u00e9 viver com qualidade de vida na famosa 'Dubai' brasileira? Descubra os segredos desse lugar repleto de luxo e bem-estar","og_url":"https:\/\/www.correiobraziliense.com.br\/cbradar\/veja-como-e-viver-com-qualidade-de-vida-na-famosa-dubai-brasileira\/","og_site_name":"Correio Braziliense - Radar","article_published_time":"2025-04-29T00:30:00+00:00","og_image":[{"width":1280,"height":720,"url":"https:\/\/www.correiobraziliense.com.br\/cbradar\/wp-content\/uploads\/2025\/02\/Balneario-Camboriu_1739517788752.jpg","type":"image\/jpeg"}],"author":"Maura Pereira","twitter_card":"summary_large_image","twitter_misc":{"Escrito por":"Maura Pereira","Est. tempo de leitura":"7 minutos"},"schema":{"@context":"https:\/\/schema.org","@graph":[{"@type":"WebPage","@id":"https:\/\/www.correiobraziliense.com.br\/cbradar\/veja-como-e-viver-com-qualidade-de-vida-na-famosa-dubai-brasileira\/","url":"https:\/\/www.correiobraziliense.com.br\/cbradar\/veja-como-e-viver-com-qualidade-de-vida-na-famosa-dubai-brasileira\/","name":"Veja como \u00e9 viver com qualidade de vida na famosa \"Dubai\" brasileira - Correio Braziliense - Radar","isPartOf":{"@id":"https:\/\/www.correiobraziliense.com.br\/cbradar\/#website"},"primaryImageOfPage":{"@id":"https:\/\/www.correiobraziliense.com.br\/cbradar\/veja-como-e-viver-com-qualidade-de-vida-na-famosa-dubai-brasileira\/#primaryimage"},"image":{"@id":"https:\/\/www.correiobraziliense.com.br\/cbradar\/veja-como-e-viver-com-qualidade-de-vida-na-famosa-dubai-brasileira\/#primaryimage"},"thumbnailUrl":"https:\/\/www.correiobraziliense.com.br\/cbradar\/wp-content\/uploads\/2025\/02\/Balneario-Camboriu_1739517788752.jpg","datePublished":"2025-04-29T00:30:00+00:00","author":{"@id":"https:\/\/www.correiobraziliense.com.br\/cbradar\/#\/schema\/person\/4053c651a9bfc785afc6f4cbc9032fd3"},"description":"Quer saber como \u00e9 viver com qualidade de vida na famosa 'Dubai' brasileira? Descubra os segredos desse lugar repleto de luxo e bem-estar","breadcrumb":{"@id":"https:\/\/www.correiobraziliense.com.br\/cbradar\/veja-como-e-viver-com-qualidade-de-vida-na-famosa-dubai-brasileira\/#breadcrumb"},"inLanguage":"pt-BR","potentialAction":[{"@type":"ReadAction","target":["https:\/\/www.correiobraziliense.com.br\/cbradar\/veja-como-e-viver-com-qualidade-de-vida-na-famosa-dubai-brasileira\/"]}]},{"@type":"ImageObject","inLanguage":"pt-BR","@id":"https:\/\/www.correiobraziliense.com.br\/cbradar\/veja-como-e-viver-com-qualidade-de-vida-na-famosa-dubai-brasileira\/#primaryimage","url":"https:\/\/www.correiobraziliense.com.br\/cbradar\/wp-content\/uploads\/2025\/02\/Balneario-Camboriu_1739517788752.jpg","contentUrl":"https:\/\/www.correiobraziliense.com.br\/cbradar\/wp-content\/uploads\/2025\/02\/Balneario-Camboriu_1739517788752.jpg","width":1280,"height":720,"caption":"Com mar azul e energia vibrante, Balne\u00e1rio Cambori\u00fa inspira quem busca viver com qualidade e estilo. \/\/ Cr\u00e9ditos: depositphotos.com \/ diegograndi"},{"@type":"BreadcrumbList","@id":"https:\/\/www.correiobraziliense.com.br\/cbradar\/veja-como-e-viver-com-qualidade-de-vida-na-famosa-dubai-brasileira\/#breadcrumb","itemListElement":[{"@type":"ListItem","position":1,"name":"In\u00edcio","item":"https:\/\/www.correiobraziliense.com.br\/cbradar\/"},{"@type":"ListItem","position":2,"name":"Veja como \u00e9 viver com qualidade de vida na famosa &#8220;Dubai&#8221; brasileira"}]},{"@type":"WebSite","@id":"https:\/\/www.correiobraziliense.com.br\/cbradar\/#website","url":"https:\/\/www.correiobraziliense.com.br\/cbradar\/","name":"Correio Braziliense - Radar","description":"Acompanhe as \u00faltimas not\u00edcias e fique bem informado sobre tudo o que acontece no Brasil e no mundo.","potentialAction":[{"@type":"SearchAction","target":{"@type":"EntryPoint","urlTemplate":"https:\/\/www.correiobraziliense.com.br\/cbradar\/?s={search_term_string}"},"query-input":{"@type":"PropertyValueSpecification","valueRequired":true,"valueName":"search_term_string"}}],"inLanguage":"pt-BR"},{"@type":"Person","@id":"https:\/\/www.correiobraziliense.com.br\/cbradar\/#\/schema\/person\/4053c651a9bfc785afc6f4cbc9032fd3","name":"Maura Pereira","image":{"@type":"ImageObject","inLanguage":"pt-BR","@id":"https:\/\/www.correiobraziliense.com.br\/cbradar\/#\/schema\/person\/image\/","url":"https:\/\/secure.gravatar.com\/avatar\/3effd6bdadfa447f15089c7f7144eaa6?s=96&d=mm&r=g","contentUrl":"https:\/\/secure.gravatar.com\/avatar\/3effd6bdadfa447f15089c7f7144eaa6?s=96&d=mm&r=g","caption":"Maura Pereira"},"sameAs":["https:\/\/www.correiobraziliense.com.br\/"],"url":"https:\/\/www.correiobraziliense.com.br\/cbradar\/author\/mauramyth\/"}]}},"_links":{"self":[{"href":"https:\/\/www.correiobraziliense.com.br\/cbradar\/wp-json\/wp\/v2\/posts\/28774","targetHints":{"allow":["GET"]}}],"collection":[{"href":"https:\/\/www.correiobraziliense.com.br\/cbradar\/wp-json\/wp\/v2\/posts"}],"about":[{"href":"https:\/\/www.correiobraziliense.com.br\/cbradar\/wp-json\/wp\/v2\/types\/post"}],"author":[{"embeddable":true,"href":"https:\/\/www.correiobraziliense.com.br\/cbradar\/wp-json\/wp\/v2\/users\/8"}],"replies":[{"embeddable":true,"href":"https:\/\/www.correiobraziliense.com.br\/cbradar\/wp-json\/wp\/v2\/comments?post=28774"}],"version-history":[{"count":5,"href":"https:\/\/www.correiobraziliense.com.br\/cbradar\/wp-json\/wp\/v2\/posts\/28774\/revisions"}],"predecessor-version":[{"id":28838,"href":"https:\/\/www.correiobraziliense.com.br\/cbradar\/wp-json\/wp\/v2\/posts\/28774\/revisions\/28838"}],"wp:featuredmedia":[{"embeddable":true,"href":"https:\/\/www.correiobraziliense.com.br\/cbradar\/wp-json\/wp\/v2\/media\/2709"}],"wp:attachment":[{"href":"https:\/\/www.correiobraziliense.com.br\/cbradar\/wp-json\/wp\/v2\/media?parent=28774"}],"wp:term":[{"taxonomy":"category","embeddable":true,"href":"https:\/\/www.correiobraziliense.com.br\/cbradar\/wp-json\/wp\/v2\/categories?post=28774"},{"taxonomy":"post_tag","embeddable":true,"href":"https:\/\/www.correiobraziliense.com.br\/cbradar\/wp-json\/wp\/v2\/post_tag?post=28774"}],"curies":[{"name":"wp","href":"https:\/\/api.w.org\/{rel}","templated":true}]}}