{"id":28998,"date":"2025-04-28T10:23:00","date_gmt":"2025-04-28T13:23:00","guid":{"rendered":"https:\/\/www.correiobraziliense.com.br\/cbradar\/?p=28998"},"modified":"2025-04-27T07:04:46","modified_gmt":"2025-04-27T10:04:46","slug":"gel-de-acucar-pode-ajudar-no-tratamento-contra-calvicie-confira","status":"publish","type":"post","link":"https:\/\/www.correiobraziliense.com.br\/cbradar\/gel-de-acucar-pode-ajudar-no-tratamento-contra-calvicie-confira\/","title":{"rendered":"Gel de a\u00e7\u00facar pode ajudar no tratamento contra calv\u00edcie; confira!"},"content":{"rendered":"\n<p>Pesquisadores das universidades de <strong><a href=\"https:\/\/www.sheffield.ac.uk\/\" target=\"_blank\" rel=\"noreferrer noopener\">Sheffield<\/a><\/strong>, no <strong>Reino Unido<\/strong>, e <strong>COMSATS<\/strong>, no <strong>Paquist\u00e3o<\/strong>, est\u00e3o investigando o potencial de um composto natural, a <strong>desoxirribose<\/strong>, no tratamento da <strong>calv\u00edcie<\/strong>. Conhecida por sua presen\u00e7a no <strong>DNA<\/strong>, a <strong>desoxirribose<\/strong> tem demonstrado capacidades promissoras no est\u00edmulo ao crescimento capilar em estudos com animais, podendo se tornar uma alternativa aos tratamentos tradicionais como o <strong>minoxidil<\/strong>.<\/p>\n\n\n\n<p>A descoberta ocorreu de maneira inesperada durante experimentos sobre cicatriza\u00e7\u00e3o em <strong>ratos<\/strong>. Os cientistas notaram que os pelos ao redor das \u00e1reas tratadas com <strong>desoxirribose<\/strong> cresciam mais rapidamente e de forma mais densa. Esse achado levou a uma investiga\u00e7\u00e3o mais aprofundada, onde um gel contendo o composto foi aplicado em <strong>camundongos<\/strong> com perda de pelos induzida por <strong><a href=\"https:\/\/www.correiobraziliense.com.br\/cbradar\/conheca-as-plantas-que-potencializam-seus-treinos-na-academia\/\" target=\"_blank\" rel=\"noreferrer noopener\">testosterona<\/a><\/strong>, resultando em um crescimento capilar mais espesso e saud\u00e1vel.<\/p>\n\n\n\n<h2 class=\"wp-block-heading\">O mecanismo de a\u00e7\u00e3o da desoxirribose<\/h2>\n\n\n\n<p>O estudo, publicado na revista <strong>Frontiers in Pharmacology<\/strong>, revelou que a <strong>desoxirribose<\/strong> melhora a circula\u00e7\u00e3o sangu\u00ednea na \u00e1rea tratada, o que \u00e9 crucial para o fornecimento de nutrientes e oxig\u00eanio aos fol\u00edculos capilares. Esse aumento na vasculariza\u00e7\u00e3o fortalece os cabelos, tornando-os mais resistentes. Comparado ao <strong>minoxidil<\/strong>, o gel de <strong>desoxirribose<\/strong> mostrou resultados semelhantes, com a vantagem de ser um produto natural e n\u00e3o t\u00f3xico.<\/p>\n\n\n<div class=\"wp-block-image\">\n<figure class=\"aligncenter size-large\"><img decoding=\"async\" width=\"1024\" height=\"576\" src=\"https:\/\/www.correiobraziliense.com.br\/cbradar\/wp-content\/uploads\/2025\/03\/alopecia_1741324855184-1024x576.jpg\" alt=\"Consumir essa bebida aumenta 57% chance de calv\u00edcie nos homens\" class=\"wp-image-10111\" srcset=\"https:\/\/www.correiobraziliense.com.br\/cbradar\/wp-content\/uploads\/2025\/03\/alopecia_1741324855184-1024x576.jpg 1024w, https:\/\/www.correiobraziliense.com.br\/cbradar\/wp-content\/uploads\/2025\/03\/alopecia_1741324855184-300x169.jpg 300w, https:\/\/www.correiobraziliense.com.br\/cbradar\/wp-content\/uploads\/2025\/03\/alopecia_1741324855184-768x432.jpg 768w, https:\/\/www.correiobraziliense.com.br\/cbradar\/wp-content\/uploads\/2025\/03\/alopecia_1741324855184-750x422.jpg 750w, https:\/\/www.correiobraziliense.com.br\/cbradar\/wp-content\/uploads\/2025\/03\/alopecia_1741324855184-1140x641.jpg 1140w, https:\/\/www.correiobraziliense.com.br\/cbradar\/wp-content\/uploads\/2025\/03\/alopecia_1741324855184.jpg 1280w\" sizes=\"(max-width: 1024px) 100vw, 1024px\" \/><figcaption class=\"wp-element-caption\">Cr\u00e9ditos: depositphotos.com \/ PippiLongstocking<\/figcaption><\/figure><\/div>\n\n\n<h2 class=\"wp-block-heading\">Desoxirribose: uma alternativa vi\u00e1vel para a calv\u00edcie?<\/h2>\n\n\n\n<p>A <strong>alopecia androgen\u00e9tica<\/strong>, a forma mais comum de <strong>calv\u00edcie<\/strong>, oferece poucas op\u00e7\u00f5es de tratamento eficazes. O <strong>minoxidil<\/strong> nem sempre funciona para todos, e a <strong>finasterida<\/strong>, restrita a homens, pode ter efeitos colaterais indesejados. Nesse contexto, a <strong>desoxirribose<\/strong> surge como uma alternativa segura e acess\u00edvel. Al\u00e9m disso, essa descoberta pode beneficiar aqueles que perderam cabelo devido a tratamentos como a <strong>quimioterapia<\/strong>, contribuindo para a recupera\u00e7\u00e3o da autoestima e qualidade de vida.<\/p>\n\n\n\n<h2 class=\"wp-block-heading\">O futuro do tratamento capilar<\/h2>\n\n\n\n<p>Embora os resultados iniciais sejam promissores, mais pesquisas s\u00e3o necess\u00e1rias para confirmar a efic\u00e1cia da <strong>desoxirribose<\/strong> em humanos. At\u00e9 agora, os testes foram limitados a <strong>camundongos machos<\/strong>, e n\u00e3o se sabe se os efeitos seriam semelhantes em humanos ou em mulheres com <strong>calv\u00edcie<\/strong> relacionada \u00e0 <strong>testosterona<\/strong>. O gel de <strong>desoxirribose<\/strong>, por ser biodegrad\u00e1vel e econ\u00f4mico, oferece uma alternativa vi\u00e1vel aos tratamentos atuais, como <strong>transplantes capilares<\/strong>, que s\u00e3o caros e invasivos.<\/p>\n\n\n\n<p>Com o avan\u00e7o das pesquisas, a esperan\u00e7a \u00e9 que um tratamento simples e natural possa em breve estar dispon\u00edvel, oferecendo uma solu\u00e7\u00e3o eficaz para a <strong>calv\u00edcie<\/strong>. A explora\u00e7\u00e3o cont\u00ednua desse composto pode abrir novos caminhos para tratamentos capilares, beneficiando muitas pessoas ao redor do mundo.<\/p>\n","protected":false},"excerpt":{"rendered":"<p>Pesquisadores das universidades de Sheffield, no Reino Unido, e COMSATS, no Paquist\u00e3o, est\u00e3o investigando o potencial de um composto natural, a desoxirribose, no tratamento da calv\u00edcie. Conhecida por sua presen\u00e7a no DNA, a desoxirribose tem demonstrado capacidades promissoras no est\u00edmulo ao crescimento capilar em estudos com animais, podendo se tornar uma alternativa aos tratamentos tradicionais [&hellip;]<\/p>\n","protected":false},"author":8,"featured_media":29040,"comment_status":"open","ping_status":"open","sticky":false,"template":"","format":"standard","meta":{"_yoast_wpseo_focuskw":"calv\u00edcie","_yoast_wpseo_title":"","_yoast_wpseo_metadesc":"Saiba como o gel de a\u00e7\u00facar pode ser uma solu\u00e7\u00e3o eficaz para o tratamento contra a calv\u00edcie. Veja como us\u00e1-lo para obter resultados positivos.","jnews-multi-image_gallery":[],"jnews_single_post":{"format":"standard"},"jnews_primary_category":[],"jnews_social_meta":[],"jnews_override_counter":[],"footnotes":""},"categories":[119],"tags":[1808,1632,3879,3880],"class_list":["post-28998","post","type-post","status-publish","format-standard","has-post-thumbnail","hentry","category-bem-estar","tag-acucar","tag-calvicie","tag-calvo","tag-desoxirribose"],"yoast_head":"<!-- This site is optimized with the Yoast SEO plugin v24.6 - https:\/\/yoast.com\/wordpress\/plugins\/seo\/ -->\n<title>Gel de a\u00e7\u00facar pode ajudar no tratamento contra calv\u00edcie; confira! - Correio Braziliense - Radar<\/title>\n<meta name=\"description\" content=\"Saiba como o gel de a\u00e7\u00facar pode ser uma solu\u00e7\u00e3o eficaz para o tratamento contra a calv\u00edcie. Veja como us\u00e1-lo para obter resultados positivos.\" \/>\n<meta name=\"robots\" content=\"index, follow, max-snippet:-1, max-image-preview:large, max-video-preview:-1\" \/>\n<link rel=\"canonical\" href=\"https:\/\/www.correiobraziliense.com.br\/cbradar\/gel-de-acucar-pode-ajudar-no-tratamento-contra-calvicie-confira\/\" \/>\n<meta property=\"og:locale\" content=\"pt_BR\" \/>\n<meta property=\"og:type\" content=\"article\" \/>\n<meta property=\"og:title\" content=\"Gel de a\u00e7\u00facar pode ajudar no tratamento contra calv\u00edcie; confira! - Correio Braziliense - Radar\" \/>\n<meta property=\"og:description\" content=\"Saiba como o gel de a\u00e7\u00facar pode ser uma solu\u00e7\u00e3o eficaz para o tratamento contra a calv\u00edcie. Veja como us\u00e1-lo para obter resultados positivos.\" \/>\n<meta property=\"og:url\" content=\"https:\/\/www.correiobraziliense.com.br\/cbradar\/gel-de-acucar-pode-ajudar-no-tratamento-contra-calvicie-confira\/\" \/>\n<meta property=\"og:site_name\" content=\"Correio Braziliense - Radar\" \/>\n<meta property=\"article:published_time\" content=\"2025-04-28T13:23:00+00:00\" \/>\n<meta property=\"og:image\" content=\"https:\/\/www.correiobraziliense.com.br\/cbradar\/wp-content\/uploads\/2025\/04\/bald_1745748087424.jpg\" \/>\n\t<meta property=\"og:image:width\" content=\"1280\" \/>\n\t<meta property=\"og:image:height\" content=\"720\" \/>\n\t<meta property=\"og:image:type\" content=\"image\/jpeg\" \/>\n<meta name=\"author\" content=\"Maura Pereira\" \/>\n<meta name=\"twitter:card\" content=\"summary_large_image\" \/>\n<meta name=\"twitter:label1\" content=\"Escrito por\" \/>\n\t<meta name=\"twitter:data1\" content=\"Maura Pereira\" \/>\n\t<meta name=\"twitter:label2\" content=\"Est. tempo de leitura\" \/>\n\t<meta name=\"twitter:data2\" content=\"3 minutos\" \/>\n<!-- \/ Yoast SEO plugin. -->","yoast_head_json":{"title":"Gel de a\u00e7\u00facar pode ajudar no tratamento contra calv\u00edcie; confira! - Correio Braziliense - Radar","description":"Saiba como o gel de a\u00e7\u00facar pode ser uma solu\u00e7\u00e3o eficaz para o tratamento contra a calv\u00edcie. Veja como us\u00e1-lo para obter resultados positivos.","robots":{"index":"index","follow":"follow","max-snippet":"max-snippet:-1","max-image-preview":"max-image-preview:large","max-video-preview":"max-video-preview:-1"},"canonical":"https:\/\/www.correiobraziliense.com.br\/cbradar\/gel-de-acucar-pode-ajudar-no-tratamento-contra-calvicie-confira\/","og_locale":"pt_BR","og_type":"article","og_title":"Gel de a\u00e7\u00facar pode ajudar no tratamento contra calv\u00edcie; confira! - Correio Braziliense - Radar","og_description":"Saiba como o gel de a\u00e7\u00facar pode ser uma solu\u00e7\u00e3o eficaz para o tratamento contra a calv\u00edcie. Veja como us\u00e1-lo para obter resultados positivos.","og_url":"https:\/\/www.correiobraziliense.com.br\/cbradar\/gel-de-acucar-pode-ajudar-no-tratamento-contra-calvicie-confira\/","og_site_name":"Correio Braziliense - Radar","article_published_time":"2025-04-28T13:23:00+00:00","og_image":[{"width":1280,"height":720,"url":"https:\/\/www.correiobraziliense.com.br\/cbradar\/wp-content\/uploads\/2025\/04\/bald_1745748087424.jpg","type":"image\/jpeg"}],"author":"Maura Pereira","twitter_card":"summary_large_image","twitter_misc":{"Escrito por":"Maura Pereira","Est. tempo de leitura":"3 minutos"},"schema":{"@context":"https:\/\/schema.org","@graph":[{"@type":"WebPage","@id":"https:\/\/www.correiobraziliense.com.br\/cbradar\/gel-de-acucar-pode-ajudar-no-tratamento-contra-calvicie-confira\/","url":"https:\/\/www.correiobraziliense.com.br\/cbradar\/gel-de-acucar-pode-ajudar-no-tratamento-contra-calvicie-confira\/","name":"Gel de a\u00e7\u00facar pode ajudar no tratamento contra calv\u00edcie; confira! - Correio Braziliense - Radar","isPartOf":{"@id":"https:\/\/www.correiobraziliense.com.br\/cbradar\/#website"},"primaryImageOfPage":{"@id":"https:\/\/www.correiobraziliense.com.br\/cbradar\/gel-de-acucar-pode-ajudar-no-tratamento-contra-calvicie-confira\/#primaryimage"},"image":{"@id":"https:\/\/www.correiobraziliense.com.br\/cbradar\/gel-de-acucar-pode-ajudar-no-tratamento-contra-calvicie-confira\/#primaryimage"},"thumbnailUrl":"https:\/\/www.correiobraziliense.com.br\/cbradar\/wp-content\/uploads\/2025\/04\/bald_1745748087424.jpg","datePublished":"2025-04-28T13:23:00+00:00","author":{"@id":"https:\/\/www.correiobraziliense.com.br\/cbradar\/#\/schema\/person\/4053c651a9bfc785afc6f4cbc9032fd3"},"description":"Saiba como o gel de a\u00e7\u00facar pode ser uma solu\u00e7\u00e3o eficaz para o tratamento contra a calv\u00edcie. Veja como us\u00e1-lo para obter resultados positivos.","breadcrumb":{"@id":"https:\/\/www.correiobraziliense.com.br\/cbradar\/gel-de-acucar-pode-ajudar-no-tratamento-contra-calvicie-confira\/#breadcrumb"},"inLanguage":"pt-BR","potentialAction":[{"@type":"ReadAction","target":["https:\/\/www.correiobraziliense.com.br\/cbradar\/gel-de-acucar-pode-ajudar-no-tratamento-contra-calvicie-confira\/"]}]},{"@type":"ImageObject","inLanguage":"pt-BR","@id":"https:\/\/www.correiobraziliense.com.br\/cbradar\/gel-de-acucar-pode-ajudar-no-tratamento-contra-calvicie-confira\/#primaryimage","url":"https:\/\/www.correiobraziliense.com.br\/cbradar\/wp-content\/uploads\/2025\/04\/bald_1745748087424.jpg","contentUrl":"https:\/\/www.correiobraziliense.com.br\/cbradar\/wp-content\/uploads\/2025\/04\/bald_1745748087424.jpg","width":1280,"height":720,"caption":"Calvo \/\/ Cr\u00e9ditos: depositphotos.com \/ uaPieceofCake"},{"@type":"BreadcrumbList","@id":"https:\/\/www.correiobraziliense.com.br\/cbradar\/gel-de-acucar-pode-ajudar-no-tratamento-contra-calvicie-confira\/#breadcrumb","itemListElement":[{"@type":"ListItem","position":1,"name":"In\u00edcio","item":"https:\/\/www.correiobraziliense.com.br\/cbradar\/"},{"@type":"ListItem","position":2,"name":"Gel de a\u00e7\u00facar pode ajudar no tratamento contra calv\u00edcie; confira!"}]},{"@type":"WebSite","@id":"https:\/\/www.correiobraziliense.com.br\/cbradar\/#website","url":"https:\/\/www.correiobraziliense.com.br\/cbradar\/","name":"Correio Braziliense - Radar","description":"Acompanhe as \u00faltimas not\u00edcias e fique bem informado sobre tudo o que acontece no Brasil e no mundo.","potentialAction":[{"@type":"SearchAction","target":{"@type":"EntryPoint","urlTemplate":"https:\/\/www.correiobraziliense.com.br\/cbradar\/?s={search_term_string}"},"query-input":{"@type":"PropertyValueSpecification","valueRequired":true,"valueName":"search_term_string"}}],"inLanguage":"pt-BR"},{"@type":"Person","@id":"https:\/\/www.correiobraziliense.com.br\/cbradar\/#\/schema\/person\/4053c651a9bfc785afc6f4cbc9032fd3","name":"Maura Pereira","image":{"@type":"ImageObject","inLanguage":"pt-BR","@id":"https:\/\/www.correiobraziliense.com.br\/cbradar\/#\/schema\/person\/image\/","url":"https:\/\/secure.gravatar.com\/avatar\/3effd6bdadfa447f15089c7f7144eaa6?s=96&d=mm&r=g","contentUrl":"https:\/\/secure.gravatar.com\/avatar\/3effd6bdadfa447f15089c7f7144eaa6?s=96&d=mm&r=g","caption":"Maura Pereira"},"sameAs":["https:\/\/www.correiobraziliense.com.br\/"],"url":"https:\/\/www.correiobraziliense.com.br\/cbradar\/author\/mauramyth\/"}]}},"_links":{"self":[{"href":"https:\/\/www.correiobraziliense.com.br\/cbradar\/wp-json\/wp\/v2\/posts\/28998","targetHints":{"allow":["GET"]}}],"collection":[{"href":"https:\/\/www.correiobraziliense.com.br\/cbradar\/wp-json\/wp\/v2\/posts"}],"about":[{"href":"https:\/\/www.correiobraziliense.com.br\/cbradar\/wp-json\/wp\/v2\/types\/post"}],"author":[{"embeddable":true,"href":"https:\/\/www.correiobraziliense.com.br\/cbradar\/wp-json\/wp\/v2\/users\/8"}],"replies":[{"embeddable":true,"href":"https:\/\/www.correiobraziliense.com.br\/cbradar\/wp-json\/wp\/v2\/comments?post=28998"}],"version-history":[{"count":6,"href":"https:\/\/www.correiobraziliense.com.br\/cbradar\/wp-json\/wp\/v2\/posts\/28998\/revisions"}],"predecessor-version":[{"id":29041,"href":"https:\/\/www.correiobraziliense.com.br\/cbradar\/wp-json\/wp\/v2\/posts\/28998\/revisions\/29041"}],"wp:featuredmedia":[{"embeddable":true,"href":"https:\/\/www.correiobraziliense.com.br\/cbradar\/wp-json\/wp\/v2\/media\/29040"}],"wp:attachment":[{"href":"https:\/\/www.correiobraziliense.com.br\/cbradar\/wp-json\/wp\/v2\/media?parent=28998"}],"wp:term":[{"taxonomy":"category","embeddable":true,"href":"https:\/\/www.correiobraziliense.com.br\/cbradar\/wp-json\/wp\/v2\/categories?post=28998"},{"taxonomy":"post_tag","embeddable":true,"href":"https:\/\/www.correiobraziliense.com.br\/cbradar\/wp-json\/wp\/v2\/tags?post=28998"}],"curies":[{"name":"wp","href":"https:\/\/api.w.org\/{rel}","templated":true}]}}