{"id":29325,"date":"2025-04-28T13:50:00","date_gmt":"2025-04-28T16:50:00","guid":{"rendered":"https:\/\/www.correiobraziliense.com.br\/cbradar\/?p=29325"},"modified":"2025-07-02T12:25:19","modified_gmt":"2025-07-02T15:25:19","slug":"o-contador-2-e-a-perfeito-como-filme-de-acao-nao-perca-esse-sucesso","status":"publish","type":"post","link":"https:\/\/www.correiobraziliense.com.br\/cbradar\/o-contador-2-e-a-perfeito-como-filme-de-acao-nao-perca-esse-sucesso\/","title":{"rendered":"&#8216;O Contador 2&#8217; \u00e9 perfeito como filme de a\u00e7\u00e3o; n\u00e3o perca esse sucesso"},"content":{"rendered":"\n<p>Depois de oito anos, <strong><a href=\"https:\/\/www.correiobraziliense.com.br\/cbradar\/ben-affleck-revela-que-odiava-os-trajes-usados-pelo-batman\/\" target=\"_blank\" rel=\"noreferrer noopener\">Ben Affleck<\/a><\/strong> voltou para fazer os f\u00e3s felizes com <strong>O Contador 2<\/strong>. E surpresa: o filme chegou melhor que o original. Lan\u00e7ado em abril de 2025, a sequ\u00eancia trouxe <strong>Jon Bernthal<\/strong> como protagonista ao lado de <strong>Affleck<\/strong>, criando uma dupla que funcionou muito bem nas telas.<\/p>\n\n\n\n<p>A produ\u00e7\u00e3o demorou para sair porque passou por v\u00e1rias mudan\u00e7as nos est\u00fadios. Come\u00e7ou na <strong>Warner Bros.<\/strong>, mas <strong>Affleck<\/strong> levou o projeto para a <strong>Amazon<\/strong> atrav\u00e9s da <strong>Artist&#8217;s Equity<\/strong>, empresa que criou com <strong>Matt Damon<\/strong>. O filme teve 2 horas e 4 minutos de dura\u00e7\u00e3o e chegou aos cinemas com classifica\u00e7\u00e3o para maiores de 16 anos.<\/p>\n\n\n\n<h2 class=\"wp-block-heading\"><strong>Por que a cr\u00edtica gostou mais desta vez?<\/strong><\/h2>\n\n\n\n<p><strong>O <a href=\"https:\/\/www.imdb.com\/pt\/title\/tt7068946\/?ref_=nv_sr_srsg_1_tt_6_nm_1_in_0_q_%2522O%2520Contador%25202%2522\" target=\"_blank\" rel=\"noreferrer noopener\">Contador <\/a>2<\/strong> conquistou <strong>86%<\/strong> de aprova\u00e7\u00e3o no <strong>Rotten Tomatoes<\/strong>, bem acima dos <strong>53%<\/strong> do filme original. Os cr\u00edticos elogiaram principalmente a qu\u00edmica entre <strong>Ben Affleck<\/strong> e <strong>Jon Bernthal<\/strong>, que interpretam os irm\u00e3os <strong>Christian<\/strong> e <strong>Braxton Wolff<\/strong>.<\/p>\n\n\n\n<p>O grande diferencial foi a mudan\u00e7a de tom. Enquanto o primeiro filme focava mais no drama e na condi\u00e7\u00e3o de autismo do protagonista, a sequ\u00eancia apostou no humor e na a\u00e7\u00e3o. A rela\u00e7\u00e3o entre os irm\u00e3os virou o cora\u00e7\u00e3o da hist\u00f3ria, criando momentos divertidos que n\u00e3o existiam no original.<\/p>\n\n\n\n<h2 class=\"wp-block-heading\"><strong>Como funciona a nova din\u00e2mica da hist\u00f3ria?<\/strong><\/h2>\n\n\n\n<p>A trama come\u00e7a quando <strong>Ray King<\/strong> (<strong>J.K. Simmons<\/strong>) \u00e9 assassinado por criminosos misteriosos. A agente <strong>Marybeth Medina<\/strong> (<strong>Cynthia Addai-Robinson<\/strong>) precisa contratar <strong>Christian Wolff<\/strong> para resolver o caso. Desta vez, ele pede ajuda do irm\u00e3o <strong>Braxton<\/strong>, e os dois embarcam numa investiga\u00e7\u00e3o cheia de perigos.<\/p>\n\n\n\n<p>O roteiro de <strong>Bill Dubuque<\/strong> optou por n\u00e3o explorar novamente o transtorno do espectro autista de <strong>Christian<\/strong>, j\u00e1 desenvolvido no primeiro filme. Em vez disso, focou na din\u00e2mica familiar e em criar situa\u00e7\u00f5es de a\u00e7\u00e3o mais din\u00e2micas. <strong>Daniella Pineda<\/strong> entra como a vil\u00e3 <strong>Ana\u00efs<\/strong>, trazendo um novo antagonismo para a hist\u00f3ria.<\/p>\n\n\n\n<h2 class=\"wp-block-heading\"><strong>O que mudou na abordagem do personagem?<\/strong><\/h2>\n\n\n\n<p>Alguns f\u00e3s do primeiro filme ficaram divididos com as mudan\u00e7as. <strong>Christian Wolff<\/strong> aparece mais integrado socialmente, at\u00e9 brincando com algoritmos de namoro. Suas caracter\u00edsticas do espectro autista foram suavizadas, o que gerou discuss\u00f5es entre quem acompanhou a franquia desde o in\u00edcio.<\/p>\n\n\n\n<p>A famosa frase &#8220;Solomon Grundy&#8221; virou quase uma piada interna, sendo usada em momentos diferentes do que os f\u00e3s esperavam. O filme priorizou o entretenimento e a constru\u00e7\u00e3o de uma poss\u00edvel franquia, deixando a profundidade psicol\u00f3gica do personagem em segundo plano.<\/p>\n\n\n\n<h2 class=\"wp-block-heading\"><strong>Vale a pena para quem n\u00e3o viu o primeiro?<\/strong><\/h2>\n\n\n\n<figure class=\"wp-block-embed aligncenter is-type-video is-provider-youtube wp-block-embed-youtube wp-embed-aspect-16-9 wp-has-aspect-ratio\"><div class=\"wp-block-embed__wrapper\">\n<div class=\"jeg_video_container jeg_video_content\"><iframe loading=\"lazy\" title=\"O Contador 2 | Trailer Oficial #2\" width=\"500\" height=\"281\" src=\"https:\/\/www.youtube.com\/embed\/wFE8rFrWMek?feature=oembed\" frameborder=\"0\" allow=\"accelerometer; autoplay; clipboard-write; encrypted-media; gyroscope; picture-in-picture; web-share\" referrerpolicy=\"strict-origin-when-cross-origin\" allowfullscreen><\/iframe><\/div>\n<\/div><\/figure>\n\n\n\n<p>Com certeza. <strong>O Contador 2<\/strong> funciona bem como filme independente, explicando o necess\u00e1rio sobre o passado dos personagens sem sobrecarregar novos espectadores. A hist\u00f3ria \u00e9 direta: dois irm\u00e3os com habilidades especiais investigam um assassinato e enfrentam criminosos perigosos pelo caminho.<\/p>\n\n\n\n<p><strong>Ben Affleck<\/strong> e <strong>Jon Bernthal<\/strong> formam uma dupla convincente, misturando a\u00e7\u00e3o com momentos de humor natural. O filme consegue equilibrar persegui\u00e7\u00f5es, tiroteios e desenvolvimento de personagens sem perder o ritmo.<\/p>\n\n\n\n<h2 class=\"wp-block-heading\"><strong>Que futuro esperar da franquia?<\/strong><\/h2>\n\n\n\n<p>Com a recep\u00e7\u00e3o positiva e o sucesso esperado nas bilheterias, <strong>O Contador<\/strong> pode se tornar uma franquia s\u00f3lida para a <strong>Amazon<\/strong>. O filme conseguiu o que muitas sequ\u00eancias n\u00e3o alcan\u00e7am: justificar sua exist\u00eancia melhorando aspectos do original.<\/p>\n\n\n\n<p>A <strong>Artist&#8217;s Equity<\/strong> de <strong>Affleck<\/strong> e <strong>Damon<\/strong> ainda n\u00e3o emplacou um grande sucesso comercial, mas <strong>O Contador 2<\/strong> tem potencial para mudar isso. \u00c9 um filme de a\u00e7\u00e3o com atores conhecidos que pode agradar tanto f\u00e3s quanto novos espectadores, abrindo caminho para futuras continua\u00e7\u00f5es.<\/p>\n","protected":false},"excerpt":{"rendered":"<p>Depois de oito anos, Ben Affleck voltou para fazer os f\u00e3s felizes com O Contador 2. E surpresa: o filme chegou melhor que o original. Lan\u00e7ado em abril de 2025, a sequ\u00eancia trouxe Jon Bernthal como protagonista ao lado de Affleck, criando uma dupla que funcionou muito bem nas telas. A produ\u00e7\u00e3o demorou para sair [&hellip;]<\/p>\n","protected":false},"author":8,"featured_media":29378,"comment_status":"open","ping_status":"open","sticky":false,"template":"","format":"standard","meta":{"_yoast_wpseo_focuskw":"O Contador","_yoast_wpseo_title":"","_yoast_wpseo_metadesc":"Com cenas de a\u00e7\u00e3o intensas e uma trama envolvente, 'O Contador 2' \u00e9 o filme de a\u00e7\u00e3o perfeito. Assista essa obra!","jnews-multi-image_gallery":[],"jnews_single_post":{"format":"standard"},"jnews_primary_category":[],"jnews_social_meta":[],"jnews_override_counter":[],"footnotes":""},"categories":[140],"post_tag":[3924,568],"class_list":["post-29325","post","type-post","status-publish","format-standard","has-post-thumbnail","hentry","category-entretenimento","tag-o-contador","tag-series-e-filmes"],"yoast_head":"<!-- This site is optimized with the Yoast SEO plugin v24.6 - https:\/\/yoast.com\/wordpress\/plugins\/seo\/ -->\n<title>&#039;O Contador 2&#039; \u00e9 perfeito como filme de a\u00e7\u00e3o; n\u00e3o perca esse sucesso - Correio Braziliense - Radar<\/title>\n<meta name=\"description\" content=\"Com cenas de a\u00e7\u00e3o intensas e uma trama envolvente, &#039;O Contador 2&#039; \u00e9 o filme de a\u00e7\u00e3o perfeito. Assista essa obra!\" \/>\n<meta name=\"robots\" content=\"index, follow, max-snippet:-1, max-image-preview:large, max-video-preview:-1\" \/>\n<link rel=\"canonical\" href=\"https:\/\/www.correiobraziliense.com.br\/cbradar\/o-contador-2-e-a-perfeito-como-filme-de-acao-nao-perca-esse-sucesso\/\" \/>\n<meta property=\"og:locale\" content=\"pt_BR\" \/>\n<meta property=\"og:type\" content=\"article\" \/>\n<meta property=\"og:title\" content=\"&#039;O Contador 2&#039; \u00e9 perfeito como filme de a\u00e7\u00e3o; n\u00e3o perca esse sucesso - Correio Braziliense - Radar\" \/>\n<meta property=\"og:description\" content=\"Com cenas de a\u00e7\u00e3o intensas e uma trama envolvente, &#039;O Contador 2&#039; \u00e9 o filme de a\u00e7\u00e3o perfeito. Assista essa obra!\" \/>\n<meta property=\"og:url\" content=\"https:\/\/www.correiobraziliense.com.br\/cbradar\/o-contador-2-e-a-perfeito-como-filme-de-acao-nao-perca-esse-sucesso\/\" \/>\n<meta property=\"og:site_name\" content=\"Correio Braziliense - Radar\" \/>\n<meta property=\"article:published_time\" content=\"2025-04-28T16:50:00+00:00\" \/>\n<meta property=\"article:modified_time\" content=\"2025-07-02T15:25:19+00:00\" \/>\n<meta property=\"og:image\" content=\"https:\/\/www.correiobraziliense.com.br\/cbradar\/wp-content\/uploads\/2025\/04\/Edicoes-45-1.png\" \/>\n\t<meta property=\"og:image:width\" content=\"1280\" \/>\n\t<meta property=\"og:image:height\" content=\"720\" \/>\n\t<meta property=\"og:image:type\" content=\"image\/png\" \/>\n<meta name=\"author\" content=\"Maura Pereira\" \/>\n<meta name=\"twitter:card\" content=\"summary_large_image\" \/>\n<meta name=\"twitter:label1\" content=\"Escrito por\" \/>\n\t<meta name=\"twitter:data1\" content=\"Maura Pereira\" \/>\n\t<meta name=\"twitter:label2\" content=\"Est. tempo de leitura\" \/>\n\t<meta name=\"twitter:data2\" content=\"4 minutos\" \/>\n<!-- \/ Yoast SEO plugin. -->","yoast_head_json":{"title":"'O Contador 2' \u00e9 perfeito como filme de a\u00e7\u00e3o; n\u00e3o perca esse sucesso - Correio Braziliense - Radar","description":"Com cenas de a\u00e7\u00e3o intensas e uma trama envolvente, 'O Contador 2' \u00e9 o filme de a\u00e7\u00e3o perfeito. Assista essa obra!","robots":{"index":"index","follow":"follow","max-snippet":"max-snippet:-1","max-image-preview":"max-image-preview:large","max-video-preview":"max-video-preview:-1"},"canonical":"https:\/\/www.correiobraziliense.com.br\/cbradar\/o-contador-2-e-a-perfeito-como-filme-de-acao-nao-perca-esse-sucesso\/","og_locale":"pt_BR","og_type":"article","og_title":"'O Contador 2' \u00e9 perfeito como filme de a\u00e7\u00e3o; n\u00e3o perca esse sucesso - Correio Braziliense - Radar","og_description":"Com cenas de a\u00e7\u00e3o intensas e uma trama envolvente, 'O Contador 2' \u00e9 o filme de a\u00e7\u00e3o perfeito. Assista essa obra!","og_url":"https:\/\/www.correiobraziliense.com.br\/cbradar\/o-contador-2-e-a-perfeito-como-filme-de-acao-nao-perca-esse-sucesso\/","og_site_name":"Correio Braziliense - Radar","article_published_time":"2025-04-28T16:50:00+00:00","article_modified_time":"2025-07-02T15:25:19+00:00","og_image":[{"width":1280,"height":720,"url":"https:\/\/www.correiobraziliense.com.br\/cbradar\/wp-content\/uploads\/2025\/04\/Edicoes-45-1.png","type":"image\/png"}],"author":"Maura Pereira","twitter_card":"summary_large_image","twitter_misc":{"Escrito por":"Maura Pereira","Est. tempo de leitura":"4 minutos"},"schema":{"@context":"https:\/\/schema.org","@graph":[{"@type":"WebPage","@id":"https:\/\/www.correiobraziliense.com.br\/cbradar\/o-contador-2-e-a-perfeito-como-filme-de-acao-nao-perca-esse-sucesso\/","url":"https:\/\/www.correiobraziliense.com.br\/cbradar\/o-contador-2-e-a-perfeito-como-filme-de-acao-nao-perca-esse-sucesso\/","name":"'O Contador 2' \u00e9 perfeito como filme de a\u00e7\u00e3o; n\u00e3o perca esse sucesso - Correio Braziliense - Radar","isPartOf":{"@id":"https:\/\/www.correiobraziliense.com.br\/cbradar\/#website"},"primaryImageOfPage":{"@id":"https:\/\/www.correiobraziliense.com.br\/cbradar\/o-contador-2-e-a-perfeito-como-filme-de-acao-nao-perca-esse-sucesso\/#primaryimage"},"image":{"@id":"https:\/\/www.correiobraziliense.com.br\/cbradar\/o-contador-2-e-a-perfeito-como-filme-de-acao-nao-perca-esse-sucesso\/#primaryimage"},"thumbnailUrl":"https:\/\/www.correiobraziliense.com.br\/cbradar\/wp-content\/uploads\/2025\/04\/Edicoes-45-1.png","datePublished":"2025-04-28T16:50:00+00:00","dateModified":"2025-07-02T15:25:19+00:00","author":{"@id":"https:\/\/www.correiobraziliense.com.br\/cbradar\/#\/schema\/person\/4053c651a9bfc785afc6f4cbc9032fd3"},"description":"Com cenas de a\u00e7\u00e3o intensas e uma trama envolvente, 'O Contador 2' \u00e9 o filme de a\u00e7\u00e3o perfeito. Assista essa obra!","breadcrumb":{"@id":"https:\/\/www.correiobraziliense.com.br\/cbradar\/o-contador-2-e-a-perfeito-como-filme-de-acao-nao-perca-esse-sucesso\/#breadcrumb"},"inLanguage":"pt-BR","potentialAction":[{"@type":"ReadAction","target":["https:\/\/www.correiobraziliense.com.br\/cbradar\/o-contador-2-e-a-perfeito-como-filme-de-acao-nao-perca-esse-sucesso\/"]}]},{"@type":"ImageObject","inLanguage":"pt-BR","@id":"https:\/\/www.correiobraziliense.com.br\/cbradar\/o-contador-2-e-a-perfeito-como-filme-de-acao-nao-perca-esse-sucesso\/#primaryimage","url":"https:\/\/www.correiobraziliense.com.br\/cbradar\/wp-content\/uploads\/2025\/04\/Edicoes-45-1.png","contentUrl":"https:\/\/www.correiobraziliense.com.br\/cbradar\/wp-content\/uploads\/2025\/04\/Edicoes-45-1.png","width":1280,"height":720,"caption":"O Contador 2 \/\/ Reprodu\u00e7\u00e3o: IMDb (Foto\/Divulga\u00e7\u00e3o)"},{"@type":"BreadcrumbList","@id":"https:\/\/www.correiobraziliense.com.br\/cbradar\/o-contador-2-e-a-perfeito-como-filme-de-acao-nao-perca-esse-sucesso\/#breadcrumb","itemListElement":[{"@type":"ListItem","position":1,"name":"In\u00edcio","item":"https:\/\/www.correiobraziliense.com.br\/cbradar\/"},{"@type":"ListItem","position":2,"name":"&#8216;O Contador 2&#8217; \u00e9 perfeito como filme de a\u00e7\u00e3o; n\u00e3o perca esse sucesso"}]},{"@type":"WebSite","@id":"https:\/\/www.correiobraziliense.com.br\/cbradar\/#website","url":"https:\/\/www.correiobraziliense.com.br\/cbradar\/","name":"Correio Braziliense - Radar","description":"Acompanhe as \u00faltimas not\u00edcias e fique bem informado sobre tudo o que acontece no Brasil e no mundo.","potentialAction":[{"@type":"SearchAction","target":{"@type":"EntryPoint","urlTemplate":"https:\/\/www.correiobraziliense.com.br\/cbradar\/?s={search_term_string}"},"query-input":{"@type":"PropertyValueSpecification","valueRequired":true,"valueName":"search_term_string"}}],"inLanguage":"pt-BR"},{"@type":"Person","@id":"https:\/\/www.correiobraziliense.com.br\/cbradar\/#\/schema\/person\/4053c651a9bfc785afc6f4cbc9032fd3","name":"Maura Pereira","image":{"@type":"ImageObject","inLanguage":"pt-BR","@id":"https:\/\/www.correiobraziliense.com.br\/cbradar\/#\/schema\/person\/image\/","url":"https:\/\/secure.gravatar.com\/avatar\/3effd6bdadfa447f15089c7f7144eaa6?s=96&d=mm&r=g","contentUrl":"https:\/\/secure.gravatar.com\/avatar\/3effd6bdadfa447f15089c7f7144eaa6?s=96&d=mm&r=g","caption":"Maura Pereira"},"sameAs":["https:\/\/www.correiobraziliense.com.br\/"],"url":"https:\/\/www.correiobraziliense.com.br\/cbradar\/author\/mauramyth\/"}]}},"_links":{"self":[{"href":"https:\/\/www.correiobraziliense.com.br\/cbradar\/wp-json\/wp\/v2\/posts\/29325","targetHints":{"allow":["GET"]}}],"collection":[{"href":"https:\/\/www.correiobraziliense.com.br\/cbradar\/wp-json\/wp\/v2\/posts"}],"about":[{"href":"https:\/\/www.correiobraziliense.com.br\/cbradar\/wp-json\/wp\/v2\/types\/post"}],"author":[{"embeddable":true,"href":"https:\/\/www.correiobraziliense.com.br\/cbradar\/wp-json\/wp\/v2\/users\/8"}],"replies":[{"embeddable":true,"href":"https:\/\/www.correiobraziliense.com.br\/cbradar\/wp-json\/wp\/v2\/comments?post=29325"}],"version-history":[{"count":6,"href":"https:\/\/www.correiobraziliense.com.br\/cbradar\/wp-json\/wp\/v2\/posts\/29325\/revisions"}],"predecessor-version":[{"id":63343,"href":"https:\/\/www.correiobraziliense.com.br\/cbradar\/wp-json\/wp\/v2\/posts\/29325\/revisions\/63343"}],"wp:featuredmedia":[{"embeddable":true,"href":"https:\/\/www.correiobraziliense.com.br\/cbradar\/wp-json\/wp\/v2\/media\/29378"}],"wp:attachment":[{"href":"https:\/\/www.correiobraziliense.com.br\/cbradar\/wp-json\/wp\/v2\/media?parent=29325"}],"wp:term":[{"taxonomy":"category","embeddable":true,"href":"https:\/\/www.correiobraziliense.com.br\/cbradar\/wp-json\/wp\/v2\/categories?post=29325"},{"taxonomy":"post_tag","embeddable":true,"href":"https:\/\/www.correiobraziliense.com.br\/cbradar\/wp-json\/wp\/v2\/post_tag?post=29325"}],"curies":[{"name":"wp","href":"https:\/\/api.w.org\/{rel}","templated":true}]}}