{"id":29396,"date":"2025-04-28T11:10:00","date_gmt":"2025-04-28T14:10:00","guid":{"rendered":"https:\/\/www.correiobraziliense.com.br\/cbradar\/?p=29396"},"modified":"2025-04-28T04:28:32","modified_gmt":"2025-04-28T07:28:32","slug":"canfora-no-uso-de-dores-musculares-e-ate-mesmo-reumatismo","status":"publish","type":"post","link":"https:\/\/www.correiobraziliense.com.br\/cbradar\/canfora-no-uso-de-dores-musculares-e-ate-mesmo-reumatismo\/","title":{"rendered":"C\u00e2nfora no uso de dores musculares e at\u00e9 mesmo reumatismo"},"content":{"rendered":"\n<p>A <a href=\"https:\/\/pt.wikipedia.org\/wiki\/C%C3%A2nfora\" target=\"_blank\" rel=\"noreferrer noopener\"><strong>c\u00e2nfora<\/strong> <\/a>\u00e9 uma subst\u00e2ncia extra\u00edda da \u00e1rvore <strong>Cinnamomum camphora<\/strong>, conhecida por suas propriedades <strong><a href=\"https:\/\/www.correiobraziliense.com.br\/cbradar\/passo-a-passo-para-montar-uma-horta-de-plantas-medicinais\/\" target=\"_blank\" rel=\"noreferrer noopener\">medicinais<\/a><\/strong>. Ela \u00e9 amplamente utilizada para tratar condi\u00e7\u00f5es como <strong>tosse<\/strong>, <strong>congest\u00e3o nasal<\/strong>, <strong>dores musculares<\/strong> e <strong>reumatismo<\/strong>. A <strong>c\u00e2nfora<\/strong> pode ser encontrada em v\u00e1rias formas, incluindo gel, spray, pomada e \u00f3leo essencial, sendo aplicada na pele ou usada para inala\u00e7\u00e3o. No entanto, \u00e9 importante destacar que ela n\u00e3o deve ser ingerida, pois \u00e9 t\u00f3xica e pode causar s\u00e9rios riscos \u00e0 sa\u00fade.<\/p>\n\n\n\n<p>Al\u00e9m de suas propriedades descongestionantes e analg\u00e9sicas, ela tamb\u00e9m possui efeitos calmantes, podendo ajudar a aliviar a <strong>ansiedade<\/strong> e o <strong>estresse<\/strong>. Ela \u00e9 utilizada para combater odores indesejados nas axilas e nos p\u00e9s, gra\u00e7as \u00e0s suas propriedades antiss\u00e9pticas. Contudo, seu uso deve ser feito com cautela, especialmente em <strong>crian\u00e7as<\/strong>, <strong>mulheres gr\u00e1vidas<\/strong> ou <strong>lactantes<\/strong>, e nunca em mucosas ou pele lesionada.<\/p>\n\n\n\n<h2 class=\"wp-block-heading\">Quais s\u00e3o as indica\u00e7\u00f5es de uso da c\u00e2nfora?<\/h2>\n\n\n\n<p>A <strong>c\u00e2nfora<\/strong> \u00e9 indicada para uma variedade de condi\u00e7\u00f5es. Entre as principais est\u00e3o:<\/p>\n\n\n\n<ul class=\"wp-block-list\">\n<li><strong>Tosse<\/strong> e <strong>congest\u00e3o nasal<\/strong><\/li>\n\n\n\n<li><strong>Dores musculares<\/strong>, contus\u00f5es e luxa\u00e7\u00f5es<\/li>\n\n\n\n<li>Sensa\u00e7\u00e3o de <strong>pernas cansadas<\/strong><\/li>\n\n\n\n<li><strong>Artrose<\/strong> e <strong>reumatismo<\/strong><\/li>\n\n\n\n<li>Irrita\u00e7\u00f5es na pele e picadas de insetos<\/li>\n<\/ul>\n\n\n\n<p>Al\u00e9m disso, \u00e9 utilizada para reduzir o mau cheiro corporal, sendo eficaz contra o odor nas axilas e nos p\u00e9s. Ela tamb\u00e9m pode ser usada em pr\u00e1ticas de <strong>aromaterapia<\/strong> para promover relaxamento e bem-estar.<\/p>\n\n\n<div class=\"wp-block-image\">\n<figure class=\"aligncenter size-large\"><img decoding=\"async\" width=\"1024\" height=\"576\" src=\"https:\/\/www.correiobraziliense.com.br\/cbradar\/wp-content\/uploads\/2025\/04\/canfora-_1745825047159-1024x576.jpg\" alt=\"C\u00e2nfora no uso de dores musculares e at\u00e9 mesmo reumatismo\" class=\"wp-image-29464\" srcset=\"https:\/\/www.correiobraziliense.com.br\/cbradar\/wp-content\/uploads\/2025\/04\/canfora-_1745825047159-1024x576.jpg 1024w, https:\/\/www.correiobraziliense.com.br\/cbradar\/wp-content\/uploads\/2025\/04\/canfora-_1745825047159-300x169.jpg 300w, https:\/\/www.correiobraziliense.com.br\/cbradar\/wp-content\/uploads\/2025\/04\/canfora-_1745825047159-768x432.jpg 768w, https:\/\/www.correiobraziliense.com.br\/cbradar\/wp-content\/uploads\/2025\/04\/canfora-_1745825047159-750x422.jpg 750w, https:\/\/www.correiobraziliense.com.br\/cbradar\/wp-content\/uploads\/2025\/04\/canfora-_1745825047159-1140x641.jpg 1140w, https:\/\/www.correiobraziliense.com.br\/cbradar\/wp-content\/uploads\/2025\/04\/canfora-_1745825047159.jpg 1280w\" sizes=\"(max-width: 1024px) 100vw, 1024px\" \/><figcaption class=\"wp-element-caption\">Cr\u00e9ditos: depositphotos.com \/ plepraisaeng<\/figcaption><\/figure><\/div>\n\n\n<h2 class=\"wp-block-heading\">Como utilizar a c\u00e2nfora de forma segura?<\/h2>\n\n\n\n<p>O uso da <strong>c\u00e2nfora<\/strong> deve ser restrito \u00e0 aplica\u00e7\u00e3o t\u00f3pica ou inala\u00e7\u00e3o. Existem diferentes formas de <strong>c\u00e2nfora<\/strong> dispon\u00edveis no mercado, cada uma com suas indica\u00e7\u00f5es espec\u00edficas:<\/p>\n\n\n\n<ul class=\"wp-block-list\">\n<li><strong>Em pedra<\/strong>: Utilizada para eliminar odores em ambientes, como banheiros e arm\u00e1rios. Deve-se evitar o contato direto com a pele e manter fora do alcance de <strong>crian\u00e7as<\/strong>.<\/li>\n\n\n\n<li><strong>\u00c1lcool canforado<\/strong>: Indicado para <strong>dores musculares<\/strong> e <strong>reumatismo<\/strong>. Pode ser preparado com <strong>c\u00e2nfora<\/strong> em pedra e <strong>\u00e1lcool<\/strong>, mas n\u00e3o deve ser aplicado em pele lesionada.<\/li>\n\n\n\n<li><strong>Em gel<\/strong>: Aplicada na pele para aliviar <strong>dores musculares<\/strong> e ativar os m\u00fasculos antes de exerc\u00edcios f\u00edsicos.<\/li>\n\n\n\n<li><strong>Spray<\/strong>: Usada como desodorante para p\u00e9s e axilas, combatendo o mau cheiro causado pelo suor.<\/li>\n\n\n\n<li><strong>Pomada<\/strong>: Indicada para <strong>congest\u00e3o nasal<\/strong> e <strong>tosse<\/strong>, devendo ser aplicada na pele ou utilizada para inala\u00e7\u00e3o.<\/li>\n\n\n\n<li><strong>\u00d3leo<\/strong>: Utilizado em inala\u00e7\u00f5es para aliviar problemas respirat\u00f3rios e em <strong>aromaterapia<\/strong>.<\/li>\n<\/ul>\n\n\n\n<h2 class=\"wp-block-heading\">Quais s\u00e3o os efeitos colaterais e contraindica\u00e7\u00f5es da c\u00e2nfora?<\/h2>\n\n\n\n<p>Embora a <strong>c\u00e2nfora<\/strong> tenha muitos benef\u00edcios, seu uso inadequado pode levar a efeitos colaterais como <strong>n\u00e1useas<\/strong>, <strong>v\u00f4mitos<\/strong>, <strong>dores estomacais<\/strong> e at\u00e9 <strong>convuls\u00f5es<\/strong>. A aplica\u00e7\u00e3o t\u00f3pica pode causar irrita\u00e7\u00e3o ou sensa\u00e7\u00e3o de queima\u00e7\u00e3o na pele, por isso \u00e9 recomendado testar em uma pequena \u00e1rea antes do uso extensivo.<\/p>\n\n\n\n<p>A <strong>c\u00e2nfora<\/strong> \u00e9 contraindicada para <strong>crian\u00e7as menores de 2 anos<\/strong>, <strong>mulheres gr\u00e1vidas<\/strong> ou em amamenta\u00e7\u00e3o, e n\u00e3o deve ser aplicada em feridas abertas ou mucosas. Al\u00e9m disso, pessoas em tratamento para <strong>alcoolismo<\/strong> ou que utilizam <strong>dissulfiram<\/strong> devem evitar o uso de <strong>\u00e1lcool canforado<\/strong>. O uso seguro da <strong>c\u00e2nfora<\/strong> deve sempre ser orientado por um profissional de sa\u00fade.<\/p>\n","protected":false},"excerpt":{"rendered":"<p>A c\u00e2nfora \u00e9 uma subst\u00e2ncia extra\u00edda da \u00e1rvore Cinnamomum camphora, conhecida por suas propriedades medicinais. Ela \u00e9 amplamente utilizada para tratar condi\u00e7\u00f5es como tosse, congest\u00e3o nasal, dores musculares e reumatismo. A c\u00e2nfora pode ser encontrada em v\u00e1rias formas, incluindo gel, spray, pomada e \u00f3leo essencial, sendo aplicada na pele ou usada para inala\u00e7\u00e3o. No entanto, [&hellip;]<\/p>\n","protected":false},"author":8,"featured_media":29462,"comment_status":"open","ping_status":"open","sticky":false,"template":"","format":"standard","meta":{"_yoast_wpseo_focuskw":"c\u00e2nfora","_yoast_wpseo_title":"","_yoast_wpseo_metadesc":"oc\u00ea sabia que a c\u00e2nfora pode aliviar dores musculares e reumatismo? Saiba como usar essa solu\u00e7\u00e3o natural para melhorar seu bem-estar.","jnews-multi-image_gallery":[],"jnews_single_post":{"format":"standard"},"jnews_primary_category":[],"jnews_social_meta":[],"jnews_override_counter":[],"footnotes":""},"categories":[119,136],"post_tag":[3934,3933],"class_list":["post-29396","post","type-post","status-publish","format-standard","has-post-thumbnail","hentry","category-bem-estar","category-jardinagem","tag-beneficios-da-planta","tag-canfora"],"yoast_head":"<!-- This site is optimized with the Yoast SEO plugin v24.6 - https:\/\/yoast.com\/wordpress\/plugins\/seo\/ -->\n<title>C\u00e2nfora no uso de dores musculares e at\u00e9 mesmo reumatismo - Correio Braziliense - Radar<\/title>\n<meta name=\"description\" content=\"oc\u00ea sabia que a c\u00e2nfora pode aliviar dores musculares e reumatismo? Saiba como usar essa solu\u00e7\u00e3o natural para melhorar seu bem-estar.\" \/>\n<meta name=\"robots\" content=\"index, follow, max-snippet:-1, max-image-preview:large, max-video-preview:-1\" \/>\n<link rel=\"canonical\" href=\"https:\/\/www.correiobraziliense.com.br\/cbradar\/canfora-no-uso-de-dores-musculares-e-ate-mesmo-reumatismo\/\" \/>\n<meta property=\"og:locale\" content=\"pt_BR\" \/>\n<meta property=\"og:type\" content=\"article\" \/>\n<meta property=\"og:title\" content=\"C\u00e2nfora no uso de dores musculares e at\u00e9 mesmo reumatismo - Correio Braziliense - Radar\" \/>\n<meta property=\"og:description\" content=\"oc\u00ea sabia que a c\u00e2nfora pode aliviar dores musculares e reumatismo? Saiba como usar essa solu\u00e7\u00e3o natural para melhorar seu bem-estar.\" \/>\n<meta property=\"og:url\" content=\"https:\/\/www.correiobraziliense.com.br\/cbradar\/canfora-no-uso-de-dores-musculares-e-ate-mesmo-reumatismo\/\" \/>\n<meta property=\"og:site_name\" content=\"Correio Braziliense - Radar\" \/>\n<meta property=\"article:published_time\" content=\"2025-04-28T14:10:00+00:00\" \/>\n<meta property=\"og:image\" content=\"https:\/\/www.correiobraziliense.com.br\/cbradar\/wp-content\/uploads\/2025\/04\/canfora-_1745825022795.jpg\" \/>\n\t<meta property=\"og:image:width\" content=\"1280\" \/>\n\t<meta property=\"og:image:height\" content=\"720\" \/>\n\t<meta property=\"og:image:type\" content=\"image\/jpeg\" \/>\n<meta name=\"author\" content=\"Maura Pereira\" \/>\n<meta name=\"twitter:card\" content=\"summary_large_image\" \/>\n<meta name=\"twitter:label1\" content=\"Escrito por\" \/>\n\t<meta name=\"twitter:data1\" content=\"Maura Pereira\" \/>\n\t<meta name=\"twitter:label2\" content=\"Est. tempo de leitura\" \/>\n\t<meta name=\"twitter:data2\" content=\"4 minutos\" \/>\n<!-- \/ Yoast SEO plugin. -->","yoast_head_json":{"title":"C\u00e2nfora no uso de dores musculares e at\u00e9 mesmo reumatismo - Correio Braziliense - Radar","description":"oc\u00ea sabia que a c\u00e2nfora pode aliviar dores musculares e reumatismo? Saiba como usar essa solu\u00e7\u00e3o natural para melhorar seu bem-estar.","robots":{"index":"index","follow":"follow","max-snippet":"max-snippet:-1","max-image-preview":"max-image-preview:large","max-video-preview":"max-video-preview:-1"},"canonical":"https:\/\/www.correiobraziliense.com.br\/cbradar\/canfora-no-uso-de-dores-musculares-e-ate-mesmo-reumatismo\/","og_locale":"pt_BR","og_type":"article","og_title":"C\u00e2nfora no uso de dores musculares e at\u00e9 mesmo reumatismo - Correio Braziliense - Radar","og_description":"oc\u00ea sabia que a c\u00e2nfora pode aliviar dores musculares e reumatismo? Saiba como usar essa solu\u00e7\u00e3o natural para melhorar seu bem-estar.","og_url":"https:\/\/www.correiobraziliense.com.br\/cbradar\/canfora-no-uso-de-dores-musculares-e-ate-mesmo-reumatismo\/","og_site_name":"Correio Braziliense - Radar","article_published_time":"2025-04-28T14:10:00+00:00","og_image":[{"width":1280,"height":720,"url":"https:\/\/www.correiobraziliense.com.br\/cbradar\/wp-content\/uploads\/2025\/04\/canfora-_1745825022795.jpg","type":"image\/jpeg"}],"author":"Maura Pereira","twitter_card":"summary_large_image","twitter_misc":{"Escrito por":"Maura Pereira","Est. tempo de leitura":"4 minutos"},"schema":{"@context":"https:\/\/schema.org","@graph":[{"@type":"WebPage","@id":"https:\/\/www.correiobraziliense.com.br\/cbradar\/canfora-no-uso-de-dores-musculares-e-ate-mesmo-reumatismo\/","url":"https:\/\/www.correiobraziliense.com.br\/cbradar\/canfora-no-uso-de-dores-musculares-e-ate-mesmo-reumatismo\/","name":"C\u00e2nfora no uso de dores musculares e at\u00e9 mesmo reumatismo - Correio Braziliense - Radar","isPartOf":{"@id":"https:\/\/www.correiobraziliense.com.br\/cbradar\/#website"},"primaryImageOfPage":{"@id":"https:\/\/www.correiobraziliense.com.br\/cbradar\/canfora-no-uso-de-dores-musculares-e-ate-mesmo-reumatismo\/#primaryimage"},"image":{"@id":"https:\/\/www.correiobraziliense.com.br\/cbradar\/canfora-no-uso-de-dores-musculares-e-ate-mesmo-reumatismo\/#primaryimage"},"thumbnailUrl":"https:\/\/www.correiobraziliense.com.br\/cbradar\/wp-content\/uploads\/2025\/04\/canfora-_1745825022795.jpg","datePublished":"2025-04-28T14:10:00+00:00","author":{"@id":"https:\/\/www.correiobraziliense.com.br\/cbradar\/#\/schema\/person\/4053c651a9bfc785afc6f4cbc9032fd3"},"description":"oc\u00ea sabia que a c\u00e2nfora pode aliviar dores musculares e reumatismo? Saiba como usar essa solu\u00e7\u00e3o natural para melhorar seu bem-estar.","breadcrumb":{"@id":"https:\/\/www.correiobraziliense.com.br\/cbradar\/canfora-no-uso-de-dores-musculares-e-ate-mesmo-reumatismo\/#breadcrumb"},"inLanguage":"pt-BR","potentialAction":[{"@type":"ReadAction","target":["https:\/\/www.correiobraziliense.com.br\/cbradar\/canfora-no-uso-de-dores-musculares-e-ate-mesmo-reumatismo\/"]}]},{"@type":"ImageObject","inLanguage":"pt-BR","@id":"https:\/\/www.correiobraziliense.com.br\/cbradar\/canfora-no-uso-de-dores-musculares-e-ate-mesmo-reumatismo\/#primaryimage","url":"https:\/\/www.correiobraziliense.com.br\/cbradar\/wp-content\/uploads\/2025\/04\/canfora-_1745825022795.jpg","contentUrl":"https:\/\/www.correiobraziliense.com.br\/cbradar\/wp-content\/uploads\/2025\/04\/canfora-_1745825022795.jpg","width":1280,"height":720,"caption":"Cr\u00e9ditos: depositphotos.com \/ nitinut380"},{"@type":"BreadcrumbList","@id":"https:\/\/www.correiobraziliense.com.br\/cbradar\/canfora-no-uso-de-dores-musculares-e-ate-mesmo-reumatismo\/#breadcrumb","itemListElement":[{"@type":"ListItem","position":1,"name":"In\u00edcio","item":"https:\/\/www.correiobraziliense.com.br\/cbradar\/"},{"@type":"ListItem","position":2,"name":"C\u00e2nfora no uso de dores musculares e at\u00e9 mesmo reumatismo"}]},{"@type":"WebSite","@id":"https:\/\/www.correiobraziliense.com.br\/cbradar\/#website","url":"https:\/\/www.correiobraziliense.com.br\/cbradar\/","name":"Correio Braziliense - Radar","description":"Acompanhe as \u00faltimas not\u00edcias e fique bem informado sobre tudo o que acontece no Brasil e no mundo.","potentialAction":[{"@type":"SearchAction","target":{"@type":"EntryPoint","urlTemplate":"https:\/\/www.correiobraziliense.com.br\/cbradar\/?s={search_term_string}"},"query-input":{"@type":"PropertyValueSpecification","valueRequired":true,"valueName":"search_term_string"}}],"inLanguage":"pt-BR"},{"@type":"Person","@id":"https:\/\/www.correiobraziliense.com.br\/cbradar\/#\/schema\/person\/4053c651a9bfc785afc6f4cbc9032fd3","name":"Maura Pereira","image":{"@type":"ImageObject","inLanguage":"pt-BR","@id":"https:\/\/www.correiobraziliense.com.br\/cbradar\/#\/schema\/person\/image\/","url":"https:\/\/secure.gravatar.com\/avatar\/3effd6bdadfa447f15089c7f7144eaa6?s=96&d=mm&r=g","contentUrl":"https:\/\/secure.gravatar.com\/avatar\/3effd6bdadfa447f15089c7f7144eaa6?s=96&d=mm&r=g","caption":"Maura Pereira"},"sameAs":["https:\/\/www.correiobraziliense.com.br\/"],"url":"https:\/\/www.correiobraziliense.com.br\/cbradar\/author\/mauramyth\/"}]}},"_links":{"self":[{"href":"https:\/\/www.correiobraziliense.com.br\/cbradar\/wp-json\/wp\/v2\/posts\/29396","targetHints":{"allow":["GET"]}}],"collection":[{"href":"https:\/\/www.correiobraziliense.com.br\/cbradar\/wp-json\/wp\/v2\/posts"}],"about":[{"href":"https:\/\/www.correiobraziliense.com.br\/cbradar\/wp-json\/wp\/v2\/types\/post"}],"author":[{"embeddable":true,"href":"https:\/\/www.correiobraziliense.com.br\/cbradar\/wp-json\/wp\/v2\/users\/8"}],"replies":[{"embeddable":true,"href":"https:\/\/www.correiobraziliense.com.br\/cbradar\/wp-json\/wp\/v2\/comments?post=29396"}],"version-history":[{"count":10,"href":"https:\/\/www.correiobraziliense.com.br\/cbradar\/wp-json\/wp\/v2\/posts\/29396\/revisions"}],"predecessor-version":[{"id":29469,"href":"https:\/\/www.correiobraziliense.com.br\/cbradar\/wp-json\/wp\/v2\/posts\/29396\/revisions\/29469"}],"wp:featuredmedia":[{"embeddable":true,"href":"https:\/\/www.correiobraziliense.com.br\/cbradar\/wp-json\/wp\/v2\/media\/29462"}],"wp:attachment":[{"href":"https:\/\/www.correiobraziliense.com.br\/cbradar\/wp-json\/wp\/v2\/media?parent=29396"}],"wp:term":[{"taxonomy":"category","embeddable":true,"href":"https:\/\/www.correiobraziliense.com.br\/cbradar\/wp-json\/wp\/v2\/categories?post=29396"},{"taxonomy":"post_tag","embeddable":true,"href":"https:\/\/www.correiobraziliense.com.br\/cbradar\/wp-json\/wp\/v2\/post_tag?post=29396"}],"curies":[{"name":"wp","href":"https:\/\/api.w.org\/{rel}","templated":true}]}}