{"id":29397,"date":"2025-04-28T12:10:00","date_gmt":"2025-04-28T15:10:00","guid":{"rendered":"https:\/\/www.correiobraziliense.com.br\/cbradar\/?p=29397"},"modified":"2025-04-28T04:36:30","modified_gmt":"2025-04-28T07:36:30","slug":"quais-os-usos-medicinais-da-arnica-e-como-plantar-em-casa","status":"publish","type":"post","link":"https:\/\/www.correiobraziliense.com.br\/cbradar\/quais-os-usos-medicinais-da-arnica-e-como-plantar-em-casa\/","title":{"rendered":"Quais os usos medicinais da Arnica e como plantar em casa?"},"content":{"rendered":"\n<p><a href=\"https:\/\/pt.wikipedia.org\/wiki\/Arnica\" target=\"_blank\" rel=\"noreferrer noopener\"><strong>Arnica<\/strong> <\/a>\u00e9 uma planta medicinal amplamente reconhecida por suas propriedades terap\u00eauticas. Com o nome cient\u00edfico <strong>Arnica montana<\/strong>, essa planta pertence \u00e0 fam\u00edlia das <strong>Asteraceae<\/strong> e \u00e9 nativa da <strong>Europa<\/strong>. No <strong><a href=\"https:\/\/www.correiobraziliense.com.br\/cbradar\/o-imperio-da-artista-pop-mais-famosa-no-mundo-vai-ter-show-no-brasil\/\" target=\"_blank\" rel=\"noreferrer noopener\">Brasil<\/a><\/strong>, existem diversas esp\u00e9cies de plantas conhecidas como <strong>arnica<\/strong>, todas com caracter\u00edsticas semelhantes, mas \u00e9 importante destacar que a verdadeira \u00e9 a <strong>Arnica montana<\/strong>. Suas propriedades incluem a\u00e7\u00e3o <strong>anti-inflamat\u00f3ria<\/strong>, <strong>analg\u00e9sica<\/strong> e <strong>cicatrizante<\/strong>, tornando-a uma aliada em tratamentos t\u00f3picos.<\/p>\n\n\n\n<p>As partes da planta que concentram seus benef\u00edcios s\u00e3o as flores, folhas e o caule subterr\u00e2neo, conhecido como rizoma. Nessas partes, encontram-se compostos como <strong>\u00f3leos essenciais<\/strong>, <strong>taninos<\/strong> e <strong>flavonoides<\/strong>, que oferecem uma forte a\u00e7\u00e3o antioxidante. A <strong>helenalina<\/strong>, uma lactona presente na <strong>arnica<\/strong>, \u00e9 respons\u00e1vel por sua potente a\u00e7\u00e3o <strong>anti-inflamat\u00f3ria<\/strong>, o que a torna eficaz no al\u00edvio de <strong>contus\u00f5es<\/strong> e outras condi\u00e7\u00f5es inflamat\u00f3rias.<\/p>\n\n\n\n<h2 class=\"wp-block-heading\">Para que serve a Arnica?<\/h2>\n\n\n\n<p>A <strong>arnica<\/strong> \u00e9 amplamente utilizada em aplica\u00e7\u00f5es t\u00f3picas devido \u00e0s suas propriedades medicinais. Entre os principais usos, destacam-se:<\/p>\n\n\n\n<ul class=\"wp-block-list\">\n<li><strong>A\u00e7\u00e3o anti-inflamat\u00f3ria<\/strong>: Estudos indicam que ela possui uma forte a\u00e7\u00e3o <strong>anti-inflamat\u00f3ria<\/strong>, sendo eficaz em casos de inflama\u00e7\u00f5es e incha\u00e7os.<\/li>\n\n\n\n<li><strong>Tratamento de les\u00f5es<\/strong>: Devido \u00e0s suas propriedades <strong>analg\u00e9sicas<\/strong> e <strong>anti-inflamat\u00f3rias<\/strong>, \u00e9 frequentemente aplicada em casos de pancadas e <strong>contus\u00f5es<\/strong>, auxiliando na cicatriza\u00e7\u00e3o.<\/li>\n\n\n\n<li><strong>Al\u00edvio de picadas de insetos<\/strong>: As propriedades da <strong>arnica<\/strong> fazem dela uma boa alternativa para aliviar o desconforto causado por picadas de insetos.<\/li>\n\n\n\n<li><strong>Dores reum\u00e1ticas<\/strong>: \u00c9 utilizada para aliviar <strong>dores reum\u00e1ticas<\/strong>, gra\u00e7as \u00e0 sua a\u00e7\u00e3o <strong>analg\u00e9sica<\/strong> e <strong>anti-inflamat\u00f3ria<\/strong>.<\/li>\n<\/ul>\n\n\n<div class=\"wp-block-image\">\n<figure class=\"aligncenter size-large\"><img decoding=\"async\" width=\"1024\" height=\"576\" src=\"https:\/\/www.correiobraziliense.com.br\/cbradar\/wp-content\/uploads\/2025\/04\/arnica_1743881629990-1024x576.jpg\" alt=\"Quais os usos medicinais da Arnica e como plantar em casa?\" class=\"wp-image-19719\" srcset=\"https:\/\/www.correiobraziliense.com.br\/cbradar\/wp-content\/uploads\/2025\/04\/arnica_1743881629990-1024x576.jpg 1024w, https:\/\/www.correiobraziliense.com.br\/cbradar\/wp-content\/uploads\/2025\/04\/arnica_1743881629990-300x169.jpg 300w, https:\/\/www.correiobraziliense.com.br\/cbradar\/wp-content\/uploads\/2025\/04\/arnica_1743881629990-768x432.jpg 768w, https:\/\/www.correiobraziliense.com.br\/cbradar\/wp-content\/uploads\/2025\/04\/arnica_1743881629990-750x422.jpg 750w, https:\/\/www.correiobraziliense.com.br\/cbradar\/wp-content\/uploads\/2025\/04\/arnica_1743881629990-1140x641.jpg 1140w, https:\/\/www.correiobraziliense.com.br\/cbradar\/wp-content\/uploads\/2025\/04\/arnica_1743881629990.jpg 1280w\" sizes=\"(max-width: 1024px) 100vw, 1024px\" \/><figcaption class=\"wp-element-caption\">Cr\u00e9ditos: depositphotos.com \/ MarinaPoushkina<\/figcaption><\/figure><\/div>\n\n\n<h2 class=\"wp-block-heading\">Como usar de forma segura?<\/h2>\n\n\n\n<p>Embora a <strong>arnica<\/strong> ofere\u00e7a diversos benef\u00edcios, \u00e9 crucial utiliz\u00e1-la corretamente para evitar efeitos adversos. A planta n\u00e3o deve ser ingerida, pois o ch\u00e1 de <strong>arnica<\/strong> \u00e9 extremamente t\u00f3xico e pode causar sintomas como <strong>n\u00e1usea<\/strong>, <strong>v\u00f4mitos<\/strong>, <strong>dores abdominais<\/strong>, <strong>tontura<\/strong>, <strong>arritmia card\u00edaca<\/strong> e at\u00e9 <strong>aborto espont\u00e2neo<\/strong>. O uso oral deve ser restrito e supervisionado por um m\u00e9dico homeopata.<\/p>\n\n\n\n<ul class=\"wp-block-list\">\n<li><strong>Gel<\/strong>: Prepara\u00e7\u00f5es em gel s\u00e3o comuns e f\u00e1ceis de aplicar em \u00e1reas afetadas.<\/li>\n\n\n\n<li><strong>Lo\u00e7\u00e3o<\/strong>: S\u00e3o utilizadas para massagens e aplica\u00e7\u00e3o t\u00f3pica.<\/li>\n\n\n\n<li><strong>Compressas de ch\u00e1<\/strong>: Para <strong>contus\u00f5es<\/strong> e edemas, compressas embebidas em ch\u00e1 de <strong>arnica<\/strong> podem ser aplicadas na pele.<\/li>\n\n\n\n<li><strong>Pomadas<\/strong>: S\u00e3o frequentemente usadas para aliviar <strong>dores musculares<\/strong> e <strong>articulares<\/strong>.<\/li>\n\n\n\n<li><strong>Tinturas<\/strong>: S\u00e3o prepara\u00e7\u00f5es l\u00edquidas concentradas usadas para aplica\u00e7\u00f5es espec\u00edficas.<\/li>\n<\/ul>\n\n\n\n<h2 class=\"wp-block-heading\">Quais cuidados devem ser tomados com a Arnica?<\/h2>\n\n\n\n<p>O principal cuidado ao utilizar a <strong>arnica<\/strong> \u00e9 evitar sua ingest\u00e3o. A aplica\u00e7\u00e3o t\u00f3pica deve ser feita em pele \u00edntegra, evitando \u00e1reas com feridas abertas. Pessoas com alergia a plantas da fam\u00edlia <strong>Asteraceae<\/strong> devem ter cautela ao usar produtos \u00e0 base de <strong>arnica<\/strong>. Al\u00e9m disso, \u00e9 sempre recomend\u00e1vel consultar um profissional de sa\u00fade antes de iniciar qualquer tratamento com plantas medicinais.<\/p>\n\n\n\n<p>Em resumo, \u00e9 uma planta medicinal valiosa com diversas aplica\u00e7\u00f5es terap\u00eauticas. Quando usada corretamente, pode proporcionar al\u00edvio significativo em casos de inflama\u00e7\u00f5es, <strong>dores<\/strong> e <strong>contus\u00f5es<\/strong>, destacando-se como uma op\u00e7\u00e3o natural eficaz para cuidados t\u00f3picos.<\/p>\n\n\n\n<h2 class=\"wp-block-heading\">Como plantar Arnica em casa?<\/h2>\n\n\n\n<p>Se voc\u00ea deseja plantar <strong>arnica <\/strong>em casa, em vasos ou em um jardim pequeno, siga os passos abaixo:<\/p>\n\n\n\n<h3 class=\"wp-block-heading\">1. Escolha do Vaso ou Recipiente<\/h3>\n\n\n\n<ul class=\"wp-block-list\">\n<li><strong>Tamanho do vaso<\/strong>: Escolha um vaso com pelo menos 30 cm de di\u00e2metro e profundidade, pois a <strong>arnica <\/strong>precisa de espa\u00e7o para crescer.<\/li>\n\n\n\n<li><strong>Drenagem<\/strong>: Certifique-se de que o vaso tenha furos de drenagem para evitar o ac\u00famulo de \u00e1gua, que pode apodrecer as ra\u00edzes.<\/li>\n<\/ul>\n\n\n\n<h3 class=\"wp-block-heading\">2. Solo<\/h3>\n\n\n\n<ul class=\"wp-block-list\">\n<li>Utilize um solo bem drenado e f\u00e9rtil. Voc\u00ea pode misturar terra de jardim com areia e composto org\u00e2nico para garantir boa drenagem e nutri\u00e7\u00e3o.<\/li>\n\n\n\n<li>O pH ideal do solo deve ser entre 5,5 e 7, ligeiramente \u00e1cido ou neutro.<\/li>\n<\/ul>\n\n\n\n<h3 class=\"wp-block-heading\">3. Escolha do Local<\/h3>\n\n\n\n<ul class=\"wp-block-list\">\n<li>A <strong>arnica<\/strong> precisa de bastante luz, por isso, escolha um local que receba luz solar direta por pelo menos 4 horas por dia.<\/li>\n\n\n\n<li>Evite locais muito quentes ou com sombra total.<\/li>\n<\/ul>\n\n\n\n<h3 class=\"wp-block-heading\">4. Semeadura ou Mudas<\/h3>\n\n\n\n<ul class=\"wp-block-list\">\n<li><strong>Sementes<\/strong>: Se voc\u00ea estiver come\u00e7ando com sementes, pode seme\u00e1-las diretamente no vaso. Coloque as sementes na superf\u00edcie do solo e cubra levemente com uma camada fina de terra (cerca de 1 cm de profundidade). Regue suavemente.<\/li>\n\n\n\n<li><strong>Mudas<\/strong>: Se voc\u00ea optar por comprar mudas de <strong>arnica<\/strong>, plante-as no vaso com cuidado, respeitando o espa\u00e7amento entre elas.<\/li>\n<\/ul>\n\n\n\n<h3 class=\"wp-block-heading\">5. Cuidados<\/h3>\n\n\n\n<ul class=\"wp-block-list\">\n<li><strong>Rega<\/strong>: Regue regularmente, mas sem encharcar. A <strong>arnica <\/strong>n\u00e3o gosta de solo encharcado. Mantenha o solo \u00famido, mas deixe que ele seque um pouco entre as regas.<\/li>\n\n\n\n<li><strong>Fertiliza\u00e7\u00e3o<\/strong>: Se o solo do vaso for pobre, pode-se adicionar fertilizante org\u00e2nico ou composto para garantir que a planta receba os nutrientes necess\u00e1rios para crescer saud\u00e1vel.<\/li>\n\n\n\n<li><strong>Poda<\/strong>: Retire as flores secas ou murchas para incentivar novas flores a crescerem.<\/li>\n<\/ul>\n\n\n\n<h3 class=\"wp-block-heading\">6. Temperatura<\/h3>\n\n\n\n<ul class=\"wp-block-list\">\n<li>A <strong>arnica <\/strong>prefere temperaturas mais amenas (entre 15\u00b0C e 25\u00b0C). Evite locais com temperaturas extremamente altas, como perto de aquecedores ou em \u00e1reas com muito calor.<\/li>\n<\/ul>\n\n\n\n<h3 class=\"wp-block-heading\">7. Colheita<\/h3>\n\n\n\n<ul class=\"wp-block-list\">\n<li>Quando as flores estiverem abertas, mas n\u00e3o murchas, voc\u00ea pode colher as flores de <strong>arnica<\/strong>. Elas s\u00e3o geralmente usadas secas para prepara\u00e7\u00f5es medicinais ou t\u00f3picas.<\/li>\n<\/ul>\n\n\n\n<p>Seguindo esses passos, voc\u00ea pode cultivar <strong>arnica <\/strong>em casa de maneira simples e eficaz, seja em um pequeno vaso na janela ou em um cantinho de jardim.<\/p>\n","protected":false},"excerpt":{"rendered":"<p>Arnica \u00e9 uma planta medicinal amplamente reconhecida por suas propriedades terap\u00eauticas. Com o nome cient\u00edfico Arnica montana, essa planta pertence \u00e0 fam\u00edlia das Asteraceae e \u00e9 nativa da Europa. No Brasil, existem diversas esp\u00e9cies de plantas conhecidas como arnica, todas com caracter\u00edsticas semelhantes, mas \u00e9 importante destacar que a verdadeira \u00e9 a Arnica montana. Suas [&hellip;]<\/p>\n","protected":false},"author":8,"featured_media":19718,"comment_status":"open","ping_status":"open","sticky":false,"template":"","format":"standard","meta":{"_yoast_wpseo_focuskw":"arnica","_yoast_wpseo_title":"","_yoast_wpseo_metadesc":"Saiba como a Arnica pode ser usada medicinalmente para al\u00edvio de dores e inflama\u00e7\u00f5es, al\u00e9m de aprender como cultiv\u00e1-la facilmente em casa.","jnews-multi-image_gallery":[],"jnews_single_post":{"format":"standard"},"jnews_primary_category":[],"jnews_social_meta":[],"jnews_override_counter":[],"footnotes":""},"categories":[136],"post_tag":[2928,137],"class_list":["post-29397","post","type-post","status-publish","format-standard","has-post-thumbnail","hentry","category-jardinagem","tag-arnica","tag-como-plantar"],"yoast_head":"<!-- This site is optimized with the Yoast SEO plugin v24.6 - https:\/\/yoast.com\/wordpress\/plugins\/seo\/ -->\n<title>Quais os usos medicinais da Arnica e como plantar em casa? - Correio Braziliense - Radar<\/title>\n<meta name=\"description\" content=\"Saiba como a Arnica pode ser usada medicinalmente para al\u00edvio de dores e inflama\u00e7\u00f5es, al\u00e9m de aprender como cultiv\u00e1-la facilmente em casa.\" \/>\n<meta name=\"robots\" content=\"index, follow, max-snippet:-1, max-image-preview:large, max-video-preview:-1\" \/>\n<link rel=\"canonical\" href=\"https:\/\/www.correiobraziliense.com.br\/cbradar\/quais-os-usos-medicinais-da-arnica-e-como-plantar-em-casa\/\" \/>\n<meta property=\"og:locale\" content=\"pt_BR\" \/>\n<meta property=\"og:type\" content=\"article\" \/>\n<meta property=\"og:title\" content=\"Quais os usos medicinais da Arnica e como plantar em casa? - Correio Braziliense - Radar\" \/>\n<meta property=\"og:description\" content=\"Saiba como a Arnica pode ser usada medicinalmente para al\u00edvio de dores e inflama\u00e7\u00f5es, al\u00e9m de aprender como cultiv\u00e1-la facilmente em casa.\" \/>\n<meta property=\"og:url\" content=\"https:\/\/www.correiobraziliense.com.br\/cbradar\/quais-os-usos-medicinais-da-arnica-e-como-plantar-em-casa\/\" \/>\n<meta property=\"og:site_name\" content=\"Correio Braziliense - Radar\" \/>\n<meta property=\"article:published_time\" content=\"2025-04-28T15:10:00+00:00\" \/>\n<meta property=\"og:image\" content=\"https:\/\/www.correiobraziliense.com.br\/cbradar\/wp-content\/uploads\/2025\/04\/arnica_1743881596994.jpg\" \/>\n\t<meta property=\"og:image:width\" content=\"1279\" \/>\n\t<meta property=\"og:image:height\" content=\"720\" \/>\n\t<meta property=\"og:image:type\" content=\"image\/jpeg\" \/>\n<meta name=\"author\" content=\"Maura Pereira\" \/>\n<meta name=\"twitter:card\" content=\"summary_large_image\" \/>\n<meta name=\"twitter:label1\" content=\"Escrito por\" \/>\n\t<meta name=\"twitter:data1\" content=\"Maura Pereira\" \/>\n\t<meta name=\"twitter:label2\" content=\"Est. tempo de leitura\" \/>\n\t<meta name=\"twitter:data2\" content=\"5 minutos\" \/>\n<!-- \/ Yoast SEO plugin. -->","yoast_head_json":{"title":"Quais os usos medicinais da Arnica e como plantar em casa? - Correio Braziliense - Radar","description":"Saiba como a Arnica pode ser usada medicinalmente para al\u00edvio de dores e inflama\u00e7\u00f5es, al\u00e9m de aprender como cultiv\u00e1-la facilmente em casa.","robots":{"index":"index","follow":"follow","max-snippet":"max-snippet:-1","max-image-preview":"max-image-preview:large","max-video-preview":"max-video-preview:-1"},"canonical":"https:\/\/www.correiobraziliense.com.br\/cbradar\/quais-os-usos-medicinais-da-arnica-e-como-plantar-em-casa\/","og_locale":"pt_BR","og_type":"article","og_title":"Quais os usos medicinais da Arnica e como plantar em casa? - Correio Braziliense - Radar","og_description":"Saiba como a Arnica pode ser usada medicinalmente para al\u00edvio de dores e inflama\u00e7\u00f5es, al\u00e9m de aprender como cultiv\u00e1-la facilmente em casa.","og_url":"https:\/\/www.correiobraziliense.com.br\/cbradar\/quais-os-usos-medicinais-da-arnica-e-como-plantar-em-casa\/","og_site_name":"Correio Braziliense - Radar","article_published_time":"2025-04-28T15:10:00+00:00","og_image":[{"width":1279,"height":720,"url":"https:\/\/www.correiobraziliense.com.br\/cbradar\/wp-content\/uploads\/2025\/04\/arnica_1743881596994.jpg","type":"image\/jpeg"}],"author":"Maura Pereira","twitter_card":"summary_large_image","twitter_misc":{"Escrito por":"Maura Pereira","Est. tempo de leitura":"5 minutos"},"schema":{"@context":"https:\/\/schema.org","@graph":[{"@type":"WebPage","@id":"https:\/\/www.correiobraziliense.com.br\/cbradar\/quais-os-usos-medicinais-da-arnica-e-como-plantar-em-casa\/","url":"https:\/\/www.correiobraziliense.com.br\/cbradar\/quais-os-usos-medicinais-da-arnica-e-como-plantar-em-casa\/","name":"Quais os usos medicinais da Arnica e como plantar em casa? - Correio Braziliense - Radar","isPartOf":{"@id":"https:\/\/www.correiobraziliense.com.br\/cbradar\/#website"},"primaryImageOfPage":{"@id":"https:\/\/www.correiobraziliense.com.br\/cbradar\/quais-os-usos-medicinais-da-arnica-e-como-plantar-em-casa\/#primaryimage"},"image":{"@id":"https:\/\/www.correiobraziliense.com.br\/cbradar\/quais-os-usos-medicinais-da-arnica-e-como-plantar-em-casa\/#primaryimage"},"thumbnailUrl":"https:\/\/www.correiobraziliense.com.br\/cbradar\/wp-content\/uploads\/2025\/04\/arnica_1743881596994.jpg","datePublished":"2025-04-28T15:10:00+00:00","author":{"@id":"https:\/\/www.correiobraziliense.com.br\/cbradar\/#\/schema\/person\/4053c651a9bfc785afc6f4cbc9032fd3"},"description":"Saiba como a Arnica pode ser usada medicinalmente para al\u00edvio de dores e inflama\u00e7\u00f5es, al\u00e9m de aprender como cultiv\u00e1-la facilmente em casa.","breadcrumb":{"@id":"https:\/\/www.correiobraziliense.com.br\/cbradar\/quais-os-usos-medicinais-da-arnica-e-como-plantar-em-casa\/#breadcrumb"},"inLanguage":"pt-BR","potentialAction":[{"@type":"ReadAction","target":["https:\/\/www.correiobraziliense.com.br\/cbradar\/quais-os-usos-medicinais-da-arnica-e-como-plantar-em-casa\/"]}]},{"@type":"ImageObject","inLanguage":"pt-BR","@id":"https:\/\/www.correiobraziliense.com.br\/cbradar\/quais-os-usos-medicinais-da-arnica-e-como-plantar-em-casa\/#primaryimage","url":"https:\/\/www.correiobraziliense.com.br\/cbradar\/wp-content\/uploads\/2025\/04\/arnica_1743881596994.jpg","contentUrl":"https:\/\/www.correiobraziliense.com.br\/cbradar\/wp-content\/uploads\/2025\/04\/arnica_1743881596994.jpg","width":1279,"height":720,"caption":"Arnica \/\/ Cr\u00e9ditos: depositphotos.com \/ Jujuphotography"},{"@type":"BreadcrumbList","@id":"https:\/\/www.correiobraziliense.com.br\/cbradar\/quais-os-usos-medicinais-da-arnica-e-como-plantar-em-casa\/#breadcrumb","itemListElement":[{"@type":"ListItem","position":1,"name":"In\u00edcio","item":"https:\/\/www.correiobraziliense.com.br\/cbradar\/"},{"@type":"ListItem","position":2,"name":"Quais os usos medicinais da Arnica e como plantar em casa?"}]},{"@type":"WebSite","@id":"https:\/\/www.correiobraziliense.com.br\/cbradar\/#website","url":"https:\/\/www.correiobraziliense.com.br\/cbradar\/","name":"Correio Braziliense - Radar","description":"Acompanhe as \u00faltimas not\u00edcias e fique bem informado sobre tudo o que acontece no Brasil e no mundo.","potentialAction":[{"@type":"SearchAction","target":{"@type":"EntryPoint","urlTemplate":"https:\/\/www.correiobraziliense.com.br\/cbradar\/?s={search_term_string}"},"query-input":{"@type":"PropertyValueSpecification","valueRequired":true,"valueName":"search_term_string"}}],"inLanguage":"pt-BR"},{"@type":"Person","@id":"https:\/\/www.correiobraziliense.com.br\/cbradar\/#\/schema\/person\/4053c651a9bfc785afc6f4cbc9032fd3","name":"Maura Pereira","image":{"@type":"ImageObject","inLanguage":"pt-BR","@id":"https:\/\/www.correiobraziliense.com.br\/cbradar\/#\/schema\/person\/image\/","url":"https:\/\/secure.gravatar.com\/avatar\/3effd6bdadfa447f15089c7f7144eaa6?s=96&d=mm&r=g","contentUrl":"https:\/\/secure.gravatar.com\/avatar\/3effd6bdadfa447f15089c7f7144eaa6?s=96&d=mm&r=g","caption":"Maura Pereira"},"sameAs":["https:\/\/www.correiobraziliense.com.br\/"],"url":"https:\/\/www.correiobraziliense.com.br\/cbradar\/author\/mauramyth\/"}]}},"_links":{"self":[{"href":"https:\/\/www.correiobraziliense.com.br\/cbradar\/wp-json\/wp\/v2\/posts\/29397","targetHints":{"allow":["GET"]}}],"collection":[{"href":"https:\/\/www.correiobraziliense.com.br\/cbradar\/wp-json\/wp\/v2\/posts"}],"about":[{"href":"https:\/\/www.correiobraziliense.com.br\/cbradar\/wp-json\/wp\/v2\/types\/post"}],"author":[{"embeddable":true,"href":"https:\/\/www.correiobraziliense.com.br\/cbradar\/wp-json\/wp\/v2\/users\/8"}],"replies":[{"embeddable":true,"href":"https:\/\/www.correiobraziliense.com.br\/cbradar\/wp-json\/wp\/v2\/comments?post=29397"}],"version-history":[{"count":12,"href":"https:\/\/www.correiobraziliense.com.br\/cbradar\/wp-json\/wp\/v2\/posts\/29397\/revisions"}],"predecessor-version":[{"id":29480,"href":"https:\/\/www.correiobraziliense.com.br\/cbradar\/wp-json\/wp\/v2\/posts\/29397\/revisions\/29480"}],"wp:featuredmedia":[{"embeddable":true,"href":"https:\/\/www.correiobraziliense.com.br\/cbradar\/wp-json\/wp\/v2\/media\/19718"}],"wp:attachment":[{"href":"https:\/\/www.correiobraziliense.com.br\/cbradar\/wp-json\/wp\/v2\/media?parent=29397"}],"wp:term":[{"taxonomy":"category","embeddable":true,"href":"https:\/\/www.correiobraziliense.com.br\/cbradar\/wp-json\/wp\/v2\/categories?post=29397"},{"taxonomy":"post_tag","embeddable":true,"href":"https:\/\/www.correiobraziliense.com.br\/cbradar\/wp-json\/wp\/v2\/post_tag?post=29397"}],"curies":[{"name":"wp","href":"https:\/\/api.w.org\/{rel}","templated":true}]}}