{"id":29559,"date":"2025-04-29T08:23:00","date_gmt":"2025-04-29T11:23:00","guid":{"rendered":"https:\/\/www.correiobraziliense.com.br\/cbradar\/?p=29559"},"modified":"2025-04-28T18:53:27","modified_gmt":"2025-04-28T21:53:27","slug":"veja-como-declarar-multiplas-rendas-no-imposto-de-renda-2025","status":"publish","type":"post","link":"https:\/\/www.correiobraziliense.com.br\/cbradar\/veja-como-declarar-multiplas-rendas-no-imposto-de-renda-2025\/","title":{"rendered":"Veja como declarar m\u00faltiplas rendas no imposto de renda 2025"},"content":{"rendered":"\n<p>O <strong>Imposto de Renda Retido na Fonte (IRRF)<\/strong> \u00e9 um mecanismo tribut\u00e1rio que afeta tanto pessoas f\u00edsicas quanto jur\u00eddicas no <strong>Brasil<\/strong>. Este imposto \u00e9 retido diretamente pela fonte pagadora, como empresas ou institui\u00e7\u00f5es financeiras, antes mesmo de o rendimento chegar ao benefici\u00e1rio. A reten\u00e7\u00e3o ocorre mensalmente e incide sobre sal\u00e1rios, alugu\u00e9is e outros tipos de rendimentos. Por ser uma antecipa\u00e7\u00e3o do imposto devido, muitos contribuintes podem se confundir na hora de fazer a declara\u00e7\u00e3o anual.<\/p>\n\n\n\n<p>Para aqueles que possuem m\u00faltiplas fontes de renda, o processo de declara\u00e7\u00e3o pode se tornar ainda mais complexo. Isso porque o IRRF \u00e9 calculado individualmente por cada fonte pagadora, sem considerar a soma total dos rendimentos. Assim, \u00e9 crucial que os contribuintes estejam atentos a todos os detalhes para evitar problemas com a Receita Federal.<\/p>\n\n\n\n<h2 class=\"wp-block-heading\">Quais s\u00e3o os erros comuns na declara\u00e7\u00e3o do IRRF?<\/h2>\n\n\n\n<p>Um dos erros mais frequentes na declara\u00e7\u00e3o do IRRF \u00e9 a omiss\u00e3o de rendimentos. Isso pode ocorrer por desconhecimento ou por tentativa de sonega\u00e7\u00e3o. Al\u00e9m disso, muitos contribuintes acabam declarando valores diferentes dos informados nos informes de rendimentos fornecidos pelas fontes pagadoras. Esquecer de informar dependentes ou n\u00e3o somar todos os rendimentos tribut\u00e1veis tamb\u00e9m s\u00e3o equ\u00edvocos comuns.<\/p>\n\n\n\n<p>Esses erros podem levar o contribuinte \u00e0 malha fina, um processo de revis\u00e3o da Receita Federal que pode resultar em multas e juros. Para evitar esses problemas, \u00e9 essencial que os contribuintes revisem cuidadosamente todas as informa\u00e7\u00f5es antes de enviar a declara\u00e7\u00e3o.<\/p>\n\n\n\n<figure class=\"wp-block-image size-large\"><img decoding=\"async\" width=\"1024\" height=\"576\" src=\"https:\/\/www.correiobraziliense.com.br\/cbradar\/wp-content\/uploads\/2025\/04\/imposto_1745848049602-1024x576.jpg\" alt=\"Veja como declarar m\u00faltiplas rendas no imposto de renda 2025\" class=\"wp-image-29561\" srcset=\"https:\/\/www.correiobraziliense.com.br\/cbradar\/wp-content\/uploads\/2025\/04\/imposto_1745848049602-1024x576.jpg 1024w, https:\/\/www.correiobraziliense.com.br\/cbradar\/wp-content\/uploads\/2025\/04\/imposto_1745848049602-300x169.jpg 300w, https:\/\/www.correiobraziliense.com.br\/cbradar\/wp-content\/uploads\/2025\/04\/imposto_1745848049602-768x432.jpg 768w, https:\/\/www.correiobraziliense.com.br\/cbradar\/wp-content\/uploads\/2025\/04\/imposto_1745848049602-750x422.jpg 750w, https:\/\/www.correiobraziliense.com.br\/cbradar\/wp-content\/uploads\/2025\/04\/imposto_1745848049602-1140x641.jpg 1140w, https:\/\/www.correiobraziliense.com.br\/cbradar\/wp-content\/uploads\/2025\/04\/imposto_1745848049602.jpg 1280w\" sizes=\"(max-width: 1024px) 100vw, 1024px\" \/><figcaption class=\"wp-element-caption\">imposto. Cr\u00e9ditos: depositphotos.com \/ Orathai164<\/figcaption><\/figure>\n\n\n\n<h2 class=\"wp-block-heading\">Como planejar o pagamento do imposto devido?<\/h2>\n\n\n\n<p>Planejar financeiramente o pagamento do imposto devido \u00e9 uma estrat\u00e9gia importante para evitar surpresas desagrad\u00e1veis. Uma das formas de se preparar \u00e9 estimar a renda global anual e simular o valor total do imposto no programa da declara\u00e7\u00e3o do ano anterior. Isso permite que o contribuinte compare o valor retido mensalmente com o imposto total devido, ajustando-se para pagar a diferen\u00e7a no ano seguinte.<\/p>\n\n\n\n<p>Al\u00e9m disso, o uso do carn\u00ea-le\u00e3o para rendas de pessoa f\u00edsica, como aut\u00f4nomos e alugu\u00e9is, permite o recolhimento mensal antecipado. Outra op\u00e7\u00e3o \u00e9 solicitar \u00e0 fonte pagadora um desconto maior, se poss\u00edvel, ou optar pelo parcelamento do saldo devedor ap\u00f3s a entrega da declara\u00e7\u00e3o.<\/p>\n\n\n\n<h2 class=\"wp-block-heading\">Quais s\u00e3o os prazos para envio da declara\u00e7\u00e3o?<\/h2>\n\n\n\n<p>O prazo para envio das declara\u00e7\u00f5es de Imposto de Renda em 2025 come\u00e7ou em 17 de mar\u00e7o e se estende at\u00e9 as 23h59 de 30 de maio. O programa para preenchimento da declara\u00e7\u00e3o est\u00e1 dispon\u00edvel no site da Receita Federal, com vers\u00f5es para diferentes sistemas operacionais, como Windows, MacOS e Linux. Para aqueles que preferem preencher a declara\u00e7\u00e3o online, o aplicativo &#8220;Receita Federal&#8221; oferece a op\u00e7\u00e3o de modelo pr\u00e9-preenchido, dispon\u00edvel desde 1 de abril.<\/p>\n\n\n\n<p>Manter-se informado sobre as regras e prazos do Imposto de Renda \u00e9 essencial para evitar problemas futuros. Com planejamento e aten\u00e7\u00e3o aos detalhes, \u00e9 poss\u00edvel cumprir todas as obriga\u00e7\u00f5es fiscais de forma tranquila e eficiente.<\/p>\n","protected":false},"excerpt":{"rendered":"<p>Tudo o que voc\u00ea precisa saber sobre o Imposto de Renda Retido na Fonte (IRRF): declara\u00e7\u00e3o, erros comuns, prazos e dicas de planejamento.<\/p>\n","protected":false},"author":3,"featured_media":29560,"comment_status":"open","ping_status":"open","sticky":false,"template":"","format":"standard","meta":{"_yoast_wpseo_focuskw":"imposto de renda m\u00faltiplas rendas","_yoast_wpseo_title":"%%title%%","_yoast_wpseo_metadesc":"Tudo o que voc\u00ea precisa saber sobre o Imposto de Renda Retido na Fonte (IRRF): declara\u00e7\u00e3o, erros comuns, prazos e dicas de planejamento.","jnews-multi-image_gallery":[],"jnews_single_post":{"format":"standard"},"jnews_primary_category":[],"jnews_social_meta":[],"jnews_override_counter":[],"footnotes":""},"categories":[128],"post_tag":[269],"class_list":["post-29559","post","type-post","status-publish","format-standard","has-post-thumbnail","hentry","category-economia","tag-imposto-de-renda"],"yoast_head":"<!-- This site is optimized with the Yoast SEO plugin v24.6 - https:\/\/yoast.com\/wordpress\/plugins\/seo\/ -->\n<title>Veja como declarar m\u00faltiplas rendas no imposto de renda 2025<\/title>\n<meta name=\"description\" content=\"Tudo o que voc\u00ea precisa saber sobre o Imposto de Renda Retido na Fonte (IRRF): declara\u00e7\u00e3o, erros comuns, prazos e dicas de planejamento.\" \/>\n<meta name=\"robots\" content=\"index, follow, max-snippet:-1, max-image-preview:large, max-video-preview:-1\" \/>\n<link rel=\"canonical\" href=\"https:\/\/www.correiobraziliense.com.br\/cbradar\/veja-como-declarar-multiplas-rendas-no-imposto-de-renda-2025\/\" \/>\n<meta property=\"og:locale\" content=\"pt_BR\" \/>\n<meta property=\"og:type\" content=\"article\" \/>\n<meta property=\"og:title\" content=\"Veja como declarar m\u00faltiplas rendas no imposto de renda 2025\" \/>\n<meta property=\"og:description\" content=\"Tudo o que voc\u00ea precisa saber sobre o Imposto de Renda Retido na Fonte (IRRF): declara\u00e7\u00e3o, erros comuns, prazos e dicas de planejamento.\" \/>\n<meta property=\"og:url\" content=\"https:\/\/www.correiobraziliense.com.br\/cbradar\/veja-como-declarar-multiplas-rendas-no-imposto-de-renda-2025\/\" \/>\n<meta property=\"og:site_name\" content=\"Correio Braziliense - Radar\" \/>\n<meta property=\"article:published_time\" content=\"2025-04-29T11:23:00+00:00\" \/>\n<meta property=\"og:image\" content=\"https:\/\/www.correiobraziliense.com.br\/cbradar\/wp-content\/uploads\/2025\/04\/imposto_1745848023590.jpg\" \/>\n\t<meta property=\"og:image:width\" content=\"1280\" \/>\n\t<meta property=\"og:image:height\" content=\"720\" \/>\n\t<meta property=\"og:image:type\" content=\"image\/jpeg\" \/>\n<meta name=\"author\" content=\"Larissa Carvalho\" \/>\n<meta name=\"twitter:card\" content=\"summary_large_image\" \/>\n<meta name=\"twitter:label1\" content=\"Escrito por\" \/>\n\t<meta name=\"twitter:data1\" content=\"Larissa Carvalho\" \/>\n\t<meta name=\"twitter:label2\" content=\"Est. tempo de leitura\" \/>\n\t<meta name=\"twitter:data2\" content=\"4 minutos\" \/>\n<!-- \/ Yoast SEO plugin. -->","yoast_head_json":{"title":"Veja como declarar m\u00faltiplas rendas no imposto de renda 2025","description":"Tudo o que voc\u00ea precisa saber sobre o Imposto de Renda Retido na Fonte (IRRF): declara\u00e7\u00e3o, erros comuns, prazos e dicas de planejamento.","robots":{"index":"index","follow":"follow","max-snippet":"max-snippet:-1","max-image-preview":"max-image-preview:large","max-video-preview":"max-video-preview:-1"},"canonical":"https:\/\/www.correiobraziliense.com.br\/cbradar\/veja-como-declarar-multiplas-rendas-no-imposto-de-renda-2025\/","og_locale":"pt_BR","og_type":"article","og_title":"Veja como declarar m\u00faltiplas rendas no imposto de renda 2025","og_description":"Tudo o que voc\u00ea precisa saber sobre o Imposto de Renda Retido na Fonte (IRRF): declara\u00e7\u00e3o, erros comuns, prazos e dicas de planejamento.","og_url":"https:\/\/www.correiobraziliense.com.br\/cbradar\/veja-como-declarar-multiplas-rendas-no-imposto-de-renda-2025\/","og_site_name":"Correio Braziliense - Radar","article_published_time":"2025-04-29T11:23:00+00:00","og_image":[{"width":1280,"height":720,"url":"https:\/\/www.correiobraziliense.com.br\/cbradar\/wp-content\/uploads\/2025\/04\/imposto_1745848023590.jpg","type":"image\/jpeg"}],"author":"Larissa Carvalho","twitter_card":"summary_large_image","twitter_misc":{"Escrito por":"Larissa Carvalho","Est. tempo de leitura":"4 minutos"},"schema":{"@context":"https:\/\/schema.org","@graph":[{"@type":"WebPage","@id":"https:\/\/www.correiobraziliense.com.br\/cbradar\/veja-como-declarar-multiplas-rendas-no-imposto-de-renda-2025\/","url":"https:\/\/www.correiobraziliense.com.br\/cbradar\/veja-como-declarar-multiplas-rendas-no-imposto-de-renda-2025\/","name":"Veja como declarar m\u00faltiplas rendas no imposto de renda 2025","isPartOf":{"@id":"https:\/\/www.correiobraziliense.com.br\/cbradar\/#website"},"primaryImageOfPage":{"@id":"https:\/\/www.correiobraziliense.com.br\/cbradar\/veja-como-declarar-multiplas-rendas-no-imposto-de-renda-2025\/#primaryimage"},"image":{"@id":"https:\/\/www.correiobraziliense.com.br\/cbradar\/veja-como-declarar-multiplas-rendas-no-imposto-de-renda-2025\/#primaryimage"},"thumbnailUrl":"https:\/\/www.correiobraziliense.com.br\/cbradar\/wp-content\/uploads\/2025\/04\/imposto_1745848023590.jpg","datePublished":"2025-04-29T11:23:00+00:00","author":{"@id":"https:\/\/www.correiobraziliense.com.br\/cbradar\/#\/schema\/person\/58422787644df994b53a19d3e56c1513"},"description":"Tudo o que voc\u00ea precisa saber sobre o Imposto de Renda Retido na Fonte (IRRF): declara\u00e7\u00e3o, erros comuns, prazos e dicas de planejamento.","breadcrumb":{"@id":"https:\/\/www.correiobraziliense.com.br\/cbradar\/veja-como-declarar-multiplas-rendas-no-imposto-de-renda-2025\/#breadcrumb"},"inLanguage":"pt-BR","potentialAction":[{"@type":"ReadAction","target":["https:\/\/www.correiobraziliense.com.br\/cbradar\/veja-como-declarar-multiplas-rendas-no-imposto-de-renda-2025\/"]}]},{"@type":"ImageObject","inLanguage":"pt-BR","@id":"https:\/\/www.correiobraziliense.com.br\/cbradar\/veja-como-declarar-multiplas-rendas-no-imposto-de-renda-2025\/#primaryimage","url":"https:\/\/www.correiobraziliense.com.br\/cbradar\/wp-content\/uploads\/2025\/04\/imposto_1745848023590.jpg","contentUrl":"https:\/\/www.correiobraziliense.com.br\/cbradar\/wp-content\/uploads\/2025\/04\/imposto_1745848023590.jpg","width":1280,"height":720,"caption":"imposto. Cr\u00e9ditos: depositphotos.com \/ mizar_219842"},{"@type":"BreadcrumbList","@id":"https:\/\/www.correiobraziliense.com.br\/cbradar\/veja-como-declarar-multiplas-rendas-no-imposto-de-renda-2025\/#breadcrumb","itemListElement":[{"@type":"ListItem","position":1,"name":"In\u00edcio","item":"https:\/\/www.correiobraziliense.com.br\/cbradar\/"},{"@type":"ListItem","position":2,"name":"Veja como declarar m\u00faltiplas rendas no imposto de renda 2025"}]},{"@type":"WebSite","@id":"https:\/\/www.correiobraziliense.com.br\/cbradar\/#website","url":"https:\/\/www.correiobraziliense.com.br\/cbradar\/","name":"Correio Braziliense - Radar","description":"Acompanhe as \u00faltimas not\u00edcias e fique bem informado sobre tudo o que acontece no Brasil e no mundo.","potentialAction":[{"@type":"SearchAction","target":{"@type":"EntryPoint","urlTemplate":"https:\/\/www.correiobraziliense.com.br\/cbradar\/?s={search_term_string}"},"query-input":{"@type":"PropertyValueSpecification","valueRequired":true,"valueName":"search_term_string"}}],"inLanguage":"pt-BR"},{"@type":"Person","@id":"https:\/\/www.correiobraziliense.com.br\/cbradar\/#\/schema\/person\/58422787644df994b53a19d3e56c1513","name":"Larissa Carvalho","image":{"@type":"ImageObject","inLanguage":"pt-BR","@id":"https:\/\/www.correiobraziliense.com.br\/cbradar\/#\/schema\/person\/image\/","url":"https:\/\/secure.gravatar.com\/avatar\/fe4f91a0de32b52a838d0d612abdc1aa?s=96&d=mm&r=g","contentUrl":"https:\/\/secure.gravatar.com\/avatar\/fe4f91a0de32b52a838d0d612abdc1aa?s=96&d=mm&r=g","caption":"Larissa Carvalho"},"url":"https:\/\/www.correiobraziliense.com.br\/cbradar\/author\/larissamyth\/"}]}},"_links":{"self":[{"href":"https:\/\/www.correiobraziliense.com.br\/cbradar\/wp-json\/wp\/v2\/posts\/29559","targetHints":{"allow":["GET"]}}],"collection":[{"href":"https:\/\/www.correiobraziliense.com.br\/cbradar\/wp-json\/wp\/v2\/posts"}],"about":[{"href":"https:\/\/www.correiobraziliense.com.br\/cbradar\/wp-json\/wp\/v2\/types\/post"}],"author":[{"embeddable":true,"href":"https:\/\/www.correiobraziliense.com.br\/cbradar\/wp-json\/wp\/v2\/users\/3"}],"replies":[{"embeddable":true,"href":"https:\/\/www.correiobraziliense.com.br\/cbradar\/wp-json\/wp\/v2\/comments?post=29559"}],"version-history":[{"count":1,"href":"https:\/\/www.correiobraziliense.com.br\/cbradar\/wp-json\/wp\/v2\/posts\/29559\/revisions"}],"predecessor-version":[{"id":29562,"href":"https:\/\/www.correiobraziliense.com.br\/cbradar\/wp-json\/wp\/v2\/posts\/29559\/revisions\/29562"}],"wp:featuredmedia":[{"embeddable":true,"href":"https:\/\/www.correiobraziliense.com.br\/cbradar\/wp-json\/wp\/v2\/media\/29560"}],"wp:attachment":[{"href":"https:\/\/www.correiobraziliense.com.br\/cbradar\/wp-json\/wp\/v2\/media?parent=29559"}],"wp:term":[{"taxonomy":"category","embeddable":true,"href":"https:\/\/www.correiobraziliense.com.br\/cbradar\/wp-json\/wp\/v2\/categories?post=29559"},{"taxonomy":"post_tag","embeddable":true,"href":"https:\/\/www.correiobraziliense.com.br\/cbradar\/wp-json\/wp\/v2\/post_tag?post=29559"}],"curies":[{"name":"wp","href":"https:\/\/api.w.org\/{rel}","templated":true}]}}