{"id":29596,"date":"2025-04-29T22:30:00","date_gmt":"2025-04-30T01:30:00","guid":{"rendered":"https:\/\/www.correiobraziliense.com.br\/cbradar\/?p=29596"},"modified":"2025-04-28T18:50:01","modified_gmt":"2025-04-28T21:50:01","slug":"adobe-anuncia-importantes-mudancas-para-quem-usa-o-photoshop","status":"publish","type":"post","link":"https:\/\/www.correiobraziliense.com.br\/cbradar\/adobe-anuncia-importantes-mudancas-para-quem-usa-o-photoshop\/","title":{"rendered":"Adobe anuncia importantes mudan\u00e7as para quem usa o Photoshop"},"content":{"rendered":"\n<p>A <strong><a href=\"https:\/\/www.adobe.com\/br\/\" target=\"_blank\" rel=\"noreferrer noopener\">Adobe<\/a><\/strong>, durante sua confer\u00eancia anual de criatividade, o MAX London, apresentou uma s\u00e9rie de novas funcionalidades baseadas em intelig\u00eancia artificial para seus produtos. Entre as inova\u00e7\u00f5es, destaca-se a\u00a0<strong>Refer\u00eancia de Composi\u00e7\u00e3o<\/strong>\u00a0no Photoshop, que transforma descri\u00e7\u00f5es textuais em cenas completas com comandos simples. Essa ferramenta permite que os usu\u00e1rios criem suas pr\u00f3prias cenas de maneira eficiente, mantendo controle sobre a estrutura visual da imagem.<\/p>\n\n\n\n<p>Outra novidade para o Photoshop \u00e9 a fun\u00e7\u00e3o&nbsp;<strong>Selecionar Detalhes<\/strong>, que aprimora a sele\u00e7\u00e3o de elementos como roupas, cabelos e rostos, facilitando processos como recortes. Essas melhorias visam otimizar o fluxo de trabalho dos usu\u00e1rios, oferecendo mais precis\u00e3o e agilidade nas edi\u00e7\u00f5es.<\/p>\n\n\n\n<h2 class=\"wp-block-heading\"><strong>Quais s\u00e3o as novidades do Illustrator e do Lightroom?<\/strong><\/h2>\n\n\n\n<p>O Illustrator tamb\u00e9m recebeu atualiza\u00e7\u00f5es significativas com a introdu\u00e7\u00e3o da ferramenta&nbsp;<strong>Preenchimento Generativo de Formas e Texto para Padr\u00f5es<\/strong>. Essa funcionalidade permite a cria\u00e7\u00e3o de gr\u00e1ficos vetoriais a partir de prompts, ampliando as possibilidades criativas dos designers. Al\u00e9m disso, o Lightroom, amplamente utilizado por fot\u00f3grafos, agora oferece um controle mais refinado e melhorias no compartilhamento de edi\u00e7\u00f5es em lote.<\/p>\n\n\n\n<figure class=\"wp-block-image size-large\"><img decoding=\"async\" width=\"1024\" height=\"576\" src=\"https:\/\/www.correiobraziliense.com.br\/cbradar\/wp-content\/uploads\/2025\/04\/Adobe_1745852501988-1024x576.jpg\" alt=\"Adobe anuncia importantes mudan\u00e7as para quem usa o Photoshop\" class=\"wp-image-29599\" srcset=\"https:\/\/www.correiobraziliense.com.br\/cbradar\/wp-content\/uploads\/2025\/04\/Adobe_1745852501988-1024x576.jpg 1024w, https:\/\/www.correiobraziliense.com.br\/cbradar\/wp-content\/uploads\/2025\/04\/Adobe_1745852501988-300x169.jpg 300w, https:\/\/www.correiobraziliense.com.br\/cbradar\/wp-content\/uploads\/2025\/04\/Adobe_1745852501988-768x432.jpg 768w, https:\/\/www.correiobraziliense.com.br\/cbradar\/wp-content\/uploads\/2025\/04\/Adobe_1745852501988-750x422.jpg 750w, https:\/\/www.correiobraziliense.com.br\/cbradar\/wp-content\/uploads\/2025\/04\/Adobe_1745852501988-1140x642.jpg 1140w, https:\/\/www.correiobraziliense.com.br\/cbradar\/wp-content\/uploads\/2025\/04\/Adobe_1745852501988.jpg 1279w\" sizes=\"(max-width: 1024px) 100vw, 1024px\" \/><figcaption class=\"wp-element-caption\">Adobe.Cr\u00e9ditos: depositphotos.com \/ rarrarorro<\/figcaption><\/figure>\n\n\n\n<p>Uma das atualiza\u00e7\u00f5es mais not\u00e1veis no Lightroom \u00e9 a nova op\u00e7\u00e3o de&nbsp;<strong>Selecionar Paisagem<\/strong>, que facilita a sele\u00e7\u00e3o de elementos como \u00e1gua, c\u00e9u e vegeta\u00e7\u00e3o. Essa melhoria \u00e9 especialmente \u00fatil para fot\u00f3grafos que buscam aprimorar suas imagens de paisagens de forma mais eficiente.<\/p>\n\n\n\n<h2 class=\"wp-block-heading\"><strong>Como o Premiere Pro est\u00e1 se beneficiando da intelig\u00eancia artificial?<\/strong><\/h2>\n\n\n\n<p>No Premiere Pro, a Adobe expandiu o suporte para legendas autom\u00e1ticas, agora dispon\u00edveis em at\u00e9 27 idiomas, o que facilita a inclus\u00e3o de legendas em v\u00eddeos para um p\u00fablico global. Al\u00e9m disso, a pesquisa de m\u00eddias em grandes acervos foi aprimorada, tornando o processo mais eficiente.<\/p>\n\n\n\n<p>O destaque no Premiere Pro \u00e9 o&nbsp;<strong>Generative Extend<\/strong>, uma ferramenta que utiliza intelig\u00eancia artificial para ampliar trechos de v\u00eddeo na vertical, com suporte para resolu\u00e7\u00e3o 4K. Essa funcionalidade \u00e9 particularmente \u00fatil para criadores de conte\u00fado que desejam adaptar seus v\u00eddeos para diferentes formatos de tela.<\/p>\n\n\n\n<h2 class=\"wp-block-heading\"><strong>O que \u00e9 o Firefly e como ele est\u00e1 sendo integrado?<\/strong><\/h2>\n\n\n\n<p>A Adobe tamb\u00e9m remodelou seu aplicativo de IA generativa, o&nbsp;<strong>Firefly<\/strong>, que agora est\u00e1 centralizado e pode ser facilmente integrado em solu\u00e7\u00f5es de parceiros como Google e OpenAI. Essa integra\u00e7\u00e3o visa expandir as capacidades criativas dos profissionais, permitindo que eles utilizem a intelig\u00eancia artificial de maneira mais abrangente em seus projetos.<\/p>\n\n\n\n<p>Al\u00e9m disso, o app do Creative Cloud Express foi atualizado com novas ferramentas para v\u00eddeos, anima\u00e7\u00f5es, melhorias de \u00e1udio e gera\u00e7\u00e3o de v\u00eddeo, oferecendo um conjunto completo de recursos para criadores de conte\u00fado que buscam aprimorar suas produ\u00e7\u00f5es.<\/p>\n\n\n\n<h2 class=\"wp-block-heading\"><strong>Quais s\u00e3o as expectativas para o futuro das ferramentas da Adobe?<\/strong><\/h2>\n\n\n\n<p>Com essas inova\u00e7\u00f5es, a Adobe refor\u00e7a seu compromisso em expandir as capacidades criativas dos profissionais por meio da intelig\u00eancia artificial. As novas funcionalidades n\u00e3o apenas otimizam o fluxo de trabalho, mas tamb\u00e9m abrem novas possibilidades para a cria\u00e7\u00e3o de conte\u00fado visual e audiovisual. \u00c0 medida que a tecnologia avan\u00e7a, espera-se que a Adobe continue a integrar solu\u00e7\u00f5es de IA em seus produtos, oferecendo ferramentas cada vez mais poderosas e acess\u00edveis para seus usu\u00e1rios.<\/p>\n","protected":false},"excerpt":{"rendered":"<p>A confer\u00eancia Adobe MAX London revelou inova\u00e7\u00f5es baseadas em IA para os produtos da Adobe. Do Photoshop ao Premiere Pro, as atualiza\u00e7\u00f5es.<\/p>\n","protected":false},"author":3,"featured_media":29597,"comment_status":"open","ping_status":"open","sticky":false,"template":"","format":"standard","meta":{"_yoast_wpseo_focuskw":"Adobe MAX London","_yoast_wpseo_title":"%%title%%","_yoast_wpseo_metadesc":"A confer\u00eancia Adobe MAX London revelou inova\u00e7\u00f5es baseadas em IA para os produtos da Adobe. Do Photoshop ao Premiere Pro, as atualiza\u00e7\u00f5es.","jnews-multi-image_gallery":[],"jnews_single_post":{"format":"standard"},"jnews_primary_category":[],"jnews_social_meta":[],"jnews_override_counter":[],"footnotes":""},"categories":[115],"post_tag":[3962,1268,114],"class_list":["post-29596","post","type-post","status-publish","format-standard","has-post-thumbnail","hentry","category-tecnologia","tag-adode","tag-photoshop","tag-tecnologia"],"yoast_head":"<!-- This site is optimized with the Yoast SEO plugin v24.6 - https:\/\/yoast.com\/wordpress\/plugins\/seo\/ -->\n<title>Adobe anuncia importantes mudan\u00e7as para quem usa o Photoshop<\/title>\n<meta name=\"description\" content=\"A confer\u00eancia Adobe MAX London revelou inova\u00e7\u00f5es baseadas em IA para os produtos da Adobe. Do Photoshop ao Premiere Pro, as atualiza\u00e7\u00f5es.\" \/>\n<meta name=\"robots\" content=\"index, follow, max-snippet:-1, max-image-preview:large, max-video-preview:-1\" \/>\n<link rel=\"canonical\" href=\"https:\/\/www.correiobraziliense.com.br\/cbradar\/adobe-anuncia-importantes-mudancas-para-quem-usa-o-photoshop\/\" \/>\n<meta property=\"og:locale\" content=\"pt_BR\" \/>\n<meta property=\"og:type\" content=\"article\" \/>\n<meta property=\"og:title\" content=\"Adobe anuncia importantes mudan\u00e7as para quem usa o Photoshop\" \/>\n<meta property=\"og:description\" content=\"A confer\u00eancia Adobe MAX London revelou inova\u00e7\u00f5es baseadas em IA para os produtos da Adobe. Do Photoshop ao Premiere Pro, as atualiza\u00e7\u00f5es.\" \/>\n<meta property=\"og:url\" content=\"https:\/\/www.correiobraziliense.com.br\/cbradar\/adobe-anuncia-importantes-mudancas-para-quem-usa-o-photoshop\/\" \/>\n<meta property=\"og:site_name\" content=\"Correio Braziliense - Radar\" \/>\n<meta property=\"article:published_time\" content=\"2025-04-30T01:30:00+00:00\" \/>\n<meta property=\"og:image\" content=\"https:\/\/www.correiobraziliense.com.br\/cbradar\/wp-content\/uploads\/2025\/04\/Adobe_1745852376965.jpg\" \/>\n\t<meta property=\"og:image:width\" content=\"1279\" \/>\n\t<meta property=\"og:image:height\" content=\"720\" \/>\n\t<meta property=\"og:image:type\" content=\"image\/jpeg\" \/>\n<meta name=\"author\" content=\"Larissa Carvalho\" \/>\n<meta name=\"twitter:card\" content=\"summary_large_image\" \/>\n<meta name=\"twitter:label1\" content=\"Escrito por\" \/>\n\t<meta name=\"twitter:data1\" content=\"Larissa Carvalho\" \/>\n\t<meta name=\"twitter:label2\" content=\"Est. tempo de leitura\" \/>\n\t<meta name=\"twitter:data2\" content=\"4 minutos\" \/>\n<!-- \/ Yoast SEO plugin. -->","yoast_head_json":{"title":"Adobe anuncia importantes mudan\u00e7as para quem usa o Photoshop","description":"A confer\u00eancia Adobe MAX London revelou inova\u00e7\u00f5es baseadas em IA para os produtos da Adobe. Do Photoshop ao Premiere Pro, as atualiza\u00e7\u00f5es.","robots":{"index":"index","follow":"follow","max-snippet":"max-snippet:-1","max-image-preview":"max-image-preview:large","max-video-preview":"max-video-preview:-1"},"canonical":"https:\/\/www.correiobraziliense.com.br\/cbradar\/adobe-anuncia-importantes-mudancas-para-quem-usa-o-photoshop\/","og_locale":"pt_BR","og_type":"article","og_title":"Adobe anuncia importantes mudan\u00e7as para quem usa o Photoshop","og_description":"A confer\u00eancia Adobe MAX London revelou inova\u00e7\u00f5es baseadas em IA para os produtos da Adobe. Do Photoshop ao Premiere Pro, as atualiza\u00e7\u00f5es.","og_url":"https:\/\/www.correiobraziliense.com.br\/cbradar\/adobe-anuncia-importantes-mudancas-para-quem-usa-o-photoshop\/","og_site_name":"Correio Braziliense - Radar","article_published_time":"2025-04-30T01:30:00+00:00","og_image":[{"width":1279,"height":720,"url":"https:\/\/www.correiobraziliense.com.br\/cbradar\/wp-content\/uploads\/2025\/04\/Adobe_1745852376965.jpg","type":"image\/jpeg"}],"author":"Larissa Carvalho","twitter_card":"summary_large_image","twitter_misc":{"Escrito por":"Larissa Carvalho","Est. tempo de leitura":"4 minutos"},"schema":{"@context":"https:\/\/schema.org","@graph":[{"@type":"WebPage","@id":"https:\/\/www.correiobraziliense.com.br\/cbradar\/adobe-anuncia-importantes-mudancas-para-quem-usa-o-photoshop\/","url":"https:\/\/www.correiobraziliense.com.br\/cbradar\/adobe-anuncia-importantes-mudancas-para-quem-usa-o-photoshop\/","name":"Adobe anuncia importantes mudan\u00e7as para quem usa o Photoshop","isPartOf":{"@id":"https:\/\/www.correiobraziliense.com.br\/cbradar\/#website"},"primaryImageOfPage":{"@id":"https:\/\/www.correiobraziliense.com.br\/cbradar\/adobe-anuncia-importantes-mudancas-para-quem-usa-o-photoshop\/#primaryimage"},"image":{"@id":"https:\/\/www.correiobraziliense.com.br\/cbradar\/adobe-anuncia-importantes-mudancas-para-quem-usa-o-photoshop\/#primaryimage"},"thumbnailUrl":"https:\/\/www.correiobraziliense.com.br\/cbradar\/wp-content\/uploads\/2025\/04\/Adobe_1745852376965.jpg","datePublished":"2025-04-30T01:30:00+00:00","author":{"@id":"https:\/\/www.correiobraziliense.com.br\/cbradar\/#\/schema\/person\/58422787644df994b53a19d3e56c1513"},"description":"A confer\u00eancia Adobe MAX London revelou inova\u00e7\u00f5es baseadas em IA para os produtos da Adobe. Do Photoshop ao Premiere Pro, as atualiza\u00e7\u00f5es.","breadcrumb":{"@id":"https:\/\/www.correiobraziliense.com.br\/cbradar\/adobe-anuncia-importantes-mudancas-para-quem-usa-o-photoshop\/#breadcrumb"},"inLanguage":"pt-BR","potentialAction":[{"@type":"ReadAction","target":["https:\/\/www.correiobraziliense.com.br\/cbradar\/adobe-anuncia-importantes-mudancas-para-quem-usa-o-photoshop\/"]}]},{"@type":"ImageObject","inLanguage":"pt-BR","@id":"https:\/\/www.correiobraziliense.com.br\/cbradar\/adobe-anuncia-importantes-mudancas-para-quem-usa-o-photoshop\/#primaryimage","url":"https:\/\/www.correiobraziliense.com.br\/cbradar\/wp-content\/uploads\/2025\/04\/Adobe_1745852376965.jpg","contentUrl":"https:\/\/www.correiobraziliense.com.br\/cbradar\/wp-content\/uploads\/2025\/04\/Adobe_1745852376965.jpg","width":1279,"height":720,"caption":"Adobe.Cr\u00e9ditos: depositphotos.com \/ askarimullin"},{"@type":"BreadcrumbList","@id":"https:\/\/www.correiobraziliense.com.br\/cbradar\/adobe-anuncia-importantes-mudancas-para-quem-usa-o-photoshop\/#breadcrumb","itemListElement":[{"@type":"ListItem","position":1,"name":"In\u00edcio","item":"https:\/\/www.correiobraziliense.com.br\/cbradar\/"},{"@type":"ListItem","position":2,"name":"Adobe anuncia importantes mudan\u00e7as para quem usa o Photoshop"}]},{"@type":"WebSite","@id":"https:\/\/www.correiobraziliense.com.br\/cbradar\/#website","url":"https:\/\/www.correiobraziliense.com.br\/cbradar\/","name":"Correio Braziliense - Radar","description":"Acompanhe as \u00faltimas not\u00edcias e fique bem informado sobre tudo o que acontece no Brasil e no mundo.","potentialAction":[{"@type":"SearchAction","target":{"@type":"EntryPoint","urlTemplate":"https:\/\/www.correiobraziliense.com.br\/cbradar\/?s={search_term_string}"},"query-input":{"@type":"PropertyValueSpecification","valueRequired":true,"valueName":"search_term_string"}}],"inLanguage":"pt-BR"},{"@type":"Person","@id":"https:\/\/www.correiobraziliense.com.br\/cbradar\/#\/schema\/person\/58422787644df994b53a19d3e56c1513","name":"Larissa Carvalho","image":{"@type":"ImageObject","inLanguage":"pt-BR","@id":"https:\/\/www.correiobraziliense.com.br\/cbradar\/#\/schema\/person\/image\/","url":"https:\/\/secure.gravatar.com\/avatar\/fe4f91a0de32b52a838d0d612abdc1aa?s=96&d=mm&r=g","contentUrl":"https:\/\/secure.gravatar.com\/avatar\/fe4f91a0de32b52a838d0d612abdc1aa?s=96&d=mm&r=g","caption":"Larissa Carvalho"},"url":"https:\/\/www.correiobraziliense.com.br\/cbradar\/author\/larissamyth\/"}]}},"_links":{"self":[{"href":"https:\/\/www.correiobraziliense.com.br\/cbradar\/wp-json\/wp\/v2\/posts\/29596","targetHints":{"allow":["GET"]}}],"collection":[{"href":"https:\/\/www.correiobraziliense.com.br\/cbradar\/wp-json\/wp\/v2\/posts"}],"about":[{"href":"https:\/\/www.correiobraziliense.com.br\/cbradar\/wp-json\/wp\/v2\/types\/post"}],"author":[{"embeddable":true,"href":"https:\/\/www.correiobraziliense.com.br\/cbradar\/wp-json\/wp\/v2\/users\/3"}],"replies":[{"embeddable":true,"href":"https:\/\/www.correiobraziliense.com.br\/cbradar\/wp-json\/wp\/v2\/comments?post=29596"}],"version-history":[{"count":2,"href":"https:\/\/www.correiobraziliense.com.br\/cbradar\/wp-json\/wp\/v2\/posts\/29596\/revisions"}],"predecessor-version":[{"id":29757,"href":"https:\/\/www.correiobraziliense.com.br\/cbradar\/wp-json\/wp\/v2\/posts\/29596\/revisions\/29757"}],"wp:featuredmedia":[{"embeddable":true,"href":"https:\/\/www.correiobraziliense.com.br\/cbradar\/wp-json\/wp\/v2\/media\/29597"}],"wp:attachment":[{"href":"https:\/\/www.correiobraziliense.com.br\/cbradar\/wp-json\/wp\/v2\/media?parent=29596"}],"wp:term":[{"taxonomy":"category","embeddable":true,"href":"https:\/\/www.correiobraziliense.com.br\/cbradar\/wp-json\/wp\/v2\/categories?post=29596"},{"taxonomy":"post_tag","embeddable":true,"href":"https:\/\/www.correiobraziliense.com.br\/cbradar\/wp-json\/wp\/v2\/post_tag?post=29596"}],"curies":[{"name":"wp","href":"https:\/\/api.w.org\/{rel}","templated":true}]}}