{"id":29611,"date":"2025-05-04T10:23:00","date_gmt":"2025-05-04T13:23:00","guid":{"rendered":"https:\/\/www.correiobraziliense.com.br\/cbradar\/?p=29611"},"modified":"2025-05-05T20:25:18","modified_gmt":"2025-05-05T23:25:18","slug":"a-planta-que-tem-uma-raiz-milagrosa-capas-de-te-acalmar-e-aliviar-a-insonia","status":"publish","type":"post","link":"https:\/\/www.correiobraziliense.com.br\/cbradar\/a-planta-que-tem-uma-raiz-milagrosa-capas-de-te-acalmar-e-aliviar-a-insonia\/","title":{"rendered":"A planta que tem uma raiz milagrosa capaz de te acalmar e aliviar a ins\u00f4nia"},"content":{"rendered":"\n<p>A <strong><a href=\"https:\/\/pt.wikipedia.org\/wiki\/Valeriana\" target=\"_blank\" rel=\"noreferrer noopener\">Valeriana<\/a><\/strong>, nome cient\u00edfico <em>Valeriana officinalis<\/em>, \u00e9 uma planta cuja raiz \u00e9 tradicionalmente usada por suas propriedades <strong>calmantes<\/strong> e <strong>sedativas suaves<\/strong>. H\u00e1 s\u00e9culos, ela \u00e9 popular para <strong>aliviar a ins\u00f4nia leve<\/strong> e o <strong>estresse<\/strong>, sendo considerada por muitos um <strong>sedativo natural<\/strong>. Acredita-se que seus efeitos estejam ligados a compostos como o <strong>\u00e1cido valer\u00eanico<\/strong>, que podem influenciar a atividade do neurotransmissor <strong>GABA<\/strong>, associado ao relaxamento e \u00e0 redu\u00e7\u00e3o da excitabilidade nervosa.<\/p>\n\n\n\n<p>Este guia explora os potenciais <strong>benef\u00edcios<\/strong> da <strong>Valeriana<\/strong> para o <strong>sono<\/strong> e outras \u00e1reas relacionadas ao relaxamento.<\/p>\n\n\n\n<p><strong>AVISO IMPORTANTE:<\/strong> As informa\u00e7\u00f5es aqui s\u00e3o sobre os <strong>benef\u00edcios potenciais<\/strong> da <strong>Valeriana<\/strong> para <strong>ins\u00f4nia leve e ocasional<\/strong> ou <strong>estresse\/ansiedade leve<\/strong>. <strong>N\u00c3O substituem<\/strong> o <strong>diagn\u00f3stico<\/strong>, <strong>tratamento<\/strong> ou <strong>orienta\u00e7\u00e3o profissional<\/strong>. <strong>Ins\u00f4nia cr\u00f4nica<\/strong>, <strong>ansiedade severa<\/strong>, <strong>depress\u00e3o<\/strong> ou outros problemas de <strong><a href=\"https:\/\/www.correiobraziliense.com.br\/cbradar\/quem-sofre-de-apneia-do-sono-pode-amenizar-os-sintomas-seguindo-essas-dicas\/\" target=\"_blank\" rel=\"noreferrer noopener\">sa\u00fade <\/a>mental<\/strong>, ou problemas m\u00e9dicos que afetam o sono, <strong>requerem avalia\u00e7\u00e3o m\u00e9dica ou psicol\u00f3gica<\/strong>. A <strong>Valeriana<\/strong> pode causar <strong>sonol\u00eancia<\/strong> e interagir com <strong>medicamentos<\/strong>.<\/p>\n\n\n\n<h2 class=\"wp-block-heading\">Benef\u00edcios potenciais da valeriana<\/h2>\n\n\n<div class=\"wp-block-image\">\n<figure class=\"aligncenter size-large\"><img decoding=\"async\" width=\"1024\" height=\"576\" src=\"https:\/\/www.correiobraziliense.com.br\/cbradar\/wp-content\/uploads\/2025\/04\/Valeriana_1745864563643-1024x576.jpg\" alt=\"A planta que tem uma raiz milagrosa capas de te acalmar e aliviar a ins\u00f4nia\" class=\"wp-image-29730\" srcset=\"https:\/\/www.correiobraziliense.com.br\/cbradar\/wp-content\/uploads\/2025\/04\/Valeriana_1745864563643-1024x576.jpg 1024w, https:\/\/www.correiobraziliense.com.br\/cbradar\/wp-content\/uploads\/2025\/04\/Valeriana_1745864563643-300x169.jpg 300w, https:\/\/www.correiobraziliense.com.br\/cbradar\/wp-content\/uploads\/2025\/04\/Valeriana_1745864563643-768x432.jpg 768w, https:\/\/www.correiobraziliense.com.br\/cbradar\/wp-content\/uploads\/2025\/04\/Valeriana_1745864563643-750x422.jpg 750w, https:\/\/www.correiobraziliense.com.br\/cbradar\/wp-content\/uploads\/2025\/04\/Valeriana_1745864563643-1140x641.jpg 1140w, https:\/\/www.correiobraziliense.com.br\/cbradar\/wp-content\/uploads\/2025\/04\/Valeriana_1745864563643.jpg 1280w\" sizes=\"(max-width: 1024px) 100vw, 1024px\" \/><figcaption class=\"wp-element-caption\">Valeriana &#8211; Cr\u00e9ditos: depositphotos.com \/ mylasa<\/figcaption><\/figure><\/div>\n\n\n<p>Os potenciais <strong>benef\u00edcios<\/strong> da <strong>Valeriana<\/strong> incluem:<\/p>\n\n\n\n<ol class=\"wp-block-list\">\n<li><strong>Melhora da Qualidade do Sono:<\/strong> O uso mais estudado. A <strong>Valeriana<\/strong> <strong>pode ajudar a reduzir o tempo necess\u00e1rio para adormecer<\/strong> e <strong>melhorar a qualidade geral do sono<\/strong> em pessoas com <strong>ins\u00f4nia leve<\/strong>. Os efeitos podem levar alguns dias ou semanas para serem notados.<\/li>\n\n\n\n<li><strong>Pode Reduzir a Ansiedade Leve:<\/strong> Pelas suas propriedades <strong>calmantes<\/strong>, a <strong>Valeriana<\/strong> <strong>pode ajudar a aliviar sintomas leves de ansiedade<\/strong> e <strong>nervosismo<\/strong>.<\/li>\n\n\n\n<li><strong>Ajuda a Aliviar o Estresse:<\/strong> Relacionado ao efeito <strong>relaxante<\/strong> e <strong>ansiol\u00edtico<\/strong> suave, pode ajudar a <strong>reduzir a tens\u00e3o<\/strong> associada ao <strong>estresse<\/strong>.<\/li>\n\n\n\n<li><strong>Pode Reduzir a Inquieta\u00e7\u00e3o:<\/strong> O efeito <strong>calmante<\/strong> pode ajudar a <strong>reduzir a agita\u00e7\u00e3o<\/strong> e a dificuldade em relaxar.<\/li>\n\n\n\n<li><strong>Pode Aliviar Dores de Cabe\u00e7a Tensionais:<\/strong> O <strong>relaxamento muscular<\/strong> induzido pela <strong>Valeriana<\/strong> pode <strong>aliviar dores de cabe\u00e7a tensionais<\/strong> leves associadas \u00e0 <strong>tens\u00e3o<\/strong>.<\/li>\n\n\n\n<li><strong>Pode Ajudar a Reduzir Sintomas de TPM (Potencial):<\/strong> Alguns estudos preliminares sugerem que a <strong>Valeriana<\/strong>, possivelmente combinada com outras ervas, pode ajudar a <strong>reduzir a ansiedade<\/strong> e a <strong>irritabilidade<\/strong> associadas \u00e0 TPM.<\/li>\n\n\n\n<li><strong>Pode Ajudar na Digest\u00e3o Relacionada ao Estresse:<\/strong> Ao <strong>reduzir o estresse<\/strong> e promover o <strong>relaxamento<\/strong>, a <strong>Valeriana<\/strong> pode indiretamente ajudar a <strong>aliviar desconfortos digestivos<\/strong> relacionados a estados de <strong>tens\u00e3o<\/strong>.<\/li>\n<\/ol>\n\n\n\n<h2 class=\"wp-block-heading\">Como usar valeriana<\/h2>\n\n\n\n<p>A <strong>Valeriana<\/strong> est\u00e1 dispon\u00edvel em diversas formas. \u00c9 importante seguir as recomenda\u00e7\u00f5es de uso e <strong>sempre consultar um profissional de sa\u00fade<\/strong> para determinar a dose adequada e a seguran\u00e7a.<\/p>\n\n\n\n<ul class=\"wp-block-list\">\n<li><strong>Ch\u00e1:<\/strong> Use a raiz seca (1-2 colheres de ch\u00e1) para 1 x\u00edcara de <strong>\u00e1gua fria<\/strong>, deixe em infus\u00e3o por 8-12 horas (infus\u00e3o a frio) ou use <strong>\u00e1gua quente<\/strong> (n\u00e3o fervente) e deixe em infus\u00e3o por 10-15 minutos. O <strong>ch\u00e1<\/strong> tem um sabor forte e amargo.<\/li>\n\n\n\n<li><strong>C\u00e1psulas ou Tintura:<\/strong> Frequentemente cont\u00eam extratos padronizados. <strong>Use APENAS sob orienta\u00e7\u00e3o de um m\u00e9dico, farmac\u00eautico ou profissional de sa\u00fade<\/strong> qualificado, seguindo a dosagem recomendada no produto ou pelo profissional.<\/li>\n<\/ul>\n\n\n\n<h2 class=\"wp-block-heading\">Precau\u00e7\u00f5es, efeitos colaterais e intera\u00e7\u00f5es<\/h2>\n\n\n\n<p>A <strong>Valeriana<\/strong> \u00e9 geralmente segura para uso de <strong>curto prazo<\/strong> em adultos.<\/p>\n\n\n\n<ul class=\"wp-block-list\">\n<li><strong>Efeitos Colaterais:<\/strong> Pode causar <strong>sonol\u00eancia diurna<\/strong>, <strong>tontura<\/strong>, <strong>desconforto digestivo<\/strong> leve, <strong>dores de cabe\u00e7a<\/strong> ou <strong>agita\u00e7\u00e3o<\/strong> em algumas pessoas.<\/li>\n\n\n\n<li><strong>Sonol\u00eancia:<\/strong> <strong>N\u00c3O dirija ou opere m\u00e1quinas pesadas<\/strong> ap\u00f3s usar <strong>Valeriana<\/strong> at\u00e9 saber como ela afeta voc\u00ea.<\/li>\n\n\n\n<li><strong>Contraindica\u00e7\u00f5es:<\/strong> <strong>N\u00c3O use<\/strong> durante a <strong>gravidez<\/strong>, <strong>amamenta\u00e7\u00e3o<\/strong> ou em <strong>crian\u00e7as pequenas<\/strong> (falta de estudos de seguran\u00e7a). Evite se tiver <strong>problemas hep\u00e1ticos<\/strong> ou estiver se recuperando de cirurgia.<\/li>\n\n\n\n<li><strong>Intera\u00e7\u00f5es Medicamentosas:<\/strong> A <strong>Valeriana<\/strong> <strong>pode aumentar o efeito sedativo<\/strong> de <strong>sedativos<\/strong>, <strong>ansiol\u00edticos<\/strong>, <strong>antidepressivos<\/strong>, <strong>\u00e1lcool<\/strong> e outros <strong>medicamentos<\/strong> que causam sonol\u00eancia. <strong>Pode interagir com medicamentos<\/strong> metabolizados pelo <strong>f\u00edgado<\/strong>. <strong>SEMPRE informe seu m\u00e9dico ou farmac\u00eautico<\/strong> sobre o uso de <strong>Valeriana<\/strong> se tomar qualquer <strong>medicamento<\/strong> ou tiver <strong>condi\u00e7\u00f5es de sa\u00fade<\/strong>.<\/li>\n<\/ul>\n\n\n\n<h2 class=\"wp-block-heading\">Quando buscar ajuda profissional para problemas de sono ou ansiedade<\/h2>\n\n\n\n<p>Se sua <strong>ins\u00f4nia<\/strong> for <strong>cr\u00f4nica<\/strong> (mais de 3 noites por semana por 3+ meses), se sua <strong>ansiedade<\/strong> for <strong>severa<\/strong> ou interferir na sua vida, se tiver <strong>ataques de p\u00e2nico<\/strong>, se suspeitar de <strong>apneia do sono<\/strong> ou outros dist\u00farbios do sono, se tiver <strong>sintomas de depress\u00e3o<\/strong>, ou se a <strong>Valeriana<\/strong> n\u00e3o ajudar ap\u00f3s algumas semanas de uso regular para <strong>ins\u00f4nia leve<\/strong>, <strong>busque avalia\u00e7\u00e3o de um m\u00e9dico<\/strong>, <strong>psic\u00f3logo<\/strong> ou <strong>especialista do sono<\/strong>. <strong>Problemas de sono<\/strong> e <strong>sa\u00fade mental<\/strong> requerem <strong>diagn\u00f3stico e tratamento profissional<\/strong>.<\/p>\n\n\n\n<h2 class=\"wp-block-heading\">Perguntas frequentes sobre valeriana<\/h2>\n\n\n\n<blockquote class=\"instagram-media\" data-instgrm-captioned data-instgrm-permalink=\"https:\/\/www.instagram.com\/reel\/DCY9gVIBaiB\/?utm_source=ig_embed&amp;utm_campaign=loading\" data-instgrm-version=\"14\" style=\" background:#FFF; border:0; border-radius:3px; box-shadow:0 0 1px 0 rgba(0,0,0,0.5),0 1px 10px 0 rgba(0,0,0,0.15); margin: 1px; max-width:540px; min-width:326px; padding:0; width:99.375%; width:-webkit-calc(100% - 2px); width:calc(100% - 2px);\"><div style=\"padding:16px;\"> <a href=\"https:\/\/www.instagram.com\/reel\/DCY9gVIBaiB\/?utm_source=ig_embed&amp;utm_campaign=loading\" style=\" background:#FFFFFF; line-height:0; padding:0 0; text-align:center; text-decoration:none; width:100%;\" target=\"_blank\"> <div style=\" display: flex; flex-direction: row; align-items: center;\"> <div style=\"background-color: #F4F4F4; border-radius: 50%; flex-grow: 0; height: 40px; margin-right: 14px; width: 40px;\"><\/div> <div style=\"display: flex; flex-direction: column; flex-grow: 1; justify-content: center;\"> <div style=\" background-color: #F4F4F4; border-radius: 4px; flex-grow: 0; height: 14px; margin-bottom: 6px; width: 100px;\"><\/div> <div style=\" background-color: #F4F4F4; border-radius: 4px; flex-grow: 0; height: 14px; width: 60px;\"><\/div><\/div><\/div><div style=\"padding: 19% 0;\"><\/div> <div style=\"display:block; height:50px; margin:0 auto 12px; width:50px;\"><svg width=\"50px\" height=\"50px\" viewBox=\"0 0 60 60\" version=\"1.1\" xmlns=\"https:\/\/www.w3.org\/2000\/svg\" xmlns:xlink=\"https:\/\/www.w3.org\/1999\/xlink\"><g stroke=\"none\" stroke-width=\"1\" fill=\"none\" fill-rule=\"evenodd\"><g transform=\"translate(-511.000000, -20.000000)\" fill=\"#000000\"><g><path d=\"M556.869,30.41 C554.814,30.41 553.148,32.076 553.148,34.131 C553.148,36.186 554.814,37.852 556.869,37.852 C558.924,37.852 560.59,36.186 560.59,34.131 C560.59,32.076 558.924,30.41 556.869,30.41 M541,60.657 C535.114,60.657 530.342,55.887 530.342,50 C530.342,44.114 535.114,39.342 541,39.342 C546.887,39.342 551.658,44.114 551.658,50 C551.658,55.887 546.887,60.657 541,60.657 M541,33.886 C532.1,33.886 524.886,41.1 524.886,50 C524.886,58.899 532.1,66.113 541,66.113 C549.9,66.113 557.115,58.899 557.115,50 C557.115,41.1 549.9,33.886 541,33.886 M565.378,62.101 C565.244,65.022 564.756,66.606 564.346,67.663 C563.803,69.06 563.154,70.057 562.106,71.106 C561.058,72.155 560.06,72.803 558.662,73.347 C557.607,73.757 556.021,74.244 553.102,74.378 C549.944,74.521 548.997,74.552 541,74.552 C533.003,74.552 532.056,74.521 528.898,74.378 C525.979,74.244 524.393,73.757 523.338,73.347 C521.94,72.803 520.942,72.155 519.894,71.106 C518.846,70.057 518.197,69.06 517.654,67.663 C517.244,66.606 516.755,65.022 516.623,62.101 C516.479,58.943 516.448,57.996 516.448,50 C516.448,42.003 516.479,41.056 516.623,37.899 C516.755,34.978 517.244,33.391 517.654,32.338 C518.197,30.938 518.846,29.942 519.894,28.894 C520.942,27.846 521.94,27.196 523.338,26.654 C524.393,26.244 525.979,25.756 528.898,25.623 C532.057,25.479 533.004,25.448 541,25.448 C548.997,25.448 549.943,25.479 553.102,25.623 C556.021,25.756 557.607,26.244 558.662,26.654 C560.06,27.196 561.058,27.846 562.106,28.894 C563.154,29.942 563.803,30.938 564.346,32.338 C564.756,33.391 565.244,34.978 565.378,37.899 C565.522,41.056 565.552,42.003 565.552,50 C565.552,57.996 565.522,58.943 565.378,62.101 M570.82,37.631 C570.674,34.438 570.167,32.258 569.425,30.349 C568.659,28.377 567.633,26.702 565.965,25.035 C564.297,23.368 562.623,22.342 560.652,21.575 C558.743,20.834 556.562,20.326 553.369,20.18 C550.169,20.033 549.148,20 541,20 C532.853,20 531.831,20.033 528.631,20.18 C525.438,20.326 523.257,20.834 521.349,21.575 C519.376,22.342 517.703,23.368 516.035,25.035 C514.368,26.702 513.342,28.377 512.574,30.349 C511.834,32.258 511.326,34.438 511.181,37.631 C511.035,40.831 511,41.851 511,50 C511,58.147 511.035,59.17 511.181,62.369 C511.326,65.562 511.834,67.743 512.574,69.651 C513.342,71.625 514.368,73.296 516.035,74.965 C517.703,76.634 519.376,77.658 521.349,78.425 C523.257,79.167 525.438,79.673 528.631,79.82 C531.831,79.965 532.853,80.001 541,80.001 C549.148,80.001 550.169,79.965 553.369,79.82 C556.562,79.673 558.743,79.167 560.652,78.425 C562.623,77.658 564.297,76.634 565.965,74.965 C567.633,73.296 568.659,71.625 569.425,69.651 C570.167,67.743 570.674,65.562 570.82,62.369 C570.966,59.17 571,58.147 571,50 C571,41.851 570.966,40.831 570.82,37.631\"><\/path><\/g><\/g><\/g><\/svg><\/div><div style=\"padding-top: 8px;\"> <div style=\" color:#3897f0; font-family:Arial,sans-serif; font-size:14px; font-style:normal; font-weight:550; line-height:18px;\">Ver essa foto no Instagram<\/div><\/div><div style=\"padding: 12.5% 0;\"><\/div> <div style=\"display: flex; flex-direction: row; margin-bottom: 14px; align-items: center;\"><div> <div style=\"background-color: #F4F4F4; border-radius: 50%; height: 12.5px; width: 12.5px; transform: translateX(0px) translateY(7px);\"><\/div> <div style=\"background-color: #F4F4F4; height: 12.5px; transform: rotate(-45deg) translateX(3px) translateY(1px); width: 12.5px; flex-grow: 0; margin-right: 14px; margin-left: 2px;\"><\/div> <div style=\"background-color: #F4F4F4; border-radius: 50%; height: 12.5px; width: 12.5px; transform: translateX(9px) translateY(-18px);\"><\/div><\/div><div style=\"margin-left: 8px;\"> <div style=\" background-color: #F4F4F4; border-radius: 50%; flex-grow: 0; height: 20px; width: 20px;\"><\/div> <div style=\" width: 0; height: 0; border-top: 2px solid transparent; border-left: 6px solid #f4f4f4; border-bottom: 2px solid transparent; transform: translateX(16px) translateY(-4px) rotate(30deg)\"><\/div><\/div><div style=\"margin-left: auto;\"> <div style=\" width: 0px; border-top: 8px solid #F4F4F4; border-right: 8px solid transparent; transform: translateY(16px);\"><\/div> <div style=\" background-color: #F4F4F4; flex-grow: 0; height: 12px; width: 16px; transform: translateY(-4px);\"><\/div> <div style=\" width: 0; height: 0; border-top: 8px solid #F4F4F4; border-left: 8px solid transparent; transform: translateY(-4px) translateX(8px);\"><\/div><\/div><\/div> <div style=\"display: flex; flex-direction: column; flex-grow: 1; justify-content: center; margin-bottom: 24px;\"> <div style=\" background-color: #F4F4F4; border-radius: 4px; flex-grow: 0; height: 14px; margin-bottom: 6px; width: 224px;\"><\/div> <div style=\" background-color: #F4F4F4; border-radius: 4px; flex-grow: 0; height: 14px; width: 144px;\"><\/div><\/div><\/a><p style=\" color:#c9c8cd; font-family:Arial,sans-serif; font-size:14px; line-height:17px; margin-bottom:0; margin-top:8px; overflow:hidden; padding:8px 0 7px; text-align:center; text-overflow:ellipsis; white-space:nowrap;\"><a href=\"https:\/\/www.instagram.com\/reel\/DCY9gVIBaiB\/?utm_source=ig_embed&amp;utm_campaign=loading\" style=\" color:#c9c8cd; font-family:Arial,sans-serif; font-size:14px; font-style:normal; font-weight:normal; line-height:17px; text-decoration:none;\" target=\"_blank\">Uma publica\u00e7\u00e3o compartilhada por Joele Ler\u00edpio | Ginecologista (@drajoeleleripio_menopausa)<\/a><\/p><\/div><\/blockquote>\n<script async src=\"\/\/www.instagram.com\/embed.js\"><\/script>\n\n\n\n<h3 class=\"wp-block-heading\">Valeriana causa depend\u00eancia?<\/h3>\n\n\n\n<p>A <strong>Valeriana<\/strong> <strong>n\u00e3o \u00e9 considerada viciante<\/strong> da mesma forma que alguns medicamentos sedativos. No entanto, o uso <strong>prolongado<\/strong> pode levar a sintomas leves ao parar, e a cren\u00e7a na necessidade da erva para dormir pode criar uma <strong>depend\u00eancia psicol\u00f3gica<\/strong>. <strong>Consulte um profissional<\/strong> para uso a longo prazo.<\/p>\n\n\n\n<h3 class=\"wp-block-heading\">Quanta Valeriana devo usar?<\/h3>\n\n\n\n<p>A dose varia pela forma (ch\u00e1, c\u00e1psula, tintura) e objetivo. Para <strong>c\u00e1psulas\/tintura<\/strong>, <strong>SEMPRE siga a dosagem recomendada no produto ou pelo seu m\u00e9dico\/farmac\u00eautico<\/strong>. Para <strong>ch\u00e1<\/strong>, use a quantidade de raiz seca indicada no preparo padr\u00e3o.<\/p>\n\n\n\n<h3 class=\"wp-block-heading\">Valeriana interage com \u00e1lcool ou calmantes?<\/h3>\n\n\n\n<p><strong>SIM, interage SIGNIFICATIVAMENTE<\/strong>. A <strong>Valeriana<\/strong> <strong>pode aumentar o efeito sedativo<\/strong> do <strong>\u00e1lcool<\/strong>, <strong>sedativos<\/strong>, <strong>ansiol\u00edticos<\/strong> e <strong>antidepressivos<\/strong>, causando <strong>sonol\u00eancia perigosa<\/strong>, <strong>tontura<\/strong> e <strong>confus\u00e3o<\/strong>. <strong>NUNCA combine sem orienta\u00e7\u00e3o m\u00e9dica expressa<\/strong>.<\/p>\n\n\n\n<h3 class=\"wp-block-heading\">Gr\u00e1vidas podem usar Valeriana?<\/h3>\n\n\n\n<p><strong>N\u00c3O recomendado<\/strong> durante a <strong>gravidez<\/strong> e amamenta\u00e7\u00e3o devido \u00e0 falta de estudos de seguran\u00e7a. <strong>Consulte sempre seu m\u00e9dico<\/strong>.<\/p>\n\n\n\n<h3 class=\"wp-block-heading\">Valeriana funciona na primeira noite?<\/h3>\n\n\n\n<p>Os efeitos da <strong>Valeriana<\/strong> no <strong>sono<\/strong> podem ser graduais. Pode levar <strong>alguns dias ou semanas<\/strong> de uso regular para algumas pessoas notarem uma melhora significativa na <strong>ins\u00f4nia leve<\/strong>. N\u00e3o \u00e9 garantido que funcione na primeira noite.<\/p>\n","protected":false},"excerpt":{"rendered":"<p>A Valeriana, nome cient\u00edfico Valeriana officinalis, \u00e9 uma planta cuja raiz \u00e9 tradicionalmente usada por suas propriedades calmantes e sedativas suaves. H\u00e1 s\u00e9culos, ela \u00e9 popular para aliviar a ins\u00f4nia leve e o estresse, sendo considerada por muitos um sedativo natural. Acredita-se que seus efeitos estejam ligados a compostos como o \u00e1cido valer\u00eanico, que podem [&hellip;]<\/p>\n","protected":false},"author":11,"featured_media":29725,"comment_status":"open","ping_status":"open","sticky":false,"template":"","format":"standard","meta":{"_yoast_wpseo_focuskw":"planta","_yoast_wpseo_title":"","_yoast_wpseo_metadesc":"Uma planta com raiz milagrosa est\u00e1 chamando aten\u00e7\u00e3o por sua capacidade de acalmar a mente e aliviar a ins\u00f4nia naturalmente.","jnews-multi-image_gallery":[],"jnews_single_post":{"format":"standard"},"jnews_primary_category":[],"jnews_social_meta":[],"jnews_override_counter":[],"footnotes":""},"categories":[119],"tags":[120,866,565],"class_list":["post-29611","post","type-post","status-publish","format-standard","has-post-thumbnail","hentry","category-bem-estar","tag-bem-estar","tag-planta","tag-saude"],"yoast_head":"<!-- This site is optimized with the Yoast SEO plugin v24.6 - https:\/\/yoast.com\/wordpress\/plugins\/seo\/ -->\n<title>A planta que tem uma raiz milagrosa capaz de te acalmar e aliviar a ins\u00f4nia - Correio Braziliense - Radar<\/title>\n<meta name=\"description\" content=\"Uma planta com raiz milagrosa est\u00e1 chamando aten\u00e7\u00e3o por sua capacidade de acalmar a mente e aliviar a ins\u00f4nia naturalmente.\" \/>\n<meta name=\"robots\" content=\"index, follow, max-snippet:-1, max-image-preview:large, max-video-preview:-1\" \/>\n<link rel=\"canonical\" href=\"https:\/\/www.correiobraziliense.com.br\/cbradar\/a-planta-que-tem-uma-raiz-milagrosa-capas-de-te-acalmar-e-aliviar-a-insonia\/\" \/>\n<meta property=\"og:locale\" content=\"pt_BR\" \/>\n<meta property=\"og:type\" content=\"article\" \/>\n<meta property=\"og:title\" content=\"A planta que tem uma raiz milagrosa capaz de te acalmar e aliviar a ins\u00f4nia - Correio Braziliense - Radar\" \/>\n<meta property=\"og:description\" content=\"Uma planta com raiz milagrosa est\u00e1 chamando aten\u00e7\u00e3o por sua capacidade de acalmar a mente e aliviar a ins\u00f4nia naturalmente.\" \/>\n<meta property=\"og:url\" content=\"https:\/\/www.correiobraziliense.com.br\/cbradar\/a-planta-que-tem-uma-raiz-milagrosa-capas-de-te-acalmar-e-aliviar-a-insonia\/\" \/>\n<meta property=\"og:site_name\" content=\"Correio Braziliense - Radar\" \/>\n<meta property=\"article:published_time\" content=\"2025-05-04T13:23:00+00:00\" \/>\n<meta property=\"article:modified_time\" content=\"2025-05-05T23:25:18+00:00\" \/>\n<meta property=\"og:image\" content=\"https:\/\/www.correiobraziliense.com.br\/cbradar\/wp-content\/uploads\/2025\/04\/Valeriana_1745864498812.jpg\" \/>\n\t<meta property=\"og:image:width\" content=\"1280\" \/>\n\t<meta property=\"og:image:height\" content=\"720\" \/>\n\t<meta property=\"og:image:type\" content=\"image\/jpeg\" \/>\n<meta name=\"author\" content=\"Paulo Custodio\" \/>\n<meta name=\"twitter:card\" content=\"summary_large_image\" \/>\n<meta name=\"twitter:label1\" content=\"Escrito por\" \/>\n\t<meta name=\"twitter:data1\" content=\"Paulo Custodio\" \/>\n\t<meta name=\"twitter:label2\" content=\"Est. tempo de leitura\" \/>\n\t<meta name=\"twitter:data2\" content=\"6 minutos\" \/>\n<!-- \/ Yoast SEO plugin. -->","yoast_head_json":{"title":"A planta que tem uma raiz milagrosa capaz de te acalmar e aliviar a ins\u00f4nia - Correio Braziliense - Radar","description":"Uma planta com raiz milagrosa est\u00e1 chamando aten\u00e7\u00e3o por sua capacidade de acalmar a mente e aliviar a ins\u00f4nia naturalmente.","robots":{"index":"index","follow":"follow","max-snippet":"max-snippet:-1","max-image-preview":"max-image-preview:large","max-video-preview":"max-video-preview:-1"},"canonical":"https:\/\/www.correiobraziliense.com.br\/cbradar\/a-planta-que-tem-uma-raiz-milagrosa-capas-de-te-acalmar-e-aliviar-a-insonia\/","og_locale":"pt_BR","og_type":"article","og_title":"A planta que tem uma raiz milagrosa capaz de te acalmar e aliviar a ins\u00f4nia - Correio Braziliense - Radar","og_description":"Uma planta com raiz milagrosa est\u00e1 chamando aten\u00e7\u00e3o por sua capacidade de acalmar a mente e aliviar a ins\u00f4nia naturalmente.","og_url":"https:\/\/www.correiobraziliense.com.br\/cbradar\/a-planta-que-tem-uma-raiz-milagrosa-capas-de-te-acalmar-e-aliviar-a-insonia\/","og_site_name":"Correio Braziliense - Radar","article_published_time":"2025-05-04T13:23:00+00:00","article_modified_time":"2025-05-05T23:25:18+00:00","og_image":[{"width":1280,"height":720,"url":"https:\/\/www.correiobraziliense.com.br\/cbradar\/wp-content\/uploads\/2025\/04\/Valeriana_1745864498812.jpg","type":"image\/jpeg"}],"author":"Paulo Custodio","twitter_card":"summary_large_image","twitter_misc":{"Escrito por":"Paulo Custodio","Est. tempo de leitura":"6 minutos"},"schema":{"@context":"https:\/\/schema.org","@graph":[{"@type":"WebPage","@id":"https:\/\/www.correiobraziliense.com.br\/cbradar\/a-planta-que-tem-uma-raiz-milagrosa-capas-de-te-acalmar-e-aliviar-a-insonia\/","url":"https:\/\/www.correiobraziliense.com.br\/cbradar\/a-planta-que-tem-uma-raiz-milagrosa-capas-de-te-acalmar-e-aliviar-a-insonia\/","name":"A planta que tem uma raiz milagrosa capaz de te acalmar e aliviar a ins\u00f4nia - Correio Braziliense - Radar","isPartOf":{"@id":"https:\/\/www.correiobraziliense.com.br\/cbradar\/#website"},"primaryImageOfPage":{"@id":"https:\/\/www.correiobraziliense.com.br\/cbradar\/a-planta-que-tem-uma-raiz-milagrosa-capas-de-te-acalmar-e-aliviar-a-insonia\/#primaryimage"},"image":{"@id":"https:\/\/www.correiobraziliense.com.br\/cbradar\/a-planta-que-tem-uma-raiz-milagrosa-capas-de-te-acalmar-e-aliviar-a-insonia\/#primaryimage"},"thumbnailUrl":"https:\/\/www.correiobraziliense.com.br\/cbradar\/wp-content\/uploads\/2025\/04\/Valeriana_1745864498812.jpg","datePublished":"2025-05-04T13:23:00+00:00","dateModified":"2025-05-05T23:25:18+00:00","author":{"@id":"https:\/\/www.correiobraziliense.com.br\/cbradar\/#\/schema\/person\/4cec7857301a9a1a2ef249893cd908d3"},"description":"Uma planta com raiz milagrosa est\u00e1 chamando aten\u00e7\u00e3o por sua capacidade de acalmar a mente e aliviar a ins\u00f4nia naturalmente.","breadcrumb":{"@id":"https:\/\/www.correiobraziliense.com.br\/cbradar\/a-planta-que-tem-uma-raiz-milagrosa-capas-de-te-acalmar-e-aliviar-a-insonia\/#breadcrumb"},"inLanguage":"pt-BR","potentialAction":[{"@type":"ReadAction","target":["https:\/\/www.correiobraziliense.com.br\/cbradar\/a-planta-que-tem-uma-raiz-milagrosa-capas-de-te-acalmar-e-aliviar-a-insonia\/"]}]},{"@type":"ImageObject","inLanguage":"pt-BR","@id":"https:\/\/www.correiobraziliense.com.br\/cbradar\/a-planta-que-tem-uma-raiz-milagrosa-capas-de-te-acalmar-e-aliviar-a-insonia\/#primaryimage","url":"https:\/\/www.correiobraziliense.com.br\/cbradar\/wp-content\/uploads\/2025\/04\/Valeriana_1745864498812.jpg","contentUrl":"https:\/\/www.correiobraziliense.com.br\/cbradar\/wp-content\/uploads\/2025\/04\/Valeriana_1745864498812.jpg","width":1280,"height":720,"caption":"Valeriana - Cr\u00e9ditos: depositphotos.com \/ Irrmago"},{"@type":"BreadcrumbList","@id":"https:\/\/www.correiobraziliense.com.br\/cbradar\/a-planta-que-tem-uma-raiz-milagrosa-capas-de-te-acalmar-e-aliviar-a-insonia\/#breadcrumb","itemListElement":[{"@type":"ListItem","position":1,"name":"In\u00edcio","item":"https:\/\/www.correiobraziliense.com.br\/cbradar\/"},{"@type":"ListItem","position":2,"name":"A planta que tem uma raiz milagrosa capaz de te acalmar e aliviar a ins\u00f4nia"}]},{"@type":"WebSite","@id":"https:\/\/www.correiobraziliense.com.br\/cbradar\/#website","url":"https:\/\/www.correiobraziliense.com.br\/cbradar\/","name":"Correio Braziliense - Radar","description":"Acompanhe as \u00faltimas not\u00edcias e fique bem informado sobre tudo o que acontece no Brasil e no mundo.","potentialAction":[{"@type":"SearchAction","target":{"@type":"EntryPoint","urlTemplate":"https:\/\/www.correiobraziliense.com.br\/cbradar\/?s={search_term_string}"},"query-input":{"@type":"PropertyValueSpecification","valueRequired":true,"valueName":"search_term_string"}}],"inLanguage":"pt-BR"},{"@type":"Person","@id":"https:\/\/www.correiobraziliense.com.br\/cbradar\/#\/schema\/person\/4cec7857301a9a1a2ef249893cd908d3","name":"Paulo Custodio","image":{"@type":"ImageObject","inLanguage":"pt-BR","@id":"https:\/\/www.correiobraziliense.com.br\/cbradar\/#\/schema\/person\/image\/","url":"https:\/\/secure.gravatar.com\/avatar\/bcd67168d1534e8fcf4f45c726a87cea?s=96&d=mm&r=g","contentUrl":"https:\/\/secure.gravatar.com\/avatar\/bcd67168d1534e8fcf4f45c726a87cea?s=96&d=mm&r=g","caption":"Paulo Custodio"},"sameAs":["https:\/\/www.correiobraziliense.com.br\/cbradar"],"url":"https:\/\/www.correiobraziliense.com.br\/cbradar\/author\/paulomyth\/"}]}},"_links":{"self":[{"href":"https:\/\/www.correiobraziliense.com.br\/cbradar\/wp-json\/wp\/v2\/posts\/29611","targetHints":{"allow":["GET"]}}],"collection":[{"href":"https:\/\/www.correiobraziliense.com.br\/cbradar\/wp-json\/wp\/v2\/posts"}],"about":[{"href":"https:\/\/www.correiobraziliense.com.br\/cbradar\/wp-json\/wp\/v2\/types\/post"}],"author":[{"embeddable":true,"href":"https:\/\/www.correiobraziliense.com.br\/cbradar\/wp-json\/wp\/v2\/users\/11"}],"replies":[{"embeddable":true,"href":"https:\/\/www.correiobraziliense.com.br\/cbradar\/wp-json\/wp\/v2\/comments?post=29611"}],"version-history":[{"count":5,"href":"https:\/\/www.correiobraziliense.com.br\/cbradar\/wp-json\/wp\/v2\/posts\/29611\/revisions"}],"predecessor-version":[{"id":32757,"href":"https:\/\/www.correiobraziliense.com.br\/cbradar\/wp-json\/wp\/v2\/posts\/29611\/revisions\/32757"}],"wp:featuredmedia":[{"embeddable":true,"href":"https:\/\/www.correiobraziliense.com.br\/cbradar\/wp-json\/wp\/v2\/media\/29725"}],"wp:attachment":[{"href":"https:\/\/www.correiobraziliense.com.br\/cbradar\/wp-json\/wp\/v2\/media?parent=29611"}],"wp:term":[{"taxonomy":"category","embeddable":true,"href":"https:\/\/www.correiobraziliense.com.br\/cbradar\/wp-json\/wp\/v2\/categories?post=29611"},{"taxonomy":"post_tag","embeddable":true,"href":"https:\/\/www.correiobraziliense.com.br\/cbradar\/wp-json\/wp\/v2\/tags?post=29611"}],"curies":[{"name":"wp","href":"https:\/\/api.w.org\/{rel}","templated":true}]}}