{"id":29617,"date":"2025-04-29T11:23:00","date_gmt":"2025-04-29T14:23:00","guid":{"rendered":"https:\/\/www.correiobraziliense.com.br\/cbradar\/?p=29617"},"modified":"2025-04-28T15:45:58","modified_gmt":"2025-04-28T18:45:58","slug":"energia-foco-e-metabolismo-o-cha-que-te-entrega-todos-esses-beneficios","status":"publish","type":"post","link":"https:\/\/www.correiobraziliense.com.br\/cbradar\/energia-foco-e-metabolismo-o-cha-que-te-entrega-todos-esses-beneficios\/","title":{"rendered":"Energia, foco e metabolismo! O ch\u00e1 que te entrega todos esses benef\u00edcios"},"content":{"rendered":"\n<p>A <strong><a href=\"https:\/\/pt.wikipedia.org\/wiki\/Erva-mate\" target=\"_blank\" rel=\"noreferrer noopener\">Erva-Mate<\/a><\/strong> (<em>Ilex paraguariensis<\/em>) \u00e9 uma planta reverenciada na Am\u00e9rica do Sul, base de bebidas tradicionais como o <strong>chimarr\u00e3o<\/strong>, o <strong>terer\u00e9<\/strong> e o <strong>ch\u00e1 mate<\/strong>. Conhecida por seu sabor caracter\u00edstico e seus efeitos <strong>estimulantes<\/strong>, a <strong>Erva-Mate<\/strong> tem sido associada a uma s\u00e9rie de <strong>benef\u00edcios para a <a href=\"https:\/\/www.correiobraziliense.com.br\/cbradar\/quem-sofre-de-apneia-do-sono-pode-amenizar-os-sintomas-seguindo-essas-dicas\/\" target=\"_blank\" rel=\"noreferrer noopener\">sa\u00fade<\/a><\/strong>, principalmente relacionados \u00e0 <strong>energia<\/strong>, ao <strong>foco<\/strong> e ao <strong>metabolismo<\/strong>. Esses efeitos s\u00e3o largely atribu\u00eddos \u00e0 sua composi\u00e7\u00e3o qu\u00edmica, que inclui <strong>cafe\u00edna<\/strong>, teobromina e teofilina, al\u00e9m de <strong>antioxidantes<\/strong>.<\/p>\n\n\n\n<p>Este guia explora os potenciais <strong>benef\u00edcios<\/strong> do <strong>Ch\u00e1 de Erva-Mate<\/strong> e como ele pode ser incorporado \u00e0 <strong>rotina<\/strong>, sempre com aten\u00e7\u00e3o \u00e0s precau\u00e7\u00f5es importantes.<\/p>\n\n\n\n<p><strong>AVISO IMPORTANTE:<\/strong> As informa\u00e7\u00f5es aqui s\u00e3o sobre os <strong>benef\u00edcios potenciais<\/strong> do <strong>Ch\u00e1 de Erva-Mate<\/strong> como parte de uma <strong>dieta<\/strong> e <strong>estilo de vida saud\u00e1vel<\/strong>. Ele <strong>N\u00c3O cura<\/strong> doen\u00e7as e <strong>N\u00c3O substitui<\/strong> o <strong>diagn\u00f3stico<\/strong>, <strong>tratamento<\/strong> ou <strong>aconselhamento m\u00e9dico profissional<\/strong>. A <strong>Erva-Mate<\/strong> cont\u00e9m <strong>cafe\u00edna<\/strong> e pode ter efeitos e <strong>intera\u00e7\u00f5es<\/strong> importantes. Se voc\u00ea tiver <strong>condi\u00e7\u00f5es de sa\u00fade<\/strong> (cora\u00e7\u00e3o, <strong>ansiedade<\/strong>, sono, digestivas) ou tomar <strong>medicamentos<\/strong>, <strong>consulte sempre um m\u00e9dico<\/strong> ou <strong>nutricionista<\/strong> antes de usar <strong>Erva-Mate<\/strong> regularmente.<\/p>\n\n\n\n<h2 class=\"wp-block-heading\">Benef\u00edcios potenciais da erva-mate<\/h2>\n\n\n<div class=\"wp-block-image\">\n<figure class=\"aligncenter size-large\"><img decoding=\"async\" width=\"1024\" height=\"576\" src=\"https:\/\/www.correiobraziliense.com.br\/cbradar\/wp-content\/uploads\/2025\/04\/erva-mate_1745863355122-1024x576.jpg\" alt=\"Quem tem pele sens\u00edvel e reativa precisa conhecer esse guia de cuidados que vai mudar tudo!\" class=\"wp-image-29703\" srcset=\"https:\/\/www.correiobraziliense.com.br\/cbradar\/wp-content\/uploads\/2025\/04\/erva-mate_1745863355122-1024x576.jpg 1024w, https:\/\/www.correiobraziliense.com.br\/cbradar\/wp-content\/uploads\/2025\/04\/erva-mate_1745863355122-300x169.jpg 300w, https:\/\/www.correiobraziliense.com.br\/cbradar\/wp-content\/uploads\/2025\/04\/erva-mate_1745863355122-768x432.jpg 768w, https:\/\/www.correiobraziliense.com.br\/cbradar\/wp-content\/uploads\/2025\/04\/erva-mate_1745863355122-750x422.jpg 750w, https:\/\/www.correiobraziliense.com.br\/cbradar\/wp-content\/uploads\/2025\/04\/erva-mate_1745863355122-1140x641.jpg 1140w, https:\/\/www.correiobraziliense.com.br\/cbradar\/wp-content\/uploads\/2025\/04\/erva-mate_1745863355122.jpg 1280w\" sizes=\"(max-width: 1024px) 100vw, 1024px\" \/><figcaption class=\"wp-element-caption\">Erva-mate &#8211; Cr\u00e9ditos: depositphotos.com \/ studioflara<\/figcaption><\/figure><\/div>\n\n\n<p>Os potenciais <strong>benef\u00edcios<\/strong> do <strong>Ch\u00e1 de Erva-Mate<\/strong> incluem:<\/p>\n\n\n\n<ol class=\"wp-block-list\">\n<li><strong>Aumento da Energia:<\/strong> A <strong>cafe\u00edna<\/strong> presente na <strong>Erva-Mate<\/strong> atua como um <strong>estimulante<\/strong> natural, <strong>reduzindo a sensa\u00e7\u00e3o de fadiga<\/strong> e <strong>aumentando o estado de alerta<\/strong>. Muitas pessoas sentem uma <strong>energia<\/strong> mais duradoura e menos &#8220;picos&#8221; e &#8220;quedas&#8221; em compara\u00e7\u00e3o com o caf\u00e9.<\/li>\n\n\n\n<li><strong>Melhora do Foco e da Fun\u00e7\u00e3o Cognitiva:<\/strong> A a\u00e7\u00e3o <strong>estimulante<\/strong> da <strong>cafe\u00edna<\/strong> e outros compostos <strong>podem melhorar a concentra\u00e7\u00e3o<\/strong>, a <strong>aten\u00e7\u00e3o<\/strong> e o <strong>desempenho cognitivo<\/strong> temporariamente, auxiliando em tarefas que exigem <strong>foco<\/strong>.<\/li>\n\n\n\n<li><strong>Pode Ajudar no Metabolismo e Perda de Peso (Complementar):<\/strong> Estudos sugerem que a <strong>Erva-Mate<\/strong> <strong>pode aumentar o gasto energ\u00e9tico<\/strong> (metabolismo basal) e <strong>influenciar a queima de gordura<\/strong>, especialmente durante o <strong>exerc\u00edcio f\u00edsico<\/strong>. <strong>CRUCIAL:<\/strong> N\u00e3o \u00e9 uma solu\u00e7\u00e3o m\u00e1gica; <strong>pode ser um aux\u00edlio complementar<\/strong> em uma <strong>dieta<\/strong> controlada em calorias e <strong>rotina de exerc\u00edcios<\/strong>.<\/li>\n\n\n\n<li><strong>Rica em Antioxidantes:<\/strong> A <strong>Erva-Mate<\/strong> cont\u00e9m diversos <strong>antioxidantes<\/strong>, incluindo <strong>polifen\u00f3is<\/strong> e <strong>\u00e1cido clorog\u00eanico<\/strong>, que ajudam a proteger as c\u00e9lulas contra danos causados pelos radicais livres, <strong>suportando a sa\u00fade geral<\/strong>.<\/li>\n\n\n\n<li><strong>Pode Ajudar na Digest\u00e3o (Leve Efeito):<\/strong> O consumo de <strong>Ch\u00e1 de Erva-Mate<\/strong> <strong>pode ter um leve efeito laxativo<\/strong> em algumas pessoas e auxiliar o <strong>tr\u00e2nsito intestinal<\/strong>.<\/li>\n\n\n\n<li><strong>Potencial para Melhorar a Performance F\u00edsica:<\/strong> Devido ao efeito <strong>estimulante<\/strong>, <strong>pode aumentar a energia<\/strong> e a <strong>resist\u00eancia<\/strong> durante o <strong>exerc\u00edcio f\u00edsico<\/strong>.<\/li>\n\n\n\n<li><strong>Pode Suportar a Sa\u00fade \u00d3ssea:<\/strong> Alguns estudos preliminares sugerem uma poss\u00edvel associa\u00e7\u00e3o entre o consumo de <strong>Erva-Mate<\/strong> e a <strong>sa\u00fade \u00f3ssea<\/strong>, mas mais pesquisas s\u00e3o necess\u00e1rias.<\/li>\n<\/ol>\n\n\n\n<h2 class=\"wp-block-heading\">Como preparar o ch\u00e1 de erva-mate e tipos de consumo<\/h2>\n\n\n\n<p>A <strong>Erva-Mate<\/strong> pode ser consumida de v\u00e1rias formas tradicionais:<\/p>\n\n\n\n<ul class=\"wp-block-list\">\n<li><strong>Chimarr\u00e3o:<\/strong> Infus\u00e3o de folhas secas e mo\u00eddas (&#8220;erva&#8221;) em <strong>\u00e1gua quente<\/strong> (idealmente entre 70-80\u00b0C) em uma cuia, bebida com uma bomba (filtro).<\/li>\n\n\n\n<li><strong>Terer\u00e9:<\/strong> Infus\u00e3o de folhas secas e mo\u00eddas em <strong>\u00e1gua fria<\/strong> ou gelada, na cuia com bomba. Popular em dias quentes.<\/li>\n\n\n\n<li><strong>Ch\u00e1 Mate:<\/strong> Infus\u00e3o das folhas secas (geralmente tostadas para um sabor mais intenso) em <strong>\u00e1gua quente<\/strong>, coado e servido como <strong>ch\u00e1<\/strong> tradicional.<\/li>\n\n\n\n<li><strong>Temperatura da \u00e1gua:<\/strong> <strong>Evite consumir mate muito quente<\/strong>, pois a temperatura elevada de qualquer bebida est\u00e1 associada a um risco aumentado de certos c\u00e2nceres (boca, es\u00f4fago). Beba em temperatura <strong>morna ou fria<\/strong>.<\/li>\n<\/ul>\n\n\n\n<h2 class=\"wp-block-heading\">Precau\u00e7\u00f5es, efeitos colaterais e contraindica\u00e7\u00f5es<\/h2>\n\n\n\n<p>A <strong>Erva-Mate<\/strong> cont\u00e9m <strong>cafe\u00edna<\/strong> e seu consumo exige aten\u00e7\u00e3o:<\/p>\n\n\n\n<ul class=\"wp-block-list\">\n<li><strong>Efeitos Colaterais:<\/strong> Relacionados \u00e0 <strong>cafe\u00edna<\/strong>: <strong>nervosismo<\/strong>, <strong>ansiedade<\/strong>, <strong>ins\u00f4nia<\/strong>, palpita\u00e7\u00f5es, <strong>dores de cabe\u00e7a<\/strong>, <strong>desconforto digestivo<\/strong>.<\/li>\n\n\n\n<li><strong>Contraindica\u00e7\u00f5es:<\/strong> Pessoas sens\u00edveis \u00e0 <strong>cafe\u00edna<\/strong>, com <strong>problemas card\u00edacos<\/strong>, <strong>ansiedade<\/strong>, dist\u00farbios do <strong>sono<\/strong>, <strong>\u00falceras<\/strong>, <strong>refluxo<\/strong>, <strong>gravidez<\/strong> e <strong>amamenta\u00e7\u00e3o<\/strong>.<\/li>\n\n\n\n<li><strong>Intera\u00e7\u00f5es Medicamentosas:<\/strong> A <strong>cafe\u00edna<\/strong> <strong>pode interagir<\/strong> com <strong>estimulantes<\/strong>, <strong>medicamentos para o cora\u00e7\u00e3o<\/strong>, <strong>ansiedade<\/strong>, <strong>depress\u00e3o<\/strong>, certos antibi\u00f3ticos, etc.<\/li>\n\n\n\n<li><strong>Cumarina:<\/strong> Assim como a <strong>Canela C\u00e1ssia<\/strong>, a <strong>Erva-Mate<\/strong> pode conter pequenas quantidades de <strong>cumarina<\/strong>. O consumo em excesso <strong>n\u00e3o \u00e9 recomendado<\/strong>, especialmente para pessoas com <strong>problemas hep\u00e1ticos<\/strong>.<\/li>\n<\/ul>\n\n\n\n<h2 class=\"wp-block-heading\">Perguntas frequentes sobre ch\u00e1 de erva-mate<\/h2>\n\n\n\n<h3 class=\"wp-block-heading\">Erva-Mate causa depend\u00eancia?<\/h3>\n\n\n\n<p>Sim, devido ao seu teor de <strong>cafe\u00edna<\/strong>, o consumo <strong>regular<\/strong> e em <strong>grandes quantidades<\/strong> pode levar \u00e0 <strong>depend\u00eancia f\u00edsica<\/strong> e sintomas de abstin\u00eancia (como <strong>dores de cabe\u00e7a<\/strong>) ao parar o uso.<\/p>\n\n\n\n<h3 class=\"wp-block-heading\">Erva-Mate ajuda a emagrecer?<\/h3>\n\n\n\n<p><strong>N\u00c3O \u00e9 milagroso<\/strong>. Pode ter um <strong>leve efeito<\/strong> no <strong>metabolismo<\/strong> e <strong>queima de gordura<\/strong> como <strong>complemento<\/strong> a uma <strong>dieta<\/strong> controlada em calorias e <strong>exerc\u00edcio f\u00edsico<\/strong>, mas <strong>n\u00e3o causa perda de peso significativa sozinha<\/strong>.<\/p>\n\n\n\n<h3 class=\"wp-block-heading\">Erva-Mate \u00e9 melhor que caf\u00e9 para energia\/foco?<\/h3>\n\n\n\n<p>Os efeitos <strong>estimulantes<\/strong> s\u00e3o semelhantes devido \u00e0 <strong>cafe\u00edna<\/strong>. A resposta individual varia. Alguns sentem a <strong>energia<\/strong> da <strong>Erva-Mate<\/strong> como mais &#8220;suave&#8221; ou sustentada.<\/p>\n\n\n\n<h3 class=\"wp-block-heading\">Quem n\u00e3o deve tomar Ch\u00e1 de Erva-Mate?<\/h3>\n\n\n\n<p>Pessoas sens\u00edveis \u00e0 <strong>cafe\u00edna<\/strong>, com <strong>problemas card\u00edacos<\/strong>, <strong>ansiedade<\/strong>, dist\u00farbios do <strong>sono<\/strong>, <strong>problemas digestivos<\/strong> (\u00falceras, refluxo), <strong>gr\u00e1vidas<\/strong> e <strong>amamentando<\/strong>. <strong>Consultar m\u00e9dico<\/strong> \u00e9 crucial.<\/p>\n\n\n\n<h3 class=\"wp-block-heading\">Beber mate muito quente faz mal?<\/h3>\n\n\n\n<p><strong>SIM<\/strong>. A temperatura <strong>muito alta<\/strong> de <strong>qualquer bebida<\/strong> est\u00e1 associada a um risco aumentado de certos <strong>c\u00e2nceres<\/strong> na boca e es\u00f4fago (devido ao dano t\u00e9rmico). Beba <strong>mate<\/strong> em temperatura <strong>morna ou fria<\/strong>.<\/p>\n","protected":false},"excerpt":{"rendered":"<p>A Erva-Mate (Ilex paraguariensis) \u00e9 uma planta reverenciada na Am\u00e9rica do Sul, base de bebidas tradicionais como o chimarr\u00e3o, o terer\u00e9 e o ch\u00e1 mate. Conhecida por seu sabor caracter\u00edstico e seus efeitos estimulantes, a Erva-Mate tem sido associada a uma s\u00e9rie de benef\u00edcios para a sa\u00fade, principalmente relacionados \u00e0 energia, ao foco e ao [&hellip;]<\/p>\n","protected":false},"author":11,"featured_media":29702,"comment_status":"open","ping_status":"open","sticky":false,"template":"","format":"standard","meta":{"_yoast_wpseo_focuskw":"ch\u00e1","_yoast_wpseo_title":"","_yoast_wpseo_metadesc":"Um ch\u00e1 poderoso pode te entregar energia, foco e acelerar seu metabolismo de forma natural e surpreendente.","jnews-multi-image_gallery":[],"jnews_single_post":{"format":"standard"},"jnews_primary_category":[],"jnews_social_meta":[],"jnews_override_counter":[],"footnotes":""},"categories":[119],"post_tag":[120,565],"class_list":["post-29617","post","type-post","status-publish","format-standard","has-post-thumbnail","hentry","category-bem-estar","tag-bem-estar","tag-saude"],"yoast_head":"<!-- This site is optimized with the Yoast SEO plugin v24.6 - https:\/\/yoast.com\/wordpress\/plugins\/seo\/ -->\n<title>Energia, foco e metabolismo! O ch\u00e1 que te entrega todos esses benef\u00edcios - Correio Braziliense - Radar<\/title>\n<meta name=\"description\" content=\"Um ch\u00e1 poderoso pode te entregar energia, foco e acelerar seu metabolismo de forma natural e surpreendente.\" \/>\n<meta name=\"robots\" content=\"index, follow, max-snippet:-1, max-image-preview:large, max-video-preview:-1\" \/>\n<link rel=\"canonical\" href=\"https:\/\/www.correiobraziliense.com.br\/cbradar\/energia-foco-e-metabolismo-o-cha-que-te-entrega-todos-esses-beneficios\/\" \/>\n<meta property=\"og:locale\" content=\"pt_BR\" \/>\n<meta property=\"og:type\" content=\"article\" \/>\n<meta property=\"og:title\" content=\"Energia, foco e metabolismo! O ch\u00e1 que te entrega todos esses benef\u00edcios - Correio Braziliense - Radar\" \/>\n<meta property=\"og:description\" content=\"Um ch\u00e1 poderoso pode te entregar energia, foco e acelerar seu metabolismo de forma natural e surpreendente.\" \/>\n<meta property=\"og:url\" content=\"https:\/\/www.correiobraziliense.com.br\/cbradar\/energia-foco-e-metabolismo-o-cha-que-te-entrega-todos-esses-beneficios\/\" \/>\n<meta property=\"og:site_name\" content=\"Correio Braziliense - Radar\" \/>\n<meta property=\"article:published_time\" content=\"2025-04-29T14:23:00+00:00\" \/>\n<meta property=\"og:image\" content=\"https:\/\/www.correiobraziliense.com.br\/cbradar\/wp-content\/uploads\/2025\/04\/erva-mate_1745863324515.jpg\" \/>\n\t<meta property=\"og:image:width\" content=\"1280\" \/>\n\t<meta property=\"og:image:height\" content=\"720\" \/>\n\t<meta property=\"og:image:type\" content=\"image\/jpeg\" \/>\n<meta name=\"author\" content=\"Paulo Custodio\" \/>\n<meta name=\"twitter:card\" content=\"summary_large_image\" \/>\n<meta name=\"twitter:label1\" content=\"Escrito por\" \/>\n\t<meta name=\"twitter:data1\" content=\"Paulo Custodio\" \/>\n\t<meta name=\"twitter:label2\" content=\"Est. tempo de leitura\" \/>\n\t<meta name=\"twitter:data2\" content=\"5 minutos\" \/>\n<!-- \/ Yoast SEO plugin. -->","yoast_head_json":{"title":"Energia, foco e metabolismo! O ch\u00e1 que te entrega todos esses benef\u00edcios - Correio Braziliense - Radar","description":"Um ch\u00e1 poderoso pode te entregar energia, foco e acelerar seu metabolismo de forma natural e surpreendente.","robots":{"index":"index","follow":"follow","max-snippet":"max-snippet:-1","max-image-preview":"max-image-preview:large","max-video-preview":"max-video-preview:-1"},"canonical":"https:\/\/www.correiobraziliense.com.br\/cbradar\/energia-foco-e-metabolismo-o-cha-que-te-entrega-todos-esses-beneficios\/","og_locale":"pt_BR","og_type":"article","og_title":"Energia, foco e metabolismo! O ch\u00e1 que te entrega todos esses benef\u00edcios - Correio Braziliense - Radar","og_description":"Um ch\u00e1 poderoso pode te entregar energia, foco e acelerar seu metabolismo de forma natural e surpreendente.","og_url":"https:\/\/www.correiobraziliense.com.br\/cbradar\/energia-foco-e-metabolismo-o-cha-que-te-entrega-todos-esses-beneficios\/","og_site_name":"Correio Braziliense - Radar","article_published_time":"2025-04-29T14:23:00+00:00","og_image":[{"width":1280,"height":720,"url":"https:\/\/www.correiobraziliense.com.br\/cbradar\/wp-content\/uploads\/2025\/04\/erva-mate_1745863324515.jpg","type":"image\/jpeg"}],"author":"Paulo Custodio","twitter_card":"summary_large_image","twitter_misc":{"Escrito por":"Paulo Custodio","Est. tempo de leitura":"5 minutos"},"schema":{"@context":"https:\/\/schema.org","@graph":[{"@type":"WebPage","@id":"https:\/\/www.correiobraziliense.com.br\/cbradar\/energia-foco-e-metabolismo-o-cha-que-te-entrega-todos-esses-beneficios\/","url":"https:\/\/www.correiobraziliense.com.br\/cbradar\/energia-foco-e-metabolismo-o-cha-que-te-entrega-todos-esses-beneficios\/","name":"Energia, foco e metabolismo! O ch\u00e1 que te entrega todos esses benef\u00edcios - Correio Braziliense - Radar","isPartOf":{"@id":"https:\/\/www.correiobraziliense.com.br\/cbradar\/#website"},"primaryImageOfPage":{"@id":"https:\/\/www.correiobraziliense.com.br\/cbradar\/energia-foco-e-metabolismo-o-cha-que-te-entrega-todos-esses-beneficios\/#primaryimage"},"image":{"@id":"https:\/\/www.correiobraziliense.com.br\/cbradar\/energia-foco-e-metabolismo-o-cha-que-te-entrega-todos-esses-beneficios\/#primaryimage"},"thumbnailUrl":"https:\/\/www.correiobraziliense.com.br\/cbradar\/wp-content\/uploads\/2025\/04\/erva-mate_1745863324515.jpg","datePublished":"2025-04-29T14:23:00+00:00","author":{"@id":"https:\/\/www.correiobraziliense.com.br\/cbradar\/#\/schema\/person\/4cec7857301a9a1a2ef249893cd908d3"},"description":"Um ch\u00e1 poderoso pode te entregar energia, foco e acelerar seu metabolismo de forma natural e surpreendente.","breadcrumb":{"@id":"https:\/\/www.correiobraziliense.com.br\/cbradar\/energia-foco-e-metabolismo-o-cha-que-te-entrega-todos-esses-beneficios\/#breadcrumb"},"inLanguage":"pt-BR","potentialAction":[{"@type":"ReadAction","target":["https:\/\/www.correiobraziliense.com.br\/cbradar\/energia-foco-e-metabolismo-o-cha-que-te-entrega-todos-esses-beneficios\/"]}]},{"@type":"ImageObject","inLanguage":"pt-BR","@id":"https:\/\/www.correiobraziliense.com.br\/cbradar\/energia-foco-e-metabolismo-o-cha-que-te-entrega-todos-esses-beneficios\/#primaryimage","url":"https:\/\/www.correiobraziliense.com.br\/cbradar\/wp-content\/uploads\/2025\/04\/erva-mate_1745863324515.jpg","contentUrl":"https:\/\/www.correiobraziliense.com.br\/cbradar\/wp-content\/uploads\/2025\/04\/erva-mate_1745863324515.jpg","width":1280,"height":720,"caption":"Erva-mate - Cr\u00e9ditos: depositphotos.com \/ szakalikus"},{"@type":"BreadcrumbList","@id":"https:\/\/www.correiobraziliense.com.br\/cbradar\/energia-foco-e-metabolismo-o-cha-que-te-entrega-todos-esses-beneficios\/#breadcrumb","itemListElement":[{"@type":"ListItem","position":1,"name":"In\u00edcio","item":"https:\/\/www.correiobraziliense.com.br\/cbradar\/"},{"@type":"ListItem","position":2,"name":"Energia, foco e metabolismo! O ch\u00e1 que te entrega todos esses benef\u00edcios"}]},{"@type":"WebSite","@id":"https:\/\/www.correiobraziliense.com.br\/cbradar\/#website","url":"https:\/\/www.correiobraziliense.com.br\/cbradar\/","name":"Correio Braziliense - Radar","description":"Acompanhe as \u00faltimas not\u00edcias e fique bem informado sobre tudo o que acontece no Brasil e no mundo.","potentialAction":[{"@type":"SearchAction","target":{"@type":"EntryPoint","urlTemplate":"https:\/\/www.correiobraziliense.com.br\/cbradar\/?s={search_term_string}"},"query-input":{"@type":"PropertyValueSpecification","valueRequired":true,"valueName":"search_term_string"}}],"inLanguage":"pt-BR"},{"@type":"Person","@id":"https:\/\/www.correiobraziliense.com.br\/cbradar\/#\/schema\/person\/4cec7857301a9a1a2ef249893cd908d3","name":"Paulo Custodio","image":{"@type":"ImageObject","inLanguage":"pt-BR","@id":"https:\/\/www.correiobraziliense.com.br\/cbradar\/#\/schema\/person\/image\/","url":"https:\/\/secure.gravatar.com\/avatar\/bcd67168d1534e8fcf4f45c726a87cea?s=96&d=mm&r=g","contentUrl":"https:\/\/secure.gravatar.com\/avatar\/bcd67168d1534e8fcf4f45c726a87cea?s=96&d=mm&r=g","caption":"Paulo Custodio"},"sameAs":["https:\/\/www.correiobraziliense.com.br\/cbradar"],"url":"https:\/\/www.correiobraziliense.com.br\/cbradar\/author\/paulomyth\/"}]}},"_links":{"self":[{"href":"https:\/\/www.correiobraziliense.com.br\/cbradar\/wp-json\/wp\/v2\/posts\/29617","targetHints":{"allow":["GET"]}}],"collection":[{"href":"https:\/\/www.correiobraziliense.com.br\/cbradar\/wp-json\/wp\/v2\/posts"}],"about":[{"href":"https:\/\/www.correiobraziliense.com.br\/cbradar\/wp-json\/wp\/v2\/types\/post"}],"author":[{"embeddable":true,"href":"https:\/\/www.correiobraziliense.com.br\/cbradar\/wp-json\/wp\/v2\/users\/11"}],"replies":[{"embeddable":true,"href":"https:\/\/www.correiobraziliense.com.br\/cbradar\/wp-json\/wp\/v2\/comments?post=29617"}],"version-history":[{"count":2,"href":"https:\/\/www.correiobraziliense.com.br\/cbradar\/wp-json\/wp\/v2\/posts\/29617\/revisions"}],"predecessor-version":[{"id":29711,"href":"https:\/\/www.correiobraziliense.com.br\/cbradar\/wp-json\/wp\/v2\/posts\/29617\/revisions\/29711"}],"wp:featuredmedia":[{"embeddable":true,"href":"https:\/\/www.correiobraziliense.com.br\/cbradar\/wp-json\/wp\/v2\/media\/29702"}],"wp:attachment":[{"href":"https:\/\/www.correiobraziliense.com.br\/cbradar\/wp-json\/wp\/v2\/media?parent=29617"}],"wp:term":[{"taxonomy":"category","embeddable":true,"href":"https:\/\/www.correiobraziliense.com.br\/cbradar\/wp-json\/wp\/v2\/categories?post=29617"},{"taxonomy":"post_tag","embeddable":true,"href":"https:\/\/www.correiobraziliense.com.br\/cbradar\/wp-json\/wp\/v2\/post_tag?post=29617"}],"curies":[{"name":"wp","href":"https:\/\/api.w.org\/{rel}","templated":true}]}}