{"id":29618,"date":"2025-04-29T12:23:00","date_gmt":"2025-04-29T15:23:00","guid":{"rendered":"https:\/\/www.correiobraziliense.com.br\/cbradar\/?p=29618"},"modified":"2025-04-28T15:46:03","modified_gmt":"2025-04-28T18:46:03","slug":"quem-tem-pele-sensivel-e-reativa-precisa-conhecer-esse-guia-de-cuidados-que-vai-mudar-tudo","status":"publish","type":"post","link":"https:\/\/www.correiobraziliense.com.br\/cbradar\/quem-tem-pele-sensivel-e-reativa-precisa-conhecer-esse-guia-de-cuidados-que-vai-mudar-tudo\/","title":{"rendered":"Quem tem pele sens\u00edvel e reativa precisa conhecer esse guia de cuidados que vai mudar tudo!"},"content":{"rendered":"\n<p>A <strong><a href=\"https:\/\/pt.wikipedia.org\/wiki\/Pele_humana\" target=\"_blank\" rel=\"noreferrer noopener\">pele<\/a> sens\u00edvel e reativa<\/strong> \u00e9 aquela que tende a apresentar <strong>rea\u00e7\u00f5es<\/strong> exageradas a fatores que, para a maioria das pessoas, n\u00e3o causariam problema. Isso pode incluir o uso de certos produtos cosm\u00e9ticos, mudan\u00e7as de temperatura, vento, sol, <strong>estresse<\/strong> e at\u00e9 mesmo <strong>alimentos<\/strong>. As <strong>rea\u00e7\u00f5es<\/strong> manifestam-se frequentemente como <strong>vermelhid\u00e3o<\/strong>, <strong>coceira<\/strong>, <strong>ard\u00eancia<\/strong>, <strong>formigamento<\/strong> e <strong>irrita\u00e7\u00e3o<\/strong>. Cuidar da <strong>pele sens\u00edvel<\/strong> <a href=\"https:\/\/www.correiobraziliense.com.br\/cbradar\/quem-sofre-de-apneia-do-sono-pode-amenizar-os-sintomas-seguindo-essas-dicas\/\" target=\"_blank\" rel=\"noreferrer noopener\">exige <\/a>uma abordagem <strong>ultragentil<\/strong>, focada em fortalecer a <strong>barreira cut\u00e2nea<\/strong> e <strong>evitar irritantes<\/strong> conhecidos.<\/p>\n\n\n\n<p>Gerenciar a <strong>pele sens\u00edvel<\/strong> pode ser desafiador, mas com a <strong>rotina<\/strong> e os produtos certos, \u00e9 poss\u00edvel <strong>acalmar<\/strong> a pele e <strong>reduzir a sua reatividade<\/strong>. O objetivo \u00e9 simplificar, nutrir e proteger.<\/p>\n\n\n\n<p><strong>AVISO IMPORTANTE:<\/strong> Este guia oferece sugest\u00f5es para o <strong>manejo da pele sens\u00edvel e reativa<\/strong> e <strong>al\u00edvio de irrita\u00e7\u00f5es leves<\/strong>. Ele <strong>N\u00c3O substitui<\/strong> o <strong>diagn\u00f3stico<\/strong> ou <strong>tratamento dermatol\u00f3gico profissional<\/strong>. <strong>Pele sens\u00edvel persistente<\/strong>, <strong>rea\u00e7\u00f5es severas<\/strong> ou que n\u00e3o melhoram, <strong>vermelhid\u00e3o cr\u00f4nica<\/strong> ou que se espalha, <strong>coceira incontrol\u00e1vel<\/strong>, <strong>manchas<\/strong>, <strong>bolhas<\/strong> ou <strong>feridas<\/strong>, ou suspeita de <strong>ros\u00e1cea<\/strong>, <strong>eczema<\/strong>, <strong>dermatite de contato<\/strong> ou outras <strong>condi\u00e7\u00f5es de pele<\/strong> requerem <strong>avalia\u00e7\u00e3o de um dermatologista<\/strong>.<\/p>\n\n\n\n<h2 class=\"wp-block-heading\">Guia passo a passo para a rotina de cuidados<\/h2>\n\n\n<div class=\"wp-block-image\">\n<figure class=\"aligncenter size-large\"><img decoding=\"async\" width=\"1024\" height=\"576\" src=\"https:\/\/www.correiobraziliense.com.br\/cbradar\/wp-content\/uploads\/2025\/04\/jardim-sensorial_1743686955811-1024x576.jpg\" alt=\"Sua mente ficar\u00e1 mais calma se voc\u00ea seguir esta dica simples\" class=\"wp-image-19025\" srcset=\"https:\/\/www.correiobraziliense.com.br\/cbradar\/wp-content\/uploads\/2025\/04\/jardim-sensorial_1743686955811-1024x576.jpg 1024w, https:\/\/www.correiobraziliense.com.br\/cbradar\/wp-content\/uploads\/2025\/04\/jardim-sensorial_1743686955811-300x169.jpg 300w, https:\/\/www.correiobraziliense.com.br\/cbradar\/wp-content\/uploads\/2025\/04\/jardim-sensorial_1743686955811-768x432.jpg 768w, https:\/\/www.correiobraziliense.com.br\/cbradar\/wp-content\/uploads\/2025\/04\/jardim-sensorial_1743686955811-750x422.jpg 750w, https:\/\/www.correiobraziliense.com.br\/cbradar\/wp-content\/uploads\/2025\/04\/jardim-sensorial_1743686955811-1140x641.jpg 1140w, https:\/\/www.correiobraziliense.com.br\/cbradar\/wp-content\/uploads\/2025\/04\/jardim-sensorial_1743686955811.jpg 1280w\" sizes=\"(max-width: 1024px) 100vw, 1024px\" \/><figcaption class=\"wp-element-caption\">Mulher &#8211; Cr\u00e9ditos: depositphotos.com \/ mjth<\/figcaption><\/figure><\/div>\n\n\n<p>Siga estes passos essenciais para cuidar da sua <strong>pele sens\u00edvel e reativa<\/strong>:<\/p>\n\n\n\n<h3 class=\"wp-block-heading\">Passo 1: Limpeza ultragentil<\/h3>\n\n\n\n<p>A limpeza \u00e9 crucial, mas deve ser extremamente suave para n\u00e3o danificar a <strong>barreira cut\u00e2nea<\/strong>.<\/p>\n\n\n\n<ul class=\"wp-block-list\">\n<li><strong>O que fazer:<\/strong> Use limpadores <strong>hipoalerg\u00eanicos<\/strong>, <strong>sem fragr\u00e2ncia<\/strong>, com f\u00f3rmulas m\u00ednimas e para <strong>pele sens\u00edvel<\/strong>. Texturas em creme, lo\u00e7\u00e3o ou \u00f3leo de limpeza s\u00e3o geralmente mais suaves que espumas e g\u00e9is com muito sab\u00e3o. Lave com <strong>\u00e1gua morna<\/strong> ou fria, <strong>NUNCA quente<\/strong>. Limite a limpeza a <strong>1-2 vezes ao dia<\/strong> (manh\u00e3 e\/ou noite, dependendo da necessidade). Seque a pele dando leves batidinhas com uma toalha macia.<\/li>\n<\/ul>\n\n\n\n<h3 class=\"wp-block-heading\">Passo 2: Evitar irritantes comuns \u00e9 fundamental<\/h3>\n\n\n\n<p>A <strong>pele sens\u00edvel<\/strong> reage a muitos ingredientes e fatores.<\/p>\n\n\n\n<ul class=\"wp-block-list\">\n<li><strong>O que fazer:<\/strong> <strong>Leia os r\u00f3tulos<\/strong> e evite produtos que contenham <strong>fragr\u00e2ncias<\/strong> (naturais ou sint\u00e9ticas), <strong>\u00e1lcool<\/strong> (principalmente \u00e1lcool desnaturado, \u00e1lcool et\u00edlico), sulfatos (como <strong>SLS<\/strong>), corantes, certos conservantes (como parabenos ou liberadores de formol, se forem gatilhos para voc\u00ea), e <strong>esfoliantes f\u00edsicos agressivos<\/strong> (com gr\u00e2nulos grandes).<\/li>\n<\/ul>\n\n\n\n<h3 class=\"wp-block-heading\">Passo 3: Hidrata\u00e7\u00e3o \u00e9 essencial para fortalecer a barreira<\/h3>\n\n\n\n<p>Uma <strong>barreira cut\u00e2nea<\/strong> saud\u00e1vel \u00e9 a melhor defesa contra a <strong>irrita\u00e7\u00e3o<\/strong>.<\/p>\n\n\n\n<ul class=\"wp-block-list\">\n<li><strong>O que fazer:<\/strong> Use um <strong>hidratante<\/strong> formulado especificamente para <strong>pele sens\u00edvel<\/strong>, <strong>hipoalerg\u00eanico<\/strong>, <strong>sem fragr\u00e2ncia<\/strong> e com <strong>ingredientes calmantes<\/strong> e <strong>reparadores da barreira<\/strong>, como <strong>ceramidas<\/strong>, <strong>\u00e1cido hialur\u00f4nico<\/strong>, <strong>glicerina<\/strong>, <strong>aveia coloidal<\/strong>, pantenol ou niacinamida (em baixa concentra\u00e7\u00e3o se for gatilho).<\/li>\n<\/ul>\n\n\n\n<h3 class=\"wp-block-heading\">Passo 4: Teste de novos produtos (patch test)<\/h3>\n\n\n\n<p>Sempre teste um novo produto antes de aplic\u00e1-lo no rosto todo.<\/p>\n\n\n\n<ul class=\"wp-block-list\">\n<li><strong>O que fazer:<\/strong> Aplique uma pequena quantidade do produto em uma \u00e1rea discreta (atr\u00e1s da orelha, na parte interna do antebra\u00e7o) e observe por <strong>24-48 horas<\/strong> se h\u00e1 <strong>vermelhid\u00e3o<\/strong>, <strong>coceira<\/strong>, <strong>ard\u00eancia<\/strong> ou <strong>irrita\u00e7\u00e3o<\/strong>.<\/li>\n<\/ul>\n\n\n\n<h3 class=\"wp-block-heading\">Passo 5: Prote\u00e7\u00e3o solar di\u00e1ria<\/h3>\n\n\n\n<p>A <strong>pele sens\u00edvel<\/strong> \u00e9 mais vulner\u00e1vel aos danos do sol e \u00e0 <strong>vermelhid\u00e3o<\/strong> induzida pelo calor e pelos raios UV.<\/p>\n\n\n\n<ul class=\"wp-block-list\">\n<li><strong>O que fazer:<\/strong> Use <strong>protetor solar facial diariamente<\/strong>, mesmo em dias nublados. Prefira <strong>protetores solares f\u00edsicos\/minerais<\/strong> (com <strong>\u00f3xido de zinco<\/strong> e <strong>di\u00f3xido de tit\u00e2nio<\/strong>), que tendem a ser menos irritantes, ou <strong>protetores solares qu\u00edmicos<\/strong> formulados especificamente para <strong>pele sens\u00edvel<\/strong>, <strong>sem fragr\u00e2ncia<\/strong>.<\/li>\n<\/ul>\n\n\n\n<h3 class=\"wp-block-heading\">Passo 6: Simplifique sua rotina<\/h3>\n\n\n\n<p>Menos produtos significam menos chances de <strong>rea\u00e7\u00e3o<\/strong>.<\/p>\n\n\n\n<ul class=\"wp-block-list\">\n<li><strong>O que fazer:<\/strong> Use o m\u00ednimo de produtos essenciais (limpador, hidratante, protetor solar). Introduza novos produtos <strong>um de cada vez<\/strong> para identificar facilmente o que pode ser um irritante.<\/li>\n<\/ul>\n\n\n\n<h3 class=\"wp-block-heading\">Passo 7: Aten\u00e7\u00e3o a fatores ambientais e estilo de vida<\/h3>\n\n\n\n<p>O ambiente e h\u00e1bitos podem ser gatilhos.<\/p>\n\n\n\n<ul class=\"wp-block-list\">\n<li><strong>O que fazer:<\/strong> Proteja a pele do <strong>vento<\/strong> e frio. Use <strong>umidificador<\/strong> em ambientes secos. Gerencie o <strong>estresse<\/strong>. Observe se certos <strong>alimentos<\/strong> (como picantes ou \u00e1lcool) parecem desencadear <strong>vermelhid\u00e3o<\/strong> ou <strong>irrita\u00e7\u00e3o<\/strong>.<\/li>\n<\/ul>\n\n\n\n<p>Uma <strong>rotina<\/strong> simples, gentil e consistente, focada em <strong>hidratar<\/strong> e <strong>proteger<\/strong> a <strong>barreira cut\u00e2nea<\/strong>, \u00e9 a chave para <strong>acalmar<\/strong> a <strong>pele sens\u00edvel e reativa<\/strong> e <strong>reduzir suas rea\u00e7\u00f5es<\/strong>.<\/p>\n\n\n\n<h2 class=\"wp-block-heading\">Perguntas frequentes sobre pele sens\u00edvel e reativa<\/h2>\n\n\n\n<h3 class=\"wp-block-heading\">Pele sens\u00edvel \u00e9 um tipo de pele ou uma condi\u00e7\u00e3o?<\/h3>\n\n\n\n<p>Pode ser ambas. Pode ser uma <strong>caracter\u00edstica inata<\/strong> do seu tipo de pele, ou pode ser uma <strong>condi\u00e7\u00e3o adquirida<\/strong> ou <strong>exacerbada<\/strong> por fatores externos (uso de produtos inadequados, ambiente) ou internos (estresse, certas doen\u00e7as de pele como <strong>ros\u00e1cea<\/strong> ou <strong>eczema<\/strong>).<\/p>\n\n\n\n<h3 class=\"wp-block-heading\">Produtos &#8220;naturais&#8221; s\u00e3o sempre seguros para pele sens\u00edvel?<\/h3>\n\n\n\n<p><strong>N\u00c3O, necessariamente<\/strong>. Muitos <strong>ingredientes naturais<\/strong> <strong>podem ser irritantes<\/strong> para a <strong>pele sens\u00edvel<\/strong>, como certos <strong>\u00f3leos essenciais<\/strong>, extratos bot\u00e2nicos concentrados, fragr\u00e2ncias &#8220;naturais&#8221;, ou ingredientes \u00e1cidos (vinagre de ma\u00e7\u00e3, suco de lim\u00e3o puros). \u00c9 crucial ler a lista de ingredientes e fazer o <strong>patch test<\/strong>, mesmo com produtos naturais.<\/p>\n\n\n\n<h3 class=\"wp-block-heading\">\u00c1gua micelar \u00e9 boa para pele sens\u00edvel?<\/h3>\n\n\n\n<p>Pode ser uma op\u00e7\u00e3o para <strong>limpeza gentil<\/strong>, <strong>se<\/strong> for uma f\u00f3rmula <strong>suave<\/strong>, <strong>sem \u00e1lcool<\/strong>, <strong>sem fragr\u00e2ncia<\/strong>, e se for <strong>enxaguada da pele depois<\/strong>. Deixar res\u00edduos na pele pode irritar.<\/p>\n\n\n\n<h3 class=\"wp-block-heading\">Protetor solar qu\u00edmico faz mal para pele sens\u00edvel?<\/h3>\n\n\n\n<p>Alguns <strong>filtros qu\u00edmicos<\/strong> <strong>podem ser menos tolerados<\/strong> por <strong>pele sens\u00edvel<\/strong> do que os <strong>filtros f\u00edsicos<\/strong> (<strong>\u00f3xido de zinco<\/strong>, <strong>di\u00f3xido de tit\u00e2nio<\/strong>). No entanto, existem f\u00f3rmulas de <strong>protetor solar qu\u00edmico<\/strong> desenvolvidas para <strong>pele sens\u00edvel<\/strong> que s\u00e3o bem toleradas. O <strong>protetor solar<\/strong> \u00e9 essencial; encontre um que funcione para voc\u00ea, preferencialmente com <strong>ajuda do dermatologista<\/strong>.<\/p>\n\n\n\n<h3 class=\"wp-block-heading\">Como saber se um produto est\u00e1 irritando minha pele?<\/h3>\n\n\n\n<p>Sinais comuns incluem <strong>vermelhid\u00e3o<\/strong>, <strong>ard\u00eancia<\/strong>, <strong>coceira<\/strong>, sensa\u00e7\u00e3o de <strong>queima\u00e7\u00e3o<\/strong>, <strong>formigamento<\/strong> ou <strong>descama\u00e7\u00e3o<\/strong> logo ap\u00f3s a aplica\u00e7\u00e3o do produto ou nas horas seguintes.<\/p>\n","protected":false},"excerpt":{"rendered":"<p>A pele sens\u00edvel e reativa \u00e9 aquela que tende a apresentar rea\u00e7\u00f5es exageradas a fatores que, para a maioria das pessoas, n\u00e3o causariam problema. Isso pode incluir o uso de certos produtos cosm\u00e9ticos, mudan\u00e7as de temperatura, vento, sol, estresse e at\u00e9 mesmo alimentos. As rea\u00e7\u00f5es manifestam-se frequentemente como vermelhid\u00e3o, coceira, ard\u00eancia, formigamento e irrita\u00e7\u00e3o. Cuidar [&hellip;]<\/p>\n","protected":false},"author":11,"featured_media":16374,"comment_status":"open","ping_status":"open","sticky":false,"template":"","format":"standard","meta":{"_yoast_wpseo_focuskw":"pele sens\u00edvel","_yoast_wpseo_title":"","_yoast_wpseo_metadesc":"Quem tem pele sens\u00edvel e reativa pode transformar sua rotina com este guia de cuidados feito para proteger e fortalecer a pele.","jnews-multi-image_gallery":[],"jnews_single_post":{"format":"standard"},"jnews_primary_category":[],"jnews_social_meta":[],"jnews_override_counter":[],"footnotes":""},"categories":[119],"post_tag":[120,565],"class_list":["post-29618","post","type-post","status-publish","format-standard","has-post-thumbnail","hentry","category-bem-estar","tag-bem-estar","tag-saude"],"yoast_head":"<!-- This site is optimized with the Yoast SEO plugin v24.6 - https:\/\/yoast.com\/wordpress\/plugins\/seo\/ -->\n<title>Quem tem pele sens\u00edvel e reativa precisa conhecer esse guia de cuidados que vai mudar tudo! - Correio Braziliense - Radar<\/title>\n<meta name=\"description\" content=\"Quem tem pele sens\u00edvel e reativa pode transformar sua rotina com este guia de cuidados feito para proteger e fortalecer a pele.\" \/>\n<meta name=\"robots\" content=\"index, follow, max-snippet:-1, max-image-preview:large, max-video-preview:-1\" \/>\n<link rel=\"canonical\" href=\"https:\/\/www.correiobraziliense.com.br\/cbradar\/quem-tem-pele-sensivel-e-reativa-precisa-conhecer-esse-guia-de-cuidados-que-vai-mudar-tudo\/\" \/>\n<meta property=\"og:locale\" content=\"pt_BR\" \/>\n<meta property=\"og:type\" content=\"article\" \/>\n<meta property=\"og:title\" content=\"Quem tem pele sens\u00edvel e reativa precisa conhecer esse guia de cuidados que vai mudar tudo! - Correio Braziliense - Radar\" \/>\n<meta property=\"og:description\" content=\"Quem tem pele sens\u00edvel e reativa pode transformar sua rotina com este guia de cuidados feito para proteger e fortalecer a pele.\" \/>\n<meta property=\"og:url\" content=\"https:\/\/www.correiobraziliense.com.br\/cbradar\/quem-tem-pele-sensivel-e-reativa-precisa-conhecer-esse-guia-de-cuidados-que-vai-mudar-tudo\/\" \/>\n<meta property=\"og:site_name\" content=\"Correio Braziliense - Radar\" \/>\n<meta property=\"article:published_time\" content=\"2025-04-29T15:23:00+00:00\" \/>\n<meta property=\"og:image\" content=\"https:\/\/www.correiobraziliense.com.br\/cbradar\/wp-content\/uploads\/2025\/03\/hidratantes_1743083493456.jpg\" \/>\n\t<meta property=\"og:image:width\" content=\"1280\" \/>\n\t<meta property=\"og:image:height\" content=\"720\" \/>\n\t<meta property=\"og:image:type\" content=\"image\/jpeg\" \/>\n<meta name=\"author\" content=\"Paulo Custodio\" \/>\n<meta name=\"twitter:card\" content=\"summary_large_image\" \/>\n<meta name=\"twitter:label1\" content=\"Escrito por\" \/>\n\t<meta name=\"twitter:data1\" content=\"Paulo Custodio\" \/>\n\t<meta name=\"twitter:label2\" content=\"Est. tempo de leitura\" \/>\n\t<meta name=\"twitter:data2\" content=\"6 minutos\" \/>\n<!-- \/ Yoast SEO plugin. -->","yoast_head_json":{"title":"Quem tem pele sens\u00edvel e reativa precisa conhecer esse guia de cuidados que vai mudar tudo! - Correio Braziliense - Radar","description":"Quem tem pele sens\u00edvel e reativa pode transformar sua rotina com este guia de cuidados feito para proteger e fortalecer a pele.","robots":{"index":"index","follow":"follow","max-snippet":"max-snippet:-1","max-image-preview":"max-image-preview:large","max-video-preview":"max-video-preview:-1"},"canonical":"https:\/\/www.correiobraziliense.com.br\/cbradar\/quem-tem-pele-sensivel-e-reativa-precisa-conhecer-esse-guia-de-cuidados-que-vai-mudar-tudo\/","og_locale":"pt_BR","og_type":"article","og_title":"Quem tem pele sens\u00edvel e reativa precisa conhecer esse guia de cuidados que vai mudar tudo! - Correio Braziliense - Radar","og_description":"Quem tem pele sens\u00edvel e reativa pode transformar sua rotina com este guia de cuidados feito para proteger e fortalecer a pele.","og_url":"https:\/\/www.correiobraziliense.com.br\/cbradar\/quem-tem-pele-sensivel-e-reativa-precisa-conhecer-esse-guia-de-cuidados-que-vai-mudar-tudo\/","og_site_name":"Correio Braziliense - Radar","article_published_time":"2025-04-29T15:23:00+00:00","og_image":[{"width":1280,"height":720,"url":"https:\/\/www.correiobraziliense.com.br\/cbradar\/wp-content\/uploads\/2025\/03\/hidratantes_1743083493456.jpg","type":"image\/jpeg"}],"author":"Paulo Custodio","twitter_card":"summary_large_image","twitter_misc":{"Escrito por":"Paulo Custodio","Est. tempo de leitura":"6 minutos"},"schema":{"@context":"https:\/\/schema.org","@graph":[{"@type":"WebPage","@id":"https:\/\/www.correiobraziliense.com.br\/cbradar\/quem-tem-pele-sensivel-e-reativa-precisa-conhecer-esse-guia-de-cuidados-que-vai-mudar-tudo\/","url":"https:\/\/www.correiobraziliense.com.br\/cbradar\/quem-tem-pele-sensivel-e-reativa-precisa-conhecer-esse-guia-de-cuidados-que-vai-mudar-tudo\/","name":"Quem tem pele sens\u00edvel e reativa precisa conhecer esse guia de cuidados que vai mudar tudo! - Correio Braziliense - Radar","isPartOf":{"@id":"https:\/\/www.correiobraziliense.com.br\/cbradar\/#website"},"primaryImageOfPage":{"@id":"https:\/\/www.correiobraziliense.com.br\/cbradar\/quem-tem-pele-sensivel-e-reativa-precisa-conhecer-esse-guia-de-cuidados-que-vai-mudar-tudo\/#primaryimage"},"image":{"@id":"https:\/\/www.correiobraziliense.com.br\/cbradar\/quem-tem-pele-sensivel-e-reativa-precisa-conhecer-esse-guia-de-cuidados-que-vai-mudar-tudo\/#primaryimage"},"thumbnailUrl":"https:\/\/www.correiobraziliense.com.br\/cbradar\/wp-content\/uploads\/2025\/03\/hidratantes_1743083493456.jpg","datePublished":"2025-04-29T15:23:00+00:00","author":{"@id":"https:\/\/www.correiobraziliense.com.br\/cbradar\/#\/schema\/person\/4cec7857301a9a1a2ef249893cd908d3"},"description":"Quem tem pele sens\u00edvel e reativa pode transformar sua rotina com este guia de cuidados feito para proteger e fortalecer a pele.","breadcrumb":{"@id":"https:\/\/www.correiobraziliense.com.br\/cbradar\/quem-tem-pele-sensivel-e-reativa-precisa-conhecer-esse-guia-de-cuidados-que-vai-mudar-tudo\/#breadcrumb"},"inLanguage":"pt-BR","potentialAction":[{"@type":"ReadAction","target":["https:\/\/www.correiobraziliense.com.br\/cbradar\/quem-tem-pele-sensivel-e-reativa-precisa-conhecer-esse-guia-de-cuidados-que-vai-mudar-tudo\/"]}]},{"@type":"ImageObject","inLanguage":"pt-BR","@id":"https:\/\/www.correiobraziliense.com.br\/cbradar\/quem-tem-pele-sensivel-e-reativa-precisa-conhecer-esse-guia-de-cuidados-que-vai-mudar-tudo\/#primaryimage","url":"https:\/\/www.correiobraziliense.com.br\/cbradar\/wp-content\/uploads\/2025\/03\/hidratantes_1743083493456.jpg","contentUrl":"https:\/\/www.correiobraziliense.com.br\/cbradar\/wp-content\/uploads\/2025\/03\/hidratantes_1743083493456.jpg","width":1280,"height":720,"caption":"Mulher - Cr\u00e9ditos: depositphotos.com \/ richardmlee"},{"@type":"BreadcrumbList","@id":"https:\/\/www.correiobraziliense.com.br\/cbradar\/quem-tem-pele-sensivel-e-reativa-precisa-conhecer-esse-guia-de-cuidados-que-vai-mudar-tudo\/#breadcrumb","itemListElement":[{"@type":"ListItem","position":1,"name":"In\u00edcio","item":"https:\/\/www.correiobraziliense.com.br\/cbradar\/"},{"@type":"ListItem","position":2,"name":"Quem tem pele sens\u00edvel e reativa precisa conhecer esse guia de cuidados que vai mudar tudo!"}]},{"@type":"WebSite","@id":"https:\/\/www.correiobraziliense.com.br\/cbradar\/#website","url":"https:\/\/www.correiobraziliense.com.br\/cbradar\/","name":"Correio Braziliense - Radar","description":"Acompanhe as \u00faltimas not\u00edcias e fique bem informado sobre tudo o que acontece no Brasil e no mundo.","potentialAction":[{"@type":"SearchAction","target":{"@type":"EntryPoint","urlTemplate":"https:\/\/www.correiobraziliense.com.br\/cbradar\/?s={search_term_string}"},"query-input":{"@type":"PropertyValueSpecification","valueRequired":true,"valueName":"search_term_string"}}],"inLanguage":"pt-BR"},{"@type":"Person","@id":"https:\/\/www.correiobraziliense.com.br\/cbradar\/#\/schema\/person\/4cec7857301a9a1a2ef249893cd908d3","name":"Paulo Custodio","image":{"@type":"ImageObject","inLanguage":"pt-BR","@id":"https:\/\/www.correiobraziliense.com.br\/cbradar\/#\/schema\/person\/image\/","url":"https:\/\/secure.gravatar.com\/avatar\/bcd67168d1534e8fcf4f45c726a87cea?s=96&d=mm&r=g","contentUrl":"https:\/\/secure.gravatar.com\/avatar\/bcd67168d1534e8fcf4f45c726a87cea?s=96&d=mm&r=g","caption":"Paulo Custodio"},"sameAs":["https:\/\/www.correiobraziliense.com.br\/cbradar"],"url":"https:\/\/www.correiobraziliense.com.br\/cbradar\/author\/paulomyth\/"}]}},"_links":{"self":[{"href":"https:\/\/www.correiobraziliense.com.br\/cbradar\/wp-json\/wp\/v2\/posts\/29618","targetHints":{"allow":["GET"]}}],"collection":[{"href":"https:\/\/www.correiobraziliense.com.br\/cbradar\/wp-json\/wp\/v2\/posts"}],"about":[{"href":"https:\/\/www.correiobraziliense.com.br\/cbradar\/wp-json\/wp\/v2\/types\/post"}],"author":[{"embeddable":true,"href":"https:\/\/www.correiobraziliense.com.br\/cbradar\/wp-json\/wp\/v2\/users\/11"}],"replies":[{"embeddable":true,"href":"https:\/\/www.correiobraziliense.com.br\/cbradar\/wp-json\/wp\/v2\/comments?post=29618"}],"version-history":[{"count":2,"href":"https:\/\/www.correiobraziliense.com.br\/cbradar\/wp-json\/wp\/v2\/posts\/29618\/revisions"}],"predecessor-version":[{"id":29712,"href":"https:\/\/www.correiobraziliense.com.br\/cbradar\/wp-json\/wp\/v2\/posts\/29618\/revisions\/29712"}],"wp:featuredmedia":[{"embeddable":true,"href":"https:\/\/www.correiobraziliense.com.br\/cbradar\/wp-json\/wp\/v2\/media\/16374"}],"wp:attachment":[{"href":"https:\/\/www.correiobraziliense.com.br\/cbradar\/wp-json\/wp\/v2\/media?parent=29618"}],"wp:term":[{"taxonomy":"category","embeddable":true,"href":"https:\/\/www.correiobraziliense.com.br\/cbradar\/wp-json\/wp\/v2\/categories?post=29618"},{"taxonomy":"post_tag","embeddable":true,"href":"https:\/\/www.correiobraziliense.com.br\/cbradar\/wp-json\/wp\/v2\/post_tag?post=29618"}],"curies":[{"name":"wp","href":"https:\/\/api.w.org\/{rel}","templated":true}]}}