{"id":29620,"date":"2025-04-29T17:23:00","date_gmt":"2025-04-29T20:23:00","guid":{"rendered":"https:\/\/www.correiobraziliense.com.br\/cbradar\/?p=29620"},"modified":"2025-04-28T15:46:14","modified_gmt":"2025-04-28T18:46:14","slug":"a-lavanda-entrega-muitos-beneficios-e-voce-nao-fazia-ideia-disso","status":"publish","type":"post","link":"https:\/\/www.correiobraziliense.com.br\/cbradar\/a-lavanda-entrega-muitos-beneficios-e-voce-nao-fazia-ideia-disso\/","title":{"rendered":"A lavanda entrega muitos benef\u00edcios e voc\u00ea n\u00e3o fazia ideia disso"},"content":{"rendered":"\n<p>A <strong><a href=\"https:\/\/pt.wikipedia.org\/wiki\/Lavanda\" target=\"_blank\" rel=\"noreferrer noopener\">Lavanda<\/a><\/strong>, reconhecida mundialmente por suas flores roxas e aroma inconfund\u00edvel, \u00e9 uma planta associada ao <strong>relaxamento<\/strong> e \u00e0 tranquilidade. Sua hist\u00f3ria de uso remonta a s\u00e9culos, sendo valorizada por suas potenciais propriedades terap\u00eauticas, especialmente para <strong>acalmar a mente<\/strong> e <strong>promover o bem-estar<\/strong>. Seja em forma de <strong>ch\u00e1<\/strong> ou atrav\u00e9s da <strong>aromaterapia<\/strong> com seu <strong>\u00f3leo essencial<\/strong>, a <strong>Lavanda<\/strong> \u00e9 um convite \u00e0 serenidade.<\/p>\n\n\n\n<p>Este guia explora os potenciais <strong>benef\u00edcios<\/strong> da <strong>Lavanda<\/strong> para a <strong><a href=\"https:\/\/www.correiobraziliense.com.br\/cbradar\/quem-sofre-de-apneia-do-sono-pode-amenizar-os-sintomas-seguindo-essas-dicas\/\" target=\"_blank\" rel=\"noreferrer noopener\">sa\u00fade<\/a><\/strong>, com foco no <strong>relaxamento<\/strong>, <strong>ansiedade<\/strong> e <strong>sono<\/strong>.<\/p>\n\n\n\n<p><strong>AVISO IMPORTANTE:<\/strong> As informa\u00e7\u00f5es aqui s\u00e3o sobre os <strong>benef\u00edcios potenciais<\/strong> da <strong>Lavanda<\/strong> para <strong>sintomas leves e tempor\u00e1rios<\/strong>. <strong>N\u00c3O substituem<\/strong> o <strong>diagn\u00f3stico<\/strong>, <strong>tratamento<\/strong> ou <strong>orienta\u00e7\u00e3o profissional<\/strong>. <strong>Ins\u00f4nia cr\u00f4nica<\/strong>, <strong>ansiedade severa<\/strong>, <strong>depress\u00e3o<\/strong>, <strong>problemas de pele<\/strong> persistentes, ou outras <strong>condi\u00e7\u00f5es de sa\u00fade<\/strong>, <strong>requerem avalia\u00e7\u00e3o m\u00e9dica ou psicol\u00f3gica<\/strong>. O <strong>\u00f3leo essencial de Lavanda<\/strong> requer <strong>extrema cautela<\/strong>.<\/p>\n\n\n\n<h2 class=\"wp-block-heading\">Benef\u00edcios potenciais da lavanda<\/h2>\n\n\n<div class=\"wp-block-image\">\n<figure class=\"aligncenter size-large\"><img decoding=\"async\" width=\"1024\" height=\"576\" src=\"https:\/\/www.correiobraziliense.com.br\/cbradar\/wp-content\/uploads\/2025\/04\/lavanda_1745863445627-1024x576.jpg\" alt=\"A lavanda entrega muitos benef\u00edcios e voc\u00ea n\u00e3o fazia ideia disso\" class=\"wp-image-29704\" srcset=\"https:\/\/www.correiobraziliense.com.br\/cbradar\/wp-content\/uploads\/2025\/04\/lavanda_1745863445627-1024x576.jpg 1024w, https:\/\/www.correiobraziliense.com.br\/cbradar\/wp-content\/uploads\/2025\/04\/lavanda_1745863445627-300x169.jpg 300w, https:\/\/www.correiobraziliense.com.br\/cbradar\/wp-content\/uploads\/2025\/04\/lavanda_1745863445627-768x432.jpg 768w, https:\/\/www.correiobraziliense.com.br\/cbradar\/wp-content\/uploads\/2025\/04\/lavanda_1745863445627-750x422.jpg 750w, https:\/\/www.correiobraziliense.com.br\/cbradar\/wp-content\/uploads\/2025\/04\/lavanda_1745863445627-1140x641.jpg 1140w, https:\/\/www.correiobraziliense.com.br\/cbradar\/wp-content\/uploads\/2025\/04\/lavanda_1745863445627.jpg 1280w\" sizes=\"(max-width: 1024px) 100vw, 1024px\" \/><figcaption class=\"wp-element-caption\">Lavanda &#8211; Cr\u00e9ditos: depositphotos.com \/ AlexGukBO<\/figcaption><\/figure><\/div>\n\n\n<p>Os potenciais <strong>benef\u00edcios<\/strong> da <strong>Lavanda<\/strong> incluem:<\/p>\n\n\n\n<ol class=\"wp-block-list\">\n<li><strong>Promove Relaxamento:<\/strong> O aroma da <strong>Lavanda<\/strong> \u00e9 amplamente utilizado para <strong>induzir o relaxamento<\/strong> e <strong>reduzir o estresse<\/strong>.<\/li>\n\n\n\n<li><strong>Pode Ajudar a Reduzir a Ansiedade Leve:<\/strong> A inala\u00e7\u00e3o do aroma ou o consumo de <strong>ch\u00e1<\/strong> <strong>pode ajudar a aliviar sintomas leves de ansiedade<\/strong> e <strong>nervosismo<\/strong>.<\/li>\n\n\n\n<li><strong>Melhora da Qualidade do Sono:<\/strong> Associada ao <strong>relaxamento<\/strong>, a <strong>Lavanda<\/strong> <strong>pode ajudar a reduzir o tempo para adormecer<\/strong> e <strong>melhorar a qualidade do sono<\/strong> em casos de <strong>ins\u00f4nia leve e ocasional<\/strong>.<\/li>\n\n\n\n<li><strong>Pode Ajudar a Reduzir Dores de Cabe\u00e7a Tensionais:<\/strong> O <strong>relaxamento<\/strong> induzido pelo aroma ou <strong>massagem suave<\/strong> com <strong>\u00f3leo<\/strong> dilu\u00eddo <strong>pode aliviar dores de cabe\u00e7a tensionais<\/strong> leves.<\/li>\n\n\n\n<li><strong>Pode Aliviar Sintomas de TPM (Potencial):<\/strong> O aroma e o <strong>relaxamento<\/strong> podem ajudar a <strong>reduzir a ansiedade<\/strong>, a <strong>irritabilidade<\/strong> e as <strong>c\u00f3licas leves<\/strong> associadas \u00e0 TPM.<\/li>\n\n\n\n<li><strong>Potencial para Propriedades Antif\u00fangicas Leves (T\u00f3pico):<\/strong> Estudos sugerem que o <strong>\u00f3leo essencial de Lavanda<\/strong> pode ter alguma atividade contra certos fungos em estudos de laborat\u00f3rio, mas <strong>n\u00e3o substitui tratamento m\u00e9dico<\/strong> para infec\u00e7\u00f5es f\u00fangicas na pele.<\/li>\n\n\n\n<li><strong>Pode Ajudar a Acalmar Irrita\u00e7\u00f5es Leves da Pele (T\u00f3pico &#8211; Dilu\u00eddo):<\/strong> O aroma e o potencial na pele (sempre <strong>dilu\u00eddo<\/strong>) podem ter um <strong>efeito calmante<\/strong> em <strong>irrita\u00e7\u00f5es leves<\/strong>.<\/li>\n<\/ol>\n\n\n\n<h2 class=\"wp-block-heading\">Como usar lavanda para benef\u00edcios<\/h2>\n\n\n\n<p>Use <strong>Lavanda<\/strong> de forma segura para seus potenciais <strong>benef\u00edcios<\/strong>:<\/p>\n\n\n\n<ul class=\"wp-block-list\">\n<li><strong>Ch\u00e1 de Lavanda:<\/strong> Use 1-2 colheres de ch\u00e1 de flores secas para 1 x\u00edcara de <strong>\u00e1gua quente<\/strong>. Infus\u00e3o por 5-10 minutos. Beba para <strong>relaxamento<\/strong> e <strong>sono leve<\/strong>.<\/li>\n\n\n\n<li><strong>Aromaterapia:<\/strong> Use 3-5 gotas de <strong>\u00f3leo essencial de Lavanda<\/strong> em um difusor para perfumar o ambiente e <strong>promover relaxamento<\/strong> e <strong>sono<\/strong>.<\/li>\n\n\n\n<li><strong>Uso T\u00f3pico (SEMPRE Dilu\u00eddo):<\/strong> Misture 1-2 gotas de <strong>\u00f3leo essencial<\/strong> em uma colher de sopa de <strong>\u00f3leo carreador<\/strong> (coco, am\u00eandoa). Use para <strong>massagem suave<\/strong> nas t\u00eamporas, pulsos ou pesco\u00e7o. Adicione 5-10 gotas de <strong>\u00f3leo essencial<\/strong> a um banho morno (misturadas com um pouco de sabonete l\u00edquido antes de adicionar \u00e0 \u00e1gua).<\/li>\n<\/ul>\n\n\n\n<h2 class=\"wp-block-heading\">Precau\u00e7\u00f5es, efeitos colaterais e intera\u00e7\u00f5es<\/h2>\n\n\n\n<ul class=\"wp-block-list\">\n<li><strong>Efeitos Colaterais:<\/strong> Podem incluir <strong>sonol\u00eancia<\/strong>, <strong>tontura<\/strong>, <strong>dor de cabe\u00e7a<\/strong>, <strong>desconforto digestivo<\/strong> ou <strong>rea\u00e7\u00f5es al\u00e9rgicas na pele<\/strong> (principalmente com <strong>\u00f3leo essencial<\/strong>).<\/li>\n\n\n\n<li><strong>Sonol\u00eancia:<\/strong> Use com <strong>cautela<\/strong> antes de dirigir ou operar m\u00e1quinas.<\/li>\n\n\n\n<li><strong>Contraindica\u00e7\u00f5es:<\/strong> <strong>N\u00c3O use<\/strong> durante <strong>gravidez<\/strong>, <strong>amamenta\u00e7\u00e3o<\/strong>, ou em <strong>crian\u00e7as pequenas<\/strong> (especialmente <strong>\u00f3leo essencial<\/strong>, falta de estudos). <strong>N\u00c3O INGERIR \u00d3LEO ESSENCIAL PURO<\/strong>.<\/li>\n\n\n\n<li><strong>Intera\u00e7\u00f5es:<\/strong> <strong>Pode aumentar o efeito sedativo<\/strong> de <strong>sedativos<\/strong>, <strong>ansiol\u00edticos<\/strong> e <strong>medicamentos para dormir<\/strong>. <strong>Consulte m\u00e9dico<\/strong> se tomar <strong>medicamentos<\/strong>.<\/li>\n<\/ul>\n\n\n\n<h2 class=\"wp-block-heading\">Perguntas frequentes sobre lavanda<\/h2>\n\n\n\n<h3 class=\"wp-block-heading\">\u00d3leo essencial de lavanda pode ser ingerido?<\/h3>\n\n\n\n<p><strong>N\u00c3O, JAMAIS deve ser ingerido puro<\/strong>. O uso <strong>seguro<\/strong> \u00e9 em <strong>aromaterapia<\/strong> ou <strong>uso t\u00f3pico dilu\u00eddo<\/strong>.<\/p>\n\n\n\n<h3 class=\"wp-block-heading\">Lavanda ajuda a dormir na primeira noite?<\/h3>\n\n\n\n<p>Pode ajudar a <strong>promover relaxamento<\/strong> e <strong>sono leve<\/strong>, mas <strong>n\u00e3o \u00e9 garantido<\/strong> que resolva <strong>ins\u00f4nia<\/strong> na primeira noite. Os efeitos podem ser graduais.<\/p>\n\n\n\n<h3 class=\"wp-block-heading\">Lavanda interage com rem\u00e9dios para dormir ou ansiedade?<\/h3>\n\n\n\n<p><strong>SIM, interage SIGNIFICATIVAMENTE<\/strong>. <strong>Pode aumentar o efeito sedativo<\/strong>. <strong>NUNCA combine sem orienta\u00e7\u00e3o m\u00e9dica<\/strong>.<\/p>\n\n\n\n<h3 class=\"wp-block-heading\">Gr\u00e1vidas podem usar lavanda?<\/h3>\n\n\n\n<p>Geralmente <strong>n\u00e3o recomendado<\/strong> (especialmente <strong>\u00f3leo essencial<\/strong>). <strong>Consulte m\u00e9dico<\/strong> ou aromaterapeuta qualificado.<\/p>\n\n\n\n<h3 class=\"wp-block-heading\">Lavanda \u00e9 bom para todos os problemas de pele?<\/h3>\n\n\n\n<p>Pode <strong>acalmar irrita\u00e7\u00f5es leves<\/strong> (dilu\u00eddo). <strong>N\u00e3o trata<\/strong> <strong>eczema<\/strong>, <strong>psor\u00edase<\/strong>, infec\u00e7\u00f5es. <strong>Dermatologista<\/strong> \u00e9 essencial para problemas de pele.<\/p>\n","protected":false},"excerpt":{"rendered":"<p>A Lavanda, reconhecida mundialmente por suas flores roxas e aroma inconfund\u00edvel, \u00e9 uma planta associada ao relaxamento e \u00e0 tranquilidade. Sua hist\u00f3ria de uso remonta a s\u00e9culos, sendo valorizada por suas potenciais propriedades terap\u00eauticas, especialmente para acalmar a mente e promover o bem-estar. Seja em forma de ch\u00e1 ou atrav\u00e9s da aromaterapia com seu \u00f3leo [&hellip;]<\/p>\n","protected":false},"author":11,"featured_media":8430,"comment_status":"open","ping_status":"open","sticky":false,"template":"","format":"standard","meta":{"_yoast_wpseo_focuskw":"lavanda","_yoast_wpseo_title":"","_yoast_wpseo_metadesc":"A lavanda oferece muitos benef\u00edcios surpreendentes para a sa\u00fade e o bem-estar, e voc\u00ea vai se surpreender com tudo o que ela pode fazer.","jnews-multi-image_gallery":[],"jnews_single_post":{"format":"standard"},"jnews_primary_category":[],"jnews_social_meta":[],"jnews_override_counter":[],"footnotes":""},"categories":[119],"tags":[120,565],"class_list":["post-29620","post","type-post","status-publish","format-standard","has-post-thumbnail","hentry","category-bem-estar","tag-bem-estar","tag-saude"],"yoast_head":"<!-- This site is optimized with the Yoast SEO plugin v24.6 - https:\/\/yoast.com\/wordpress\/plugins\/seo\/ -->\n<title>A lavanda entrega muitos benef\u00edcios e voc\u00ea n\u00e3o fazia ideia disso - Correio Braziliense - Radar<\/title>\n<meta name=\"description\" content=\"A lavanda oferece muitos benef\u00edcios surpreendentes para a sa\u00fade e o bem-estar, e voc\u00ea vai se surpreender com tudo o que ela pode fazer.\" \/>\n<meta name=\"robots\" content=\"index, follow, max-snippet:-1, max-image-preview:large, max-video-preview:-1\" \/>\n<link rel=\"canonical\" href=\"https:\/\/www.correiobraziliense.com.br\/cbradar\/a-lavanda-entrega-muitos-beneficios-e-voce-nao-fazia-ideia-disso\/\" \/>\n<meta property=\"og:locale\" content=\"pt_BR\" \/>\n<meta property=\"og:type\" content=\"article\" \/>\n<meta property=\"og:title\" content=\"A lavanda entrega muitos benef\u00edcios e voc\u00ea n\u00e3o fazia ideia disso - Correio Braziliense - Radar\" \/>\n<meta property=\"og:description\" content=\"A lavanda oferece muitos benef\u00edcios surpreendentes para a sa\u00fade e o bem-estar, e voc\u00ea vai se surpreender com tudo o que ela pode fazer.\" \/>\n<meta property=\"og:url\" content=\"https:\/\/www.correiobraziliense.com.br\/cbradar\/a-lavanda-entrega-muitos-beneficios-e-voce-nao-fazia-ideia-disso\/\" \/>\n<meta property=\"og:site_name\" content=\"Correio Braziliense - Radar\" \/>\n<meta property=\"article:published_time\" content=\"2025-04-29T20:23:00+00:00\" \/>\n<meta property=\"og:image\" content=\"https:\/\/www.correiobraziliense.com.br\/cbradar\/wp-content\/uploads\/2025\/03\/oleo-essencial-de-lavanda_1741010527606.jpg\" \/>\n\t<meta property=\"og:image:width\" content=\"1280\" \/>\n\t<meta property=\"og:image:height\" content=\"720\" \/>\n\t<meta property=\"og:image:type\" content=\"image\/jpeg\" \/>\n<meta name=\"author\" content=\"Paulo Custodio\" \/>\n<meta name=\"twitter:card\" content=\"summary_large_image\" \/>\n<meta name=\"twitter:label1\" content=\"Escrito por\" \/>\n\t<meta name=\"twitter:data1\" content=\"Paulo Custodio\" \/>\n\t<meta name=\"twitter:label2\" content=\"Est. tempo de leitura\" \/>\n\t<meta name=\"twitter:data2\" content=\"4 minutos\" \/>\n<!-- \/ Yoast SEO plugin. -->","yoast_head_json":{"title":"A lavanda entrega muitos benef\u00edcios e voc\u00ea n\u00e3o fazia ideia disso - Correio Braziliense - Radar","description":"A lavanda oferece muitos benef\u00edcios surpreendentes para a sa\u00fade e o bem-estar, e voc\u00ea vai se surpreender com tudo o que ela pode fazer.","robots":{"index":"index","follow":"follow","max-snippet":"max-snippet:-1","max-image-preview":"max-image-preview:large","max-video-preview":"max-video-preview:-1"},"canonical":"https:\/\/www.correiobraziliense.com.br\/cbradar\/a-lavanda-entrega-muitos-beneficios-e-voce-nao-fazia-ideia-disso\/","og_locale":"pt_BR","og_type":"article","og_title":"A lavanda entrega muitos benef\u00edcios e voc\u00ea n\u00e3o fazia ideia disso - Correio Braziliense - Radar","og_description":"A lavanda oferece muitos benef\u00edcios surpreendentes para a sa\u00fade e o bem-estar, e voc\u00ea vai se surpreender com tudo o que ela pode fazer.","og_url":"https:\/\/www.correiobraziliense.com.br\/cbradar\/a-lavanda-entrega-muitos-beneficios-e-voce-nao-fazia-ideia-disso\/","og_site_name":"Correio Braziliense - Radar","article_published_time":"2025-04-29T20:23:00+00:00","og_image":[{"width":1280,"height":720,"url":"https:\/\/www.correiobraziliense.com.br\/cbradar\/wp-content\/uploads\/2025\/03\/oleo-essencial-de-lavanda_1741010527606.jpg","type":"image\/jpeg"}],"author":"Paulo Custodio","twitter_card":"summary_large_image","twitter_misc":{"Escrito por":"Paulo Custodio","Est. tempo de leitura":"4 minutos"},"schema":{"@context":"https:\/\/schema.org","@graph":[{"@type":"WebPage","@id":"https:\/\/www.correiobraziliense.com.br\/cbradar\/a-lavanda-entrega-muitos-beneficios-e-voce-nao-fazia-ideia-disso\/","url":"https:\/\/www.correiobraziliense.com.br\/cbradar\/a-lavanda-entrega-muitos-beneficios-e-voce-nao-fazia-ideia-disso\/","name":"A lavanda entrega muitos benef\u00edcios e voc\u00ea n\u00e3o fazia ideia disso - Correio Braziliense - Radar","isPartOf":{"@id":"https:\/\/www.correiobraziliense.com.br\/cbradar\/#website"},"primaryImageOfPage":{"@id":"https:\/\/www.correiobraziliense.com.br\/cbradar\/a-lavanda-entrega-muitos-beneficios-e-voce-nao-fazia-ideia-disso\/#primaryimage"},"image":{"@id":"https:\/\/www.correiobraziliense.com.br\/cbradar\/a-lavanda-entrega-muitos-beneficios-e-voce-nao-fazia-ideia-disso\/#primaryimage"},"thumbnailUrl":"https:\/\/www.correiobraziliense.com.br\/cbradar\/wp-content\/uploads\/2025\/03\/oleo-essencial-de-lavanda_1741010527606.jpg","datePublished":"2025-04-29T20:23:00+00:00","author":{"@id":"https:\/\/www.correiobraziliense.com.br\/cbradar\/#\/schema\/person\/4cec7857301a9a1a2ef249893cd908d3"},"description":"A lavanda oferece muitos benef\u00edcios surpreendentes para a sa\u00fade e o bem-estar, e voc\u00ea vai se surpreender com tudo o que ela pode fazer.","breadcrumb":{"@id":"https:\/\/www.correiobraziliense.com.br\/cbradar\/a-lavanda-entrega-muitos-beneficios-e-voce-nao-fazia-ideia-disso\/#breadcrumb"},"inLanguage":"pt-BR","potentialAction":[{"@type":"ReadAction","target":["https:\/\/www.correiobraziliense.com.br\/cbradar\/a-lavanda-entrega-muitos-beneficios-e-voce-nao-fazia-ideia-disso\/"]}]},{"@type":"ImageObject","inLanguage":"pt-BR","@id":"https:\/\/www.correiobraziliense.com.br\/cbradar\/a-lavanda-entrega-muitos-beneficios-e-voce-nao-fazia-ideia-disso\/#primaryimage","url":"https:\/\/www.correiobraziliense.com.br\/cbradar\/wp-content\/uploads\/2025\/03\/oleo-essencial-de-lavanda_1741010527606.jpg","contentUrl":"https:\/\/www.correiobraziliense.com.br\/cbradar\/wp-content\/uploads\/2025\/03\/oleo-essencial-de-lavanda_1741010527606.jpg","width":1280,"height":720,"caption":"\u00d3leo de lavanda - Cr\u00e9ditos: depositphotos.com \/ elenathewise"},{"@type":"BreadcrumbList","@id":"https:\/\/www.correiobraziliense.com.br\/cbradar\/a-lavanda-entrega-muitos-beneficios-e-voce-nao-fazia-ideia-disso\/#breadcrumb","itemListElement":[{"@type":"ListItem","position":1,"name":"In\u00edcio","item":"https:\/\/www.correiobraziliense.com.br\/cbradar\/"},{"@type":"ListItem","position":2,"name":"A lavanda entrega muitos benef\u00edcios e voc\u00ea n\u00e3o fazia ideia disso"}]},{"@type":"WebSite","@id":"https:\/\/www.correiobraziliense.com.br\/cbradar\/#website","url":"https:\/\/www.correiobraziliense.com.br\/cbradar\/","name":"Correio Braziliense - Radar","description":"Acompanhe as \u00faltimas not\u00edcias e fique bem informado sobre tudo o que acontece no Brasil e no mundo.","potentialAction":[{"@type":"SearchAction","target":{"@type":"EntryPoint","urlTemplate":"https:\/\/www.correiobraziliense.com.br\/cbradar\/?s={search_term_string}"},"query-input":{"@type":"PropertyValueSpecification","valueRequired":true,"valueName":"search_term_string"}}],"inLanguage":"pt-BR"},{"@type":"Person","@id":"https:\/\/www.correiobraziliense.com.br\/cbradar\/#\/schema\/person\/4cec7857301a9a1a2ef249893cd908d3","name":"Paulo Custodio","image":{"@type":"ImageObject","inLanguage":"pt-BR","@id":"https:\/\/www.correiobraziliense.com.br\/cbradar\/#\/schema\/person\/image\/","url":"https:\/\/secure.gravatar.com\/avatar\/bcd67168d1534e8fcf4f45c726a87cea?s=96&d=mm&r=g","contentUrl":"https:\/\/secure.gravatar.com\/avatar\/bcd67168d1534e8fcf4f45c726a87cea?s=96&d=mm&r=g","caption":"Paulo Custodio"},"sameAs":["https:\/\/www.correiobraziliense.com.br\/cbradar"],"url":"https:\/\/www.correiobraziliense.com.br\/cbradar\/author\/paulomyth\/"}]}},"_links":{"self":[{"href":"https:\/\/www.correiobraziliense.com.br\/cbradar\/wp-json\/wp\/v2\/posts\/29620","targetHints":{"allow":["GET"]}}],"collection":[{"href":"https:\/\/www.correiobraziliense.com.br\/cbradar\/wp-json\/wp\/v2\/posts"}],"about":[{"href":"https:\/\/www.correiobraziliense.com.br\/cbradar\/wp-json\/wp\/v2\/types\/post"}],"author":[{"embeddable":true,"href":"https:\/\/www.correiobraziliense.com.br\/cbradar\/wp-json\/wp\/v2\/users\/11"}],"replies":[{"embeddable":true,"href":"https:\/\/www.correiobraziliense.com.br\/cbradar\/wp-json\/wp\/v2\/comments?post=29620"}],"version-history":[{"count":2,"href":"https:\/\/www.correiobraziliense.com.br\/cbradar\/wp-json\/wp\/v2\/posts\/29620\/revisions"}],"predecessor-version":[{"id":29714,"href":"https:\/\/www.correiobraziliense.com.br\/cbradar\/wp-json\/wp\/v2\/posts\/29620\/revisions\/29714"}],"wp:featuredmedia":[{"embeddable":true,"href":"https:\/\/www.correiobraziliense.com.br\/cbradar\/wp-json\/wp\/v2\/media\/8430"}],"wp:attachment":[{"href":"https:\/\/www.correiobraziliense.com.br\/cbradar\/wp-json\/wp\/v2\/media?parent=29620"}],"wp:term":[{"taxonomy":"category","embeddable":true,"href":"https:\/\/www.correiobraziliense.com.br\/cbradar\/wp-json\/wp\/v2\/categories?post=29620"},{"taxonomy":"post_tag","embeddable":true,"href":"https:\/\/www.correiobraziliense.com.br\/cbradar\/wp-json\/wp\/v2\/tags?post=29620"}],"curies":[{"name":"wp","href":"https:\/\/api.w.org\/{rel}","templated":true}]}}