{"id":29624,"date":"2025-04-29T21:23:00","date_gmt":"2025-04-30T00:23:00","guid":{"rendered":"https:\/\/www.correiobraziliense.com.br\/cbradar\/?p=29624"},"modified":"2025-04-28T15:46:32","modified_gmt":"2025-04-28T18:46:32","slug":"5-coisas-que-se-voce-fizer-vai-diminuir-muito-suas-dores-nas-costas","status":"publish","type":"post","link":"https:\/\/www.correiobraziliense.com.br\/cbradar\/5-coisas-que-se-voce-fizer-vai-diminuir-muito-suas-dores-nas-costas\/","title":{"rendered":"5 coisas que se voc\u00ea fizer vai diminuir muito suas dores nas costas"},"content":{"rendered":"\n<p><strong>Dores nas <\/strong><a href=\"https:\/\/pt.wikipedia.org\/wiki\/Costas_(anatomia)\" target=\"_blank\" rel=\"noreferrer noopener\"><strong>costas<\/strong> <\/a>s\u00e3o uma das queixas mais comuns, frequentemente causadas por <strong>tens\u00e3o muscular<\/strong>, m\u00e1 postura, longos per\u00edodos sentados ou ap\u00f3s <strong>exerc\u00edcio f\u00edsico<\/strong> incomum. Na maioria das vezes, essa <strong>dor<\/strong> \u00e9 <strong>muscular<\/strong>, <strong>leve<\/strong>, <strong>tempor\u00e1ria<\/strong> e n\u00e3o indica um problema s\u00e9rio na coluna. Para esses casos de <strong>dor leve e ocasional<\/strong>, a combina\u00e7\u00e3o de <strong>alongamento suave<\/strong> e m\u00e9todos naturais pode oferecer <strong>al\u00edvio<\/strong> e <strong>conforto<\/strong>, ajudando a <strong>reduzir a tens\u00e3o<\/strong> e <a href=\"https:\/\/www.correiobraziliense.com.br\/cbradar\/quem-sofre-de-apneia-do-sono-pode-amenizar-os-sintomas-seguindo-essas-dicas\/\" target=\"_blank\" rel=\"noreferrer noopener\">promover <\/a>o relaxamento na regi\u00e3o afetada.<\/p>\n\n\n\n<p>Este guia pr\u00e1tico explora diferentes abordagens naturais e t\u00e9cnicas de <strong>alongamento<\/strong> para <strong>aliviar dores musculares leves nas costas<\/strong>. \u00c9 fundamental entender que estes m\u00e9todos focam no <strong>al\u00edvio sintom\u00e1tico<\/strong> e <strong>n\u00e3o tratam a causa<\/strong> de dores persistentes, intensas, ou relacionadas a les\u00f5es ou condi\u00e7\u00f5es m\u00e9dicas subjacentes da <strong>coluna<\/strong>.<\/p>\n\n\n\n<p><strong>AVISO IMPORTANTE:<\/strong> Este guia \u00e9 para <strong>aliviar <em>dores musculares leves e tempor\u00e1rias<\/em> nas costas<\/strong>. <strong>N\u00c3O substitui<\/strong> o <strong>diagn\u00f3stico<\/strong> ou <strong>tratamento m\u00e9dico ou fisioterap\u00eautico profissional<\/strong>. Se sua <strong>dor nas costas<\/strong> for <strong>intensa<\/strong>, <strong>surgir subitamente<\/strong>, <strong>persistir<\/strong> por mais de uma semana, vier com <strong>febre<\/strong>, <strong>dorm\u00eancia<\/strong>, <strong>formigamento<\/strong> ou <strong>fraqueza<\/strong> nas pernas, <strong>dificuldade para controlar a bexiga\/intestino<\/strong>, ou <strong>piorar<\/strong> com os m\u00e9todos aqui descritos, <strong>procure ajuda m\u00e9dica IMEDIATAMENTE<\/strong>. <strong>NUNCA realize alongamentos ou massagem em uma \u00e1rea lesionada, inchada ou com vermelhid\u00e3o.<\/strong><\/p>\n\n\n\n<h2 class=\"wp-block-heading\">Abordagens naturais para al\u00edvio de dores musculares leves nas costas<\/h2>\n\n\n<div class=\"wp-block-image\">\n<figure class=\"aligncenter size-large\"><img decoding=\"async\" width=\"1024\" height=\"576\" src=\"https:\/\/www.correiobraziliense.com.br\/cbradar\/wp-content\/uploads\/2025\/04\/costas_1744723722379-1024x576.jpg\" alt=\"5 coisas que se voc\u00ea fizer vai diminuir muito suas dores nas costas\" class=\"wp-image-23885\" srcset=\"https:\/\/www.correiobraziliense.com.br\/cbradar\/wp-content\/uploads\/2025\/04\/costas_1744723722379-1024x576.jpg 1024w, https:\/\/www.correiobraziliense.com.br\/cbradar\/wp-content\/uploads\/2025\/04\/costas_1744723722379-300x169.jpg 300w, https:\/\/www.correiobraziliense.com.br\/cbradar\/wp-content\/uploads\/2025\/04\/costas_1744723722379-768x432.jpg 768w, https:\/\/www.correiobraziliense.com.br\/cbradar\/wp-content\/uploads\/2025\/04\/costas_1744723722379-750x422.jpg 750w, https:\/\/www.correiobraziliense.com.br\/cbradar\/wp-content\/uploads\/2025\/04\/costas_1744723722379-1140x641.jpg 1140w, https:\/\/www.correiobraziliense.com.br\/cbradar\/wp-content\/uploads\/2025\/04\/costas_1744723722379.jpg 1280w\" sizes=\"(max-width: 1024px) 100vw, 1024px\" \/><figcaption class=\"wp-element-caption\">Costas &#8211; Cr\u00e9ditos: depositphotos.com \/ AllaSerebrina<\/figcaption><\/figure><\/div>\n\n\n<p>Combine estas abordagens para <strong>aliviar<\/strong> o desconforto:<\/p>\n\n\n\n<h3 class=\"wp-block-heading\">1. Terapia de calor e frio<\/h3>\n\n\n\n<p>Ambos podem ser eficazes para <strong>aliviar dores musculares<\/strong>, dependendo da situa\u00e7\u00e3o.<\/p>\n\n\n\n<ul class=\"wp-block-list\">\n<li><strong>Calor:<\/strong> Ideal para <strong>aliviar a tens\u00e3o muscular<\/strong> cr\u00f4nica e <strong>rigidez<\/strong>. O calor <strong>relaxa os m\u00fasculos<\/strong> e <strong>aumenta o fluxo sangu\u00edneo<\/strong>.\n<ul class=\"wp-block-list\">\n<li><strong>Como aplicar (Descri\u00e7\u00e3o para ilustra\u00e7\u00e3o):<\/strong> Use uma <strong>bolsa t\u00e9rmica<\/strong> (el\u00e9trica ou de sementes aquecida no micro-ondas) ou <strong>compressa quente<\/strong> (pano mergulhado em <strong>\u00e1gua quente<\/strong> e torcido) aplicada na \u00e1rea dolorida nas <strong>costas<\/strong> por 15-20 minutos. Um banho morno tamb\u00e9m pode ajudar.<\/li>\n<\/ul>\n<\/li>\n\n\n\n<li><strong>Frio:<\/strong> Mais \u00fatil nas primeiras 24-48 horas ap\u00f3s uma atividade que causou a <strong>dor<\/strong> (DMIT) ou uma <strong>les\u00e3o<\/strong> leve (se n\u00e3o houver contraindica\u00e7\u00e3o m\u00e9dica) para <strong>reduzir inflama\u00e7\u00e3o<\/strong> e <strong>dor<\/strong>.\n<ul class=\"wp-block-list\">\n<li><strong>Como aplicar (Descri\u00e7\u00e3o para ilustra\u00e7\u00e3o):<\/strong> Use uma <strong>bolsa de gelo<\/strong> (envolvida em um pano fino para n\u00e3o queimar a pele) na \u00e1rea dolorida por 10-15 minutos.<\/li>\n<\/ul>\n<\/li>\n\n\n\n<li><strong>Altern\u00e2ncia:<\/strong> Algumas pessoas sentem <strong>al\u00edvio<\/strong> alternando aplica\u00e7\u00f5es de calor e frio.<\/li>\n<\/ul>\n\n\n\n<h3 class=\"wp-block-heading\">2. Alongamento suave focado<\/h3>\n\n\n\n<p><strong>Alongamentos<\/strong> podem <strong>aliviar a tens\u00e3o muscular<\/strong> que contribui para a <strong>dor nas costas<\/strong>, especialmente na <strong>regi\u00e3o lombar<\/strong> e nos m\u00fasculos que a afetam (isquiotibiais, flexores do quadril).<\/p>\n\n\n\n<ul class=\"wp-block-list\">\n<li><strong>Princ\u00edpios:<\/strong> Fa\u00e7a <strong>alongamentos est\u00e1ticos<\/strong> <strong>suaves<\/strong>, <strong>sem balan\u00e7ar<\/strong>. V\u00e1 at\u00e9 o ponto de sentir um <strong>alongamento confort\u00e1vel<\/strong>, <strong>NUNCA dor<\/strong>. Respire profundamente durante o <strong>alongamento<\/strong>. Mantenha cada <strong>alongamento<\/strong> por <strong>20 a 30 segundos<\/strong>.<\/li>\n\n\n\n<li><strong>Alongamento da coluna lombar (joelhos ao peito):<\/strong>\n<ul class=\"wp-block-list\">\n<li><strong>Como fazer (Descri\u00e7\u00e3o para ilustra\u00e7\u00e3o):<\/strong> Deite-se de costas em uma superf\u00edcie firme. Leve um joelho em dire\u00e7\u00e3o ao peito, segurando-o suavemente com as m\u00e3os. Mantenha a outra perna estendida (ou flexionada se for mais confort\u00e1vel). Sinta um <strong>alongamento suave<\/strong> na <strong>regi\u00e3o lombar<\/strong> e <strong>gl\u00fateo<\/strong>. Repita com a outra perna e, em seguida, com ambas as pernas juntas.<\/li>\n<\/ul>\n<\/li>\n\n\n\n<li><strong>Alongamento de isquiotibiais (sentado):<\/strong> Isquiotibiais encurtados podem puxar a p\u00e9lvis e aumentar a <strong>tens\u00e3o na lombar<\/strong>.\n<ul class=\"wp-block-list\">\n<li><strong>Como fazer (Descri\u00e7\u00e3o para ilustra\u00e7\u00e3o):<\/strong> Sente-se no ch\u00e3o com uma perna estendida \u00e0 frente e a outra flexionada com o p\u00e9 pr\u00f3ximo \u00e0 coxa estendida. Mantenha as <strong>costas retas<\/strong> e incline o tronco para a frente a partir do quadril, tentando alcan\u00e7ar o p\u00e9 da perna estendida. Sinta o <strong>alongamento<\/strong> na parte de tr\u00e1s da coxa. Repita na outra perna.<\/li>\n<\/ul>\n<\/li>\n\n\n\n<li><strong>Alongamento de flexores do quadril (ajoelhado):<\/strong> Flexores de quadril encurtados (por ficar muito tempo sentado) podem aumentar a curvatura da <strong>lombar<\/strong> e causar <strong>dor<\/strong>.\n<ul class=\"wp-block-list\">\n<li><strong>Como fazer (Descri\u00e7\u00e3o para ilustra\u00e7\u00e3o):<\/strong> Ajoelhe-se no ch\u00e3o com uma perna \u00e0 frente em 90 graus (posi\u00e7\u00e3o de afundo ajoelhado). Mantenha o tronco ereto e empurre suavemente o quadril para a frente, sentindo o <strong>alongamento<\/strong> na parte frontal do quadril da perna ajoelhada. Mantenha o <strong>abd\u00f4men levemente contra\u00eddo<\/strong> para n\u00e3o arquear a <strong>lombar<\/strong>. Repita na outra perna.<\/li>\n<\/ul>\n<\/li>\n<\/ul>\n\n\n\n<h3 class=\"wp-block-heading\">3. Hidrata\u00e7\u00e3o e nutri\u00e7\u00e3o<\/h3>\n\n\n\n<p>O corpo precisa de suporte interno para a <strong>recupera\u00e7\u00e3o muscular<\/strong>.<\/p>\n\n\n\n<ul class=\"wp-block-list\">\n<li><strong>O que fazer:<\/strong> Beba bastante <strong>\u00e1gua<\/strong>. A <strong>desidrata\u00e7\u00e3o<\/strong> pode piorar as <strong>dores musculares<\/strong>. Mantenha uma <strong>alimenta\u00e7\u00e3o saud\u00e1vel<\/strong> e equilibrada para fornecer os <strong>nutrientes<\/strong> necess\u00e1rios para a <strong>recupera\u00e7\u00e3o<\/strong>.<\/li>\n<\/ul>\n\n\n\n<h3 class=\"wp-block-heading\">4. Considerar banhos e compressas com sais\/ervas<\/h3>\n\n\n\n<p>Alguns ingredientes podem <strong>relaxar<\/strong> os m\u00fasculos quando usados topicamente ou em banhos.<\/p>\n\n\n\n<ul class=\"wp-block-list\">\n<li><strong>Banhos com Sais de Epsom:<\/strong> Acredita-se que o <strong>sulfato de magn\u00e9sio<\/strong> ajude no <strong>relaxamento muscular<\/strong>.\n<ul class=\"wp-block-list\">\n<li><strong>Como fazer:<\/strong> Adicione 1-2 x\u00edcaras de <strong>sais de Epsom<\/strong> em um banho morno e mergulhe por 15-20 minutos. O calor da <strong>\u00e1gua<\/strong> e os sais <strong>podem aliviar a tens\u00e3o<\/strong>.<\/li>\n<\/ul>\n<\/li>\n\n\n\n<li><strong>Compressas ou ch\u00e1s (uso t\u00f3pico ou para relaxamento):<\/strong> <strong>Ch\u00e1 de camomila<\/strong> (propriedades calmantes e anti-inflamat\u00f3rias leves) ou <strong>ch\u00e1 de gengibre<\/strong> (propriedades anti-inflamat\u00f3rias) podem ser aplicados como compressas mornas ou consumidos (morno) para <strong>relaxamento<\/strong> geral, o que <strong>pode indiretamente aliviar a tens\u00e3o muscular<\/strong>.<\/li>\n<\/ul>\n\n\n\n<h3 class=\"wp-block-heading\">5. Repouso e movimento suave<\/h3>\n\n\n\n<p>O corpo precisa de tempo para se recuperar, mas a inatividade total pode piorar a rigidez.<\/p>\n\n\n\n<ul class=\"wp-block-list\">\n<li><strong>O que fazer:<\/strong> Evite atividades que agravem a <strong>dor<\/strong>. No entanto, mantenha um n\u00edvel de <strong>movimento suave<\/strong>, como <strong>caminhada leve<\/strong>, se for confort\u00e1vel. Isso ajuda a <strong>reduzir a rigidez<\/strong>.<\/li>\n<\/ul>\n\n\n\n<p>Estes m\u00e9todos s\u00e3o para <strong>aliviar dores musculares leves e tempor\u00e1rias nas costas<\/strong>. Se a <strong>dor<\/strong> for <strong>persistente<\/strong>, <strong>intensa<\/strong> ou houver <strong>sinais de alerta<\/strong>, <strong>procure ajuda m\u00e9dica<\/strong>.<\/p>\n\n\n\n<h2 class=\"wp-block-heading\">Quando buscar ajuda m\u00e9dica para dores nas costas<\/h2>\n\n\n\n<p><strong>Procure um m\u00e9dico IMEDIATAMENTE<\/strong> se sua <strong>dor nas costas<\/strong> for:<\/p>\n\n\n\n<ul class=\"wp-block-list\">\n<li><strong>Severa<\/strong> e <strong>surgir subitamente<\/strong>.<\/li>\n\n\n\n<li>Ocorrer <strong>ap\u00f3s um trauma<\/strong> (queda, impacto).<\/li>\n\n\n\n<li>Acompanhada de <strong>febre<\/strong> inexplicada.<\/li>\n\n\n\n<li>Vier com <strong>dorm\u00eancia<\/strong>, <strong>formigamento<\/strong> ou <strong>fraqueza<\/strong> nas pernas ou p\u00e9s.<\/li>\n\n\n\n<li>Associada a <strong>perda de controle da bexiga ou intestino<\/strong>.<\/li>\n\n\n\n<li>Acompanhada de <strong>perda de peso<\/strong> inexplicada.<\/li>\n\n\n\n<li><strong>Persistir<\/strong> por mais de uma semana ou duas sem melhora, ou <strong>piorar<\/strong> com os m\u00e9todos caseiros.<\/li>\n<\/ul>\n\n\n\n<h2 class=\"wp-block-heading\">Perguntas frequentes sobre dores nas costas, alongamento e m\u00e9todos naturais<\/h2>\n\n\n\n<h3 class=\"wp-block-heading\">Alongamento resolve dor nas costas?<\/h3>\n\n\n\n<p>O <strong>alongamento suave<\/strong> <strong>pode ajudar a aliviar dores musculares leves nas costas<\/strong> associadas \u00e0 <strong>tens\u00e3o<\/strong> e rigidez, especialmente em m\u00fasculos que afetam a <strong>lombar<\/strong>. Ele <strong>n\u00e3o trata<\/strong> a causa de dores por les\u00f5es estruturais na <strong>coluna<\/strong> ou <strong>condi\u00e7\u00f5es m\u00e9dicas<\/strong>.<\/p>\n\n\n\n<h3 class=\"wp-block-heading\">Calor ou frio, qual usar para dor nas costas?<\/h3>\n\n\n\n<p>Use <strong>frio<\/strong> nas primeiras 24-48 horas para <strong>dor<\/strong> aguda ap\u00f3s um esfor\u00e7o ou <strong>les\u00e3o<\/strong> (leve). Use <strong>calor<\/strong> para <strong>aliviar a tens\u00e3o muscular<\/strong> e <strong>rigidez<\/strong> cr\u00f4nica. <strong>Consulte um profissional<\/strong> para dor persistente ou les\u00e3o.<\/p>\n\n\n\n<h3 class=\"wp-block-heading\">Rem\u00e9dios naturais e alongamento substituem tratamento m\u00e9dico para dor nas costas?<\/h3>\n\n\n\n<p><strong>N\u00c3O<\/strong>. Esses m\u00e9todos podem dar <strong>al\u00edvio suave<\/strong> para <strong>dores musculares leves e tempor\u00e1rias<\/strong>. Eles <strong>n\u00e3o substituem<\/strong> o <strong>diagn\u00f3stico<\/strong> e <strong>tratamento m\u00e9dico ou fisioterap\u00eautico<\/strong> para <strong>dores nas costas<\/strong> que requerem investiga\u00e7\u00e3o, como h\u00e9rnias de disco, problemas articulares, inflama\u00e7\u00f5es, etc.<\/p>\n\n\n\n<h3 class=\"wp-block-heading\">Banhos com sais de Epsom ajudam a aliviar dor nas costas?<\/h3>\n\n\n\n<p>Um banho morno com <strong>sais de Epsom<\/strong> <strong>pode ajudar a relaxar os m\u00fasculos<\/strong> e dar uma sensa\u00e7\u00e3o de <strong>al\u00edvio<\/strong> para <strong>dores musculares leves<\/strong> e <strong>tens\u00e3o<\/strong> devido ao calor da <strong>\u00e1gua<\/strong> e potencial efeito relaxante do magn\u00e9sio.<\/p>\n\n\n\n<h3 class=\"wp-block-heading\">Quando a dor nas costas \u00e9 sinal de algo s\u00e9rio?<\/h3>\n\n\n\n<p>Se a <strong>dor<\/strong> for <strong>intensa<\/strong>, <strong>s\u00fabita<\/strong>, ap\u00f3s trauma, <strong>persistir<\/strong>, vier com <strong>sinais neurol\u00f3gicos<\/strong> (dorm\u00eancia, fraqueza nas pernas), <strong>perda de controle de bexiga\/intestino<\/strong>, <strong>febre<\/strong>, ou <strong>perda de peso<\/strong> inexplicada, <strong>procure ajuda m\u00e9dica IMEDIATAMENTE<\/strong>.<\/p>\n","protected":false},"excerpt":{"rendered":"<p>Dores nas costas s\u00e3o uma das queixas mais comuns, frequentemente causadas por tens\u00e3o muscular, m\u00e1 postura, longos per\u00edodos sentados ou ap\u00f3s exerc\u00edcio f\u00edsico incomum. Na maioria das vezes, essa dor \u00e9 muscular, leve, tempor\u00e1ria e n\u00e3o indica um problema s\u00e9rio na coluna. Para esses casos de dor leve e ocasional, a combina\u00e7\u00e3o de alongamento suave [&hellip;]<\/p>\n","protected":false},"author":11,"featured_media":26469,"comment_status":"open","ping_status":"open","sticky":false,"template":"","format":"standard","meta":{"_yoast_wpseo_focuskw":"dores nas costas","_yoast_wpseo_title":"","_yoast_wpseo_metadesc":"Essas 5 a\u00e7\u00f5es podem reduzir significativamente suas dores nas costas, trazendo al\u00edvio e mais qualidade de vida.","jnews-multi-image_gallery":[],"jnews_single_post":{"format":"standard"},"jnews_primary_category":[],"jnews_social_meta":[],"jnews_override_counter":[],"footnotes":""},"categories":[119],"tags":[120,565],"class_list":["post-29624","post","type-post","status-publish","format-standard","has-post-thumbnail","hentry","category-bem-estar","tag-bem-estar","tag-saude"],"yoast_head":"<!-- This site is optimized with the Yoast SEO plugin v24.6 - https:\/\/yoast.com\/wordpress\/plugins\/seo\/ -->\n<title>5 coisas que se voc\u00ea fizer vai diminuir muito suas dores nas costas - Correio Braziliense - Radar<\/title>\n<meta name=\"description\" content=\"Essas 5 a\u00e7\u00f5es podem reduzir significativamente suas dores nas costas, trazendo al\u00edvio e mais qualidade de vida.\" \/>\n<meta name=\"robots\" content=\"index, follow, max-snippet:-1, max-image-preview:large, max-video-preview:-1\" \/>\n<link rel=\"canonical\" href=\"https:\/\/www.correiobraziliense.com.br\/cbradar\/5-coisas-que-se-voce-fizer-vai-diminuir-muito-suas-dores-nas-costas\/\" \/>\n<meta property=\"og:locale\" content=\"pt_BR\" \/>\n<meta property=\"og:type\" content=\"article\" \/>\n<meta property=\"og:title\" content=\"5 coisas que se voc\u00ea fizer vai diminuir muito suas dores nas costas - Correio Braziliense - Radar\" \/>\n<meta property=\"og:description\" content=\"Essas 5 a\u00e7\u00f5es podem reduzir significativamente suas dores nas costas, trazendo al\u00edvio e mais qualidade de vida.\" \/>\n<meta property=\"og:url\" content=\"https:\/\/www.correiobraziliense.com.br\/cbradar\/5-coisas-que-se-voce-fizer-vai-diminuir-muito-suas-dores-nas-costas\/\" \/>\n<meta property=\"og:site_name\" content=\"Correio Braziliense - Radar\" \/>\n<meta property=\"article:published_time\" content=\"2025-04-30T00:23:00+00:00\" \/>\n<meta property=\"og:image\" content=\"https:\/\/www.correiobraziliense.com.br\/cbradar\/wp-content\/uploads\/2025\/04\/nervo-ciatico_1745241370055.jpg\" \/>\n\t<meta property=\"og:image:width\" content=\"1280\" \/>\n\t<meta property=\"og:image:height\" content=\"720\" \/>\n\t<meta property=\"og:image:type\" content=\"image\/jpeg\" \/>\n<meta name=\"author\" content=\"Paulo Custodio\" \/>\n<meta name=\"twitter:card\" content=\"summary_large_image\" \/>\n<meta name=\"twitter:label1\" content=\"Escrito por\" \/>\n\t<meta name=\"twitter:data1\" content=\"Paulo Custodio\" \/>\n\t<meta name=\"twitter:label2\" content=\"Est. tempo de leitura\" \/>\n\t<meta name=\"twitter:data2\" content=\"7 minutos\" \/>\n<!-- \/ Yoast SEO plugin. -->","yoast_head_json":{"title":"5 coisas que se voc\u00ea fizer vai diminuir muito suas dores nas costas - Correio Braziliense - Radar","description":"Essas 5 a\u00e7\u00f5es podem reduzir significativamente suas dores nas costas, trazendo al\u00edvio e mais qualidade de vida.","robots":{"index":"index","follow":"follow","max-snippet":"max-snippet:-1","max-image-preview":"max-image-preview:large","max-video-preview":"max-video-preview:-1"},"canonical":"https:\/\/www.correiobraziliense.com.br\/cbradar\/5-coisas-que-se-voce-fizer-vai-diminuir-muito-suas-dores-nas-costas\/","og_locale":"pt_BR","og_type":"article","og_title":"5 coisas que se voc\u00ea fizer vai diminuir muito suas dores nas costas - Correio Braziliense - Radar","og_description":"Essas 5 a\u00e7\u00f5es podem reduzir significativamente suas dores nas costas, trazendo al\u00edvio e mais qualidade de vida.","og_url":"https:\/\/www.correiobraziliense.com.br\/cbradar\/5-coisas-que-se-voce-fizer-vai-diminuir-muito-suas-dores-nas-costas\/","og_site_name":"Correio Braziliense - Radar","article_published_time":"2025-04-30T00:23:00+00:00","og_image":[{"width":1280,"height":720,"url":"https:\/\/www.correiobraziliense.com.br\/cbradar\/wp-content\/uploads\/2025\/04\/nervo-ciatico_1745241370055.jpg","type":"image\/jpeg"}],"author":"Paulo Custodio","twitter_card":"summary_large_image","twitter_misc":{"Escrito por":"Paulo Custodio","Est. tempo de leitura":"7 minutos"},"schema":{"@context":"https:\/\/schema.org","@graph":[{"@type":"WebPage","@id":"https:\/\/www.correiobraziliense.com.br\/cbradar\/5-coisas-que-se-voce-fizer-vai-diminuir-muito-suas-dores-nas-costas\/","url":"https:\/\/www.correiobraziliense.com.br\/cbradar\/5-coisas-que-se-voce-fizer-vai-diminuir-muito-suas-dores-nas-costas\/","name":"5 coisas que se voc\u00ea fizer vai diminuir muito suas dores nas costas - Correio Braziliense - Radar","isPartOf":{"@id":"https:\/\/www.correiobraziliense.com.br\/cbradar\/#website"},"primaryImageOfPage":{"@id":"https:\/\/www.correiobraziliense.com.br\/cbradar\/5-coisas-que-se-voce-fizer-vai-diminuir-muito-suas-dores-nas-costas\/#primaryimage"},"image":{"@id":"https:\/\/www.correiobraziliense.com.br\/cbradar\/5-coisas-que-se-voce-fizer-vai-diminuir-muito-suas-dores-nas-costas\/#primaryimage"},"thumbnailUrl":"https:\/\/www.correiobraziliense.com.br\/cbradar\/wp-content\/uploads\/2025\/04\/nervo-ciatico_1745241370055.jpg","datePublished":"2025-04-30T00:23:00+00:00","author":{"@id":"https:\/\/www.correiobraziliense.com.br\/cbradar\/#\/schema\/person\/4cec7857301a9a1a2ef249893cd908d3"},"description":"Essas 5 a\u00e7\u00f5es podem reduzir significativamente suas dores nas costas, trazendo al\u00edvio e mais qualidade de vida.","breadcrumb":{"@id":"https:\/\/www.correiobraziliense.com.br\/cbradar\/5-coisas-que-se-voce-fizer-vai-diminuir-muito-suas-dores-nas-costas\/#breadcrumb"},"inLanguage":"pt-BR","potentialAction":[{"@type":"ReadAction","target":["https:\/\/www.correiobraziliense.com.br\/cbradar\/5-coisas-que-se-voce-fizer-vai-diminuir-muito-suas-dores-nas-costas\/"]}]},{"@type":"ImageObject","inLanguage":"pt-BR","@id":"https:\/\/www.correiobraziliense.com.br\/cbradar\/5-coisas-que-se-voce-fizer-vai-diminuir-muito-suas-dores-nas-costas\/#primaryimage","url":"https:\/\/www.correiobraziliense.com.br\/cbradar\/wp-content\/uploads\/2025\/04\/nervo-ciatico_1745241370055.jpg","contentUrl":"https:\/\/www.correiobraziliense.com.br\/cbradar\/wp-content\/uploads\/2025\/04\/nervo-ciatico_1745241370055.jpg","width":1280,"height":720,"caption":"Um rapaz com dor nas costas - Cr\u00e9ditos: depositphotos.com \/ Milkos"},{"@type":"BreadcrumbList","@id":"https:\/\/www.correiobraziliense.com.br\/cbradar\/5-coisas-que-se-voce-fizer-vai-diminuir-muito-suas-dores-nas-costas\/#breadcrumb","itemListElement":[{"@type":"ListItem","position":1,"name":"In\u00edcio","item":"https:\/\/www.correiobraziliense.com.br\/cbradar\/"},{"@type":"ListItem","position":2,"name":"5 coisas que se voc\u00ea fizer vai diminuir muito suas dores nas costas"}]},{"@type":"WebSite","@id":"https:\/\/www.correiobraziliense.com.br\/cbradar\/#website","url":"https:\/\/www.correiobraziliense.com.br\/cbradar\/","name":"Correio Braziliense - Radar","description":"Acompanhe as \u00faltimas not\u00edcias e fique bem informado sobre tudo o que acontece no Brasil e no mundo.","potentialAction":[{"@type":"SearchAction","target":{"@type":"EntryPoint","urlTemplate":"https:\/\/www.correiobraziliense.com.br\/cbradar\/?s={search_term_string}"},"query-input":{"@type":"PropertyValueSpecification","valueRequired":true,"valueName":"search_term_string"}}],"inLanguage":"pt-BR"},{"@type":"Person","@id":"https:\/\/www.correiobraziliense.com.br\/cbradar\/#\/schema\/person\/4cec7857301a9a1a2ef249893cd908d3","name":"Paulo Custodio","image":{"@type":"ImageObject","inLanguage":"pt-BR","@id":"https:\/\/www.correiobraziliense.com.br\/cbradar\/#\/schema\/person\/image\/","url":"https:\/\/secure.gravatar.com\/avatar\/bcd67168d1534e8fcf4f45c726a87cea?s=96&d=mm&r=g","contentUrl":"https:\/\/secure.gravatar.com\/avatar\/bcd67168d1534e8fcf4f45c726a87cea?s=96&d=mm&r=g","caption":"Paulo Custodio"},"sameAs":["https:\/\/www.correiobraziliense.com.br\/cbradar"],"url":"https:\/\/www.correiobraziliense.com.br\/cbradar\/author\/paulomyth\/"}]}},"_links":{"self":[{"href":"https:\/\/www.correiobraziliense.com.br\/cbradar\/wp-json\/wp\/v2\/posts\/29624","targetHints":{"allow":["GET"]}}],"collection":[{"href":"https:\/\/www.correiobraziliense.com.br\/cbradar\/wp-json\/wp\/v2\/posts"}],"about":[{"href":"https:\/\/www.correiobraziliense.com.br\/cbradar\/wp-json\/wp\/v2\/types\/post"}],"author":[{"embeddable":true,"href":"https:\/\/www.correiobraziliense.com.br\/cbradar\/wp-json\/wp\/v2\/users\/11"}],"replies":[{"embeddable":true,"href":"https:\/\/www.correiobraziliense.com.br\/cbradar\/wp-json\/wp\/v2\/comments?post=29624"}],"version-history":[{"count":2,"href":"https:\/\/www.correiobraziliense.com.br\/cbradar\/wp-json\/wp\/v2\/posts\/29624\/revisions"}],"predecessor-version":[{"id":29718,"href":"https:\/\/www.correiobraziliense.com.br\/cbradar\/wp-json\/wp\/v2\/posts\/29624\/revisions\/29718"}],"wp:featuredmedia":[{"embeddable":true,"href":"https:\/\/www.correiobraziliense.com.br\/cbradar\/wp-json\/wp\/v2\/media\/26469"}],"wp:attachment":[{"href":"https:\/\/www.correiobraziliense.com.br\/cbradar\/wp-json\/wp\/v2\/media?parent=29624"}],"wp:term":[{"taxonomy":"category","embeddable":true,"href":"https:\/\/www.correiobraziliense.com.br\/cbradar\/wp-json\/wp\/v2\/categories?post=29624"},{"taxonomy":"post_tag","embeddable":true,"href":"https:\/\/www.correiobraziliense.com.br\/cbradar\/wp-json\/wp\/v2\/tags?post=29624"}],"curies":[{"name":"wp","href":"https:\/\/api.w.org\/{rel}","templated":true}]}}