{"id":29635,"date":"2025-04-29T22:50:00","date_gmt":"2025-04-30T01:50:00","guid":{"rendered":"https:\/\/www.correiobraziliense.com.br\/cbradar\/?p=29635"},"modified":"2025-04-28T18:49:52","modified_gmt":"2025-04-28T21:49:52","slug":"essa-cidade-chilena-abracou-o-turismo-astronomico-para-salvar-sua-economia","status":"publish","type":"post","link":"https:\/\/www.correiobraziliense.com.br\/cbradar\/essa-cidade-chilena-abracou-o-turismo-astronomico-para-salvar-sua-economia\/","title":{"rendered":"Essa cidade chilena abra\u00e7ou o turismo astron\u00f4mico para salvar sua economia"},"content":{"rendered":"\n<p>Em meio aos desertos \u00e1ridos do norte do <strong>Chile<\/strong>, a pequena cidade de <strong>Vicu\u00f1a<\/strong>, localizada no <strong>Vale do Elqui<\/strong>, encontrou nas estrelas uma nova forma de prosperar. Enfrentando dificuldades econ\u00f4micas com a queda das atividades agr\u00edcolas tradicionais, a cidade apostou no turismo astron\u00f4mico para revitalizar sua economia e transformar sua identidade.<\/p>\n\n\n\n<p>Com base em informa\u00e7\u00f5es de institutos tur\u00edsticos chilenos, <strong>Vicu\u00f1a<\/strong> hoje \u00e9 considerada um dos melhores destinos do mundo para a observa\u00e7\u00e3o do c\u00e9u noturno, atraindo visitantes de diversos pa\u00edses em busca de experi\u00eancias \u00fanicas.<\/p>\n\n\n\n<h2 class=\"wp-block-heading\">Uma localiza\u00e7\u00e3o privilegiada para observar as estrelas<\/h2>\n\n\n\n<p>O c\u00e9u sobre o Vale do Elqui \u00e9 um dos mais limpos e claros do planeta, com cerca de 300 noites por ano ideais para a observa\u00e7\u00e3o astron\u00f4mica. A combina\u00e7\u00e3o da baixa umidade, alta altitude e pouca polui\u00e7\u00e3o luminosa cria condi\u00e7\u00f5es perfeitas para admirar estrelas, constela\u00e7\u00f5es e fen\u00f4menos celestes a olho nu.<\/p>\n\n\n\n<p>Essas caracter\u00edsticas tornaram a regi\u00e3o refer\u00eancia internacional para astroturismo, com diversos observat\u00f3rios abertos ao p\u00fablico e passeios guiados que oferecem uma verdadeira aula de astronomia sob um c\u00e9u espetacular.<\/p>\n\n\n\n<figure class=\"wp-block-image size-large\"><img decoding=\"async\" width=\"1024\" height=\"576\" src=\"https:\/\/www.correiobraziliense.com.br\/cbradar\/wp-content\/uploads\/2025\/04\/Chile_1745859211298-1024x576.jpg\" alt=\"Essa cidade chilena abra\u00e7ou o turismo astron\u00f4mico para salvar sua economia\" class=\"wp-image-29638\" srcset=\"https:\/\/www.correiobraziliense.com.br\/cbradar\/wp-content\/uploads\/2025\/04\/Chile_1745859211298-1024x576.jpg 1024w, https:\/\/www.correiobraziliense.com.br\/cbradar\/wp-content\/uploads\/2025\/04\/Chile_1745859211298-300x169.jpg 300w, https:\/\/www.correiobraziliense.com.br\/cbradar\/wp-content\/uploads\/2025\/04\/Chile_1745859211298-768x432.jpg 768w, https:\/\/www.correiobraziliense.com.br\/cbradar\/wp-content\/uploads\/2025\/04\/Chile_1745859211298-750x422.jpg 750w, https:\/\/www.correiobraziliense.com.br\/cbradar\/wp-content\/uploads\/2025\/04\/Chile_1745859211298-1140x641.jpg 1140w, https:\/\/www.correiobraziliense.com.br\/cbradar\/wp-content\/uploads\/2025\/04\/Chile_1745859211298.jpg 1280w\" sizes=\"(max-width: 1024px) 100vw, 1024px\" \/><figcaption class=\"wp-element-caption\">Chile. Cr\u00e9ditos: depositphotos.com \/ ihervas<\/figcaption><\/figure>\n\n\n\n<h2 class=\"wp-block-heading\">Como o turismo astron\u00f4mico mudou a cidade<\/h2>\n\n\n\n<p>A virada econ\u00f4mica de <strong>Vicu\u00f1a<\/strong> come\u00e7ou com investimentos em infraestrutura tur\u00edstica voltada para a observa\u00e7\u00e3o do c\u00e9u. Hot\u00e9is, pousadas e ag\u00eancias locais passaram a oferecer pacotes tem\u00e1ticos que incluem observa\u00e7\u00e3o de estrelas, fotografia noturna, oficinas de astronomia e at\u00e9 retiros espirituais conectados ao universo.<\/p>\n\n\n\n<p>O turismo de base comunit\u00e1ria tamb\u00e9m ganhou for\u00e7a, com pequenos produtores rurais transformando suas propriedades em hospedagens e centros de experi\u00eancias astron\u00f4micas, gerando emprego e renda para a popula\u00e7\u00e3o local.<\/p>\n\n\n\n<h2 class=\"wp-block-heading\">Reconhecimento internacional<\/h2>\n\n\n\n<p>Hoje, o Vale do Elqui e <strong>Vicu\u00f1a<\/strong> s\u00e3o reconhecidos como parte da primeira &#8220;Reserva Internacional de C\u00e9u Escuro&#8221; da Am\u00e9rica do Sul. Esse t\u00edtulo, concedido por associa\u00e7\u00f5es astron\u00f4micas globais, valoriza o compromisso da regi\u00e3o em proteger o ambiente noturno e reduzir a polui\u00e7\u00e3o luminosa, servindo de modelo para outras \u00e1reas do mundo.<\/p>\n\n\n\n<p>Com base em informa\u00e7\u00f5es de organiza\u00e7\u00f5es de preserva\u00e7\u00e3o astron\u00f4mica, essa certifica\u00e7\u00e3o elevou ainda mais o prest\u00edgio do turismo astron\u00f4mico chileno.<\/p>\n\n\n\n<h2 class=\"wp-block-heading\">Quais s\u00e3o os principais pontos tur\u00edsticos para visitar?<\/h2>\n\n\n\n<ul class=\"wp-block-list\">\n<li><strong>Observat\u00f3rio Mamalluca<\/strong>: o mais famoso da regi\u00e3o, com sess\u00f5es noturnas abertas ao p\u00fablico<\/li>\n\n\n\n<li><strong>Museu Gabriela Mistral<\/strong>: dedicado \u00e0 poetisa chilena nascida em Vicu\u00f1a, vencedora do Nobel de Literatura<\/li>\n\n\n\n<li><strong>Vale do Elqui<\/strong>: com vin\u00edcolas, trilhas e paisagens impressionantes para explorar durante o dia<\/li>\n\n\n\n<li><strong>Pueblo de Artesanos<\/strong>: centro de artesanato local com produtos t\u00edpicos e lembran\u00e7as culturais<\/li>\n<\/ul>\n\n\n\n<h2 class=\"wp-block-heading\">Vale a pena morar?<\/h2>\n\n\n\n<p>Para quem sonha em viver em contato com a natureza, em um lugar tranquilo e com grande valoriza\u00e7\u00e3o cultural, <strong>Vicu\u00f1a<\/strong> \u00e9 uma op\u00e7\u00e3o encantadora. A cidade oferece qualidade de vida, seguran\u00e7a e um forte senso de comunidade, al\u00e9m de um c\u00e9u noturno que inspira moradores e visitantes todas as noites.<\/p>\n\n\n\n<h2 class=\"wp-block-heading\">Vale a pena visitar?<\/h2>\n\n\n\n<p>Sem d\u00favida. Visitar <strong>Vicu\u00f1a<\/strong> \u00e9 experimentar o privil\u00e9gio de contemplar um dos c\u00e9us mais lindos do mundo, al\u00e9m de conhecer uma cidade que se reinventou sem perder suas ra\u00edzes. A experi\u00eancia combina natureza, ci\u00eancia, cultura e uma atmosfera de serenidade dif\u00edcil de encontrar em outros lugares.<\/p>\n","protected":false},"excerpt":{"rendered":"<p>Vicu\u00f1a, no Chile, salvou sua economia apostando no turismo astron\u00f4mico, tornando-se refer\u00eancia mundial em observa\u00e7\u00e3o de estrelas e c\u00e9u noturno.<\/p>\n","protected":false},"author":3,"featured_media":29637,"comment_status":"open","ping_status":"open","sticky":false,"template":"","format":"standard","meta":{"jnews-multi-image_gallery":[],"jnews_single_post":{"format":"standard"},"jnews_primary_category":[],"jnews_social_meta":[],"jnews_override_counter":[],"footnotes":""},"categories":[108],"post_tag":[109],"class_list":["post-29635","post","type-post","status-publish","format-standard","has-post-thumbnail","hentry","category-cidades","tag-cidades"],"yoast_head":"<!-- This site is optimized with the Yoast SEO plugin v24.6 - https:\/\/yoast.com\/wordpress\/plugins\/seo\/ -->\n<title>Essa cidade chilena abra\u00e7ou o turismo astron\u00f4mico para salvar sua economia<\/title>\n<meta name=\"description\" content=\"Vicu\u00f1a, no Chile, salvou sua economia apostando no turismo astron\u00f4mico, tornando-se refer\u00eancia mundial em observa\u00e7\u00e3o de estrelas e c\u00e9u noturno.\" \/>\n<meta name=\"robots\" content=\"index, follow, max-snippet:-1, max-image-preview:large, max-video-preview:-1\" \/>\n<link rel=\"canonical\" href=\"https:\/\/www.correiobraziliense.com.br\/cbradar\/essa-cidade-chilena-abracou-o-turismo-astronomico-para-salvar-sua-economia\/\" \/>\n<meta property=\"og:locale\" content=\"pt_BR\" \/>\n<meta property=\"og:type\" content=\"article\" \/>\n<meta property=\"og:title\" content=\"Essa cidade chilena abra\u00e7ou o turismo astron\u00f4mico para salvar sua economia\" \/>\n<meta property=\"og:description\" content=\"Vicu\u00f1a, no Chile, salvou sua economia apostando no turismo astron\u00f4mico, tornando-se refer\u00eancia mundial em observa\u00e7\u00e3o de estrelas e c\u00e9u noturno.\" \/>\n<meta property=\"og:url\" content=\"https:\/\/www.correiobraziliense.com.br\/cbradar\/essa-cidade-chilena-abracou-o-turismo-astronomico-para-salvar-sua-economia\/\" \/>\n<meta property=\"og:site_name\" content=\"Correio Braziliense - Radar\" \/>\n<meta property=\"article:published_time\" content=\"2025-04-30T01:50:00+00:00\" \/>\n<meta property=\"og:image\" content=\"https:\/\/www.correiobraziliense.com.br\/cbradar\/wp-content\/uploads\/2025\/04\/Chile_1745859186836.jpg\" \/>\n\t<meta property=\"og:image:width\" content=\"1280\" \/>\n\t<meta property=\"og:image:height\" content=\"720\" \/>\n\t<meta property=\"og:image:type\" content=\"image\/jpeg\" \/>\n<meta name=\"author\" content=\"Larissa Carvalho\" \/>\n<meta name=\"twitter:card\" content=\"summary_large_image\" \/>\n<meta name=\"twitter:label1\" content=\"Escrito por\" \/>\n\t<meta name=\"twitter:data1\" content=\"Larissa Carvalho\" \/>\n\t<meta name=\"twitter:label2\" content=\"Est. tempo de leitura\" \/>\n\t<meta name=\"twitter:data2\" content=\"4 minutos\" \/>\n<!-- \/ Yoast SEO plugin. -->","yoast_head_json":{"title":"Essa cidade chilena abra\u00e7ou o turismo astron\u00f4mico para salvar sua economia","description":"Vicu\u00f1a, no Chile, salvou sua economia apostando no turismo astron\u00f4mico, tornando-se refer\u00eancia mundial em observa\u00e7\u00e3o de estrelas e c\u00e9u noturno.","robots":{"index":"index","follow":"follow","max-snippet":"max-snippet:-1","max-image-preview":"max-image-preview:large","max-video-preview":"max-video-preview:-1"},"canonical":"https:\/\/www.correiobraziliense.com.br\/cbradar\/essa-cidade-chilena-abracou-o-turismo-astronomico-para-salvar-sua-economia\/","og_locale":"pt_BR","og_type":"article","og_title":"Essa cidade chilena abra\u00e7ou o turismo astron\u00f4mico para salvar sua economia","og_description":"Vicu\u00f1a, no Chile, salvou sua economia apostando no turismo astron\u00f4mico, tornando-se refer\u00eancia mundial em observa\u00e7\u00e3o de estrelas e c\u00e9u noturno.","og_url":"https:\/\/www.correiobraziliense.com.br\/cbradar\/essa-cidade-chilena-abracou-o-turismo-astronomico-para-salvar-sua-economia\/","og_site_name":"Correio Braziliense - Radar","article_published_time":"2025-04-30T01:50:00+00:00","og_image":[{"width":1280,"height":720,"url":"https:\/\/www.correiobraziliense.com.br\/cbradar\/wp-content\/uploads\/2025\/04\/Chile_1745859186836.jpg","type":"image\/jpeg"}],"author":"Larissa Carvalho","twitter_card":"summary_large_image","twitter_misc":{"Escrito por":"Larissa Carvalho","Est. tempo de leitura":"4 minutos"},"schema":{"@context":"https:\/\/schema.org","@graph":[{"@type":"WebPage","@id":"https:\/\/www.correiobraziliense.com.br\/cbradar\/essa-cidade-chilena-abracou-o-turismo-astronomico-para-salvar-sua-economia\/","url":"https:\/\/www.correiobraziliense.com.br\/cbradar\/essa-cidade-chilena-abracou-o-turismo-astronomico-para-salvar-sua-economia\/","name":"Essa cidade chilena abra\u00e7ou o turismo astron\u00f4mico para salvar sua economia","isPartOf":{"@id":"https:\/\/www.correiobraziliense.com.br\/cbradar\/#website"},"primaryImageOfPage":{"@id":"https:\/\/www.correiobraziliense.com.br\/cbradar\/essa-cidade-chilena-abracou-o-turismo-astronomico-para-salvar-sua-economia\/#primaryimage"},"image":{"@id":"https:\/\/www.correiobraziliense.com.br\/cbradar\/essa-cidade-chilena-abracou-o-turismo-astronomico-para-salvar-sua-economia\/#primaryimage"},"thumbnailUrl":"https:\/\/www.correiobraziliense.com.br\/cbradar\/wp-content\/uploads\/2025\/04\/Chile_1745859186836.jpg","datePublished":"2025-04-30T01:50:00+00:00","author":{"@id":"https:\/\/www.correiobraziliense.com.br\/cbradar\/#\/schema\/person\/58422787644df994b53a19d3e56c1513"},"description":"Vicu\u00f1a, no Chile, salvou sua economia apostando no turismo astron\u00f4mico, tornando-se refer\u00eancia mundial em observa\u00e7\u00e3o de estrelas e c\u00e9u noturno.","breadcrumb":{"@id":"https:\/\/www.correiobraziliense.com.br\/cbradar\/essa-cidade-chilena-abracou-o-turismo-astronomico-para-salvar-sua-economia\/#breadcrumb"},"inLanguage":"pt-BR","potentialAction":[{"@type":"ReadAction","target":["https:\/\/www.correiobraziliense.com.br\/cbradar\/essa-cidade-chilena-abracou-o-turismo-astronomico-para-salvar-sua-economia\/"]}]},{"@type":"ImageObject","inLanguage":"pt-BR","@id":"https:\/\/www.correiobraziliense.com.br\/cbradar\/essa-cidade-chilena-abracou-o-turismo-astronomico-para-salvar-sua-economia\/#primaryimage","url":"https:\/\/www.correiobraziliense.com.br\/cbradar\/wp-content\/uploads\/2025\/04\/Chile_1745859186836.jpg","contentUrl":"https:\/\/www.correiobraziliense.com.br\/cbradar\/wp-content\/uploads\/2025\/04\/Chile_1745859186836.jpg","width":1280,"height":720,"caption":"Chile. Cr\u00e9ditos: depositphotos.com \/ progat"},{"@type":"BreadcrumbList","@id":"https:\/\/www.correiobraziliense.com.br\/cbradar\/essa-cidade-chilena-abracou-o-turismo-astronomico-para-salvar-sua-economia\/#breadcrumb","itemListElement":[{"@type":"ListItem","position":1,"name":"In\u00edcio","item":"https:\/\/www.correiobraziliense.com.br\/cbradar\/"},{"@type":"ListItem","position":2,"name":"Essa cidade chilena abra\u00e7ou o turismo astron\u00f4mico para salvar sua economia"}]},{"@type":"WebSite","@id":"https:\/\/www.correiobraziliense.com.br\/cbradar\/#website","url":"https:\/\/www.correiobraziliense.com.br\/cbradar\/","name":"Correio Braziliense - Radar","description":"Acompanhe as \u00faltimas not\u00edcias e fique bem informado sobre tudo o que acontece no Brasil e no mundo.","potentialAction":[{"@type":"SearchAction","target":{"@type":"EntryPoint","urlTemplate":"https:\/\/www.correiobraziliense.com.br\/cbradar\/?s={search_term_string}"},"query-input":{"@type":"PropertyValueSpecification","valueRequired":true,"valueName":"search_term_string"}}],"inLanguage":"pt-BR"},{"@type":"Person","@id":"https:\/\/www.correiobraziliense.com.br\/cbradar\/#\/schema\/person\/58422787644df994b53a19d3e56c1513","name":"Larissa Carvalho","image":{"@type":"ImageObject","inLanguage":"pt-BR","@id":"https:\/\/www.correiobraziliense.com.br\/cbradar\/#\/schema\/person\/image\/","url":"https:\/\/secure.gravatar.com\/avatar\/fe4f91a0de32b52a838d0d612abdc1aa?s=96&d=mm&r=g","contentUrl":"https:\/\/secure.gravatar.com\/avatar\/fe4f91a0de32b52a838d0d612abdc1aa?s=96&d=mm&r=g","caption":"Larissa Carvalho"},"url":"https:\/\/www.correiobraziliense.com.br\/cbradar\/author\/larissamyth\/"}]}},"_links":{"self":[{"href":"https:\/\/www.correiobraziliense.com.br\/cbradar\/wp-json\/wp\/v2\/posts\/29635","targetHints":{"allow":["GET"]}}],"collection":[{"href":"https:\/\/www.correiobraziliense.com.br\/cbradar\/wp-json\/wp\/v2\/posts"}],"about":[{"href":"https:\/\/www.correiobraziliense.com.br\/cbradar\/wp-json\/wp\/v2\/types\/post"}],"author":[{"embeddable":true,"href":"https:\/\/www.correiobraziliense.com.br\/cbradar\/wp-json\/wp\/v2\/users\/3"}],"replies":[{"embeddable":true,"href":"https:\/\/www.correiobraziliense.com.br\/cbradar\/wp-json\/wp\/v2\/comments?post=29635"}],"version-history":[{"count":1,"href":"https:\/\/www.correiobraziliense.com.br\/cbradar\/wp-json\/wp\/v2\/posts\/29635\/revisions"}],"predecessor-version":[{"id":29639,"href":"https:\/\/www.correiobraziliense.com.br\/cbradar\/wp-json\/wp\/v2\/posts\/29635\/revisions\/29639"}],"wp:featuredmedia":[{"embeddable":true,"href":"https:\/\/www.correiobraziliense.com.br\/cbradar\/wp-json\/wp\/v2\/media\/29637"}],"wp:attachment":[{"href":"https:\/\/www.correiobraziliense.com.br\/cbradar\/wp-json\/wp\/v2\/media?parent=29635"}],"wp:term":[{"taxonomy":"category","embeddable":true,"href":"https:\/\/www.correiobraziliense.com.br\/cbradar\/wp-json\/wp\/v2\/categories?post=29635"},{"taxonomy":"post_tag","embeddable":true,"href":"https:\/\/www.correiobraziliense.com.br\/cbradar\/wp-json\/wp\/v2\/post_tag?post=29635"}],"curies":[{"name":"wp","href":"https:\/\/api.w.org\/{rel}","templated":true}]}}