{"id":29796,"date":"2025-04-30T07:23:00","date_gmt":"2025-04-30T10:23:00","guid":{"rendered":"https:\/\/www.correiobraziliense.com.br\/cbradar\/?p=29796"},"modified":"2025-04-29T23:45:26","modified_gmt":"2025-04-30T02:45:26","slug":"um-drama-emocionante-para-quem-ama-grandes-historias-de-redencao","status":"publish","type":"post","link":"https:\/\/www.correiobraziliense.com.br\/cbradar\/um-drama-emocionante-para-quem-ama-grandes-historias-de-redencao\/","title":{"rendered":"Um drama emocionante para quem ama grandes hist\u00f3rias de reden\u00e7\u00e3o"},"content":{"rendered":"\n<p><strong>Os miser\u00e1veis<\/strong> \u00e9 um dos musicais mais celebrados do cinema moderno, baseado na cl\u00e1ssica obra liter\u00e1ria de <strong>Victor Hugo<\/strong>. Lan\u00e7ado em <strong>2012<\/strong> sob a dire\u00e7\u00e3o de <strong>Tom Hooper<\/strong>, o filme trouxe \u00e0s telas uma adapta\u00e7\u00e3o grandiosa, carregada de emo\u00e7\u00e3o, grandes atua\u00e7\u00f5es e can\u00e7\u00f5es marcantes.<\/p>\n\n\n\n<p>Com um elenco de peso e uma abordagem visceral \u2014 onde os atores cantaram ao vivo no set \u2014, <em>Os miser\u00e1veis<\/em> se tornou uma refer\u00eancia para adapta\u00e7\u00f5es musicais e emocionou p\u00fablicos no mundo inteiro.<\/p>\n\n\n\n<h2 class=\"wp-block-heading\">Qual a hist\u00f3ria de Os miser\u00e1veis?<\/h2>\n\n\n\n<p>A trama se passa na Fran\u00e7a do s\u00e9culo XIX e acompanha <strong>Jean Valjean<\/strong>, um ex-prisioneiro que tenta reconstruir sua vida ap\u00f3s cumprir 19 anos de pris\u00e3o por roubar um peda\u00e7o de p\u00e3o.<\/p>\n\n\n\n<p>Mesmo tentando viver honestamente, Valjean \u00e9 constantemente perseguido pelo implac\u00e1vel inspetor <strong>Javert<\/strong>. Durante sua jornada de reden\u00e7\u00e3o, Valjean cruza o caminho de diversos personagens cujas vidas tamb\u00e9m s\u00e3o marcadas por injusti\u00e7a, pobreza e amor, como <strong>Fantine<\/strong>, uma m\u00e3e desesperada, e <strong>Cosette<\/strong>, a filha que ele promete proteger.<\/p>\n\n\n\n<p>Tudo isso ambientado em um per\u00edodo de extrema instabilidade pol\u00edtica, culminando em uma revolta popular em Paris.<\/p>\n\n\n\n<figure class=\"wp-block-image size-large\"><img decoding=\"async\" width=\"1024\" height=\"576\" src=\"https:\/\/www.correiobraziliense.com.br\/cbradar\/wp-content\/uploads\/2025\/04\/Os-miseraveis-1024x576.png\" alt=\"Um drama emocionante para quem ama grandes hist\u00f3rias de reden\u00e7\u00e3o\" class=\"wp-image-29797\" srcset=\"https:\/\/www.correiobraziliense.com.br\/cbradar\/wp-content\/uploads\/2025\/04\/Os-miseraveis-1024x576.png 1024w, https:\/\/www.correiobraziliense.com.br\/cbradar\/wp-content\/uploads\/2025\/04\/Os-miseraveis-300x169.png 300w, https:\/\/www.correiobraziliense.com.br\/cbradar\/wp-content\/uploads\/2025\/04\/Os-miseraveis-768x432.png 768w, https:\/\/www.correiobraziliense.com.br\/cbradar\/wp-content\/uploads\/2025\/04\/Os-miseraveis-750x422.png 750w, https:\/\/www.correiobraziliense.com.br\/cbradar\/wp-content\/uploads\/2025\/04\/Os-miseraveis-1140x641.png 1140w, https:\/\/www.correiobraziliense.com.br\/cbradar\/wp-content\/uploads\/2025\/04\/Os-miseraveis.png 1280w\" sizes=\"(max-width: 1024px) 100vw, 1024px\" \/><figcaption class=\"wp-element-caption\">Os miser\u00e1veis. Fonte: divulga\u00e7\u00e3o \/ Universal Pictures<\/figcaption><\/figure>\n\n\n\n<h2 class=\"wp-block-heading\">Quais temas s\u00e3o abordados em Os miser\u00e1veis?<\/h2>\n\n\n\n<p><em>Os miser\u00e1veis<\/em> \u00e9 uma hist\u00f3ria rica e complexa que explora temas como:<\/p>\n\n\n\n<ul class=\"wp-block-list\">\n<li>Reden\u00e7\u00e3o e transforma\u00e7\u00e3o pessoal;<\/li>\n\n\n\n<li>Justi\u00e7a versus miseric\u00f3rdia;<\/li>\n\n\n\n<li>Amor, sacrif\u00edcio e responsabilidade;<\/li>\n\n\n\n<li>Desigualdade social e revolu\u00e7\u00e3o.<\/li>\n<\/ul>\n\n\n\n<p>Esses temas s\u00e3o apresentados de forma intensa e emocional, potencializados pelas m\u00fasicas que capturam a alma e os dilemas dos personagens.<\/p>\n\n\n\n<iframe loading=\"lazy\" width=\"560\" height=\"315\" src=\"https:\/\/www.youtube.com\/embed\/25sBSaecx_E?si=9d3PCQ5Ey9cJpkKo\" title=\"YouTube video player\" frameborder=\"0\" allow=\"accelerometer; autoplay; clipboard-write; encrypted-media; gyroscope; picture-in-picture; web-share\" referrerpolicy=\"strict-origin-when-cross-origin\" allowfullscreen><\/iframe>\n\n\n\n<h2 class=\"wp-block-heading\">Vale a pena assistir Os miser\u00e1veis?<\/h2>\n\n\n\n<p>Sem d\u00favida. <em>Os miser\u00e1veis<\/em> \u00e9 uma experi\u00eancia cinematogr\u00e1fica \u00fanica, que combina narrativa poderosa com performances musicais arrebatadoras.<\/p>\n\n\n\n<p><strong>Hugh Jackman<\/strong>, <strong>Anne Hathaway<\/strong> e <strong>Russell Crowe<\/strong> entregam atua\u00e7\u00f5es emocionantes, com destaque especial para Hathaway, que ganhou o Oscar de Melhor Atriz Coadjuvante por sua performance como Fantine.<\/p>\n\n\n\n<p>O filme \u00e9 especialmente recomendado para quem aprecia musicais, mas tamb\u00e9m para aqueles que buscam uma hist\u00f3ria profunda e emocionante sobre luta, amor e esperan\u00e7a.<\/p>\n\n\n\n<h2 class=\"wp-block-heading\">O que diferencia Os miser\u00e1veis de outros musicais?<\/h2>\n\n\n\n<p>Um dos grandes diferenciais de <em>Os miser\u00e1veis<\/em> \u00e9 a decis\u00e3o de gravar os n\u00fameros musicais ao vivo no set, em vez de pr\u00e9-grav\u00e1-los em est\u00fadio. Isso permitiu interpreta\u00e7\u00f5es muito mais emocionais e realistas, conectando o p\u00fablico de maneira intensa \u00e0s dores e sonhos dos personagens.<\/p>\n\n\n\n<p>Al\u00e9m disso, a grandiosidade da produ\u00e7\u00e3o, os cen\u00e1rios hist\u00f3ricos e o cuidado com cada detalhe da dire\u00e7\u00e3o art\u00edstica tornam o filme visualmente deslumbrante e emocionalmente poderoso.<\/p>\n\n\n\n<h2 class=\"wp-block-heading\">FAQ &#8211; Perguntas Frequentes<\/h2>\n\n\n\n<ul class=\"wp-block-list\">\n<li><strong>Onde assistir?<\/strong><br><em>Os miser\u00e1veis<\/em> est\u00e1 dispon\u00edvel para streaming no <strong>Prime Video<\/strong> e para aluguel em plataformas como <strong>Apple TV<\/strong> e <strong>Google Play Filmes<\/strong>.<\/li>\n\n\n\n<li><strong>Quem est\u00e1 no elenco?<\/strong>\n<ul class=\"wp-block-list\">\n<li><strong>Hugh Jackman<\/strong> como Jean Valjean<\/li>\n\n\n\n<li><strong>Russell Crowe<\/strong> como Javert<\/li>\n\n\n\n<li><strong>Anne Hathaway<\/strong> como Fantine<\/li>\n\n\n\n<li><strong>Amanda Seyfried<\/strong> como Cosette<\/li>\n\n\n\n<li><strong>Eddie Redmayne<\/strong> como Marius<\/li>\n\n\n\n<li><strong>Samantha Barks<\/strong> como \u00c9ponine<\/li>\n\n\n\n<li><strong>Helena Bonham Carter<\/strong> e <strong>Sacha Baron Cohen<\/strong> como os Th\u00e9nardiers<\/li>\n<\/ul>\n<\/li>\n\n\n\n<li><strong>Quantos filmes existem baseados em Os miser\u00e1veis?<\/strong><br>Existem v\u00e1rias adapta\u00e7\u00f5es cinematogr\u00e1ficas e televisivas, mas a vers\u00e3o musical de 2012 \u00e9 a mais famosa entre o p\u00fablico recente.<\/li>\n\n\n\n<li><strong>J\u00e1 acabou?<\/strong><br>Sim. <em>Os miser\u00e1veis<\/em> \u00e9 um filme com hist\u00f3ria fechada, baseado em um romance cl\u00e1ssico.<\/li>\n\n\n\n<li><strong>Qual o ano de lan\u00e7amento?<\/strong><br>O filme foi lan\u00e7ado em <strong>2012<\/strong>.<\/li>\n\n\n\n<li><strong>Quem produziu o filme?<\/strong><br>Produzido pela <strong>Working Title Films<\/strong>, <strong>Relativity Media<\/strong> e <strong>Universal Pictures<\/strong>, com dire\u00e7\u00e3o de <strong>Tom Hooper<\/strong>.<\/li>\n<\/ul>\n","protected":false},"excerpt":{"rendered":"<p>Os miser\u00e1veis emociona com uma poderosa hist\u00f3ria de reden\u00e7\u00e3o, amor e esperan\u00e7a, embalado por performances inesquec\u00edveis no musical \u00e9pico.<\/p>\n","protected":false},"author":3,"featured_media":29798,"comment_status":"open","ping_status":"open","sticky":false,"template":"","format":"standard","meta":{"_yoast_wpseo_focuskw":"miser\u00e1veis","_yoast_wpseo_title":"%%title%%","_yoast_wpseo_metadesc":"Os miser\u00e1veis emociona com uma poderosa hist\u00f3ria de reden\u00e7\u00e3o, amor e esperan\u00e7a, embalado por performances inesquec\u00edveis no musical \u00e9pico.","jnews-multi-image_gallery":[],"jnews_single_post":{"format":"standard"},"jnews_primary_category":[],"jnews_social_meta":[],"jnews_override_counter":[],"footnotes":""},"categories":[140],"post_tag":[568],"class_list":["post-29796","post","type-post","status-publish","format-standard","has-post-thumbnail","hentry","category-entretenimento","tag-series-e-filmes"],"yoast_head":"<!-- This site is optimized with the Yoast SEO plugin v24.6 - https:\/\/yoast.com\/wordpress\/plugins\/seo\/ -->\n<title>Um drama emocionante para quem ama grandes hist\u00f3rias de reden\u00e7\u00e3o<\/title>\n<meta name=\"description\" content=\"Os miser\u00e1veis emociona com uma poderosa hist\u00f3ria de reden\u00e7\u00e3o, amor e esperan\u00e7a, embalado por performances inesquec\u00edveis no musical \u00e9pico.\" \/>\n<meta name=\"robots\" content=\"index, follow, max-snippet:-1, max-image-preview:large, max-video-preview:-1\" \/>\n<link rel=\"canonical\" href=\"https:\/\/www.correiobraziliense.com.br\/cbradar\/um-drama-emocionante-para-quem-ama-grandes-historias-de-redencao\/\" \/>\n<meta property=\"og:locale\" content=\"pt_BR\" \/>\n<meta property=\"og:type\" content=\"article\" \/>\n<meta property=\"og:title\" content=\"Um drama emocionante para quem ama grandes hist\u00f3rias de reden\u00e7\u00e3o\" \/>\n<meta property=\"og:description\" content=\"Os miser\u00e1veis emociona com uma poderosa hist\u00f3ria de reden\u00e7\u00e3o, amor e esperan\u00e7a, embalado por performances inesquec\u00edveis no musical \u00e9pico.\" \/>\n<meta property=\"og:url\" content=\"https:\/\/www.correiobraziliense.com.br\/cbradar\/um-drama-emocionante-para-quem-ama-grandes-historias-de-redencao\/\" \/>\n<meta property=\"og:site_name\" content=\"Correio Braziliense - Radar\" \/>\n<meta property=\"article:published_time\" content=\"2025-04-30T10:23:00+00:00\" \/>\n<meta property=\"og:image\" content=\"https:\/\/www.correiobraziliense.com.br\/cbradar\/wp-content\/uploads\/2025\/04\/Os-miseraveis-2.png\" \/>\n\t<meta property=\"og:image:width\" content=\"1280\" \/>\n\t<meta property=\"og:image:height\" content=\"720\" \/>\n\t<meta property=\"og:image:type\" content=\"image\/png\" \/>\n<meta name=\"author\" content=\"Larissa Carvalho\" \/>\n<meta name=\"twitter:card\" content=\"summary_large_image\" \/>\n<meta name=\"twitter:label1\" content=\"Escrito por\" \/>\n\t<meta name=\"twitter:data1\" content=\"Larissa Carvalho\" \/>\n\t<meta name=\"twitter:label2\" content=\"Est. tempo de leitura\" \/>\n\t<meta name=\"twitter:data2\" content=\"4 minutos\" \/>\n<!-- \/ Yoast SEO plugin. -->","yoast_head_json":{"title":"Um drama emocionante para quem ama grandes hist\u00f3rias de reden\u00e7\u00e3o","description":"Os miser\u00e1veis emociona com uma poderosa hist\u00f3ria de reden\u00e7\u00e3o, amor e esperan\u00e7a, embalado por performances inesquec\u00edveis no musical \u00e9pico.","robots":{"index":"index","follow":"follow","max-snippet":"max-snippet:-1","max-image-preview":"max-image-preview:large","max-video-preview":"max-video-preview:-1"},"canonical":"https:\/\/www.correiobraziliense.com.br\/cbradar\/um-drama-emocionante-para-quem-ama-grandes-historias-de-redencao\/","og_locale":"pt_BR","og_type":"article","og_title":"Um drama emocionante para quem ama grandes hist\u00f3rias de reden\u00e7\u00e3o","og_description":"Os miser\u00e1veis emociona com uma poderosa hist\u00f3ria de reden\u00e7\u00e3o, amor e esperan\u00e7a, embalado por performances inesquec\u00edveis no musical \u00e9pico.","og_url":"https:\/\/www.correiobraziliense.com.br\/cbradar\/um-drama-emocionante-para-quem-ama-grandes-historias-de-redencao\/","og_site_name":"Correio Braziliense - Radar","article_published_time":"2025-04-30T10:23:00+00:00","og_image":[{"width":1280,"height":720,"url":"https:\/\/www.correiobraziliense.com.br\/cbradar\/wp-content\/uploads\/2025\/04\/Os-miseraveis-2.png","type":"image\/png"}],"author":"Larissa Carvalho","twitter_card":"summary_large_image","twitter_misc":{"Escrito por":"Larissa Carvalho","Est. tempo de leitura":"4 minutos"},"schema":{"@context":"https:\/\/schema.org","@graph":[{"@type":"WebPage","@id":"https:\/\/www.correiobraziliense.com.br\/cbradar\/um-drama-emocionante-para-quem-ama-grandes-historias-de-redencao\/","url":"https:\/\/www.correiobraziliense.com.br\/cbradar\/um-drama-emocionante-para-quem-ama-grandes-historias-de-redencao\/","name":"Um drama emocionante para quem ama grandes hist\u00f3rias de reden\u00e7\u00e3o","isPartOf":{"@id":"https:\/\/www.correiobraziliense.com.br\/cbradar\/#website"},"primaryImageOfPage":{"@id":"https:\/\/www.correiobraziliense.com.br\/cbradar\/um-drama-emocionante-para-quem-ama-grandes-historias-de-redencao\/#primaryimage"},"image":{"@id":"https:\/\/www.correiobraziliense.com.br\/cbradar\/um-drama-emocionante-para-quem-ama-grandes-historias-de-redencao\/#primaryimage"},"thumbnailUrl":"https:\/\/www.correiobraziliense.com.br\/cbradar\/wp-content\/uploads\/2025\/04\/Os-miseraveis-2.png","datePublished":"2025-04-30T10:23:00+00:00","author":{"@id":"https:\/\/www.correiobraziliense.com.br\/cbradar\/#\/schema\/person\/58422787644df994b53a19d3e56c1513"},"description":"Os miser\u00e1veis emociona com uma poderosa hist\u00f3ria de reden\u00e7\u00e3o, amor e esperan\u00e7a, embalado por performances inesquec\u00edveis no musical \u00e9pico.","breadcrumb":{"@id":"https:\/\/www.correiobraziliense.com.br\/cbradar\/um-drama-emocionante-para-quem-ama-grandes-historias-de-redencao\/#breadcrumb"},"inLanguage":"pt-BR","potentialAction":[{"@type":"ReadAction","target":["https:\/\/www.correiobraziliense.com.br\/cbradar\/um-drama-emocionante-para-quem-ama-grandes-historias-de-redencao\/"]}]},{"@type":"ImageObject","inLanguage":"pt-BR","@id":"https:\/\/www.correiobraziliense.com.br\/cbradar\/um-drama-emocionante-para-quem-ama-grandes-historias-de-redencao\/#primaryimage","url":"https:\/\/www.correiobraziliense.com.br\/cbradar\/wp-content\/uploads\/2025\/04\/Os-miseraveis-2.png","contentUrl":"https:\/\/www.correiobraziliense.com.br\/cbradar\/wp-content\/uploads\/2025\/04\/Os-miseraveis-2.png","width":1280,"height":720,"caption":"Os miser\u00e1veis. Fonte: divulga\u00e7\u00e3o \/ Universal Pictures"},{"@type":"BreadcrumbList","@id":"https:\/\/www.correiobraziliense.com.br\/cbradar\/um-drama-emocionante-para-quem-ama-grandes-historias-de-redencao\/#breadcrumb","itemListElement":[{"@type":"ListItem","position":1,"name":"In\u00edcio","item":"https:\/\/www.correiobraziliense.com.br\/cbradar\/"},{"@type":"ListItem","position":2,"name":"Um drama emocionante para quem ama grandes hist\u00f3rias de reden\u00e7\u00e3o"}]},{"@type":"WebSite","@id":"https:\/\/www.correiobraziliense.com.br\/cbradar\/#website","url":"https:\/\/www.correiobraziliense.com.br\/cbradar\/","name":"Correio Braziliense - Radar","description":"Acompanhe as \u00faltimas not\u00edcias e fique bem informado sobre tudo o que acontece no Brasil e no mundo.","potentialAction":[{"@type":"SearchAction","target":{"@type":"EntryPoint","urlTemplate":"https:\/\/www.correiobraziliense.com.br\/cbradar\/?s={search_term_string}"},"query-input":{"@type":"PropertyValueSpecification","valueRequired":true,"valueName":"search_term_string"}}],"inLanguage":"pt-BR"},{"@type":"Person","@id":"https:\/\/www.correiobraziliense.com.br\/cbradar\/#\/schema\/person\/58422787644df994b53a19d3e56c1513","name":"Larissa Carvalho","image":{"@type":"ImageObject","inLanguage":"pt-BR","@id":"https:\/\/www.correiobraziliense.com.br\/cbradar\/#\/schema\/person\/image\/","url":"https:\/\/secure.gravatar.com\/avatar\/fe4f91a0de32b52a838d0d612abdc1aa?s=96&d=mm&r=g","contentUrl":"https:\/\/secure.gravatar.com\/avatar\/fe4f91a0de32b52a838d0d612abdc1aa?s=96&d=mm&r=g","caption":"Larissa Carvalho"},"url":"https:\/\/www.correiobraziliense.com.br\/cbradar\/author\/larissamyth\/"}]}},"_links":{"self":[{"href":"https:\/\/www.correiobraziliense.com.br\/cbradar\/wp-json\/wp\/v2\/posts\/29796","targetHints":{"allow":["GET"]}}],"collection":[{"href":"https:\/\/www.correiobraziliense.com.br\/cbradar\/wp-json\/wp\/v2\/posts"}],"about":[{"href":"https:\/\/www.correiobraziliense.com.br\/cbradar\/wp-json\/wp\/v2\/types\/post"}],"author":[{"embeddable":true,"href":"https:\/\/www.correiobraziliense.com.br\/cbradar\/wp-json\/wp\/v2\/users\/3"}],"replies":[{"embeddable":true,"href":"https:\/\/www.correiobraziliense.com.br\/cbradar\/wp-json\/wp\/v2\/comments?post=29796"}],"version-history":[{"count":1,"href":"https:\/\/www.correiobraziliense.com.br\/cbradar\/wp-json\/wp\/v2\/posts\/29796\/revisions"}],"predecessor-version":[{"id":29799,"href":"https:\/\/www.correiobraziliense.com.br\/cbradar\/wp-json\/wp\/v2\/posts\/29796\/revisions\/29799"}],"wp:featuredmedia":[{"embeddable":true,"href":"https:\/\/www.correiobraziliense.com.br\/cbradar\/wp-json\/wp\/v2\/media\/29798"}],"wp:attachment":[{"href":"https:\/\/www.correiobraziliense.com.br\/cbradar\/wp-json\/wp\/v2\/media?parent=29796"}],"wp:term":[{"taxonomy":"category","embeddable":true,"href":"https:\/\/www.correiobraziliense.com.br\/cbradar\/wp-json\/wp\/v2\/categories?post=29796"},{"taxonomy":"post_tag","embeddable":true,"href":"https:\/\/www.correiobraziliense.com.br\/cbradar\/wp-json\/wp\/v2\/post_tag?post=29796"}],"curies":[{"name":"wp","href":"https:\/\/api.w.org\/{rel}","templated":true}]}}