{"id":29852,"date":"2025-04-29T06:50:00","date_gmt":"2025-04-29T09:50:00","guid":{"rendered":"https:\/\/www.correiobraziliense.com.br\/cbradar\/?p=29852"},"modified":"2025-07-02T11:50:48","modified_gmt":"2025-07-02T14:50:48","slug":"3o-episodio-de-the-last-of-us-traz-grande-mudanca-em-tommy","status":"publish","type":"post","link":"https:\/\/www.correiobraziliense.com.br\/cbradar\/3o-episodio-de-the-last-of-us-traz-grande-mudanca-em-tommy\/","title":{"rendered":"3\u00ba epis\u00f3dio de The Last of Us traz grande mudan\u00e7a em Tommy"},"content":{"rendered":"\n<p>A segunda temporada de<a href=\"https:\/\/www.correiobraziliense.com.br\/cbradar\/o-que-e-a-wlf-em-the-last-of-us\/\" target=\"_blank\" rel=\"noreferrer noopener\"> <strong>The Last of Us<\/strong><\/a> chegou fazendo barulho na <strong>HBO Max<\/strong>, mas n\u00e3o por bons motivos para alguns f\u00e3s. As mudan\u00e7as que <strong>Craig Mazin<\/strong> e <strong>Neil Druckmann<\/strong> fizeram no personagem <strong>Tommy<\/strong>, interpretado por <strong>Gabriel Luna<\/strong>, dividiram opini\u00f5es de forma bem intensa. Quem jogou <strong>The Last of Us Part II<\/strong> notou logo de cara que o <strong>Tommy<\/strong> da s\u00e9rie \u00e9 bem diferente do jogo.<\/p>\n\n\n\n<p>No jogo original, <strong>Tommy<\/strong> \u00e9 aquele cara que age por impulso quando se trata da morte do irm\u00e3o. Mas a s\u00e9rie da <strong>HBO<\/strong> decidiu transform\u00e1-lo em um l\u00edder mais ponderado, que pensa duas vezes antes de agir. Essa mudan\u00e7a n\u00e3o foi bem aceita por uma galera que esperava ver a mesma sede de vingan\u00e7a que o personagem tem no videogame. O resultado foi uma chuva de cr\u00edticas nas redes sociais.<\/p>\n\n\n\n<h2 class=\"wp-block-heading\">Por que Tommy n\u00e3o foi com Joel na patrulha fatal?<\/h2>\n\n\n\n<p>A maior mudan\u00e7a acontece logo no come\u00e7o da temporada. No jogo, <a href=\"https:\/\/thelastofus.fandom.com\/pt-br\/wiki\/Tommy_Miller\" target=\"_blank\" rel=\"noreferrer noopener\"><strong>Tommy<\/strong> <\/a>e <strong>Joel<\/strong> sempre fazem as patrulhas juntos, especialmente as mais perigosas. Mas na s\u00e9rie, os roteiristas decidiram que <strong>Tommy<\/strong> ficaria em <strong>Jackson<\/strong> durante a tempestade de neve, enquanto <strong>Dina<\/strong> acompanha <strong>Joel<\/strong> no encontro fatal com <strong>Abby<\/strong>.<\/p>\n\n\n\n<p>Essa troca foi proposital e bem pensada pelos criadores. <strong>Gabriel Luna<\/strong> at\u00e9 questionou os roteiristas sobre isso, perguntando se <strong>Tommy<\/strong> realmente seria t\u00e3o descuidado a ponto de cair numa armadilha. A resposta foi que n\u00e3o, <strong>Tommy<\/strong> \u00e9 um veterano experiente demais para isso. Na s\u00e9rie, \u00e9 <strong>Dina<\/strong> quem grita o nome de <strong>Joel<\/strong>, revelando sua identidade para <strong>Abby<\/strong> e selando o destino do protagonista.<\/p>\n\n\n\n<h2 class=\"wp-block-heading\">Como o ataque a Jackson mudou Tommy para sempre?<\/h2>\n\n\n\n<p>A s\u00e9rie inventou uma batalha \u00e9pica contra uma horda de infectados em <strong>Jackson<\/strong> que n\u00e3o existe no jogo. Essa cena custou uma fortuna para produzir, mas serviu para mostrar <strong>Tommy<\/strong> como o verdadeiro her\u00f3i e l\u00edder da comunidade. Enquanto <strong>Joel<\/strong> estava lidando com seus traumas pessoais, <strong>Tommy<\/strong> estava na linha de frente protegendo todo mundo.<\/p>\n\n\n\n<p>Esse momento estabeleceu <strong>Tommy<\/strong> como algu\u00e9m que escolheu a responsabilidade em vez da vingan\u00e7a. Na s\u00e9rie, ele tem uma esposa, <strong>Maria<\/strong>, e um filho pequeno, <strong>Benjamin<\/strong>. Diferente do jogo, onde ele sai correndo atr\u00e1s de <strong>Abby<\/strong> assim que <strong>Joel<\/strong> morre, o <strong>Tommy<\/strong> da s\u00e9rie pondera as consequ\u00eancias. Ele sabe que <strong>Jackson<\/strong> precisa de prote\u00e7\u00e3o e que sair numa miss\u00e3o suicida pode deixar a comunidade vulner\u00e1vel.<\/p>\n\n\n\n<h2 class=\"wp-block-heading\">Qual \u00e9 a real motiva\u00e7\u00e3o de Tommy na segunda temporada?<\/h2>\n\n\n\n<p>Aqui \u00e9 onde a coisa fica interessante. No jogo, <strong>Tommy<\/strong> vai para <strong>Seattle<\/strong> movido puramente pela vingan\u00e7a. Mas na s\u00e9rie, suas motiva\u00e7\u00f5es parecem ser bem mais complexas. <strong>Gabriel Luna<\/strong> construiu um personagem que equilibra a dor da perda com a responsabilidade de liderar uma comunidade inteira.<\/p>\n\n\n\n<p>A s\u00e9rie mostrou que <strong>Tommy<\/strong> escolheu se estabelecer e formar uma fam\u00edlia depois de anos vagando pelo mundo p\u00f3s-apocal\u00edptico. Ele optou pela estabilidade em vez da vida n\u00f4made que <strong>Joel<\/strong> levava. Quando <strong>Jesse<\/strong> revela que <strong>Tommy<\/strong> foi para <strong>Seattle<\/strong>, isso sugere que ele pode ter outras motiva\u00e7\u00f5es al\u00e9m da vingan\u00e7a, talvez proteger <strong>Ellie<\/strong> ou tentar impedir que ela cometa os mesmos erros que ele e <strong>Joel<\/strong> j\u00e1 cometeram.<\/p>\n\n\n\n<h2 class=\"wp-block-heading\">Por que os f\u00e3s est\u00e3o revoltados com essas mudan\u00e7as?<\/h2>\n\n\n<div class=\"wp-block-image\">\n<figure class=\"aligncenter size-large\"><img decoding=\"async\" width=\"1024\" height=\"576\" src=\"https:\/\/www.correiobraziliense.com.br\/cbradar\/wp-content\/uploads\/2025\/04\/Edicoes-7-2-1024x576.png\" alt=\"3\u00ba epis\u00f3dio de The Last of Us traz grande mudan\u00e7a em Tommy\" class=\"wp-image-29861\" srcset=\"https:\/\/www.correiobraziliense.com.br\/cbradar\/wp-content\/uploads\/2025\/04\/Edicoes-7-2-1024x576.png 1024w, https:\/\/www.correiobraziliense.com.br\/cbradar\/wp-content\/uploads\/2025\/04\/Edicoes-7-2-300x169.png 300w, https:\/\/www.correiobraziliense.com.br\/cbradar\/wp-content\/uploads\/2025\/04\/Edicoes-7-2-768x432.png 768w, https:\/\/www.correiobraziliense.com.br\/cbradar\/wp-content\/uploads\/2025\/04\/Edicoes-7-2-750x422.png 750w, https:\/\/www.correiobraziliense.com.br\/cbradar\/wp-content\/uploads\/2025\/04\/Edicoes-7-2-1140x641.png 1140w, https:\/\/www.correiobraziliense.com.br\/cbradar\/wp-content\/uploads\/2025\/04\/Edicoes-7-2.png 1280w\" sizes=\"(max-width: 1024px) 100vw, 1024px\" \/><figcaption class=\"wp-element-caption\">Tommy, The last of Us \/\/ Reprodu\u00e7\u00e3o: The Last of Us wiki <\/figcaption><\/figure><\/div>\n\n\n<p>A revolta dos f\u00e3s tem fundamento. No jogo, <strong>Tommy<\/strong> \u00e9 fundamental para toda a din\u00e2mica da vingan\u00e7a. Ele \u00e9 quem meio que empurra <strong>Ellie<\/strong> para continuar a ca\u00e7ada, mesmo quando ela quer desistir. Tirar essa caracter\u00edstica dele muda completamente a din\u00e2mica da hist\u00f3ria e pode afetar o desenvolvimento de <strong>Ellie<\/strong> como personagem.<\/p>\n\n\n\n<p>Muita gente sente que a s\u00e9rie est\u00e1 suavizando <strong>Tommy<\/strong> demais, transformando-o numa vers\u00e3o &#8220;politicamente correta&#8221; do personagem original. Os f\u00e3s argumentam que a sede de vingan\u00e7a dele era importante para mostrar como a viol\u00eancia afeta diferentes pessoas de formas diferentes. Sem isso, <strong>Tommy<\/strong> perde uma parte crucial de sua personalidade e prop\u00f3sito na narrativa.<\/p>\n\n\n\n<h2 class=\"wp-block-heading\">O que esperar de Tommy no resto da temporada?<\/h2>\n\n\n\n<p>A grande quest\u00e3o agora \u00e9 como <strong>Tommy<\/strong> vai se comportar em <strong>Seattle<\/strong>. No jogo, ele vira praticamente um &#8220;ex\u00e9rcito de um homem s\u00f3&#8221;, causando terror na <strong>WLF<\/strong> e for\u00e7ando <strong>Abby<\/strong> a sair da cidade. Se a s\u00e9rie mantiver essa parte da hist\u00f3ria, vai ser interessante ver como <strong>Gabriel Luna<\/strong> vai interpretar essa transforma\u00e7\u00e3o.<\/p>\n\n\n\n<p>A presen\u00e7a de <strong>Tommy<\/strong> em <strong>Seattle<\/strong> garante que pelo menos parte de sua hist\u00f3ria do jogo vai acontecer na s\u00e9rie. Isso \u00e9 importante porque mostra que os roteiristas n\u00e3o abandonaram completamente o arco original do personagem. Talvez vejamos um <strong>Tommy<\/strong> que come\u00e7a relutante mas gradualmente se transforma no ca\u00e7ador implac\u00e1vel que conhecemos do jogo. S\u00f3 o tempo vai dizer se essas mudan\u00e7as v\u00e3o funcionar ou se os f\u00e3s continuar\u00e3o insatisfeitos com a nova vers\u00e3o do personagem.<\/p>\n","protected":false},"excerpt":{"rendered":"<p>A segunda temporada de The Last of Us chegou fazendo barulho na HBO Max, mas n\u00e3o por bons motivos para alguns f\u00e3s. As mudan\u00e7as que Craig Mazin e Neil Druckmann fizeram no personagem Tommy, interpretado por Gabriel Luna, dividiram opini\u00f5es de forma bem intensa. Quem jogou The Last of Us Part II notou logo de [&hellip;]<\/p>\n","protected":false},"author":8,"featured_media":29860,"comment_status":"open","ping_status":"open","sticky":false,"template":"","format":"standard","meta":{"_yoast_wpseo_focuskw":"Tommy","_yoast_wpseo_title":"","_yoast_wpseo_metadesc":"Algo surpreendente acontece com Tommy no 3\u00ba epis\u00f3dio de The Last of Us. Descubra o que muda no destino do personagem em compara\u00e7\u00e3o ao game.","jnews-multi-image_gallery":[],"jnews_single_post":{"format":"standard"},"jnews_primary_category":[],"jnews_social_meta":[],"jnews_override_counter":[],"footnotes":""},"categories":[140],"tags":[3975,895,3974],"class_list":["post-29852","post","type-post","status-publish","format-standard","has-post-thumbnail","hentry","category-entretenimento","tag-mudancas","tag-the-last-of-us","tag-tommy"],"yoast_head":"<!-- This site is optimized with the Yoast SEO plugin v24.6 - https:\/\/yoast.com\/wordpress\/plugins\/seo\/ -->\n<title>3\u00ba epis\u00f3dio de The Last of Us traz grande mudan\u00e7a em Tommy - Correio Braziliense - Radar<\/title>\n<meta name=\"description\" content=\"Algo surpreendente acontece com Tommy no 3\u00ba epis\u00f3dio de The Last of Us. Descubra o que muda no destino do personagem em compara\u00e7\u00e3o ao game.\" \/>\n<meta name=\"robots\" content=\"index, follow, max-snippet:-1, max-image-preview:large, max-video-preview:-1\" \/>\n<link rel=\"canonical\" href=\"https:\/\/www.correiobraziliense.com.br\/cbradar\/3o-episodio-de-the-last-of-us-traz-grande-mudanca-em-tommy\/\" \/>\n<meta property=\"og:locale\" content=\"pt_BR\" \/>\n<meta property=\"og:type\" content=\"article\" \/>\n<meta property=\"og:title\" content=\"3\u00ba epis\u00f3dio de The Last of Us traz grande mudan\u00e7a em Tommy - Correio Braziliense - Radar\" \/>\n<meta property=\"og:description\" content=\"Algo surpreendente acontece com Tommy no 3\u00ba epis\u00f3dio de The Last of Us. Descubra o que muda no destino do personagem em compara\u00e7\u00e3o ao game.\" \/>\n<meta property=\"og:url\" content=\"https:\/\/www.correiobraziliense.com.br\/cbradar\/3o-episodio-de-the-last-of-us-traz-grande-mudanca-em-tommy\/\" \/>\n<meta property=\"og:site_name\" content=\"Correio Braziliense - Radar\" \/>\n<meta property=\"article:published_time\" content=\"2025-04-29T09:50:00+00:00\" \/>\n<meta property=\"article:modified_time\" content=\"2025-07-02T14:50:48+00:00\" \/>\n<meta property=\"og:image\" content=\"https:\/\/www.correiobraziliense.com.br\/cbradar\/wp-content\/uploads\/2025\/04\/Edicoes-6-2.png\" \/>\n\t<meta property=\"og:image:width\" content=\"1280\" \/>\n\t<meta property=\"og:image:height\" content=\"720\" \/>\n\t<meta property=\"og:image:type\" content=\"image\/png\" \/>\n<meta name=\"author\" content=\"Maura Pereira\" \/>\n<meta name=\"twitter:card\" content=\"summary_large_image\" \/>\n<meta name=\"twitter:label1\" content=\"Escrito por\" \/>\n\t<meta name=\"twitter:data1\" content=\"Maura Pereira\" \/>\n\t<meta name=\"twitter:label2\" content=\"Est. tempo de leitura\" \/>\n\t<meta name=\"twitter:data2\" content=\"5 minutos\" \/>\n<!-- \/ Yoast SEO plugin. -->","yoast_head_json":{"title":"3\u00ba epis\u00f3dio de The Last of Us traz grande mudan\u00e7a em Tommy - Correio Braziliense - Radar","description":"Algo surpreendente acontece com Tommy no 3\u00ba epis\u00f3dio de The Last of Us. Descubra o que muda no destino do personagem em compara\u00e7\u00e3o ao game.","robots":{"index":"index","follow":"follow","max-snippet":"max-snippet:-1","max-image-preview":"max-image-preview:large","max-video-preview":"max-video-preview:-1"},"canonical":"https:\/\/www.correiobraziliense.com.br\/cbradar\/3o-episodio-de-the-last-of-us-traz-grande-mudanca-em-tommy\/","og_locale":"pt_BR","og_type":"article","og_title":"3\u00ba epis\u00f3dio de The Last of Us traz grande mudan\u00e7a em Tommy - Correio Braziliense - Radar","og_description":"Algo surpreendente acontece com Tommy no 3\u00ba epis\u00f3dio de The Last of Us. Descubra o que muda no destino do personagem em compara\u00e7\u00e3o ao game.","og_url":"https:\/\/www.correiobraziliense.com.br\/cbradar\/3o-episodio-de-the-last-of-us-traz-grande-mudanca-em-tommy\/","og_site_name":"Correio Braziliense - Radar","article_published_time":"2025-04-29T09:50:00+00:00","article_modified_time":"2025-07-02T14:50:48+00:00","og_image":[{"width":1280,"height":720,"url":"https:\/\/www.correiobraziliense.com.br\/cbradar\/wp-content\/uploads\/2025\/04\/Edicoes-6-2.png","type":"image\/png"}],"author":"Maura Pereira","twitter_card":"summary_large_image","twitter_misc":{"Escrito por":"Maura Pereira","Est. tempo de leitura":"5 minutos"},"schema":{"@context":"https:\/\/schema.org","@graph":[{"@type":"WebPage","@id":"https:\/\/www.correiobraziliense.com.br\/cbradar\/3o-episodio-de-the-last-of-us-traz-grande-mudanca-em-tommy\/","url":"https:\/\/www.correiobraziliense.com.br\/cbradar\/3o-episodio-de-the-last-of-us-traz-grande-mudanca-em-tommy\/","name":"3\u00ba epis\u00f3dio de The Last of Us traz grande mudan\u00e7a em Tommy - Correio Braziliense - Radar","isPartOf":{"@id":"https:\/\/www.correiobraziliense.com.br\/cbradar\/#website"},"primaryImageOfPage":{"@id":"https:\/\/www.correiobraziliense.com.br\/cbradar\/3o-episodio-de-the-last-of-us-traz-grande-mudanca-em-tommy\/#primaryimage"},"image":{"@id":"https:\/\/www.correiobraziliense.com.br\/cbradar\/3o-episodio-de-the-last-of-us-traz-grande-mudanca-em-tommy\/#primaryimage"},"thumbnailUrl":"https:\/\/www.correiobraziliense.com.br\/cbradar\/wp-content\/uploads\/2025\/04\/Edicoes-6-2.png","datePublished":"2025-04-29T09:50:00+00:00","dateModified":"2025-07-02T14:50:48+00:00","author":{"@id":"https:\/\/www.correiobraziliense.com.br\/cbradar\/#\/schema\/person\/4053c651a9bfc785afc6f4cbc9032fd3"},"description":"Algo surpreendente acontece com Tommy no 3\u00ba epis\u00f3dio de The Last of Us. Descubra o que muda no destino do personagem em compara\u00e7\u00e3o ao game.","breadcrumb":{"@id":"https:\/\/www.correiobraziliense.com.br\/cbradar\/3o-episodio-de-the-last-of-us-traz-grande-mudanca-em-tommy\/#breadcrumb"},"inLanguage":"pt-BR","potentialAction":[{"@type":"ReadAction","target":["https:\/\/www.correiobraziliense.com.br\/cbradar\/3o-episodio-de-the-last-of-us-traz-grande-mudanca-em-tommy\/"]}]},{"@type":"ImageObject","inLanguage":"pt-BR","@id":"https:\/\/www.correiobraziliense.com.br\/cbradar\/3o-episodio-de-the-last-of-us-traz-grande-mudanca-em-tommy\/#primaryimage","url":"https:\/\/www.correiobraziliense.com.br\/cbradar\/wp-content\/uploads\/2025\/04\/Edicoes-6-2.png","contentUrl":"https:\/\/www.correiobraziliense.com.br\/cbradar\/wp-content\/uploads\/2025\/04\/Edicoes-6-2.png","width":1280,"height":720,"caption":"Tommy, The last of Us \/\/ Reprodu\u00e7\u00e3o: The Last of Us wiki"},{"@type":"BreadcrumbList","@id":"https:\/\/www.correiobraziliense.com.br\/cbradar\/3o-episodio-de-the-last-of-us-traz-grande-mudanca-em-tommy\/#breadcrumb","itemListElement":[{"@type":"ListItem","position":1,"name":"In\u00edcio","item":"https:\/\/www.correiobraziliense.com.br\/cbradar\/"},{"@type":"ListItem","position":2,"name":"3\u00ba epis\u00f3dio de The Last of Us traz grande mudan\u00e7a em Tommy"}]},{"@type":"WebSite","@id":"https:\/\/www.correiobraziliense.com.br\/cbradar\/#website","url":"https:\/\/www.correiobraziliense.com.br\/cbradar\/","name":"Correio Braziliense - Radar","description":"Acompanhe as \u00faltimas not\u00edcias e fique bem informado sobre tudo o que acontece no Brasil e no mundo.","potentialAction":[{"@type":"SearchAction","target":{"@type":"EntryPoint","urlTemplate":"https:\/\/www.correiobraziliense.com.br\/cbradar\/?s={search_term_string}"},"query-input":{"@type":"PropertyValueSpecification","valueRequired":true,"valueName":"search_term_string"}}],"inLanguage":"pt-BR"},{"@type":"Person","@id":"https:\/\/www.correiobraziliense.com.br\/cbradar\/#\/schema\/person\/4053c651a9bfc785afc6f4cbc9032fd3","name":"Maura Pereira","image":{"@type":"ImageObject","inLanguage":"pt-BR","@id":"https:\/\/www.correiobraziliense.com.br\/cbradar\/#\/schema\/person\/image\/","url":"https:\/\/secure.gravatar.com\/avatar\/3effd6bdadfa447f15089c7f7144eaa6?s=96&d=mm&r=g","contentUrl":"https:\/\/secure.gravatar.com\/avatar\/3effd6bdadfa447f15089c7f7144eaa6?s=96&d=mm&r=g","caption":"Maura Pereira"},"sameAs":["https:\/\/www.correiobraziliense.com.br\/"],"url":"https:\/\/www.correiobraziliense.com.br\/cbradar\/author\/mauramyth\/"}]}},"_links":{"self":[{"href":"https:\/\/www.correiobraziliense.com.br\/cbradar\/wp-json\/wp\/v2\/posts\/29852","targetHints":{"allow":["GET"]}}],"collection":[{"href":"https:\/\/www.correiobraziliense.com.br\/cbradar\/wp-json\/wp\/v2\/posts"}],"about":[{"href":"https:\/\/www.correiobraziliense.com.br\/cbradar\/wp-json\/wp\/v2\/types\/post"}],"author":[{"embeddable":true,"href":"https:\/\/www.correiobraziliense.com.br\/cbradar\/wp-json\/wp\/v2\/users\/8"}],"replies":[{"embeddable":true,"href":"https:\/\/www.correiobraziliense.com.br\/cbradar\/wp-json\/wp\/v2\/comments?post=29852"}],"version-history":[{"count":8,"href":"https:\/\/www.correiobraziliense.com.br\/cbradar\/wp-json\/wp\/v2\/posts\/29852\/revisions"}],"predecessor-version":[{"id":63292,"href":"https:\/\/www.correiobraziliense.com.br\/cbradar\/wp-json\/wp\/v2\/posts\/29852\/revisions\/63292"}],"wp:featuredmedia":[{"embeddable":true,"href":"https:\/\/www.correiobraziliense.com.br\/cbradar\/wp-json\/wp\/v2\/media\/29860"}],"wp:attachment":[{"href":"https:\/\/www.correiobraziliense.com.br\/cbradar\/wp-json\/wp\/v2\/media?parent=29852"}],"wp:term":[{"taxonomy":"category","embeddable":true,"href":"https:\/\/www.correiobraziliense.com.br\/cbradar\/wp-json\/wp\/v2\/categories?post=29852"},{"taxonomy":"post_tag","embeddable":true,"href":"https:\/\/www.correiobraziliense.com.br\/cbradar\/wp-json\/wp\/v2\/tags?post=29852"}],"curies":[{"name":"wp","href":"https:\/\/api.w.org\/{rel}","templated":true}]}}