{"id":29873,"date":"2025-04-29T15:50:00","date_gmt":"2025-04-29T18:50:00","guid":{"rendered":"https:\/\/www.correiobraziliense.com.br\/cbradar\/?p=29873"},"modified":"2025-04-29T02:34:01","modified_gmt":"2025-04-29T05:34:01","slug":"a-veneza-brasileira-com-clima-perfeito-que-poucos-conhecem","status":"publish","type":"post","link":"https:\/\/www.correiobraziliense.com.br\/cbradar\/a-veneza-brasileira-com-clima-perfeito-que-poucos-conhecem\/","title":{"rendered":"A Veneza Brasileira com clima perfeito que poucos conhecem"},"content":{"rendered":"\n<p><strong><a href=\"https:\/\/www2.recife.pe.gov.br\/\" target=\"_blank\" rel=\"noreferrer noopener\">Recife<\/a><\/strong> n\u00e3o \u00e9 apenas a capital de <a href=\"https:\/\/www.correiobraziliense.com.br\/cbradar\/esse-destino-no-interior-de-pernambuco-virou-referencia-em-turismo-rural-e-cultural\/\" target=\"_blank\" rel=\"noreferrer noopener\"><strong>Pernambuco<\/strong> <\/a>\u2014 \u00e9 um mosaico vibrante onde o passado colonial se mistura com o presente urbano em uma dan\u00e7a constante de cores, sons e sabores. Conhecida como &#8220;<strong>Veneza Brasileira<\/strong>&#8221; e com clima perfeito, foi fundada em <strong>1537<\/strong>,  sendo palco de invas\u00f5es holandesas, resist\u00eancia popular e, mais recentemente, de uma transforma\u00e7\u00e3o silenciosa voltada para qualidade de vida, inova\u00e7\u00e3o e turismo sustent\u00e1vel.<\/p>\n\n\n\n<h2 class=\"wp-block-heading\">Clima tropical e vida \u00e0 beira-mar<\/h2>\n\n\n\n<p>Imagine acordar com o som das ondas, caminhar pela orla de <strong>Boa Viagem<\/strong> com o sol iluminando os arranha-c\u00e9us e sentir a brisa salgada que vem do mar. O clima em <strong>Recife<\/strong> \u00e9 quente e \u00famido o ano inteiro, com m\u00e9dias entre 24\u202f\u00b0C e 30\u202f\u00b0C, ideal para quem n\u00e3o abre m\u00e3o do calor. Mas a cidade vai al\u00e9m da praia: abriga manguezais, rios e pontes que renderam a ela o apelido carinhoso de \u201c<strong>Veneza Brasileira<\/strong>\u201d.<\/p>\n\n\n<div class=\"wp-block-image\">\n<figure class=\"aligncenter size-large\"><img decoding=\"async\" width=\"1024\" height=\"576\" src=\"https:\/\/www.correiobraziliense.com.br\/cbradar\/wp-content\/uploads\/2025\/02\/Recife_1739518126378-1024x576.jpg\" alt=\"Cidade conhecida como &quot;Veneza Brasileira&quot;, mas com clima perfeito\" class=\"wp-image-2719\" srcset=\"https:\/\/www.correiobraziliense.com.br\/cbradar\/wp-content\/uploads\/2025\/02\/Recife_1739518126378-1024x576.jpg 1024w, https:\/\/www.correiobraziliense.com.br\/cbradar\/wp-content\/uploads\/2025\/02\/Recife_1739518126378-300x169.jpg 300w, https:\/\/www.correiobraziliense.com.br\/cbradar\/wp-content\/uploads\/2025\/02\/Recife_1739518126378-768x432.jpg 768w, https:\/\/www.correiobraziliense.com.br\/cbradar\/wp-content\/uploads\/2025\/02\/Recife_1739518126378-750x422.jpg 750w, https:\/\/www.correiobraziliense.com.br\/cbradar\/wp-content\/uploads\/2025\/02\/Recife_1739518126378-1140x642.jpg 1140w, https:\/\/www.correiobraziliense.com.br\/cbradar\/wp-content\/uploads\/2025\/02\/Recife_1739518126378.jpg 1279w\" sizes=\"(max-width: 1024px) 100vw, 1024px\" \/><figcaption class=\"wp-element-caption\">Recife \/\/ Cr\u00e9ditos: depositphotos.com \/ gustavofrazao<\/figcaption><\/figure><\/div>\n\n\n<h2 class=\"wp-block-heading\">Educa\u00e7\u00e3o: tradi\u00e7\u00e3o, inova\u00e7\u00e3o e acesso<\/h2>\n\n\n\n<p><strong>Recife<\/strong> concentra algumas das institui\u00e7\u00f5es de ensino mais respeitadas do Nordeste, como a <strong>Universidade Federal de Pernambuco (UFPE)<\/strong> e a <strong>Universidade Cat\u00f3lica de Pernambuco (UNICAP)<\/strong>. Nos \u00faltimos anos, o setor educacional tamb\u00e9m cresceu com o fortalecimento de polos tecnol\u00f3gicos e cursos voltados \u00e0 inova\u00e7\u00e3o, como os oferecidos pelo <strong>Porto Digital<\/strong>, um dos maiores parques tecnol\u00f3gicos da Am\u00e9rica Latina.<\/p>\n\n\n\n<p>Al\u00e9m disso, escolas p\u00fablicas e privadas v\u00eam investindo em projetos pedag\u00f3gicos modernos, com foco em inclus\u00e3o e novas metodologias de aprendizagem \u2014 um esfor\u00e7o coletivo que come\u00e7a a refletir nos \u00edndices educacionais da cidade.<\/p>\n\n\n\n<h2 class=\"wp-block-heading\">Cultura que invade as ruas e o cora\u00e7\u00e3o<\/h2>\n\n\n\n<p>Caminhar pelas ruas do <strong>Recife Antigo<\/strong> \u00e9 mergulhar em um universo onde a arquitetura colonial convive com murais de grafite e apresenta\u00e7\u00f5es espont\u00e2neas de maracatu. O <strong>Carnaval de Recife<\/strong> \u00e9 uma experi\u00eancia sensorial incompar\u00e1vel, com blocos como o <strong>Galo da Madrugada<\/strong> arrastando multid\u00f5es ao som do frevo e do samba.<\/p>\n\n\n\n<p>Museus como o <strong>Cais do Sert\u00e3o<\/strong> e o <strong>Pa\u00e7o do Frevo<\/strong> encantam moradores e visitantes com exposi\u00e7\u00f5es imersivas e interativas. E o mais bonito? A cultura recifense \u00e9 acess\u00edvel, democr\u00e1tica e vivida nas pra\u00e7as, nos mercados e nas ladeiras hist\u00f3ricas.<\/p>\n\n\n\n<h2 class=\"wp-block-heading\">Economia criativa e oportunidades profissionais<\/h2>\n\n\n\n<p><strong>Recife<\/strong> vem se destacando como um polo de economia criativa, especialmente nas \u00e1reas de tecnologia, design e audiovisual. O <strong>Porto Digital<\/strong> atrai startups, empresas internacionais e talentos locais, gerando empregos e movimentando a economia.<\/p>\n\n\n\n<p>Com custos de vida mais baixos do que em grandes centros como <strong>S\u00e3o Paulo<\/strong> ou <strong>Rio de Janeiro<\/strong>, a cidade se torna atrativa para quem deseja qualidade de vida sem abrir m\u00e3o das oportunidades profissionais.<\/p>\n\n\n\n<p>Al\u00e9m disso, o setor de turismo, sa\u00fade e educa\u00e7\u00e3o continua forte, absorvendo m\u00e3o de obra qualificada e impulsionando o desenvolvimento urbano.<\/p>\n\n\n\n<h2 class=\"wp-block-heading\">Seguran\u00e7a e mobilidade: os desafios em pauta<\/h2>\n\n\n\n<p>Como toda grande cidade brasileira, <strong>Recife<\/strong> enfrenta desafios ligados \u00e0 seguran\u00e7a p\u00fablica e ao transporte. No entanto, iniciativas como o refor\u00e7o da patrulha comunit\u00e1ria, investimentos em ilumina\u00e7\u00e3o p\u00fablica e o aumento da cobertura de c\u00e2meras de vigil\u00e2ncia v\u00eam ajudando a reduzir os \u00edndices de criminalidade em \u00e1reas estrat\u00e9gicas.<\/p>\n\n\n\n<p>Na mobilidade urbana, projetos como o <strong>Corredor Norte-Sul<\/strong>, a amplia\u00e7\u00e3o das ciclovias e a moderniza\u00e7\u00e3o do <strong>Metr\u00f4 do Recife<\/strong> apontam para uma cidade mais conectada e sustent\u00e1vel no futuro pr\u00f3ximo.<\/p>\n\n\n\n<h2 class=\"wp-block-heading\">Vale a pena morar em Recife?<\/h2>\n\n\n\n<p>Sim, e por muitos motivos. Morar em <strong>Recife<\/strong> \u00e9 viver em uma cidade com identidade forte, clima acolhedor e uma energia criativa que inspira. Para quem valoriza cultura, quer investir em uma carreira promissora e ainda aproveitar o melhor do litoral nordestino, <strong>Recife<\/strong> oferece um equil\u00edbrio raro entre tradi\u00e7\u00e3o e inova\u00e7\u00e3o.<\/p>\n\n\n\n<p>Seja nos bairros hist\u00f3ricos, nas zonas mais modernas ou nas proximidades das praias, h\u00e1 op\u00e7\u00f5es para diferentes estilos de vida \u2014 com boa infraestrutura, acesso a servi\u00e7os e uma crescente preocupa\u00e7\u00e3o com sustentabilidade e bem-estar urbano.<\/p>\n\n\n\n<h2 class=\"wp-block-heading\">Vale a pena visitar Recife?<\/h2>\n\n\n\n<p>Sem d\u00favida. <strong>Recife<\/strong> \u00e9 daquelas cidades que se sentem \u2014 na pele, no paladar, no cora\u00e7\u00e3o. Desde os azulejos coloniais at\u00e9 os ritmos ancestrais, tudo aqui conta uma hist\u00f3ria. E se voc\u00ea gosta de experi\u00eancias aut\u00eanticas, boa comida, arte viva e paisagens deslumbrantes, prepare-se para se apaixonar.<\/p>\n\n\n\n<p>Visite o <strong>Marco Zero<\/strong>, navegue pelo <strong>Rio Capibaribe<\/strong>, perca-se no <strong>Mercado de S\u00e3o Jos\u00e9<\/strong> e, claro, n\u00e3o deixe de conhecer <strong>Olinda<\/strong>, logo ali ao lado. Em <strong>Recife<\/strong>, cada esquina tem um segredo \u2014 e cada visita deixa saudade.<\/p>\n","protected":false},"excerpt":{"rendered":"<p>Recife n\u00e3o \u00e9 apenas a capital de Pernambuco \u2014 \u00e9 um mosaico vibrante onde o passado colonial se mistura com o presente urbano em uma dan\u00e7a constante de cores, sons e sabores. Conhecida como &#8220;Veneza Brasileira&#8221; e com clima perfeito, foi fundada em 1537, sendo palco de invas\u00f5es holandesas, resist\u00eancia popular e, mais recentemente, de [&hellip;]<\/p>\n","protected":false},"author":8,"featured_media":2717,"comment_status":"open","ping_status":"open","sticky":false,"template":"","format":"standard","meta":{"jnews-multi-image_gallery":[],"jnews_single_post":{"format":"standard"},"jnews_primary_category":[],"jnews_social_meta":[],"jnews_override_counter":[],"footnotes":""},"categories":[108,111],"post_tag":[225,701,3980],"class_list":["post-29873","post","type-post","status-publish","format-standard","has-post-thumbnail","hentry","category-cidades","category-turismo","tag-brasil","tag-recife","tag-veneza-brasileira"],"yoast_head":"<!-- This site is optimized with the Yoast SEO plugin v24.6 - https:\/\/yoast.com\/wordpress\/plugins\/seo\/ -->\n<title>A Veneza Brasileira com clima perfeito que poucos conhecem - Correio Braziliense - Radar<\/title>\n<meta name=\"description\" content=\"Descubra a cidade apelidada de Veneza Brasileira, com clima perfeito o ano todo e cen\u00e1rios encantadores que v\u00e3o surpreender voc\u00ea.\" \/>\n<meta name=\"robots\" content=\"index, follow, max-snippet:-1, max-image-preview:large, max-video-preview:-1\" \/>\n<link rel=\"canonical\" href=\"https:\/\/www.correiobraziliense.com.br\/cbradar\/a-veneza-brasileira-com-clima-perfeito-que-poucos-conhecem\/\" \/>\n<meta property=\"og:locale\" content=\"pt_BR\" \/>\n<meta property=\"og:type\" content=\"article\" \/>\n<meta property=\"og:title\" content=\"A Veneza Brasileira com clima perfeito que poucos conhecem - Correio Braziliense - Radar\" \/>\n<meta property=\"og:description\" content=\"Descubra a cidade apelidada de Veneza Brasileira, com clima perfeito o ano todo e cen\u00e1rios encantadores que v\u00e3o surpreender voc\u00ea.\" \/>\n<meta property=\"og:url\" content=\"https:\/\/www.correiobraziliense.com.br\/cbradar\/a-veneza-brasileira-com-clima-perfeito-que-poucos-conhecem\/\" \/>\n<meta property=\"og:site_name\" content=\"Correio Braziliense - Radar\" \/>\n<meta property=\"article:published_time\" content=\"2025-04-29T18:50:00+00:00\" \/>\n<meta property=\"og:image\" content=\"https:\/\/www.correiobraziliense.com.br\/cbradar\/wp-content\/uploads\/2025\/02\/Recife_1739518076263.jpg\" \/>\n\t<meta property=\"og:image:width\" content=\"1280\" \/>\n\t<meta property=\"og:image:height\" content=\"720\" \/>\n\t<meta property=\"og:image:type\" content=\"image\/jpeg\" \/>\n<meta name=\"author\" content=\"Maura Pereira\" \/>\n<meta name=\"twitter:card\" content=\"summary_large_image\" \/>\n<meta name=\"twitter:label1\" content=\"Escrito por\" \/>\n\t<meta name=\"twitter:data1\" content=\"Maura Pereira\" \/>\n\t<meta name=\"twitter:label2\" content=\"Est. tempo de leitura\" \/>\n\t<meta name=\"twitter:data2\" content=\"5 minutos\" \/>\n<!-- \/ Yoast SEO plugin. -->","yoast_head_json":{"title":"A Veneza Brasileira com clima perfeito que poucos conhecem - Correio Braziliense - Radar","description":"Descubra a cidade apelidada de Veneza Brasileira, com clima perfeito o ano todo e cen\u00e1rios encantadores que v\u00e3o surpreender voc\u00ea.","robots":{"index":"index","follow":"follow","max-snippet":"max-snippet:-1","max-image-preview":"max-image-preview:large","max-video-preview":"max-video-preview:-1"},"canonical":"https:\/\/www.correiobraziliense.com.br\/cbradar\/a-veneza-brasileira-com-clima-perfeito-que-poucos-conhecem\/","og_locale":"pt_BR","og_type":"article","og_title":"A Veneza Brasileira com clima perfeito que poucos conhecem - Correio Braziliense - Radar","og_description":"Descubra a cidade apelidada de Veneza Brasileira, com clima perfeito o ano todo e cen\u00e1rios encantadores que v\u00e3o surpreender voc\u00ea.","og_url":"https:\/\/www.correiobraziliense.com.br\/cbradar\/a-veneza-brasileira-com-clima-perfeito-que-poucos-conhecem\/","og_site_name":"Correio Braziliense - Radar","article_published_time":"2025-04-29T18:50:00+00:00","og_image":[{"width":1280,"height":720,"url":"https:\/\/www.correiobraziliense.com.br\/cbradar\/wp-content\/uploads\/2025\/02\/Recife_1739518076263.jpg","type":"image\/jpeg"}],"author":"Maura Pereira","twitter_card":"summary_large_image","twitter_misc":{"Escrito por":"Maura Pereira","Est. tempo de leitura":"5 minutos"},"schema":{"@context":"https:\/\/schema.org","@graph":[{"@type":"WebPage","@id":"https:\/\/www.correiobraziliense.com.br\/cbradar\/a-veneza-brasileira-com-clima-perfeito-que-poucos-conhecem\/","url":"https:\/\/www.correiobraziliense.com.br\/cbradar\/a-veneza-brasileira-com-clima-perfeito-que-poucos-conhecem\/","name":"A Veneza Brasileira com clima perfeito que poucos conhecem - Correio Braziliense - Radar","isPartOf":{"@id":"https:\/\/www.correiobraziliense.com.br\/cbradar\/#website"},"primaryImageOfPage":{"@id":"https:\/\/www.correiobraziliense.com.br\/cbradar\/a-veneza-brasileira-com-clima-perfeito-que-poucos-conhecem\/#primaryimage"},"image":{"@id":"https:\/\/www.correiobraziliense.com.br\/cbradar\/a-veneza-brasileira-com-clima-perfeito-que-poucos-conhecem\/#primaryimage"},"thumbnailUrl":"https:\/\/www.correiobraziliense.com.br\/cbradar\/wp-content\/uploads\/2025\/02\/Recife_1739518076263.jpg","datePublished":"2025-04-29T18:50:00+00:00","author":{"@id":"https:\/\/www.correiobraziliense.com.br\/cbradar\/#\/schema\/person\/4053c651a9bfc785afc6f4cbc9032fd3"},"description":"Descubra a cidade apelidada de Veneza Brasileira, com clima perfeito o ano todo e cen\u00e1rios encantadores que v\u00e3o surpreender voc\u00ea.","breadcrumb":{"@id":"https:\/\/www.correiobraziliense.com.br\/cbradar\/a-veneza-brasileira-com-clima-perfeito-que-poucos-conhecem\/#breadcrumb"},"inLanguage":"pt-BR","potentialAction":[{"@type":"ReadAction","target":["https:\/\/www.correiobraziliense.com.br\/cbradar\/a-veneza-brasileira-com-clima-perfeito-que-poucos-conhecem\/"]}]},{"@type":"ImageObject","inLanguage":"pt-BR","@id":"https:\/\/www.correiobraziliense.com.br\/cbradar\/a-veneza-brasileira-com-clima-perfeito-que-poucos-conhecem\/#primaryimage","url":"https:\/\/www.correiobraziliense.com.br\/cbradar\/wp-content\/uploads\/2025\/02\/Recife_1739518076263.jpg","contentUrl":"https:\/\/www.correiobraziliense.com.br\/cbradar\/wp-content\/uploads\/2025\/02\/Recife_1739518076263.jpg","width":1280,"height":720,"caption":"Recife oferece qualidade de vida, lazer e oportunidades em uma cidade cheia de identidade. \/\/ Cr\u00e9ditos: depositphotos.com \/ mrmello63@gmail.com"},{"@type":"BreadcrumbList","@id":"https:\/\/www.correiobraziliense.com.br\/cbradar\/a-veneza-brasileira-com-clima-perfeito-que-poucos-conhecem\/#breadcrumb","itemListElement":[{"@type":"ListItem","position":1,"name":"In\u00edcio","item":"https:\/\/www.correiobraziliense.com.br\/cbradar\/"},{"@type":"ListItem","position":2,"name":"A Veneza Brasileira com clima perfeito que poucos conhecem"}]},{"@type":"WebSite","@id":"https:\/\/www.correiobraziliense.com.br\/cbradar\/#website","url":"https:\/\/www.correiobraziliense.com.br\/cbradar\/","name":"Correio Braziliense - Radar","description":"Acompanhe as \u00faltimas not\u00edcias e fique bem informado sobre tudo o que acontece no Brasil e no mundo.","potentialAction":[{"@type":"SearchAction","target":{"@type":"EntryPoint","urlTemplate":"https:\/\/www.correiobraziliense.com.br\/cbradar\/?s={search_term_string}"},"query-input":{"@type":"PropertyValueSpecification","valueRequired":true,"valueName":"search_term_string"}}],"inLanguage":"pt-BR"},{"@type":"Person","@id":"https:\/\/www.correiobraziliense.com.br\/cbradar\/#\/schema\/person\/4053c651a9bfc785afc6f4cbc9032fd3","name":"Maura Pereira","image":{"@type":"ImageObject","inLanguage":"pt-BR","@id":"https:\/\/www.correiobraziliense.com.br\/cbradar\/#\/schema\/person\/image\/","url":"https:\/\/secure.gravatar.com\/avatar\/3effd6bdadfa447f15089c7f7144eaa6?s=96&d=mm&r=g","contentUrl":"https:\/\/secure.gravatar.com\/avatar\/3effd6bdadfa447f15089c7f7144eaa6?s=96&d=mm&r=g","caption":"Maura Pereira"},"sameAs":["https:\/\/www.correiobraziliense.com.br\/"],"url":"https:\/\/www.correiobraziliense.com.br\/cbradar\/author\/mauramyth\/"}]}},"_links":{"self":[{"href":"https:\/\/www.correiobraziliense.com.br\/cbradar\/wp-json\/wp\/v2\/posts\/29873","targetHints":{"allow":["GET"]}}],"collection":[{"href":"https:\/\/www.correiobraziliense.com.br\/cbradar\/wp-json\/wp\/v2\/posts"}],"about":[{"href":"https:\/\/www.correiobraziliense.com.br\/cbradar\/wp-json\/wp\/v2\/types\/post"}],"author":[{"embeddable":true,"href":"https:\/\/www.correiobraziliense.com.br\/cbradar\/wp-json\/wp\/v2\/users\/8"}],"replies":[{"embeddable":true,"href":"https:\/\/www.correiobraziliense.com.br\/cbradar\/wp-json\/wp\/v2\/comments?post=29873"}],"version-history":[{"count":9,"href":"https:\/\/www.correiobraziliense.com.br\/cbradar\/wp-json\/wp\/v2\/posts\/29873\/revisions"}],"predecessor-version":[{"id":29892,"href":"https:\/\/www.correiobraziliense.com.br\/cbradar\/wp-json\/wp\/v2\/posts\/29873\/revisions\/29892"}],"wp:featuredmedia":[{"embeddable":true,"href":"https:\/\/www.correiobraziliense.com.br\/cbradar\/wp-json\/wp\/v2\/media\/2717"}],"wp:attachment":[{"href":"https:\/\/www.correiobraziliense.com.br\/cbradar\/wp-json\/wp\/v2\/media?parent=29873"}],"wp:term":[{"taxonomy":"category","embeddable":true,"href":"https:\/\/www.correiobraziliense.com.br\/cbradar\/wp-json\/wp\/v2\/categories?post=29873"},{"taxonomy":"post_tag","embeddable":true,"href":"https:\/\/www.correiobraziliense.com.br\/cbradar\/wp-json\/wp\/v2\/post_tag?post=29873"}],"curies":[{"name":"wp","href":"https:\/\/api.w.org\/{rel}","templated":true}]}}