{"id":29901,"date":"2025-04-29T07:50:00","date_gmt":"2025-04-29T10:50:00","guid":{"rendered":"https:\/\/www.correiobraziliense.com.br\/cbradar\/?p=29901"},"modified":"2025-04-29T04:00:03","modified_gmt":"2025-04-29T07:00:03","slug":"sera-que-julius-realmente-ficou-rico-com-tanta-economia","status":"publish","type":"post","link":"https:\/\/www.correiobraziliense.com.br\/cbradar\/sera-que-julius-realmente-ficou-rico-com-tanta-economia\/","title":{"rendered":"Ser\u00e1 que Julius realmente ficou rico com tanta economia?"},"content":{"rendered":"\n<p>Carism\u00e1tico, multifacetado e dono de um dos sorrisos mais conhecidos da televis\u00e3o americana, <strong><a href=\"https:\/\/en.wikipedia.org\/wiki\/Terry_Crews\" target=\"_blank\" rel=\"noreferrer noopener\">Terry Crews<\/a><\/strong> \u00e9 muito mais do que apenas um rosto famoso. Ex-jogador da <strong>NFL<\/strong>, ator de com\u00e9dias memor\u00e1veis, apresentador de programas de sucesso e ativista, ele conquistou o p\u00fablico com seu talento, sua honestidade e seu bom humor. Sua hist\u00f3ria \u00e9 marcada por supera\u00e7\u00f5es e pela constante reinven\u00e7\u00e3o. Neste artigo, vamos conferir sua trajet\u00f3ria como ator e claro, sua fortuna impressionante!<\/p>\n\n\n\n<h2 class=\"wp-block-heading\">Como Terry Crews come\u00e7ou sua carreira?<\/h2>\n\n\n\n<p>Antes de brilhar nas telas, <strong>Terry Crews<\/strong> viveu uma realidade bem diferente: a dos campos de futebol americano. Nascido em <strong>28 de julho de 1968<\/strong>, em <strong>Flint<\/strong>, no estado de <strong>Michigan<\/strong>, <strong><a href=\"https:\/\/www.correiobraziliense.com.br\/cbradar\/esse-estado-dos-estados-unidos-possui-a-4a-maior-economia-do-mundo\/\" target=\"_blank\" rel=\"noreferrer noopener\">Estados Unidos<\/a><\/strong>, ele cresceu em um ambiente dif\u00edcil, com um pai alco\u00f3latra e uma vida familiar conturbada. Encontrou no esporte um ref\u00fagio e uma chance de mudar seu destino.<\/p>\n\n\n\n<p>Com destaque no futebol americano universit\u00e1rio, ganhou uma bolsa para estudar na <strong>Western Michigan University<\/strong>, onde foi campe\u00e3o da <strong>Mid-American Conference<\/strong> como defensor. Em <strong>1991<\/strong>, entrou para a <strong>NFL<\/strong>, jogando por times como o <strong>Los Angeles Rams<\/strong>, <strong>San Diego Chargers<\/strong> e <strong>Washington Redskins<\/strong>. Por\u00e9m, sua carreira como atleta foi breve \u2014 ele pr\u00f3prio confessou que muitas vezes complementava sua renda com trabalhos como seguran\u00e7a e artista gr\u00e1fico.<\/p>\n\n\n\n<p>Foi justamente esse talento para a arte visual que o aproximou do mundo do entretenimento. Aos poucos, <strong>Terry<\/strong> come\u00e7ou a fazer testes para comerciais e pap\u00e9is pequenos, at\u00e9 conseguir sua grande chance no cinema.<\/p>\n\n\n<div class=\"wp-block-image\">\n<figure class=\"aligncenter size-large\"><img decoding=\"async\" width=\"1024\" height=\"576\" src=\"https:\/\/www.correiobraziliense.com.br\/cbradar\/wp-content\/uploads\/2025\/02\/Terry-Crews_1739604680578-1024x576.jpg\" alt=\"\" class=\"wp-image-3384\" srcset=\"https:\/\/www.correiobraziliense.com.br\/cbradar\/wp-content\/uploads\/2025\/02\/Terry-Crews_1739604680578-1024x576.jpg 1024w, https:\/\/www.correiobraziliense.com.br\/cbradar\/wp-content\/uploads\/2025\/02\/Terry-Crews_1739604680578-300x169.jpg 300w, https:\/\/www.correiobraziliense.com.br\/cbradar\/wp-content\/uploads\/2025\/02\/Terry-Crews_1739604680578-768x432.jpg 768w, https:\/\/www.correiobraziliense.com.br\/cbradar\/wp-content\/uploads\/2025\/02\/Terry-Crews_1739604680578-750x422.jpg 750w, https:\/\/www.correiobraziliense.com.br\/cbradar\/wp-content\/uploads\/2025\/02\/Terry-Crews_1739604680578-1140x641.jpg 1140w, https:\/\/www.correiobraziliense.com.br\/cbradar\/wp-content\/uploads\/2025\/02\/Terry-Crews_1739604680578.jpg 1280w\" sizes=\"(max-width: 1024px) 100vw, 1024px\" \/><figcaption class=\"wp-element-caption\">Terry Crews \/\/ Cr\u00e9ditos: depositphotos.com \/ Jean_Nelson<\/figcaption><\/figure><\/div>\n\n\n<h2 class=\"wp-block-heading\">Quais s\u00e3o as conquistas de Terry Crews?<\/h2>\n\n\n\n<p>A primeira grande apari\u00e7\u00e3o de <strong>Terry Crews<\/strong> nas telas foi em <strong>2000<\/strong>, no filme <strong>&#8220;The 6th Day&#8221;<\/strong>, ao lado de <strong>Arnold Schwarzenegger<\/strong>. Mas foi em <strong>2002<\/strong> que ele ganhou os holofotes com a com\u00e9dia <strong>&#8220;Friday After Next&#8221;<\/strong>, onde seu timing c\u00f4mico e presen\u00e7a f\u00edsica chamaram aten\u00e7\u00e3o.<\/p>\n\n\n\n<p>Em <strong>2005<\/strong>, ele se consagrou no papel que se tornaria um dos mais ic\u00f4nicos de sua carreira: o de <strong>Julius<\/strong>, pai de fam\u00edlia na s\u00e9rie <strong>&#8220;Everybody Hates Chris&#8221;<\/strong>. Inspirada na vida do comediante <strong>Chris Rock<\/strong>, a produ\u00e7\u00e3o foi um sucesso mundial, e o personagem de <strong>Terry<\/strong> caiu nas gra\u00e7as do p\u00fablico com suas frases memor\u00e1veis e seu jeito econ\u00f4mico de ser.<\/p>\n\n\n\n<p>Ele tamb\u00e9m brilhou em filmes como <strong>&#8220;White Chicks&#8221;<\/strong>, <strong>&#8220;Idiocracy&#8221;<\/strong>, <strong>&#8220;The Expendables&#8221;<\/strong> (s\u00e9rie de a\u00e7\u00e3o com grandes nomes como <strong>Sylvester Stallone<\/strong> e <strong>Jason Statham<\/strong>) e nas com\u00e9dias <strong>&#8220;Blended&#8221;<\/strong>, <strong>&#8220;Get Smart&#8221;<\/strong>, entre outras.<\/p>\n\n\n\n<p>Al\u00e9m disso, <strong>Terry Crews<\/strong> se destacou como apresentador do programa <strong>&#8220;America&#8217;s Got Talent&#8221;<\/strong>, onde trouxe sua energia contagiante para o palco.<\/p>\n\n\n\n<h2 class=\"wp-block-heading\">Como Terry Crews se tornou uma voz ativa no ativismo?<\/h2>\n\n\n\n<p>Ao longo dos anos, <strong>Terry Crews<\/strong> foi al\u00e9m da atua\u00e7\u00e3o. Ele se tornou uma voz poderosa contra o abuso, o machismo t\u00f3xico e a viol\u00eancia dom\u00e9stica. Em <strong>2017<\/strong>, revelou publicamente que havia sido v\u00edtima de ass\u00e9dio sexual por um executivo de <strong>Hollywood<\/strong>, tornando-se uma das figuras masculinas mais influentes do movimento <strong>#MeToo<\/strong>.<\/p>\n\n\n\n<p>Seu posicionamento gerou respeito e admira\u00e7\u00e3o, especialmente por sua vulnerabilidade em tratar de quest\u00f5es delicadas envolvendo masculinidade, sa\u00fade mental e abuso de poder.<\/p>\n\n\n\n<p>Al\u00e9m disso, <strong>Terry<\/strong> tamb\u00e9m \u00e9 autor. Seu livro <strong>&#8220;Manhood: How to Be a Better Man \u2014 or Just Live with One&#8221;<\/strong> foi bem recebido e trouxe reflex\u00f5es importantes sobre crescimento pessoal, casamento, paternidade e autoconhecimento.<\/p>\n\n\n\n<h2 class=\"wp-block-heading\">Curiosidades sobre a trajet\u00f3ria de Terry Crews?<\/h2>\n\n\n\n<ul class=\"wp-block-list\">\n<li><strong>Terry Crews<\/strong> \u00e9 um artista pl\u00e1stico talentoso. Ele j\u00e1 trabalhou como retratista e at\u00e9 pintou cen\u00e1rios para programas de televis\u00e3o.<\/li>\n\n\n\n<li>\u00c9 fluente em diversos estilos musicais e ficou famoso por sua performance hil\u00e1ria ao som de <strong>&#8220;A Thousand Miles&#8221;<\/strong>, de <strong>Vanessa Carlton<\/strong>, no filme <strong>&#8220;White Chicks&#8221;<\/strong>.<\/li>\n\n\n\n<li>Em <strong>2010<\/strong>, ele protagonizou o reality show <strong>&#8220;The Family Crews&#8221;<\/strong>, que mostrava o cotidiano com sua esposa, <strong>Rebecca<\/strong>, e seus filhos.<\/li>\n\n\n\n<li>O ator \u00e9 conhecido por seu f\u00edsico impressionante e por sua dedica\u00e7\u00e3o ao treino, mas tamb\u00e9m j\u00e1 falou abertamente sobre seus desafios com o v\u00edcio em pornografia \u2014 tema que abordou em palestras e entrevistas, buscando ajudar outras pessoas.<\/li>\n<\/ul>\n\n\n\n<h2 class=\"wp-block-heading\">Qual \u00e9 o valor da fortuna de Terry Crews e fontes de renda?<\/h2>\n\n\n\n<p>Segundo estimativas atualizadas de <strong>2025<\/strong>, a fortuna de <strong>Terry Crews<\/strong> gira em torno de <strong>US$ 25 milh\u00f5es<\/strong>. Suas principais fontes de renda v\u00eam da atua\u00e7\u00e3o em s\u00e9ries e filmes, dos contratos publicit\u00e1rios \u2014 incluindo campanhas memor\u00e1veis para marcas como <strong>Old Spice<\/strong> \u2014, da apresenta\u00e7\u00e3o de programas como <strong>&#8220;America\u2019s Got Talent&#8221;<\/strong>, da venda de livros e das licen\u00e7as de imagem.<\/p>\n\n\n\n<p>Al\u00e9m disso, sua versatilidade permitiu que se mantivesse relevante em diferentes m\u00eddias e plataformas, incluindo participa\u00e7\u00f5es em dublagens de jogos e anima\u00e7\u00f5es.<\/p>\n\n\n\n<p><strong>Terry Crews<\/strong> \u00e9 hoje um exemplo inspirador de reinven\u00e7\u00e3o, coragem e autenticidade. Sua hist\u00f3ria \u00e9 a prova de que, mesmo em meio a dificuldades, \u00e9 poss\u00edvel transformar dor em for\u00e7a e construir um legado que inspira gera\u00e7\u00f5es.<\/p>\n","protected":false},"excerpt":{"rendered":"<p>Carism\u00e1tico, multifacetado e dono de um dos sorrisos mais conhecidos da televis\u00e3o americana, Terry Crews \u00e9 muito mais do que apenas um rosto famoso. Ex-jogador da NFL, ator de com\u00e9dias memor\u00e1veis, apresentador de programas de sucesso e ativista, ele conquistou o p\u00fablico com seu talento, sua honestidade e seu bom humor. Sua hist\u00f3ria \u00e9 marcada [&hellip;]<\/p>\n","protected":false},"author":8,"featured_media":29927,"comment_status":"open","ping_status":"open","sticky":false,"template":"","format":"standard","meta":{"jnews-multi-image_gallery":[],"jnews_single_post":{"format":"standard"},"jnews_primary_category":[],"jnews_social_meta":[],"jnews_override_counter":[],"footnotes":""},"categories":[128,140,169],"post_tag":[534,3981,764,3982],"class_list":["post-29901","post","type-post","status-publish","format-standard","has-post-thumbnail","hentry","category-economia","category-entretenimento","category-noticias","tag-fortunas","tag-julius","tag-terry-crews","tag-todo-mundo-odeia-o-chris"],"yoast_head":"<!-- This site is optimized with the Yoast SEO plugin v24.6 - https:\/\/yoast.com\/wordpress\/plugins\/seo\/ -->\n<title>Ser\u00e1 que Julius realmente ficou rico com tanta economia? - Correio Braziliense - Radar<\/title>\n<meta name=\"description\" content=\"Todo mundo lembra das economias de Julius, mas ser\u00e1 que ele guardou o suficiente? Sem brincadeiras, confira a carreira deste renomado ator.\" \/>\n<meta name=\"robots\" content=\"index, follow, max-snippet:-1, max-image-preview:large, max-video-preview:-1\" \/>\n<link rel=\"canonical\" href=\"https:\/\/www.correiobraziliense.com.br\/cbradar\/sera-que-julius-realmente-ficou-rico-com-tanta-economia\/\" \/>\n<meta property=\"og:locale\" content=\"pt_BR\" \/>\n<meta property=\"og:type\" content=\"article\" \/>\n<meta property=\"og:title\" content=\"Ser\u00e1 que Julius realmente ficou rico com tanta economia? - Correio Braziliense - Radar\" \/>\n<meta property=\"og:description\" content=\"Todo mundo lembra das economias de Julius, mas ser\u00e1 que ele guardou o suficiente? Sem brincadeiras, confira a carreira deste renomado ator.\" \/>\n<meta property=\"og:url\" content=\"https:\/\/www.correiobraziliense.com.br\/cbradar\/sera-que-julius-realmente-ficou-rico-com-tanta-economia\/\" \/>\n<meta property=\"og:site_name\" content=\"Correio Braziliense - Radar\" \/>\n<meta property=\"article:published_time\" content=\"2025-04-29T10:50:00+00:00\" \/>\n<meta property=\"og:image\" content=\"https:\/\/www.correiobraziliense.com.br\/cbradar\/wp-content\/uploads\/2025\/04\/Edicoes-9-2.png\" \/>\n\t<meta property=\"og:image:width\" content=\"1280\" \/>\n\t<meta property=\"og:image:height\" content=\"720\" \/>\n\t<meta property=\"og:image:type\" content=\"image\/png\" \/>\n<meta name=\"author\" content=\"Maura Pereira\" \/>\n<meta name=\"twitter:card\" content=\"summary_large_image\" \/>\n<meta name=\"twitter:label1\" content=\"Escrito por\" \/>\n\t<meta name=\"twitter:data1\" content=\"Maura Pereira\" \/>\n\t<meta name=\"twitter:label2\" content=\"Est. tempo de leitura\" \/>\n\t<meta name=\"twitter:data2\" content=\"5 minutos\" \/>\n<!-- \/ Yoast SEO plugin. -->","yoast_head_json":{"title":"Ser\u00e1 que Julius realmente ficou rico com tanta economia? - Correio Braziliense - Radar","description":"Todo mundo lembra das economias de Julius, mas ser\u00e1 que ele guardou o suficiente? Sem brincadeiras, confira a carreira deste renomado ator.","robots":{"index":"index","follow":"follow","max-snippet":"max-snippet:-1","max-image-preview":"max-image-preview:large","max-video-preview":"max-video-preview:-1"},"canonical":"https:\/\/www.correiobraziliense.com.br\/cbradar\/sera-que-julius-realmente-ficou-rico-com-tanta-economia\/","og_locale":"pt_BR","og_type":"article","og_title":"Ser\u00e1 que Julius realmente ficou rico com tanta economia? - Correio Braziliense - Radar","og_description":"Todo mundo lembra das economias de Julius, mas ser\u00e1 que ele guardou o suficiente? Sem brincadeiras, confira a carreira deste renomado ator.","og_url":"https:\/\/www.correiobraziliense.com.br\/cbradar\/sera-que-julius-realmente-ficou-rico-com-tanta-economia\/","og_site_name":"Correio Braziliense - Radar","article_published_time":"2025-04-29T10:50:00+00:00","og_image":[{"width":1280,"height":720,"url":"https:\/\/www.correiobraziliense.com.br\/cbradar\/wp-content\/uploads\/2025\/04\/Edicoes-9-2.png","type":"image\/png"}],"author":"Maura Pereira","twitter_card":"summary_large_image","twitter_misc":{"Escrito por":"Maura Pereira","Est. tempo de leitura":"5 minutos"},"schema":{"@context":"https:\/\/schema.org","@graph":[{"@type":"WebPage","@id":"https:\/\/www.correiobraziliense.com.br\/cbradar\/sera-que-julius-realmente-ficou-rico-com-tanta-economia\/","url":"https:\/\/www.correiobraziliense.com.br\/cbradar\/sera-que-julius-realmente-ficou-rico-com-tanta-economia\/","name":"Ser\u00e1 que Julius realmente ficou rico com tanta economia? - Correio Braziliense - Radar","isPartOf":{"@id":"https:\/\/www.correiobraziliense.com.br\/cbradar\/#website"},"primaryImageOfPage":{"@id":"https:\/\/www.correiobraziliense.com.br\/cbradar\/sera-que-julius-realmente-ficou-rico-com-tanta-economia\/#primaryimage"},"image":{"@id":"https:\/\/www.correiobraziliense.com.br\/cbradar\/sera-que-julius-realmente-ficou-rico-com-tanta-economia\/#primaryimage"},"thumbnailUrl":"https:\/\/www.correiobraziliense.com.br\/cbradar\/wp-content\/uploads\/2025\/04\/Edicoes-9-2.png","datePublished":"2025-04-29T10:50:00+00:00","author":{"@id":"https:\/\/www.correiobraziliense.com.br\/cbradar\/#\/schema\/person\/4053c651a9bfc785afc6f4cbc9032fd3"},"description":"Todo mundo lembra das economias de Julius, mas ser\u00e1 que ele guardou o suficiente? Sem brincadeiras, confira a carreira deste renomado ator.","breadcrumb":{"@id":"https:\/\/www.correiobraziliense.com.br\/cbradar\/sera-que-julius-realmente-ficou-rico-com-tanta-economia\/#breadcrumb"},"inLanguage":"pt-BR","potentialAction":[{"@type":"ReadAction","target":["https:\/\/www.correiobraziliense.com.br\/cbradar\/sera-que-julius-realmente-ficou-rico-com-tanta-economia\/"]}]},{"@type":"ImageObject","inLanguage":"pt-BR","@id":"https:\/\/www.correiobraziliense.com.br\/cbradar\/sera-que-julius-realmente-ficou-rico-com-tanta-economia\/#primaryimage","url":"https:\/\/www.correiobraziliense.com.br\/cbradar\/wp-content\/uploads\/2025\/04\/Edicoes-9-2.png","contentUrl":"https:\/\/www.correiobraziliense.com.br\/cbradar\/wp-content\/uploads\/2025\/04\/Edicoes-9-2.png","width":1280,"height":720,"caption":"Todo Mundo Odeia o Chris, Julius, Terry Crews \/\/ Reprodu\u00e7\u00e3o: IMDb (Foto\/Divulga\u00e7\u00e3o)"},{"@type":"BreadcrumbList","@id":"https:\/\/www.correiobraziliense.com.br\/cbradar\/sera-que-julius-realmente-ficou-rico-com-tanta-economia\/#breadcrumb","itemListElement":[{"@type":"ListItem","position":1,"name":"In\u00edcio","item":"https:\/\/www.correiobraziliense.com.br\/cbradar\/"},{"@type":"ListItem","position":2,"name":"Ser\u00e1 que Julius realmente ficou rico com tanta economia?"}]},{"@type":"WebSite","@id":"https:\/\/www.correiobraziliense.com.br\/cbradar\/#website","url":"https:\/\/www.correiobraziliense.com.br\/cbradar\/","name":"Correio Braziliense - Radar","description":"Acompanhe as \u00faltimas not\u00edcias e fique bem informado sobre tudo o que acontece no Brasil e no mundo.","potentialAction":[{"@type":"SearchAction","target":{"@type":"EntryPoint","urlTemplate":"https:\/\/www.correiobraziliense.com.br\/cbradar\/?s={search_term_string}"},"query-input":{"@type":"PropertyValueSpecification","valueRequired":true,"valueName":"search_term_string"}}],"inLanguage":"pt-BR"},{"@type":"Person","@id":"https:\/\/www.correiobraziliense.com.br\/cbradar\/#\/schema\/person\/4053c651a9bfc785afc6f4cbc9032fd3","name":"Maura Pereira","image":{"@type":"ImageObject","inLanguage":"pt-BR","@id":"https:\/\/www.correiobraziliense.com.br\/cbradar\/#\/schema\/person\/image\/","url":"https:\/\/secure.gravatar.com\/avatar\/3effd6bdadfa447f15089c7f7144eaa6?s=96&d=mm&r=g","contentUrl":"https:\/\/secure.gravatar.com\/avatar\/3effd6bdadfa447f15089c7f7144eaa6?s=96&d=mm&r=g","caption":"Maura Pereira"},"sameAs":["https:\/\/www.correiobraziliense.com.br\/"],"url":"https:\/\/www.correiobraziliense.com.br\/cbradar\/author\/mauramyth\/"}]}},"_links":{"self":[{"href":"https:\/\/www.correiobraziliense.com.br\/cbradar\/wp-json\/wp\/v2\/posts\/29901","targetHints":{"allow":["GET"]}}],"collection":[{"href":"https:\/\/www.correiobraziliense.com.br\/cbradar\/wp-json\/wp\/v2\/posts"}],"about":[{"href":"https:\/\/www.correiobraziliense.com.br\/cbradar\/wp-json\/wp\/v2\/types\/post"}],"author":[{"embeddable":true,"href":"https:\/\/www.correiobraziliense.com.br\/cbradar\/wp-json\/wp\/v2\/users\/8"}],"replies":[{"embeddable":true,"href":"https:\/\/www.correiobraziliense.com.br\/cbradar\/wp-json\/wp\/v2\/comments?post=29901"}],"version-history":[{"count":7,"href":"https:\/\/www.correiobraziliense.com.br\/cbradar\/wp-json\/wp\/v2\/posts\/29901\/revisions"}],"predecessor-version":[{"id":29933,"href":"https:\/\/www.correiobraziliense.com.br\/cbradar\/wp-json\/wp\/v2\/posts\/29901\/revisions\/29933"}],"wp:featuredmedia":[{"embeddable":true,"href":"https:\/\/www.correiobraziliense.com.br\/cbradar\/wp-json\/wp\/v2\/media\/29927"}],"wp:attachment":[{"href":"https:\/\/www.correiobraziliense.com.br\/cbradar\/wp-json\/wp\/v2\/media?parent=29901"}],"wp:term":[{"taxonomy":"category","embeddable":true,"href":"https:\/\/www.correiobraziliense.com.br\/cbradar\/wp-json\/wp\/v2\/categories?post=29901"},{"taxonomy":"post_tag","embeddable":true,"href":"https:\/\/www.correiobraziliense.com.br\/cbradar\/wp-json\/wp\/v2\/post_tag?post=29901"}],"curies":[{"name":"wp","href":"https:\/\/api.w.org\/{rel}","templated":true}]}}