{"id":29983,"date":"2025-04-30T13:23:00","date_gmt":"2025-04-30T16:23:00","guid":{"rendered":"https:\/\/www.correiobraziliense.com.br\/cbradar\/?p=29983"},"modified":"2025-04-29T12:14:15","modified_gmt":"2025-04-29T15:14:15","slug":"sua-indigestao-pode-sumir-magicamente-se-voce-conseguir-seguir-estes-passos","status":"publish","type":"post","link":"https:\/\/www.correiobraziliense.com.br\/cbradar\/sua-indigestao-pode-sumir-magicamente-se-voce-conseguir-seguir-estes-passos\/","title":{"rendered":"Sua indigest\u00e3o pode sumir magicamente se voc\u00ea conseguir seguir estes passos"},"content":{"rendered":"\n<p>A <strong><a href=\"https:\/\/pt.wikipedia.org\/wiki\/Dispepsia\" target=\"_blank\" rel=\"noreferrer noopener\">indigest\u00e3o<\/a><\/strong>, conhecida tamb\u00e9m como <strong>dispepsia<\/strong>, \u00e9 uma sensa\u00e7\u00e3o desconfort\u00e1vel na parte superior do abd\u00f4men que pode incluir sintomas como <strong>azia<\/strong>, <strong>incha\u00e7o<\/strong>, sensa\u00e7\u00e3o de <strong>empachamento<\/strong>, <strong>n\u00e1useas<\/strong> e <strong>dor<\/strong> leve na regi\u00e3o do est\u00f4mago. Frequentemente, est\u00e1 relacionada a h\u00e1bitos alimentares (comer muito r\u00e1pido, refei\u00e7\u00f5es pesadas\/gordurosas), <strong>estresse<\/strong> ou consumo de certos <strong>alimentos<\/strong> ou bebidas. Para <strong><a href=\"https:\/\/www.correiobraziliense.com.br\/cbradar\/7-passos-para-ter-metas-saudaveis-e-seu-bem-estar-do-seu-dia-a-dia-melhorarem-muito\/\" target=\"_blank\" rel=\"noreferrer noopener\">sintomas <\/a>leves a moderados e ocasionais<\/strong> de <strong>indigest\u00e3o<\/strong>, alguns <strong>rem\u00e9dios naturais<\/strong> e o consumo de <strong>ch\u00e1s<\/strong> podem oferecer <strong>al\u00edvio complementar<\/strong>.<\/p>\n\n\n\n<p>Este guia apresenta um passo a passo com abordagens seguras e acess\u00edveis para <strong>aliviar a indigest\u00e3o leve a moderada<\/strong>. \u00c9 fundamental entender que estes m\u00e9todos focam no <strong>al\u00edvio dos sintomas<\/strong> para maior <strong>conforto<\/strong> e <strong>n\u00e3o tratam a causa<\/strong> de problemas digestivos cr\u00f4nicos ou severos.<\/p>\n\n\n\n<p><strong>AVISO IMPORTANTE:<\/strong> As informa\u00e7\u00f5es aqui s\u00e3o para <strong>aliviar <em>sintomas leves a moderados e tempor\u00e1rios<\/em> de indigest\u00e3o<\/strong>. <strong>N\u00c3O substituem<\/strong> o <strong>diagn\u00f3stico<\/strong> ou <strong>tratamento m\u00e9dico profissional<\/strong>. Se sua <strong>indigest\u00e3o<\/strong> for <strong>persistente<\/strong> (durar mais de alguns dias\/semanas), <strong>severa<\/strong>, vier com <strong>dor abdominal intensa<\/strong> ou s\u00fabita, <strong>azia persistente<\/strong> que n\u00e3o melhora com anti\u00e1cidos, <strong>dificuldade para engolir<\/strong>, <strong>v\u00f4mitos persistentes<\/strong>, <strong>sangue<\/strong> no v\u00f4mito ou nas fezes, <strong>perda de peso<\/strong> inexplicada, <strong>icter\u00edcia<\/strong> (pele\/olhos amarelados), ou <strong>dor<\/strong> que irradia para o pesco\u00e7o, ombro ou bra\u00e7o, <strong>procure ajuda m\u00e9dica IMEDIATAMENTE<\/strong>. <strong>Indigest\u00e3o<\/strong> pode ser sintoma de <strong>condi\u00e7\u00f5es m\u00e9dicas<\/strong> s\u00e9rias.<\/p>\n\n\n\n<h2 class=\"wp-block-heading\">Guia passo a passo para aliviar a indigest\u00e3o<\/h2>\n\n\n<div class=\"wp-block-image\">\n<figure class=\"aligncenter size-large\"><img decoding=\"async\" width=\"1024\" height=\"576\" src=\"https:\/\/www.correiobraziliense.com.br\/cbradar\/wp-content\/uploads\/2025\/03\/intestino_1742389167652-1024x576.jpg\" alt=\"Sua indigest\u00e3o pode sumir magicamente se voc\u00ea conseguir seguir estes passos\" class=\"wp-image-13828\" srcset=\"https:\/\/www.correiobraziliense.com.br\/cbradar\/wp-content\/uploads\/2025\/03\/intestino_1742389167652-1024x576.jpg 1024w, https:\/\/www.correiobraziliense.com.br\/cbradar\/wp-content\/uploads\/2025\/03\/intestino_1742389167652-300x169.jpg 300w, https:\/\/www.correiobraziliense.com.br\/cbradar\/wp-content\/uploads\/2025\/03\/intestino_1742389167652-768x432.jpg 768w, https:\/\/www.correiobraziliense.com.br\/cbradar\/wp-content\/uploads\/2025\/03\/intestino_1742389167652-750x422.jpg 750w, https:\/\/www.correiobraziliense.com.br\/cbradar\/wp-content\/uploads\/2025\/03\/intestino_1742389167652-1140x641.jpg 1140w, https:\/\/www.correiobraziliense.com.br\/cbradar\/wp-content\/uploads\/2025\/03\/intestino_1742389167652.jpg 1280w\" sizes=\"(max-width: 1024px) 100vw, 1024px\" \/><figcaption class=\"wp-element-caption\">Intestino &#8211; Cr\u00e9ditos: depositphotos.com \/ Tharakorn<\/figcaption><\/figure><\/div>\n\n\n<p>Siga estes passos para tentar <strong>aliviar a indigest\u00e3o leve a moderada<\/strong>:<\/p>\n\n\n\n<h3 class=\"wp-block-heading\">Passo 1: Ajuste h\u00e1bitos alimentares imediatos<\/h3>\n\n\n\n<p>Alguns h\u00e1bitos simples podem <strong>aliviar<\/strong> o desconforto imediatamente.<\/p>\n\n\n\n<ul class=\"wp-block-list\">\n<li><strong>O que fazer:<\/strong> <strong>Coma devagar<\/strong> e <strong>mastigue bem<\/strong> os alimentos. Evite <strong>deitar logo ap\u00f3s comer<\/strong>. Evite <strong>refei\u00e7\u00f5es pesadas<\/strong>, <strong>gordurosas<\/strong>, <strong>picantes<\/strong>, <strong>\u00e1cidas<\/strong> ou <strong>muito volumosas<\/strong> quando j\u00e1 sentir <strong>indigest\u00e3o<\/strong>.<\/li>\n<\/ul>\n\n\n\n<h3 class=\"wp-block-heading\">Passo 2: Recorra a ch\u00e1s digestivos<\/h3>\n\n\n\n<p>Certos <strong>ch\u00e1s<\/strong> s\u00e3o tradicionalmente usados para <strong>aliviar problemas digestivos<\/strong>. Beba-os mornos ap\u00f3s as refei\u00e7\u00f5es.<\/p>\n\n\n\n<ul class=\"wp-block-list\">\n<li><strong>O que fazer:<\/strong> Prepare <strong>ch\u00e1 de Gengibre<\/strong> (pode ajudar com <strong>n\u00e1useas<\/strong> e <strong>esvaziamento g\u00e1strico<\/strong>), <strong>Hortel\u00e3<\/strong> (para <strong>gases<\/strong>, <strong>incha\u00e7o<\/strong> e <strong>c\u00f3licas leves<\/strong>), <strong>Camomila<\/strong> (calmante e anti-inflamat\u00f3rio leve), <strong>Funcho<\/strong> ou <strong>Erva-Doce<\/strong> (para <strong>gases<\/strong>, <strong>incha\u00e7o<\/strong> e <strong>c\u00f3licas<\/strong> leves). Um <strong>ch\u00e1<\/strong> de <strong>Boldo Brasileiro<\/strong> (com <strong>cautela<\/strong>, uso por <strong>poucos dias<\/strong>, para <strong>m\u00e1 digest\u00e3o<\/strong> ap\u00f3s refei\u00e7\u00f5es pesadas) tamb\u00e9m \u00e9 op\u00e7\u00e3o tradicional.<\/li>\n<\/ul>\n\n\n\n<h3 class=\"wp-block-heading\">Passo 3: Hidrata\u00e7\u00e3o<\/h3>\n\n\n\n<p>Beber <strong>\u00e1gua<\/strong> \u00e9 importante para a <strong>digest\u00e3o<\/strong>.<\/p>\n\n\n\n<ul class=\"wp-block-list\">\n<li><strong>O que fazer:<\/strong> Beba <strong>\u00e1gua<\/strong> regularmente, mas evite beber grandes volumes <em>durante<\/em> as refei\u00e7\u00f5es se isso <strong>piorar<\/strong> seus sintomas. Beba principalmente entre as refei\u00e7\u00f5es.<\/li>\n<\/ul>\n\n\n\n<h3 class=\"wp-block-heading\">Passo 4: Considere outros m\u00e9todos naturais (com cautela)<\/h3>\n\n\n\n<p>Alguns outros recursos podem dar <strong>al\u00edvio tempor\u00e1rio<\/strong> para sintomas espec\u00edficos.<\/p>\n\n\n\n<ul class=\"wp-block-list\">\n<li><strong>Bicarbonato de s\u00f3dio (para azia ocasional):<\/strong> Dissolva uma pequena quantidade em <strong>\u00e1gua<\/strong> e beba. <strong>Cuidado:<\/strong> \u00c9 uma solu\u00e7\u00e3o tempor\u00e1ria para <strong>azia<\/strong>, tem alto teor de s\u00f3dio, pode causar <strong>incha\u00e7o<\/strong> e <strong>n\u00e3o \u00e9 para uso frequente<\/strong>. <strong>N\u00e3o use<\/strong> se tiver <strong>problemas card\u00edacos<\/strong> ou <strong>press\u00e3o alta<\/strong>.<\/li>\n\n\n\n<li><strong>Carv\u00e3o ativado (para gases):<\/strong> <strong>Pode ajudar a reduzir gases<\/strong> e <strong>incha\u00e7o<\/strong>. <strong>Cuidado:<\/strong> <strong>N\u00c3O use regularmente<\/strong>. Pode interferir na <strong>absor\u00e7\u00e3o<\/strong> de <strong>nutrientes<\/strong> e <strong>medicamentos<\/strong>.<\/li>\n<\/ul>\n\n\n\n<h3 class=\"wp-block-heading\">Passo 5: Movimento leve p\u00f3s-refei\u00e7\u00e3o<\/h3>\n\n\n\n<p>Um pouco de atividade suave pode <strong>auxiliar na digest\u00e3o<\/strong>.<\/p>\n\n\n\n<ul class=\"wp-block-list\">\n<li><strong>O que fazer:<\/strong> Fa\u00e7a uma <strong>caminhada leve<\/strong> de 10-15 minutos ap\u00f3s comer (se for confort\u00e1vel e <strong>n\u00e3o piorar<\/strong> a <strong>indigest\u00e3o<\/strong>).<\/li>\n<\/ul>\n\n\n\n<h3 class=\"wp-block-heading\">Passo 6: Gerenciamento do estresse<\/h3>\n\n\n\n<p>O <strong>estresse<\/strong> pode <strong>piorar problemas digestivos<\/strong>.<\/p>\n\n\n\n<ul class=\"wp-block-list\">\n<li><strong>O que fazer:<\/strong> Pratique t\u00e9cnicas de <strong>relaxamento<\/strong>, como <strong>respira\u00e7\u00e3o profunda<\/strong> ou medita\u00e7\u00e3o, para <strong>reduzir o estresse<\/strong>.<\/li>\n<\/ul>\n\n\n\n<p>Estes m\u00e9todos s\u00e3o para <strong>aliviar<\/strong> o desconforto da <strong>indigest\u00e3o leve a moderada<\/strong>. Se os <strong>sintomas<\/strong> forem <strong>persistentes<\/strong>, <strong>intensos<\/strong> ou houver <strong>sinais de alerta<\/strong>, <strong>procure ajuda m\u00e9dica<\/strong>.<\/p>\n\n\n\n<h2 class=\"wp-block-heading\">Quando buscar ajuda m\u00e9dica<\/h2>\n\n\n\n<p>Se sua <strong>indigest\u00e3o<\/strong> for <strong>persistente<\/strong> (durar semanas), <strong>severa<\/strong>, vier com <strong>dor abdominal intensa<\/strong> ou s\u00fabita, <strong>azia persistente<\/strong> que n\u00e3o melhora, <strong>dificuldade para engolir<\/strong>, <strong>v\u00f4mitos persistentes<\/strong>, <strong>sangue<\/strong> no v\u00f4mito ou nas fezes, <strong>perda de peso<\/strong> inexplicada, <strong>icter\u00edcia<\/strong>, ou <strong>dor no peito<\/strong> (pode ser sintoma de algo card\u00edaco), <strong>procure um m\u00e9dico<\/strong> (cl\u00ednico geral ou <strong>gastroenterologista<\/strong>) <strong>IMEDIATAMENTE<\/strong>.<\/p>\n\n\n\n<h2 class=\"wp-block-heading\">Perguntas frequentes sobre indigest\u00e3o e al\u00edvio caseiro<\/h2>\n\n\n\n<h3 class=\"wp-block-heading\">Indigest\u00e3o \u00e9 o mesmo que azia?<\/h3>\n\n\n\n<p><strong>Azia<\/strong> \u00e9 um <strong>sintoma comum da indigest\u00e3o<\/strong>, uma sensa\u00e7\u00e3o de queima\u00e7\u00e3o no peito\/garganta. Mas <strong>indigest\u00e3o<\/strong> \u00e9 um termo mais amplo que inclui <strong>azia<\/strong>, <strong>incha\u00e7o<\/strong>, <strong>n\u00e1useas<\/strong> e <strong>empachamento<\/strong> na parte superior do abd\u00f4men.<\/p>\n\n\n\n<h3 class=\"wp-block-heading\">Ch\u00e1s digestivos podem ser tomados todos os dias?<\/h3>\n\n\n\n<p>Para <strong>sintomas leves e ocasionais<\/strong>, muitos <strong>ch\u00e1s digestivos<\/strong> (Hortel\u00e3, Camomila, Funcho) s\u00e3o geralmente seguros para uso di\u00e1rio moderado. O <strong>Ch\u00e1 de Boldo Brasileiro<\/strong> <strong>n\u00e3o \u00e9 para uso cont\u00ednuo<\/strong> devido a potenciais riscos em doses altas\/uso prolongado. <strong>Uso regular<\/strong> ou em <strong>grandes quantidades<\/strong> <strong>requer orienta\u00e7\u00e3o m\u00e9dica\/nutricional<\/strong>.<\/p>\n\n\n\n<h3 class=\"wp-block-heading\">Quais alimentos podem piorar a indigest\u00e3o?<\/h3>\n\n\n\n<p>Alimentos <strong>gordurosos<\/strong>, <strong>picantes<\/strong>, <strong>\u00e1cidos<\/strong> (tomate, frutas c\u00edtricas), <strong>cafe\u00edna<\/strong>, <strong>\u00e1lcool<\/strong>, <strong>bebidas gaseificadas<\/strong>, e <strong>refei\u00e7\u00f5es volumosas<\/strong> s\u00e3o causas comuns. A toler\u00e2ncia varia individualmente.<\/p>\n\n\n\n<h3 class=\"wp-block-heading\">Quando a indigest\u00e3o \u00e9 sinal de algo s\u00e9rio?<\/h3>\n\n\n\n<p>Se a <strong>indigest\u00e3o<\/strong> for <strong>persistente<\/strong>, <strong>severa<\/strong>, ou vier com <strong>sinais de alerta<\/strong> (dor intensa\/s\u00fabita, v\u00f4mito\/fezes com <strong>sangue<\/strong>, <strong>perda de peso<\/strong> inexplicada, dificuldade para engolir, <strong>icter\u00edcia<\/strong>), <strong>procure um m\u00e9dico IMEDIATAMENTE<\/strong>.<\/p>\n\n\n\n<h3 class=\"wp-block-heading\">Um gastroenterologista trata indigest\u00e3o?<\/h3>\n\n\n\n<p>Sim. Um <strong>gastroenterologista<\/strong> \u00e9 um <strong>m\u00e9dico especialista<\/strong> no <strong>sistema digestivo<\/strong> e \u00e9 o profissional mais indicado para <strong>diagnosticar<\/strong> e <strong>tratar<\/strong> a causa da <strong>indigest\u00e3o<\/strong>, especialmente se for <strong>persistente<\/strong> ou <strong>severa<\/strong>.<\/p>\n","protected":false},"excerpt":{"rendered":"<p>A indigest\u00e3o, conhecida tamb\u00e9m como dispepsia, \u00e9 uma sensa\u00e7\u00e3o desconfort\u00e1vel na parte superior do abd\u00f4men que pode incluir sintomas como azia, incha\u00e7o, sensa\u00e7\u00e3o de empachamento, n\u00e1useas e dor leve na regi\u00e3o do est\u00f4mago. Frequentemente, est\u00e1 relacionada a h\u00e1bitos alimentares (comer muito r\u00e1pido, refei\u00e7\u00f5es pesadas\/gordurosas), estresse ou consumo de certos alimentos ou bebidas. Para sintomas leves [&hellip;]<\/p>\n","protected":false},"author":11,"featured_media":9242,"comment_status":"open","ping_status":"open","sticky":false,"template":"","format":"standard","meta":{"_yoast_wpseo_focuskw":"indigest\u00e3o","_yoast_wpseo_title":"","_yoast_wpseo_metadesc":"Acabe com a indigest\u00e3o de forma natural e eficaz seguindo passos simples que podem transformar sua digest\u00e3o.","jnews-multi-image_gallery":[],"jnews_single_post":{"format":"standard"},"jnews_primary_category":[],"jnews_social_meta":[],"jnews_override_counter":[],"footnotes":""},"categories":[119],"tags":[120,3986,565],"class_list":["post-29983","post","type-post","status-publish","format-standard","has-post-thumbnail","hentry","category-bem-estar","tag-bem-estar","tag-indigestao","tag-saude"],"yoast_head":"<!-- This site is optimized with the Yoast SEO plugin v24.6 - https:\/\/yoast.com\/wordpress\/plugins\/seo\/ -->\n<title>Sua indigest\u00e3o pode sumir magicamente se voc\u00ea conseguir seguir estes passos - Correio Braziliense - Radar<\/title>\n<meta name=\"description\" content=\"Acabe com a indigest\u00e3o de forma natural e eficaz seguindo passos simples que podem transformar sua digest\u00e3o.\" \/>\n<meta name=\"robots\" content=\"index, follow, max-snippet:-1, max-image-preview:large, max-video-preview:-1\" \/>\n<link rel=\"canonical\" href=\"https:\/\/www.correiobraziliense.com.br\/cbradar\/sua-indigestao-pode-sumir-magicamente-se-voce-conseguir-seguir-estes-passos\/\" \/>\n<meta property=\"og:locale\" content=\"pt_BR\" \/>\n<meta property=\"og:type\" content=\"article\" \/>\n<meta property=\"og:title\" content=\"Sua indigest\u00e3o pode sumir magicamente se voc\u00ea conseguir seguir estes passos - Correio Braziliense - Radar\" \/>\n<meta property=\"og:description\" content=\"Acabe com a indigest\u00e3o de forma natural e eficaz seguindo passos simples que podem transformar sua digest\u00e3o.\" \/>\n<meta property=\"og:url\" content=\"https:\/\/www.correiobraziliense.com.br\/cbradar\/sua-indigestao-pode-sumir-magicamente-se-voce-conseguir-seguir-estes-passos\/\" \/>\n<meta property=\"og:site_name\" content=\"Correio Braziliense - Radar\" \/>\n<meta property=\"article:published_time\" content=\"2025-04-30T16:23:00+00:00\" \/>\n<meta property=\"og:image\" content=\"https:\/\/www.correiobraziliense.com.br\/cbradar\/wp-content\/uploads\/2025\/03\/intestino_1741186250711.jpg\" \/>\n\t<meta property=\"og:image:width\" content=\"1280\" \/>\n\t<meta property=\"og:image:height\" content=\"720\" \/>\n\t<meta property=\"og:image:type\" content=\"image\/jpeg\" \/>\n<meta name=\"author\" content=\"Paulo Custodio\" \/>\n<meta name=\"twitter:card\" content=\"summary_large_image\" \/>\n<meta name=\"twitter:label1\" content=\"Escrito por\" \/>\n\t<meta name=\"twitter:data1\" content=\"Paulo Custodio\" \/>\n\t<meta name=\"twitter:label2\" content=\"Est. tempo de leitura\" \/>\n\t<meta name=\"twitter:data2\" content=\"5 minutos\" \/>\n<!-- \/ Yoast SEO plugin. -->","yoast_head_json":{"title":"Sua indigest\u00e3o pode sumir magicamente se voc\u00ea conseguir seguir estes passos - Correio Braziliense - Radar","description":"Acabe com a indigest\u00e3o de forma natural e eficaz seguindo passos simples que podem transformar sua digest\u00e3o.","robots":{"index":"index","follow":"follow","max-snippet":"max-snippet:-1","max-image-preview":"max-image-preview:large","max-video-preview":"max-video-preview:-1"},"canonical":"https:\/\/www.correiobraziliense.com.br\/cbradar\/sua-indigestao-pode-sumir-magicamente-se-voce-conseguir-seguir-estes-passos\/","og_locale":"pt_BR","og_type":"article","og_title":"Sua indigest\u00e3o pode sumir magicamente se voc\u00ea conseguir seguir estes passos - Correio Braziliense - Radar","og_description":"Acabe com a indigest\u00e3o de forma natural e eficaz seguindo passos simples que podem transformar sua digest\u00e3o.","og_url":"https:\/\/www.correiobraziliense.com.br\/cbradar\/sua-indigestao-pode-sumir-magicamente-se-voce-conseguir-seguir-estes-passos\/","og_site_name":"Correio Braziliense - Radar","article_published_time":"2025-04-30T16:23:00+00:00","og_image":[{"width":1280,"height":720,"url":"https:\/\/www.correiobraziliense.com.br\/cbradar\/wp-content\/uploads\/2025\/03\/intestino_1741186250711.jpg","type":"image\/jpeg"}],"author":"Paulo Custodio","twitter_card":"summary_large_image","twitter_misc":{"Escrito por":"Paulo Custodio","Est. tempo de leitura":"5 minutos"},"schema":{"@context":"https:\/\/schema.org","@graph":[{"@type":"WebPage","@id":"https:\/\/www.correiobraziliense.com.br\/cbradar\/sua-indigestao-pode-sumir-magicamente-se-voce-conseguir-seguir-estes-passos\/","url":"https:\/\/www.correiobraziliense.com.br\/cbradar\/sua-indigestao-pode-sumir-magicamente-se-voce-conseguir-seguir-estes-passos\/","name":"Sua indigest\u00e3o pode sumir magicamente se voc\u00ea conseguir seguir estes passos - Correio Braziliense - Radar","isPartOf":{"@id":"https:\/\/www.correiobraziliense.com.br\/cbradar\/#website"},"primaryImageOfPage":{"@id":"https:\/\/www.correiobraziliense.com.br\/cbradar\/sua-indigestao-pode-sumir-magicamente-se-voce-conseguir-seguir-estes-passos\/#primaryimage"},"image":{"@id":"https:\/\/www.correiobraziliense.com.br\/cbradar\/sua-indigestao-pode-sumir-magicamente-se-voce-conseguir-seguir-estes-passos\/#primaryimage"},"thumbnailUrl":"https:\/\/www.correiobraziliense.com.br\/cbradar\/wp-content\/uploads\/2025\/03\/intestino_1741186250711.jpg","datePublished":"2025-04-30T16:23:00+00:00","author":{"@id":"https:\/\/www.correiobraziliense.com.br\/cbradar\/#\/schema\/person\/4cec7857301a9a1a2ef249893cd908d3"},"description":"Acabe com a indigest\u00e3o de forma natural e eficaz seguindo passos simples que podem transformar sua digest\u00e3o.","breadcrumb":{"@id":"https:\/\/www.correiobraziliense.com.br\/cbradar\/sua-indigestao-pode-sumir-magicamente-se-voce-conseguir-seguir-estes-passos\/#breadcrumb"},"inLanguage":"pt-BR","potentialAction":[{"@type":"ReadAction","target":["https:\/\/www.correiobraziliense.com.br\/cbradar\/sua-indigestao-pode-sumir-magicamente-se-voce-conseguir-seguir-estes-passos\/"]}]},{"@type":"ImageObject","inLanguage":"pt-BR","@id":"https:\/\/www.correiobraziliense.com.br\/cbradar\/sua-indigestao-pode-sumir-magicamente-se-voce-conseguir-seguir-estes-passos\/#primaryimage","url":"https:\/\/www.correiobraziliense.com.br\/cbradar\/wp-content\/uploads\/2025\/03\/intestino_1741186250711.jpg","contentUrl":"https:\/\/www.correiobraziliense.com.br\/cbradar\/wp-content\/uploads\/2025\/03\/intestino_1741186250711.jpg","width":1280,"height":720,"caption":"Intestino - Cr\u00e9ditos: depositphotos.com \/ Tharakorn"},{"@type":"BreadcrumbList","@id":"https:\/\/www.correiobraziliense.com.br\/cbradar\/sua-indigestao-pode-sumir-magicamente-se-voce-conseguir-seguir-estes-passos\/#breadcrumb","itemListElement":[{"@type":"ListItem","position":1,"name":"In\u00edcio","item":"https:\/\/www.correiobraziliense.com.br\/cbradar\/"},{"@type":"ListItem","position":2,"name":"Sua indigest\u00e3o pode sumir magicamente se voc\u00ea conseguir seguir estes passos"}]},{"@type":"WebSite","@id":"https:\/\/www.correiobraziliense.com.br\/cbradar\/#website","url":"https:\/\/www.correiobraziliense.com.br\/cbradar\/","name":"Correio Braziliense - Radar","description":"Acompanhe as \u00faltimas not\u00edcias e fique bem informado sobre tudo o que acontece no Brasil e no mundo.","potentialAction":[{"@type":"SearchAction","target":{"@type":"EntryPoint","urlTemplate":"https:\/\/www.correiobraziliense.com.br\/cbradar\/?s={search_term_string}"},"query-input":{"@type":"PropertyValueSpecification","valueRequired":true,"valueName":"search_term_string"}}],"inLanguage":"pt-BR"},{"@type":"Person","@id":"https:\/\/www.correiobraziliense.com.br\/cbradar\/#\/schema\/person\/4cec7857301a9a1a2ef249893cd908d3","name":"Paulo Custodio","image":{"@type":"ImageObject","inLanguage":"pt-BR","@id":"https:\/\/www.correiobraziliense.com.br\/cbradar\/#\/schema\/person\/image\/","url":"https:\/\/secure.gravatar.com\/avatar\/bcd67168d1534e8fcf4f45c726a87cea?s=96&d=mm&r=g","contentUrl":"https:\/\/secure.gravatar.com\/avatar\/bcd67168d1534e8fcf4f45c726a87cea?s=96&d=mm&r=g","caption":"Paulo Custodio"},"sameAs":["https:\/\/www.correiobraziliense.com.br\/cbradar"],"url":"https:\/\/www.correiobraziliense.com.br\/cbradar\/author\/paulomyth\/"}]}},"_links":{"self":[{"href":"https:\/\/www.correiobraziliense.com.br\/cbradar\/wp-json\/wp\/v2\/posts\/29983","targetHints":{"allow":["GET"]}}],"collection":[{"href":"https:\/\/www.correiobraziliense.com.br\/cbradar\/wp-json\/wp\/v2\/posts"}],"about":[{"href":"https:\/\/www.correiobraziliense.com.br\/cbradar\/wp-json\/wp\/v2\/types\/post"}],"author":[{"embeddable":true,"href":"https:\/\/www.correiobraziliense.com.br\/cbradar\/wp-json\/wp\/v2\/users\/11"}],"replies":[{"embeddable":true,"href":"https:\/\/www.correiobraziliense.com.br\/cbradar\/wp-json\/wp\/v2\/comments?post=29983"}],"version-history":[{"count":2,"href":"https:\/\/www.correiobraziliense.com.br\/cbradar\/wp-json\/wp\/v2\/posts\/29983\/revisions"}],"predecessor-version":[{"id":30045,"href":"https:\/\/www.correiobraziliense.com.br\/cbradar\/wp-json\/wp\/v2\/posts\/29983\/revisions\/30045"}],"wp:featuredmedia":[{"embeddable":true,"href":"https:\/\/www.correiobraziliense.com.br\/cbradar\/wp-json\/wp\/v2\/media\/9242"}],"wp:attachment":[{"href":"https:\/\/www.correiobraziliense.com.br\/cbradar\/wp-json\/wp\/v2\/media?parent=29983"}],"wp:term":[{"taxonomy":"category","embeddable":true,"href":"https:\/\/www.correiobraziliense.com.br\/cbradar\/wp-json\/wp\/v2\/categories?post=29983"},{"taxonomy":"post_tag","embeddable":true,"href":"https:\/\/www.correiobraziliense.com.br\/cbradar\/wp-json\/wp\/v2\/tags?post=29983"}],"curies":[{"name":"wp","href":"https:\/\/api.w.org\/{rel}","templated":true}]}}