{"id":30086,"date":"2025-04-30T06:10:00","date_gmt":"2025-04-30T09:10:00","guid":{"rendered":"https:\/\/www.correiobraziliense.com.br\/cbradar\/?p=30086"},"modified":"2025-04-29T14:43:20","modified_gmt":"2025-04-29T17:43:20","slug":"ginkgo-biloba-faz-bem-para-memoria-e-circulacao-veja-como-cultivar","status":"publish","type":"post","link":"https:\/\/www.correiobraziliense.com.br\/cbradar\/ginkgo-biloba-faz-bem-para-memoria-e-circulacao-veja-como-cultivar\/","title":{"rendered":"Ginkgo biloba faz bem para mem\u00f3ria e circula\u00e7\u00e3o veja como cultivar"},"content":{"rendered":"\n<p>A <strong>Ginkgo biloba<\/strong> \u00e9 uma das \u00e1rvores mais antigas do planeta, conhecida por suas folhas em formato de leque e amplamente utilizada na medicina natural por suas propriedades que estimulam a mem\u00f3ria e a circula\u00e7\u00e3o sangu\u00ednea. Origin\u00e1ria da <strong>China<\/strong>, essa \u00e1rvore de crescimento lento e grande valor ornamental pode ser cultivada em jardins ou vasos grandes. Veja como plantar, cuidar e manter o Ginkgo biloba em casa com efici\u00eancia.<\/p>\n\n\n\n<h2 class=\"wp-block-heading\">Qual o clima e solo ideais?<\/h2>\n\n\n\n<p>O <strong>Ginkgo biloba<\/strong> \u00e9 uma <a href=\"https:\/\/www.correiobraziliense.com.br\/cbradar\/como-usar-borra-de-cafe-na-horta-para-fortalecer-suas-plantas\/\" target=\"_blank\" rel=\"noreferrer noopener\">planta <\/a>muito resistente, adaptando-se bem a diferentes climas, mas prefere regi\u00f5es de clima temperado. Tolera bem o frio e suporta geadas leves, sendo ideal para \u00e1reas com invernos mais definidos.<\/p>\n\n\n\n<p>O solo ideal deve ser bem drenado, levemente \u00e1cido (pH entre 5,0 e 6,5) e rico em mat\u00e9ria org\u00e2nica. Prefira locais com boa exposi\u00e7\u00e3o solar, pois a planta se desenvolve melhor sob luz direta.<\/p>\n\n\n\n<h2 class=\"wp-block-heading\">Como plantar a partir de sementes ou mudas?<\/h2>\n\n\n\n<ul class=\"wp-block-list\">\n<li><strong>Por sementes<\/strong>: \u00e9 poss\u00edvel plantar sementes, mas o processo \u00e9 lento. As sementes devem passar por <strong>estratifica\u00e7\u00e3o fria<\/strong> por 60 a 90 dias na geladeira antes do plantio. Ap\u00f3s isso, semeie em substrato leve, mantenha a umidade e aguarde a germina\u00e7\u00e3o, que pode levar semanas.<\/li>\n\n\n\n<li><strong>Por mudas<\/strong>: \u00e9 a forma mais pr\u00e1tica. Mudas podem ser adquiridas em viveiros como <strong>Viveiro Ciprest<\/strong>, <strong>Plantar e Cuidar<\/strong> ou <strong>Flora Brasil<\/strong>. Escolha mudas com tronco reto, folhas saud\u00e1veis e entre 30 a 60 cm de altura.<\/li>\n<\/ul>\n\n\n\n<p>O plantio deve ser feito em solo profundo e bem drenado, com espa\u00e7amento de pelo menos 3 metros entre plantas se for em jardim.<\/p>\n\n\n\n<h2 class=\"wp-block-heading\">\u00c9 poss\u00edvel cultivar em vasos?<\/h2>\n\n\n\n<p>Sim, especialmente durante os primeiros anos. Utilize vasos com pelo menos 50 litros e 40 cm de profundidade. O Ginkgo cresce lentamente, o que facilita seu manejo em recipientes.<\/p>\n\n\n\n<p>O substrato ideal para vaso deve conter:<\/p>\n\n\n\n<ul class=\"wp-block-list\">\n<li>1 parte de terra vegetal<\/li>\n\n\n\n<li>1 parte de areia grossa<\/li>\n\n\n\n<li>1 parte de composto org\u00e2nico<\/li>\n<\/ul>\n\n\n\n<p>Garanta boa drenagem com pedras ou argila expandida no fundo do vaso.<\/p>\n\n\n<div class=\"wp-block-image\">\n<figure class=\"aligncenter size-large\"><img decoding=\"async\" width=\"1024\" height=\"576\" src=\"https:\/\/www.correiobraziliense.com.br\/cbradar\/wp-content\/uploads\/2025\/04\/Ginkgo-biloba_1745948003254-1024x576.jpg\" alt=\"Ginkgo biloba faz bem para mem\u00f3ria e circula\u00e7\u00e3o veja como cultivar\" class=\"wp-image-30098\" srcset=\"https:\/\/www.correiobraziliense.com.br\/cbradar\/wp-content\/uploads\/2025\/04\/Ginkgo-biloba_1745948003254-1024x576.jpg 1024w, https:\/\/www.correiobraziliense.com.br\/cbradar\/wp-content\/uploads\/2025\/04\/Ginkgo-biloba_1745948003254-300x169.jpg 300w, https:\/\/www.correiobraziliense.com.br\/cbradar\/wp-content\/uploads\/2025\/04\/Ginkgo-biloba_1745948003254-768x432.jpg 768w, https:\/\/www.correiobraziliense.com.br\/cbradar\/wp-content\/uploads\/2025\/04\/Ginkgo-biloba_1745948003254-750x422.jpg 750w, https:\/\/www.correiobraziliense.com.br\/cbradar\/wp-content\/uploads\/2025\/04\/Ginkgo-biloba_1745948003254-1140x641.jpg 1140w, https:\/\/www.correiobraziliense.com.br\/cbradar\/wp-content\/uploads\/2025\/04\/Ginkgo-biloba_1745948003254.jpg 1280w\" sizes=\"(max-width: 1024px) 100vw, 1024px\" \/><figcaption class=\"wp-element-caption\">Ginkgo biloba &#8211; Cr\u00e9ditos: depositphotos.com \/ eskymaks<\/figcaption><\/figure><\/div>\n\n\n<h2 class=\"wp-block-heading\">Como cuidar no dia a dia?<\/h2>\n\n\n\n<ul class=\"wp-block-list\">\n<li><strong>Rega<\/strong>: regue 2 a 3 vezes por semana, mantendo o solo levemente \u00famido. Diminua no inverno.<\/li>\n\n\n\n<li><strong>Luz solar<\/strong>: pelo menos 4 a 6 horas de sol por dia.<\/li>\n\n\n\n<li><strong>Aduba\u00e7\u00e3o<\/strong>: a cada 60 dias, use adubo org\u00e2nico ou NPK 10-10-10.<\/li>\n\n\n\n<li><strong>Poda<\/strong>: apenas para controle de formato ou remo\u00e7\u00e3o de galhos secos.<\/li>\n<\/ul>\n\n\n\n<h2 class=\"wp-block-heading\">Quanto tempo leva para crescer e dar sementes?<\/h2>\n\n\n\n<p>O <strong>Ginkgo biloba<\/strong> \u00e9 uma planta de crescimento lento. Pode levar de 10 a 20 anos para atingir a fase adulta e produzir sementes. Plantas cultivadas a partir de sementes demoram mais, enquanto mudas enxertadas t\u00eam crescimento ligeiramente mais r\u00e1pido.<\/p>\n\n\n\n<p>Embora o foco do cultivo dom\u00e9stico geralmente seja ornamental ou medicinal (uso das folhas), a frutifica\u00e7\u00e3o ocorre apenas em plantas femininas adultas.<\/p>\n\n\n\n<h2 class=\"wp-block-heading\">Quais os benef\u00edcios das folhas?<\/h2>\n\n\n\n<p>As folhas da <strong>Ginkgo biloba<\/strong> s\u00e3o usadas para fazer ch\u00e1s, extratos e c\u00e1psulas, conhecidos por:<\/p>\n\n\n\n<ul class=\"wp-block-list\">\n<li>Estimular a <strong>mem\u00f3ria<\/strong> e <strong>concentra\u00e7\u00e3o<\/strong><\/li>\n\n\n\n<li>Melhorar a <strong>circula\u00e7\u00e3o sangu\u00ednea<\/strong><\/li>\n\n\n\n<li>Atuar como antioxidante<\/li>\n<\/ul>\n\n\n\n<p>O uso deve ser feito com orienta\u00e7\u00e3o de um profissional de sa\u00fade, especialmente por quem toma medicamentos anticoagulantes.<\/p>\n\n\n\n<h2 class=\"wp-block-heading\">Ginkgo biloba sofre com pragas ou doen\u00e7as?<\/h2>\n\n\n\n<p>Essa \u00e1rvore \u00e9 extremamente resistente a pragas e doen\u00e7as. Raramente apresenta problemas, mas \u00e9 importante evitar:<\/p>\n\n\n\n<ul class=\"wp-block-list\">\n<li><strong>Excesso de \u00e1gua<\/strong> no solo, que pode apodrecer as ra\u00edzes<\/li>\n\n\n\n<li><strong>Ambientes sombreados<\/strong>, que prejudicam o crescimento<\/li>\n<\/ul>\n\n\n\n<p>Manter o solo bem drenado e a planta em local iluminado \u00e9 suficiente para seu bom desenvolvimento.<\/p>\n\n\n\n<h2 class=\"wp-block-heading\">FAQ<\/h2>\n\n\n\n<p><strong>1. Ginkgo biloba pode ser cultivado em apartamento?<\/strong><br>Somente se houver varanda com muito sol e vaso grande. Do contr\u00e1rio, n\u00e3o \u00e9 recomendado.<\/p>\n\n\n\n<p><strong>2. \u00c9 uma planta t\u00f3xica?<\/strong><br>As folhas s\u00e3o seguras para uso externo e ch\u00e1, com orienta\u00e7\u00e3o. As sementes, por\u00e9m, podem ser t\u00f3xicas.<\/p>\n\n\n\n<p><strong>3. Quanto tempo dura uma \u00e1rvore de Ginkgo biloba?<\/strong><br>Pode viver centenas de anos. \u00c9 uma das \u00e1rvores mais longevas do mundo.<\/p>\n\n\n\n<p><strong>4. Ginkgo biloba perde as folhas no inverno?<\/strong><br>Sim, \u00e9 uma planta caducif\u00f3lia. Suas folhas ficam amarelas antes de cair.<\/p>\n\n\n\n<p><strong>5. Posso fazer ch\u00e1 direto das folhas frescas?<\/strong><br>O ideal \u00e9 secar as folhas antes do uso para ch\u00e1, para concentrar melhor os princ\u00edpios ativos.<\/p>\n","protected":false},"excerpt":{"rendered":"<p>A Ginkgo biloba \u00e9 uma das \u00e1rvores mais antigas do planeta, conhecida por suas folhas em formato de leque e amplamente utilizada na medicina natural por suas propriedades que estimulam a mem\u00f3ria e a circula\u00e7\u00e3o sangu\u00ednea. Origin\u00e1ria da China, essa \u00e1rvore de crescimento lento e grande valor ornamental pode ser cultivada em jardins ou vasos [&hellip;]<\/p>\n","protected":false},"author":9,"featured_media":30097,"comment_status":"open","ping_status":"open","sticky":false,"template":"","format":"standard","meta":{"_yoast_wpseo_focuskw":"Ginkgo biloba","_yoast_wpseo_title":"%%title%% %%page%%","_yoast_wpseo_metadesc":"Ginkgo biloba \u00e9 f\u00e1cil de cultivar e ajuda na mem\u00f3ria, circula\u00e7\u00e3o e bem-estar. Veja como plantar e cuidar dessa planta milenar.","jnews-multi-image_gallery":[],"jnews_single_post":{"format":"standard"},"jnews_primary_category":[],"jnews_social_meta":[],"jnews_override_counter":[],"footnotes":""},"categories":[136],"post_tag":[3990,920,3989,1801],"class_list":["post-30086","post","type-post","status-publish","format-standard","has-post-thumbnail","hentry","category-jardinagem","tag-arvore-ornamental","tag-cultivo-em-vasos","tag-ginkgo-biloba","tag-planta-medicinal"],"yoast_head":"<!-- This site is optimized with the Yoast SEO plugin v24.6 - https:\/\/yoast.com\/wordpress\/plugins\/seo\/ -->\n<title>Ginkgo biloba faz bem para mem\u00f3ria e circula\u00e7\u00e3o veja como cultivar<\/title>\n<meta name=\"description\" content=\"Ginkgo biloba \u00e9 f\u00e1cil de cultivar e ajuda na mem\u00f3ria, circula\u00e7\u00e3o e bem-estar. Veja como plantar e cuidar dessa planta milenar.\" \/>\n<meta name=\"robots\" content=\"index, follow, max-snippet:-1, max-image-preview:large, max-video-preview:-1\" \/>\n<link rel=\"canonical\" href=\"https:\/\/www.correiobraziliense.com.br\/cbradar\/ginkgo-biloba-faz-bem-para-memoria-e-circulacao-veja-como-cultivar\/\" \/>\n<meta property=\"og:locale\" content=\"pt_BR\" \/>\n<meta property=\"og:type\" content=\"article\" \/>\n<meta property=\"og:title\" content=\"Ginkgo biloba faz bem para mem\u00f3ria e circula\u00e7\u00e3o veja como cultivar\" \/>\n<meta property=\"og:description\" content=\"Ginkgo biloba \u00e9 f\u00e1cil de cultivar e ajuda na mem\u00f3ria, circula\u00e7\u00e3o e bem-estar. Veja como plantar e cuidar dessa planta milenar.\" \/>\n<meta property=\"og:url\" content=\"https:\/\/www.correiobraziliense.com.br\/cbradar\/ginkgo-biloba-faz-bem-para-memoria-e-circulacao-veja-como-cultivar\/\" \/>\n<meta property=\"og:site_name\" content=\"Correio Braziliense - Radar\" \/>\n<meta property=\"article:published_time\" content=\"2025-04-30T09:10:00+00:00\" \/>\n<meta property=\"og:image\" content=\"https:\/\/www.correiobraziliense.com.br\/cbradar\/wp-content\/uploads\/2025\/04\/Ginkgo-biloba_1745947962714.jpg\" \/>\n\t<meta property=\"og:image:width\" content=\"1280\" \/>\n\t<meta property=\"og:image:height\" content=\"720\" \/>\n\t<meta property=\"og:image:type\" content=\"image\/jpeg\" \/>\n<meta name=\"author\" content=\"Daniely Cardoso\" \/>\n<meta name=\"twitter:card\" content=\"summary_large_image\" \/>\n<meta name=\"twitter:label1\" content=\"Escrito por\" \/>\n\t<meta name=\"twitter:data1\" content=\"Daniely Cardoso\" \/>\n\t<meta name=\"twitter:label2\" content=\"Est. tempo de leitura\" \/>\n\t<meta name=\"twitter:data2\" content=\"5 minutos\" \/>\n<!-- \/ Yoast SEO plugin. -->","yoast_head_json":{"title":"Ginkgo biloba faz bem para mem\u00f3ria e circula\u00e7\u00e3o veja como cultivar","description":"Ginkgo biloba \u00e9 f\u00e1cil de cultivar e ajuda na mem\u00f3ria, circula\u00e7\u00e3o e bem-estar. Veja como plantar e cuidar dessa planta milenar.","robots":{"index":"index","follow":"follow","max-snippet":"max-snippet:-1","max-image-preview":"max-image-preview:large","max-video-preview":"max-video-preview:-1"},"canonical":"https:\/\/www.correiobraziliense.com.br\/cbradar\/ginkgo-biloba-faz-bem-para-memoria-e-circulacao-veja-como-cultivar\/","og_locale":"pt_BR","og_type":"article","og_title":"Ginkgo biloba faz bem para mem\u00f3ria e circula\u00e7\u00e3o veja como cultivar","og_description":"Ginkgo biloba \u00e9 f\u00e1cil de cultivar e ajuda na mem\u00f3ria, circula\u00e7\u00e3o e bem-estar. Veja como plantar e cuidar dessa planta milenar.","og_url":"https:\/\/www.correiobraziliense.com.br\/cbradar\/ginkgo-biloba-faz-bem-para-memoria-e-circulacao-veja-como-cultivar\/","og_site_name":"Correio Braziliense - Radar","article_published_time":"2025-04-30T09:10:00+00:00","og_image":[{"width":1280,"height":720,"url":"https:\/\/www.correiobraziliense.com.br\/cbradar\/wp-content\/uploads\/2025\/04\/Ginkgo-biloba_1745947962714.jpg","type":"image\/jpeg"}],"author":"Daniely Cardoso","twitter_card":"summary_large_image","twitter_misc":{"Escrito por":"Daniely Cardoso","Est. tempo de leitura":"5 minutos"},"schema":{"@context":"https:\/\/schema.org","@graph":[{"@type":"WebPage","@id":"https:\/\/www.correiobraziliense.com.br\/cbradar\/ginkgo-biloba-faz-bem-para-memoria-e-circulacao-veja-como-cultivar\/","url":"https:\/\/www.correiobraziliense.com.br\/cbradar\/ginkgo-biloba-faz-bem-para-memoria-e-circulacao-veja-como-cultivar\/","name":"Ginkgo biloba faz bem para mem\u00f3ria e circula\u00e7\u00e3o veja como cultivar","isPartOf":{"@id":"https:\/\/www.correiobraziliense.com.br\/cbradar\/#website"},"primaryImageOfPage":{"@id":"https:\/\/www.correiobraziliense.com.br\/cbradar\/ginkgo-biloba-faz-bem-para-memoria-e-circulacao-veja-como-cultivar\/#primaryimage"},"image":{"@id":"https:\/\/www.correiobraziliense.com.br\/cbradar\/ginkgo-biloba-faz-bem-para-memoria-e-circulacao-veja-como-cultivar\/#primaryimage"},"thumbnailUrl":"https:\/\/www.correiobraziliense.com.br\/cbradar\/wp-content\/uploads\/2025\/04\/Ginkgo-biloba_1745947962714.jpg","datePublished":"2025-04-30T09:10:00+00:00","author":{"@id":"https:\/\/www.correiobraziliense.com.br\/cbradar\/#\/schema\/person\/7356666e12ec0ee53f348ee5db227032"},"description":"Ginkgo biloba \u00e9 f\u00e1cil de cultivar e ajuda na mem\u00f3ria, circula\u00e7\u00e3o e bem-estar. Veja como plantar e cuidar dessa planta milenar.","breadcrumb":{"@id":"https:\/\/www.correiobraziliense.com.br\/cbradar\/ginkgo-biloba-faz-bem-para-memoria-e-circulacao-veja-como-cultivar\/#breadcrumb"},"inLanguage":"pt-BR","potentialAction":[{"@type":"ReadAction","target":["https:\/\/www.correiobraziliense.com.br\/cbradar\/ginkgo-biloba-faz-bem-para-memoria-e-circulacao-veja-como-cultivar\/"]}]},{"@type":"ImageObject","inLanguage":"pt-BR","@id":"https:\/\/www.correiobraziliense.com.br\/cbradar\/ginkgo-biloba-faz-bem-para-memoria-e-circulacao-veja-como-cultivar\/#primaryimage","url":"https:\/\/www.correiobraziliense.com.br\/cbradar\/wp-content\/uploads\/2025\/04\/Ginkgo-biloba_1745947962714.jpg","contentUrl":"https:\/\/www.correiobraziliense.com.br\/cbradar\/wp-content\/uploads\/2025\/04\/Ginkgo-biloba_1745947962714.jpg","width":1280,"height":720,"caption":"O ginkgo biloba \u00e9 uma das plantas mais conhecidas por suas propriedades nootr\u00f3picas - Cr\u00e9ditos: depositphotos.com \/ Sapientisat"},{"@type":"BreadcrumbList","@id":"https:\/\/www.correiobraziliense.com.br\/cbradar\/ginkgo-biloba-faz-bem-para-memoria-e-circulacao-veja-como-cultivar\/#breadcrumb","itemListElement":[{"@type":"ListItem","position":1,"name":"In\u00edcio","item":"https:\/\/www.correiobraziliense.com.br\/cbradar\/"},{"@type":"ListItem","position":2,"name":"Ginkgo biloba faz bem para mem\u00f3ria e circula\u00e7\u00e3o veja como cultivar"}]},{"@type":"WebSite","@id":"https:\/\/www.correiobraziliense.com.br\/cbradar\/#website","url":"https:\/\/www.correiobraziliense.com.br\/cbradar\/","name":"Correio Braziliense - Radar","description":"Acompanhe as \u00faltimas not\u00edcias e fique bem informado sobre tudo o que acontece no Brasil e no mundo.","potentialAction":[{"@type":"SearchAction","target":{"@type":"EntryPoint","urlTemplate":"https:\/\/www.correiobraziliense.com.br\/cbradar\/?s={search_term_string}"},"query-input":{"@type":"PropertyValueSpecification","valueRequired":true,"valueName":"search_term_string"}}],"inLanguage":"pt-BR"},{"@type":"Person","@id":"https:\/\/www.correiobraziliense.com.br\/cbradar\/#\/schema\/person\/7356666e12ec0ee53f348ee5db227032","name":"Daniely Cardoso","image":{"@type":"ImageObject","inLanguage":"pt-BR","@id":"https:\/\/www.correiobraziliense.com.br\/cbradar\/#\/schema\/person\/image\/","url":"https:\/\/secure.gravatar.com\/avatar\/4b80ddbd124d1f071b626d52d62e5dff?s=96&d=mm&r=g","contentUrl":"https:\/\/secure.gravatar.com\/avatar\/4b80ddbd124d1f071b626d52d62e5dff?s=96&d=mm&r=g","caption":"Daniely Cardoso"},"description":"Redatora nos portais CB Radar e EM Foco, formada pela Universidade Federal de Goi\u00e1s, em Goi\u00e2nia. Apaixonada por comunica\u00e7\u00e3o, arte, decora\u00e7\u00e3o e tend\u00eancias, atuo na produ\u00e7\u00e3o de conte\u00fados envolventes sobre curiosidades, moda, beleza e paisagismo, sempre com um olhar atento \u00e0s novidades do momento.","sameAs":["https:\/\/www.correiobraziliense.com.br\/cbradar"],"url":"https:\/\/www.correiobraziliense.com.br\/cbradar\/author\/danielymyth\/"}]}},"_links":{"self":[{"href":"https:\/\/www.correiobraziliense.com.br\/cbradar\/wp-json\/wp\/v2\/posts\/30086","targetHints":{"allow":["GET"]}}],"collection":[{"href":"https:\/\/www.correiobraziliense.com.br\/cbradar\/wp-json\/wp\/v2\/posts"}],"about":[{"href":"https:\/\/www.correiobraziliense.com.br\/cbradar\/wp-json\/wp\/v2\/types\/post"}],"author":[{"embeddable":true,"href":"https:\/\/www.correiobraziliense.com.br\/cbradar\/wp-json\/wp\/v2\/users\/9"}],"replies":[{"embeddable":true,"href":"https:\/\/www.correiobraziliense.com.br\/cbradar\/wp-json\/wp\/v2\/comments?post=30086"}],"version-history":[{"count":3,"href":"https:\/\/www.correiobraziliense.com.br\/cbradar\/wp-json\/wp\/v2\/posts\/30086\/revisions"}],"predecessor-version":[{"id":30101,"href":"https:\/\/www.correiobraziliense.com.br\/cbradar\/wp-json\/wp\/v2\/posts\/30086\/revisions\/30101"}],"wp:featuredmedia":[{"embeddable":true,"href":"https:\/\/www.correiobraziliense.com.br\/cbradar\/wp-json\/wp\/v2\/media\/30097"}],"wp:attachment":[{"href":"https:\/\/www.correiobraziliense.com.br\/cbradar\/wp-json\/wp\/v2\/media?parent=30086"}],"wp:term":[{"taxonomy":"category","embeddable":true,"href":"https:\/\/www.correiobraziliense.com.br\/cbradar\/wp-json\/wp\/v2\/categories?post=30086"},{"taxonomy":"post_tag","embeddable":true,"href":"https:\/\/www.correiobraziliense.com.br\/cbradar\/wp-json\/wp\/v2\/post_tag?post=30086"}],"curies":[{"name":"wp","href":"https:\/\/api.w.org\/{rel}","templated":true}]}}