{"id":30099,"date":"2025-04-29T19:15:00","date_gmt":"2025-04-29T22:15:00","guid":{"rendered":"https:\/\/www.correiobraziliense.com.br\/cbradar\/?p=30099"},"modified":"2025-04-29T14:55:36","modified_gmt":"2025-04-29T17:55:36","slug":"a-ilha-grega-que-vai-mudar-a-sua-visao-sobre-o-mediterraneo","status":"publish","type":"post","link":"https:\/\/www.correiobraziliense.com.br\/cbradar\/a-ilha-grega-que-vai-mudar-a-sua-visao-sobre-o-mediterraneo\/","title":{"rendered":"A ilha grega que vai mudar a sua vis\u00e3o sobre o Mediterr\u00e2neo"},"content":{"rendered":"\n<p><strong>Kefalonia<\/strong>, a maior das <strong>Ilhas J\u00f4nicas<\/strong>, \u00e9 um destino que cativa com suas praias de \u00e1guas cristalinas, vilarejos pitorescos e paisagens deslumbrantes. Embora menos conhecida que outras ilhas gregas, Kefalonia oferece uma experi\u00eancia aut\u00eantica e tranquila, ideal para viajantes que buscam beleza natural e cultura local. Nos \u00faltimos anos, a ilha tem ganhado destaque entre os turistas que procuram destinos menos explorados, segundo dados do site <a href=\"https:\/\/bmcnews.com.br\/2025\/04\/03\/esta-cidade-pouco-falada-esta-dentro-de-jogo-famoso\/\" target=\"_blank\" rel=\"noreferrer noopener\">BM&amp;C News.<\/a><\/p>\n\n\n\n<p>A ilha oferece uma combina\u00e7\u00e3o \u00fanica de praias deslumbrantes, como Myrtos e Petani, e vilarejos charmosos, como Fiskardo e Assos, que preservam a arquitetura tradicional e a hospitalidade grega. Al\u00e9m disso, a culin\u00e1ria local, baseada em ingredientes frescos e receitas tradicionais, proporciona uma experi\u00eancia gastron\u00f4mica inesquec\u00edvel.<\/p>\n\n\n\n<h2 class=\"wp-block-heading\">Quais s\u00e3o os motivos para Kefalonia estar se tornando o destino favorito dos viajantes?<\/h2>\n\n\n\n<p>Kefalonia est\u00e1 se tornando cada vez mais popular entre os viajantes devido \u00e0 sua capacidade de oferecer uma experi\u00eancia aut\u00eantica e menos comercializada. A ilha combina a beleza natural com a rica cultura local, proporcionando aos visitantes uma sensa\u00e7\u00e3o de descoberta e exclusividade. As praias de Myrtos e Petani s\u00e3o conhecidas por suas areias brancas e \u00e1guas cristalinas, enquanto vilarejos como Fiskardo e Assos encantam com suas casas coloridas e atmosfera relaxante.<\/p>\n\n\n\n<p>Al\u00e9m das belezas naturais, a ilha \u00e9 famosa por sua culin\u00e1ria. Os pratos locais, preparados com ingredientes frescos, refletem a rica tradi\u00e7\u00e3o gastron\u00f4mica da regi\u00e3o. A combina\u00e7\u00e3o de sabores mediterr\u00e2neos com influ\u00eancias <a href=\"https:\/\/www.correiobraziliense.com.br\/cbradar\/carteira-do-idoso-garante-transporte-gratis-e-outros-direitos\/\" target=\"_blank\" rel=\"noreferrer noopener\">locais<\/a> torna cada refei\u00e7\u00e3o uma experi\u00eancia \u00fanica.<\/p>\n\n\n<div class=\"wp-block-image\">\n<figure class=\"aligncenter size-large\"><img decoding=\"async\" width=\"1024\" height=\"576\" src=\"https:\/\/www.correiobraziliense.com.br\/cbradar\/wp-content\/uploads\/2025\/04\/kefalonia_1745949080631-1024x576.jpg\" alt=\"A ilha grega que vai mudar a sua vis\u00e3o sobre o Mediterr\u00e2neo\" class=\"wp-image-30107\" srcset=\"https:\/\/www.correiobraziliense.com.br\/cbradar\/wp-content\/uploads\/2025\/04\/kefalonia_1745949080631-1024x576.jpg 1024w, https:\/\/www.correiobraziliense.com.br\/cbradar\/wp-content\/uploads\/2025\/04\/kefalonia_1745949080631-300x169.jpg 300w, https:\/\/www.correiobraziliense.com.br\/cbradar\/wp-content\/uploads\/2025\/04\/kefalonia_1745949080631-768x432.jpg 768w, https:\/\/www.correiobraziliense.com.br\/cbradar\/wp-content\/uploads\/2025\/04\/kefalonia_1745949080631-750x422.jpg 750w, https:\/\/www.correiobraziliense.com.br\/cbradar\/wp-content\/uploads\/2025\/04\/kefalonia_1745949080631-1140x641.jpg 1140w, https:\/\/www.correiobraziliense.com.br\/cbradar\/wp-content\/uploads\/2025\/04\/kefalonia_1745949080631.jpg 1280w\" sizes=\"(max-width: 1024px) 100vw, 1024px\" \/><figcaption class=\"wp-element-caption\">Kefalonia (Cr\u00e9ditos: depositphotos.com \/ DaLiu)<\/figcaption><\/figure><\/div>\n\n\n<h2 class=\"wp-block-heading\">Quais s\u00e3o as atra\u00e7\u00f5es que n\u00e3o podem faltar no roteiro dessa ilha?<\/h2>\n\n\n\n<p>Kefalonia oferece uma variedade de atra\u00e7\u00f5es que encantam os visitantes. Entre as mais not\u00e1veis est\u00e3o:<\/p>\n\n\n\n<ul class=\"wp-block-list\">\n<li><strong>Praia de Myrtos:<\/strong> Conhecida por sua areia branca e \u00e1guas cristalinas, \u00e9 frequentemente listada entre as praias mais bonitas do mundo.<\/li>\n\n\n\n<li><strong>Caverna de Melissani:<\/strong> Uma caverna com um lago subterr\u00e2neo de \u00e1guas azul-turquesa, onde \u00e9 poss\u00edvel fazer passeios de barco e apreciar a beleza natural \u00fanica.<\/li>\n\n\n\n<li><strong>Vilarejo de Fiskardo:<\/strong> Localizado ao norte da ilha, este vilarejo pitoresco \u00e9 conhecido por suas casas coloridas e atmosfera relaxante, ideal para passeios \u00e0 beira-mar e refei\u00e7\u00f5es em tavernas locais.<\/li>\n\n\n\n<li><strong>Mosteiro de Kipoureon:<\/strong> Situado no topo de um penhasco, oferece vistas panor\u00e2micas do mar J\u00f4nico e \u00e9 um local de serenidade e contempla\u00e7\u00e3o.<\/li>\n<\/ul>\n\n\n\n<h2 class=\"wp-block-heading\">Quais s\u00e3o as dicas essenciais para planejar sua viagem a ilha?<\/h2>\n\n\n\n<p>Para aproveitar ao m\u00e1ximo sua visita a Kefalonia, \u00e9 importante planejar com anteced\u00eancia. A melhor \u00e9poca para visitar \u00e9 entre maio e outubro, quando o clima \u00e9 agrad\u00e1vel e ideal para atividades ao ar livre. Kefalonia possui um aeroporto com voos regulares de Atenas e outras cidades europeias, al\u00e9m de conex\u00f5es de ferry com outras ilhas J\u00f4nicas e o continente grego.<\/p>\n\n\n\n<p>Alugar um carro \u00e9 a maneira mais conveniente de explorar a ilha, permitindo acesso f\u00e1cil a praias isoladas e vilarejos remotos. A hospedagem varia desde hot\u00e9is boutique em Fiskardo at\u00e9 villas privadas pr\u00f3ximas \u00e0s praias. Reservar com anteced\u00eancia \u00e9 recomend\u00e1vel, especialmente durante a alta temporada.<\/p>\n\n\n\n<p>Em resumo, Kefalonia \u00e9 um destino que oferece uma combina\u00e7\u00e3o \u00fanica de beleza natural, cultura rica e experi\u00eancias aut\u00eanticas. Seja explorando suas praias paradis\u00edacas, descobrindo vilarejos encantadores ou degustando a culin\u00e1ria local, a ilha promete uma viagem inesquec\u00edvel para todos os tipos de viajantes.<\/p>\n\n\n\n<p><\/p>\n","protected":false},"excerpt":{"rendered":"<p>Kefalonia, a maior das Ilhas J\u00f4nicas, \u00e9 um destino que cativa com suas praias de \u00e1guas cristalinas, vilarejos pitorescos e paisagens deslumbrantes. Embora menos conhecida que outras ilhas gregas, Kefalonia oferece uma experi\u00eancia aut\u00eantica e tranquila, ideal para viajantes que buscam beleza natural e cultura local. Nos \u00faltimos anos, a ilha tem ganhado destaque entre [&hellip;]<\/p>\n","protected":false},"author":10,"featured_media":30106,"comment_status":"open","ping_status":"open","sticky":false,"template":"","format":"standard","meta":{"_yoast_wpseo_focuskw":"ilha","_yoast_wpseo_title":"","_yoast_wpseo_metadesc":"Conhe\u00e7a Kefalonia, a ilha grega que conquista viajantes com suas \u00e1guas cristalinas e tradi\u00e7\u00f5es preservadas.","jnews-multi-image_gallery":[],"jnews_single_post":{"format":"standard"},"jnews_primary_category":[],"jnews_social_meta":[],"jnews_override_counter":[],"footnotes":""},"categories":[111],"tags":[4000,4001,315],"class_list":["post-30099","post","type-post","status-publish","format-standard","has-post-thumbnail","hentry","category-turismo","tag-ilha-grega","tag-mediterraneo","tag-turismo"],"yoast_head":"<!-- This site is optimized with the Yoast SEO plugin v24.6 - https:\/\/yoast.com\/wordpress\/plugins\/seo\/ -->\n<title>A ilha grega que vai mudar a sua vis\u00e3o sobre o Mediterr\u00e2neo - Correio Braziliense - Radar<\/title>\n<meta name=\"description\" content=\"Conhe\u00e7a Kefalonia, a ilha grega que conquista viajantes com suas \u00e1guas cristalinas e tradi\u00e7\u00f5es preservadas.\" \/>\n<meta name=\"robots\" content=\"index, follow, max-snippet:-1, max-image-preview:large, max-video-preview:-1\" \/>\n<link rel=\"canonical\" href=\"https:\/\/www.correiobraziliense.com.br\/cbradar\/a-ilha-grega-que-vai-mudar-a-sua-visao-sobre-o-mediterraneo\/\" \/>\n<meta property=\"og:locale\" content=\"pt_BR\" \/>\n<meta property=\"og:type\" content=\"article\" \/>\n<meta property=\"og:title\" content=\"A ilha grega que vai mudar a sua vis\u00e3o sobre o Mediterr\u00e2neo - Correio Braziliense - Radar\" \/>\n<meta property=\"og:description\" content=\"Conhe\u00e7a Kefalonia, a ilha grega que conquista viajantes com suas \u00e1guas cristalinas e tradi\u00e7\u00f5es preservadas.\" \/>\n<meta property=\"og:url\" content=\"https:\/\/www.correiobraziliense.com.br\/cbradar\/a-ilha-grega-que-vai-mudar-a-sua-visao-sobre-o-mediterraneo\/\" \/>\n<meta property=\"og:site_name\" content=\"Correio Braziliense - Radar\" \/>\n<meta property=\"article:published_time\" content=\"2025-04-29T22:15:00+00:00\" \/>\n<meta property=\"og:image\" content=\"https:\/\/www.correiobraziliense.com.br\/cbradar\/wp-content\/uploads\/2025\/04\/kefalonia_1745948379526.jpg\" \/>\n\t<meta property=\"og:image:width\" content=\"1280\" \/>\n\t<meta property=\"og:image:height\" content=\"720\" \/>\n\t<meta property=\"og:image:type\" content=\"image\/jpeg\" \/>\n<meta name=\"author\" content=\"Patryck Rubim\" \/>\n<meta name=\"twitter:card\" content=\"summary_large_image\" \/>\n<meta name=\"twitter:label1\" content=\"Escrito por\" \/>\n\t<meta name=\"twitter:data1\" content=\"Patryck Rubim\" \/>\n\t<meta name=\"twitter:label2\" content=\"Est. tempo de leitura\" \/>\n\t<meta name=\"twitter:data2\" content=\"4 minutos\" \/>\n<!-- \/ Yoast SEO plugin. -->","yoast_head_json":{"title":"A ilha grega que vai mudar a sua vis\u00e3o sobre o Mediterr\u00e2neo - Correio Braziliense - Radar","description":"Conhe\u00e7a Kefalonia, a ilha grega que conquista viajantes com suas \u00e1guas cristalinas e tradi\u00e7\u00f5es preservadas.","robots":{"index":"index","follow":"follow","max-snippet":"max-snippet:-1","max-image-preview":"max-image-preview:large","max-video-preview":"max-video-preview:-1"},"canonical":"https:\/\/www.correiobraziliense.com.br\/cbradar\/a-ilha-grega-que-vai-mudar-a-sua-visao-sobre-o-mediterraneo\/","og_locale":"pt_BR","og_type":"article","og_title":"A ilha grega que vai mudar a sua vis\u00e3o sobre o Mediterr\u00e2neo - Correio Braziliense - Radar","og_description":"Conhe\u00e7a Kefalonia, a ilha grega que conquista viajantes com suas \u00e1guas cristalinas e tradi\u00e7\u00f5es preservadas.","og_url":"https:\/\/www.correiobraziliense.com.br\/cbradar\/a-ilha-grega-que-vai-mudar-a-sua-visao-sobre-o-mediterraneo\/","og_site_name":"Correio Braziliense - Radar","article_published_time":"2025-04-29T22:15:00+00:00","og_image":[{"width":1280,"height":720,"url":"https:\/\/www.correiobraziliense.com.br\/cbradar\/wp-content\/uploads\/2025\/04\/kefalonia_1745948379526.jpg","type":"image\/jpeg"}],"author":"Patryck Rubim","twitter_card":"summary_large_image","twitter_misc":{"Escrito por":"Patryck Rubim","Est. tempo de leitura":"4 minutos"},"schema":{"@context":"https:\/\/schema.org","@graph":[{"@type":"WebPage","@id":"https:\/\/www.correiobraziliense.com.br\/cbradar\/a-ilha-grega-que-vai-mudar-a-sua-visao-sobre-o-mediterraneo\/","url":"https:\/\/www.correiobraziliense.com.br\/cbradar\/a-ilha-grega-que-vai-mudar-a-sua-visao-sobre-o-mediterraneo\/","name":"A ilha grega que vai mudar a sua vis\u00e3o sobre o Mediterr\u00e2neo - Correio Braziliense - Radar","isPartOf":{"@id":"https:\/\/www.correiobraziliense.com.br\/cbradar\/#website"},"primaryImageOfPage":{"@id":"https:\/\/www.correiobraziliense.com.br\/cbradar\/a-ilha-grega-que-vai-mudar-a-sua-visao-sobre-o-mediterraneo\/#primaryimage"},"image":{"@id":"https:\/\/www.correiobraziliense.com.br\/cbradar\/a-ilha-grega-que-vai-mudar-a-sua-visao-sobre-o-mediterraneo\/#primaryimage"},"thumbnailUrl":"https:\/\/www.correiobraziliense.com.br\/cbradar\/wp-content\/uploads\/2025\/04\/kefalonia_1745948379526.jpg","datePublished":"2025-04-29T22:15:00+00:00","author":{"@id":"https:\/\/www.correiobraziliense.com.br\/cbradar\/#\/schema\/person\/0b5992d675b1f63c387b16a19dffbda7"},"description":"Conhe\u00e7a Kefalonia, a ilha grega que conquista viajantes com suas \u00e1guas cristalinas e tradi\u00e7\u00f5es preservadas.","breadcrumb":{"@id":"https:\/\/www.correiobraziliense.com.br\/cbradar\/a-ilha-grega-que-vai-mudar-a-sua-visao-sobre-o-mediterraneo\/#breadcrumb"},"inLanguage":"pt-BR","potentialAction":[{"@type":"ReadAction","target":["https:\/\/www.correiobraziliense.com.br\/cbradar\/a-ilha-grega-que-vai-mudar-a-sua-visao-sobre-o-mediterraneo\/"]}]},{"@type":"ImageObject","inLanguage":"pt-BR","@id":"https:\/\/www.correiobraziliense.com.br\/cbradar\/a-ilha-grega-que-vai-mudar-a-sua-visao-sobre-o-mediterraneo\/#primaryimage","url":"https:\/\/www.correiobraziliense.com.br\/cbradar\/wp-content\/uploads\/2025\/04\/kefalonia_1745948379526.jpg","contentUrl":"https:\/\/www.correiobraziliense.com.br\/cbradar\/wp-content\/uploads\/2025\/04\/kefalonia_1745948379526.jpg","width":1280,"height":720,"caption":"Kefalonia (Cr\u00e9ditos: depositphotos.com \/ sipailova@yahoo.com)"},{"@type":"BreadcrumbList","@id":"https:\/\/www.correiobraziliense.com.br\/cbradar\/a-ilha-grega-que-vai-mudar-a-sua-visao-sobre-o-mediterraneo\/#breadcrumb","itemListElement":[{"@type":"ListItem","position":1,"name":"In\u00edcio","item":"https:\/\/www.correiobraziliense.com.br\/cbradar\/"},{"@type":"ListItem","position":2,"name":"A ilha grega que vai mudar a sua vis\u00e3o sobre o Mediterr\u00e2neo"}]},{"@type":"WebSite","@id":"https:\/\/www.correiobraziliense.com.br\/cbradar\/#website","url":"https:\/\/www.correiobraziliense.com.br\/cbradar\/","name":"Correio Braziliense - Radar","description":"Acompanhe as \u00faltimas not\u00edcias e fique bem informado sobre tudo o que acontece no Brasil e no mundo.","potentialAction":[{"@type":"SearchAction","target":{"@type":"EntryPoint","urlTemplate":"https:\/\/www.correiobraziliense.com.br\/cbradar\/?s={search_term_string}"},"query-input":{"@type":"PropertyValueSpecification","valueRequired":true,"valueName":"search_term_string"}}],"inLanguage":"pt-BR"},{"@type":"Person","@id":"https:\/\/www.correiobraziliense.com.br\/cbradar\/#\/schema\/person\/0b5992d675b1f63c387b16a19dffbda7","name":"Patryck Rubim","image":{"@type":"ImageObject","inLanguage":"pt-BR","@id":"https:\/\/www.correiobraziliense.com.br\/cbradar\/#\/schema\/person\/image\/","url":"https:\/\/secure.gravatar.com\/avatar\/570c7fb2898c0e2df0823196891bea88?s=96&d=mm&r=g","contentUrl":"https:\/\/secure.gravatar.com\/avatar\/570c7fb2898c0e2df0823196891bea88?s=96&d=mm&r=g","caption":"Patryck Rubim"},"sameAs":["https:\/\/www.correiobraziliense.com.br\/cbradar"],"url":"https:\/\/www.correiobraziliense.com.br\/cbradar\/author\/patryckmyth\/"}]}},"_links":{"self":[{"href":"https:\/\/www.correiobraziliense.com.br\/cbradar\/wp-json\/wp\/v2\/posts\/30099","targetHints":{"allow":["GET"]}}],"collection":[{"href":"https:\/\/www.correiobraziliense.com.br\/cbradar\/wp-json\/wp\/v2\/posts"}],"about":[{"href":"https:\/\/www.correiobraziliense.com.br\/cbradar\/wp-json\/wp\/v2\/types\/post"}],"author":[{"embeddable":true,"href":"https:\/\/www.correiobraziliense.com.br\/cbradar\/wp-json\/wp\/v2\/users\/10"}],"replies":[{"embeddable":true,"href":"https:\/\/www.correiobraziliense.com.br\/cbradar\/wp-json\/wp\/v2\/comments?post=30099"}],"version-history":[{"count":1,"href":"https:\/\/www.correiobraziliense.com.br\/cbradar\/wp-json\/wp\/v2\/posts\/30099\/revisions"}],"predecessor-version":[{"id":30108,"href":"https:\/\/www.correiobraziliense.com.br\/cbradar\/wp-json\/wp\/v2\/posts\/30099\/revisions\/30108"}],"wp:featuredmedia":[{"embeddable":true,"href":"https:\/\/www.correiobraziliense.com.br\/cbradar\/wp-json\/wp\/v2\/media\/30106"}],"wp:attachment":[{"href":"https:\/\/www.correiobraziliense.com.br\/cbradar\/wp-json\/wp\/v2\/media?parent=30099"}],"wp:term":[{"taxonomy":"category","embeddable":true,"href":"https:\/\/www.correiobraziliense.com.br\/cbradar\/wp-json\/wp\/v2\/categories?post=30099"},{"taxonomy":"post_tag","embeddable":true,"href":"https:\/\/www.correiobraziliense.com.br\/cbradar\/wp-json\/wp\/v2\/tags?post=30099"}],"curies":[{"name":"wp","href":"https:\/\/api.w.org\/{rel}","templated":true}]}}