{"id":30209,"date":"2025-04-30T07:50:00","date_gmt":"2025-04-30T10:50:00","guid":{"rendered":"https:\/\/www.correiobraziliense.com.br\/cbradar\/?p=30209"},"modified":"2025-04-29T22:38:55","modified_gmt":"2025-04-30T01:38:55","slug":"voce-nao-vai-acreditar-no-patrimonio-desse-ator-britanico-famoso","status":"publish","type":"post","link":"https:\/\/www.correiobraziliense.com.br\/cbradar\/voce-nao-vai-acreditar-no-patrimonio-desse-ator-britanico-famoso\/","title":{"rendered":"Voc\u00ea n\u00e3o vai acreditar no patrim\u00f4nio desse ator brit\u00e2nico famoso"},"content":{"rendered":"\n<p><strong><a href=\"https:\/\/pt.wikipedia.org\/wiki\/Robert_Pattinson\" target=\"_blank\" rel=\"noreferrer noopener\">Robert Pattinson<\/a><\/strong> \u00e9 um ator brit\u00e2nico que conquistou fama mundial com sua apar\u00eancia enigm\u00e1tica, talento vers\u00e1til e escolhas de pap\u00e9is ousadas. Nascido em <strong>1986<\/strong>, em <strong>Londres<\/strong>, ele se tornou um nome conhecido ao interpretar personagens marcantes tanto em grandes franquias de bilheteria quanto em filmes independentes elogiados pela cr\u00edtica.<\/p>\n\n\n\n<p>Ao longo dos anos, <strong>Robert<\/strong> provou que \u00e9 mais do que um gal\u00e3 adolescente. Sua trajet\u00f3ria inclui desde hist\u00f3rias de fantasia at\u00e9 dramas psicol\u00f3gicos intensos, e recentemente, sua reinven\u00e7\u00e3o como o novo <a href=\"https:\/\/www.correiobraziliense.com.br\/cbradar\/o-imperio-do-ator-de-batman-que-e-tao-rico-que-combina-com-o-heroi\/\" target=\"_blank\" rel=\"noreferrer noopener\"><strong>Batman<\/strong> <\/a>solidificou seu lugar entre os grandes nomes do cinema contempor\u00e2neo.<\/p>\n\n\n\n<h2 class=\"wp-block-heading\">Como Robert Pattinson come\u00e7ou sua carreira?<\/h2>\n\n\n\n<p>A carreira de <strong>Robert Pattinson<\/strong> come\u00e7ou de forma discreta no teatro amador em <strong>Londres<\/strong>, onde ele atuava em pe\u00e7as locais incentivado por sua irm\u00e3. Sua primeira oportunidade no cinema surgiu em <strong>2005<\/strong>, com o papel de <strong>Cedrico Diggory<\/strong> no filme <strong>&#8220;Harry Potter e o C\u00e1lice de Fogo&#8221;<\/strong>, que o apresentou ao grande p\u00fablico.<\/p>\n\n\n\n<p>Mas foi em <strong>2008<\/strong>, ao interpretar <strong>Edward Cullen<\/strong> na franquia <strong>&#8220;Crep\u00fasculo&#8221;<\/strong>, que sua carreira decolou. O sucesso estrondoso dos filmes, baseados nos livros de <strong>Stephenie Meyer<\/strong>, transformou <strong>Robert<\/strong> em \u00eddolo global, atraindo uma legi\u00e3o de f\u00e3s e garantindo seu nome entre os atores mais requisitados de <strong>Hollywood<\/strong>.<\/p>\n\n\n\n<p>Mesmo ap\u00f3s o fim da saga <strong>&#8220;Crep\u00fasculo&#8221;<\/strong>, ele surpreendeu ao se afastar dos blockbusters e se dedicar ao cinema independente, buscando pap\u00e9is mais complexos e desafiadores.<\/p>\n\n\n<div class=\"wp-block-image\">\n<figure class=\"aligncenter size-large\"><img decoding=\"async\" width=\"1024\" height=\"576\" src=\"https:\/\/www.correiobraziliense.com.br\/cbradar\/wp-content\/uploads\/2025\/02\/Robert-Pattinson_1739493288146-1024x576.jpg\" alt=\"Voc\u00ea n\u00e3o vai acreditar no patrim\u00f4nio desse ator brit\u00e2nico famoso\" class=\"wp-image-2454\" srcset=\"https:\/\/www.correiobraziliense.com.br\/cbradar\/wp-content\/uploads\/2025\/02\/Robert-Pattinson_1739493288146-1024x576.jpg 1024w, https:\/\/www.correiobraziliense.com.br\/cbradar\/wp-content\/uploads\/2025\/02\/Robert-Pattinson_1739493288146-300x169.jpg 300w, https:\/\/www.correiobraziliense.com.br\/cbradar\/wp-content\/uploads\/2025\/02\/Robert-Pattinson_1739493288146-768x432.jpg 768w, https:\/\/www.correiobraziliense.com.br\/cbradar\/wp-content\/uploads\/2025\/02\/Robert-Pattinson_1739493288146-750x422.jpg 750w, https:\/\/www.correiobraziliense.com.br\/cbradar\/wp-content\/uploads\/2025\/02\/Robert-Pattinson_1739493288146-1140x641.jpg 1140w, https:\/\/www.correiobraziliense.com.br\/cbradar\/wp-content\/uploads\/2025\/02\/Robert-Pattinson_1739493288146.jpg 1280w\" sizes=\"(max-width: 1024px) 100vw, 1024px\" \/><figcaption class=\"wp-element-caption\">Robert Pattinson \/\/ Cr\u00e9ditos: depositphotos.com \/ PopularImages<\/figcaption><\/figure><\/div>\n\n\n<h2 class=\"wp-block-heading\">Quais s\u00e3o as conquistas de Robert Pattinson?<\/h2>\n\n\n\n<p><strong>Robert Pattinson<\/strong> conquistou uma impressionante transi\u00e7\u00e3o de astro teen para ator respeitado pela cr\u00edtica. Sua atua\u00e7\u00e3o em filmes como <strong>&#8220;Good Time&#8221;<\/strong>, dirigido pelos irm\u00e3os <strong>Safdie<\/strong>, e <strong>&#8220;The Lighthouse&#8221;<\/strong>, ao lado de <strong>Willem Dafoe<\/strong>, rendeu elogios da cr\u00edtica especializada e consolidou seu nome entre os talentos dram\u00e1ticos da nova gera\u00e7\u00e3o.<\/p>\n\n\n\n<p>Ele j\u00e1 recebeu indica\u00e7\u00f5es e pr\u00eamios em festivais como <strong>Cannes<\/strong>, <strong>Independent Spirit Awards<\/strong> e <strong>Festival de Veneza<\/strong>, al\u00e9m de figurar em listas de &#8220;Melhor Ator&#8221; de ve\u00edculos como <strong>The New York Times<\/strong> e <strong>Variety<\/strong>.<\/p>\n\n\n\n<p>Com o lan\u00e7amento de <strong>&#8220;The Batman&#8221;<\/strong>, em <strong>2022<\/strong>, <strong>Robert<\/strong> recebeu aplausos por sua performance densa e sombria do her\u00f3i da <strong>DC Comics<\/strong>, sendo elogiado pela reinven\u00e7\u00e3o do personagem. O sucesso do filme garantiu uma sequ\u00eancia e abriu portas para novos projetos de grande escala.<\/p>\n\n\n\n<h2 class=\"wp-block-heading\">Quais s\u00e3o os trabalhos mais marcantes de Robert Pattinson?<\/h2>\n\n\n\n<p>Entre os pap\u00e9is mais marcantes de <strong>Robert Pattinson<\/strong>, est\u00e3o personagens que desafiaram o p\u00fablico e romperam com sua imagem inicial. Al\u00e9m do vampiro <strong>Edward Cullen<\/strong>, destacam-se:<\/p>\n\n\n\n<ul class=\"wp-block-list\">\n<li><strong>&#8220;Cosmopolis&#8221;<\/strong>, de <strong>David Cronenberg<\/strong>, em que interpretou um bilion\u00e1rio em crise existencial.<\/li>\n\n\n\n<li><strong>&#8220;Good Time&#8221;<\/strong>, onde vive um criminoso desesperado, em uma das performances mais elogiadas de sua carreira.<\/li>\n\n\n\n<li><strong>&#8220;The Lighthouse&#8221;<\/strong>, um filme surreal e claustrof\u00f3bico que testou os limites de seu talento.<\/li>\n\n\n\n<li><strong>&#8220;Tenet&#8221;<\/strong>, de <strong>Christopher Nolan<\/strong>, onde mostrou seu lado mais carism\u00e1tico e elegante.<\/li>\n\n\n\n<li><strong>&#8220;The Batman&#8221;<\/strong>, que o colocou novamente no centro da cultura pop, com uma abordagem mais introspectiva e realista do super-her\u00f3i.<\/li>\n<\/ul>\n\n\n\n<h2 class=\"wp-block-heading\">Curiosidades sobre a Robert Pattinson?<\/h2>\n\n\n\n<ul class=\"wp-block-list\">\n<li><strong>Robert Pattinson<\/strong> al\u00e9m de ator, tamb\u00e9m \u00e9 m\u00fasico. Ele canta, comp\u00f5e e toca piano e viol\u00e3o. Algumas de suas can\u00e7\u00f5es est\u00e3o nas trilhas sonoras dos filmes da saga <strong>&#8220;Crep\u00fasculo&#8221;<\/strong>.<\/li>\n\n\n\n<li>Ele j\u00e1 foi eleito o &#8220;homem mais bonito do mundo&#8221;, com base em propor\u00e7\u00f5es faciais consideradas perfeitas segundo a &#8220;regra de ouro&#8221; da beleza.<\/li>\n\n\n\n<li>Costuma fugir dos holofotes e \u00e9 conhecido por seu estilo reservado, evitando as redes sociais e grandes eventos quando poss\u00edvel.<\/li>\n\n\n\n<li>Durante a pandemia, ele gravou <strong>&#8220;The Batman&#8221;<\/strong> em meio a restri\u00e7\u00f5es severas, chegando a treinar fisicamente em casa com equipamentos improvisados.<\/li>\n\n\n\n<li>J\u00e1 recusou diversos pap\u00e9is comerciais, optando por trabalhar com diretores autorais em filmes menos previs\u00edveis.<\/li>\n<\/ul>\n\n\n\n<h2 class=\"wp-block-heading\">Qual \u00e9 o valor da fortuna de Robert Pattinson e fontes de renda?<\/h2>\n\n\n\n<p>A fortuna de <strong>Robert Pattinson<\/strong> est\u00e1 estimada em cerca de <strong>US$ 100 milh\u00f5es<\/strong>, de acordo com dados atualizados de <strong>2024<\/strong>. Esse patrim\u00f4nio foi constru\u00eddo ao longo de mais de <strong>20 anos<\/strong> de carreira, com grande parte proveniente da saga <strong>&#8220;Crep\u00fasculo&#8221;<\/strong>, que arrecadou mais de <strong>US$ 3 bilh\u00f5es<\/strong> em bilheteria mundial.<\/p>\n\n\n\n<p>Al\u00e9m dos filmes, <strong>Robert<\/strong> lucra com campanhas publicit\u00e1rias, como a de perfumes da marca <strong>Dior<\/strong>, da qual \u00e9 embaixador h\u00e1 mais de <strong>10 anos<\/strong>. Seus investimentos em im\u00f3veis e sua atua\u00e7\u00e3o como produtor em alguns de seus projetos tamb\u00e9m contribuem para sua renda.<\/p>\n\n\n\n<p>Com a continuidade da franquia <strong>&#8220;The Batman&#8221;<\/strong> e sua presen\u00e7a em produ\u00e7\u00f5es art\u00edsticas e comerciais, \u00e9 esperado que seu patrim\u00f4nio cres\u00e7a ainda mais nos pr\u00f3ximos anos.<\/p>\n","protected":false},"excerpt":{"rendered":"<p>Robert Pattinson \u00e9 um ator brit\u00e2nico que conquistou fama mundial com sua apar\u00eancia enigm\u00e1tica, talento vers\u00e1til e escolhas de pap\u00e9is ousadas. Nascido em 1986, em Londres, ele se tornou um nome conhecido ao interpretar personagens marcantes tanto em grandes franquias de bilheteria quanto em filmes independentes elogiados pela cr\u00edtica. Ao longo dos anos, Robert provou [&hellip;]<\/p>\n","protected":false},"author":8,"featured_media":3375,"comment_status":"open","ping_status":"open","sticky":false,"template":"","format":"standard","meta":{"_yoast_wpseo_focuskw":"ator","_yoast_wpseo_title":"","_yoast_wpseo_metadesc":"Com atua\u00e7\u00f5es marcantes, esse ator brit\u00e2nico construiu um imp\u00e9rio silencioso. Descubra os detalhes de seu impressionante patrim\u00f4nio.","jnews-multi-image_gallery":[],"jnews_single_post":{"format":"standard"},"jnews_primary_category":[],"jnews_social_meta":[],"jnews_override_counter":[],"footnotes":""},"categories":[128,169],"post_tag":[560,534,559],"class_list":["post-30209","post","type-post","status-publish","format-standard","has-post-thumbnail","hentry","category-economia","category-noticias","tag-ator-de-hollywood","tag-fortunas","tag-robert-pattinson"],"yoast_head":"<!-- This site is optimized with the Yoast SEO plugin v24.6 - https:\/\/yoast.com\/wordpress\/plugins\/seo\/ -->\n<title>Voc\u00ea n\u00e3o vai acreditar no patrim\u00f4nio desse ator brit\u00e2nico famoso - Correio Braziliense - Radar<\/title>\n<meta name=\"description\" content=\"Com atua\u00e7\u00f5es marcantes, esse ator brit\u00e2nico construiu um imp\u00e9rio silencioso. Descubra os detalhes de seu impressionante patrim\u00f4nio.\" \/>\n<meta name=\"robots\" content=\"index, follow, max-snippet:-1, max-image-preview:large, max-video-preview:-1\" \/>\n<link rel=\"canonical\" href=\"https:\/\/www.correiobraziliense.com.br\/cbradar\/voce-nao-vai-acreditar-no-patrimonio-desse-ator-britanico-famoso\/\" \/>\n<meta property=\"og:locale\" content=\"pt_BR\" \/>\n<meta property=\"og:type\" content=\"article\" \/>\n<meta property=\"og:title\" content=\"Voc\u00ea n\u00e3o vai acreditar no patrim\u00f4nio desse ator brit\u00e2nico famoso - Correio Braziliense - Radar\" \/>\n<meta property=\"og:description\" content=\"Com atua\u00e7\u00f5es marcantes, esse ator brit\u00e2nico construiu um imp\u00e9rio silencioso. Descubra os detalhes de seu impressionante patrim\u00f4nio.\" \/>\n<meta property=\"og:url\" content=\"https:\/\/www.correiobraziliense.com.br\/cbradar\/voce-nao-vai-acreditar-no-patrimonio-desse-ator-britanico-famoso\/\" \/>\n<meta property=\"og:site_name\" content=\"Correio Braziliense - Radar\" \/>\n<meta property=\"article:published_time\" content=\"2025-04-30T10:50:00+00:00\" \/>\n<meta property=\"og:image\" content=\"https:\/\/www.correiobraziliense.com.br\/cbradar\/wp-content\/uploads\/2025\/02\/dinheiro_1739604091861.jpg\" \/>\n\t<meta property=\"og:image:width\" content=\"1280\" \/>\n\t<meta property=\"og:image:height\" content=\"720\" \/>\n\t<meta property=\"og:image:type\" content=\"image\/jpeg\" \/>\n<meta name=\"author\" content=\"Maura Pereira\" \/>\n<meta name=\"twitter:card\" content=\"summary_large_image\" \/>\n<meta name=\"twitter:label1\" content=\"Escrito por\" \/>\n\t<meta name=\"twitter:data1\" content=\"Maura Pereira\" \/>\n\t<meta name=\"twitter:label2\" content=\"Est. tempo de leitura\" \/>\n\t<meta name=\"twitter:data2\" content=\"5 minutos\" \/>\n<!-- \/ Yoast SEO plugin. -->","yoast_head_json":{"title":"Voc\u00ea n\u00e3o vai acreditar no patrim\u00f4nio desse ator brit\u00e2nico famoso - Correio Braziliense - Radar","description":"Com atua\u00e7\u00f5es marcantes, esse ator brit\u00e2nico construiu um imp\u00e9rio silencioso. Descubra os detalhes de seu impressionante patrim\u00f4nio.","robots":{"index":"index","follow":"follow","max-snippet":"max-snippet:-1","max-image-preview":"max-image-preview:large","max-video-preview":"max-video-preview:-1"},"canonical":"https:\/\/www.correiobraziliense.com.br\/cbradar\/voce-nao-vai-acreditar-no-patrimonio-desse-ator-britanico-famoso\/","og_locale":"pt_BR","og_type":"article","og_title":"Voc\u00ea n\u00e3o vai acreditar no patrim\u00f4nio desse ator brit\u00e2nico famoso - Correio Braziliense - Radar","og_description":"Com atua\u00e7\u00f5es marcantes, esse ator brit\u00e2nico construiu um imp\u00e9rio silencioso. Descubra os detalhes de seu impressionante patrim\u00f4nio.","og_url":"https:\/\/www.correiobraziliense.com.br\/cbradar\/voce-nao-vai-acreditar-no-patrimonio-desse-ator-britanico-famoso\/","og_site_name":"Correio Braziliense - Radar","article_published_time":"2025-04-30T10:50:00+00:00","og_image":[{"width":1280,"height":720,"url":"https:\/\/www.correiobraziliense.com.br\/cbradar\/wp-content\/uploads\/2025\/02\/dinheiro_1739604091861.jpg","type":"image\/jpeg"}],"author":"Maura Pereira","twitter_card":"summary_large_image","twitter_misc":{"Escrito por":"Maura Pereira","Est. tempo de leitura":"5 minutos"},"schema":{"@context":"https:\/\/schema.org","@graph":[{"@type":"WebPage","@id":"https:\/\/www.correiobraziliense.com.br\/cbradar\/voce-nao-vai-acreditar-no-patrimonio-desse-ator-britanico-famoso\/","url":"https:\/\/www.correiobraziliense.com.br\/cbradar\/voce-nao-vai-acreditar-no-patrimonio-desse-ator-britanico-famoso\/","name":"Voc\u00ea n\u00e3o vai acreditar no patrim\u00f4nio desse ator brit\u00e2nico famoso - Correio Braziliense - Radar","isPartOf":{"@id":"https:\/\/www.correiobraziliense.com.br\/cbradar\/#website"},"primaryImageOfPage":{"@id":"https:\/\/www.correiobraziliense.com.br\/cbradar\/voce-nao-vai-acreditar-no-patrimonio-desse-ator-britanico-famoso\/#primaryimage"},"image":{"@id":"https:\/\/www.correiobraziliense.com.br\/cbradar\/voce-nao-vai-acreditar-no-patrimonio-desse-ator-britanico-famoso\/#primaryimage"},"thumbnailUrl":"https:\/\/www.correiobraziliense.com.br\/cbradar\/wp-content\/uploads\/2025\/02\/dinheiro_1739604091861.jpg","datePublished":"2025-04-30T10:50:00+00:00","author":{"@id":"https:\/\/www.correiobraziliense.com.br\/cbradar\/#\/schema\/person\/4053c651a9bfc785afc6f4cbc9032fd3"},"description":"Com atua\u00e7\u00f5es marcantes, esse ator brit\u00e2nico construiu um imp\u00e9rio silencioso. Descubra os detalhes de seu impressionante patrim\u00f4nio.","breadcrumb":{"@id":"https:\/\/www.correiobraziliense.com.br\/cbradar\/voce-nao-vai-acreditar-no-patrimonio-desse-ator-britanico-famoso\/#breadcrumb"},"inLanguage":"pt-BR","potentialAction":[{"@type":"ReadAction","target":["https:\/\/www.correiobraziliense.com.br\/cbradar\/voce-nao-vai-acreditar-no-patrimonio-desse-ator-britanico-famoso\/"]}]},{"@type":"ImageObject","inLanguage":"pt-BR","@id":"https:\/\/www.correiobraziliense.com.br\/cbradar\/voce-nao-vai-acreditar-no-patrimonio-desse-ator-britanico-famoso\/#primaryimage","url":"https:\/\/www.correiobraziliense.com.br\/cbradar\/wp-content\/uploads\/2025\/02\/dinheiro_1739604091861.jpg","contentUrl":"https:\/\/www.correiobraziliense.com.br\/cbradar\/wp-content\/uploads\/2025\/02\/dinheiro_1739604091861.jpg","width":1280,"height":720,"caption":"Cr\u00e9ditos: depositphotos.com \/ VadimVasenin"},{"@type":"BreadcrumbList","@id":"https:\/\/www.correiobraziliense.com.br\/cbradar\/voce-nao-vai-acreditar-no-patrimonio-desse-ator-britanico-famoso\/#breadcrumb","itemListElement":[{"@type":"ListItem","position":1,"name":"In\u00edcio","item":"https:\/\/www.correiobraziliense.com.br\/cbradar\/"},{"@type":"ListItem","position":2,"name":"Voc\u00ea n\u00e3o vai acreditar no patrim\u00f4nio desse ator brit\u00e2nico famoso"}]},{"@type":"WebSite","@id":"https:\/\/www.correiobraziliense.com.br\/cbradar\/#website","url":"https:\/\/www.correiobraziliense.com.br\/cbradar\/","name":"Correio Braziliense - Radar","description":"Acompanhe as \u00faltimas not\u00edcias e fique bem informado sobre tudo o que acontece no Brasil e no mundo.","potentialAction":[{"@type":"SearchAction","target":{"@type":"EntryPoint","urlTemplate":"https:\/\/www.correiobraziliense.com.br\/cbradar\/?s={search_term_string}"},"query-input":{"@type":"PropertyValueSpecification","valueRequired":true,"valueName":"search_term_string"}}],"inLanguage":"pt-BR"},{"@type":"Person","@id":"https:\/\/www.correiobraziliense.com.br\/cbradar\/#\/schema\/person\/4053c651a9bfc785afc6f4cbc9032fd3","name":"Maura Pereira","image":{"@type":"ImageObject","inLanguage":"pt-BR","@id":"https:\/\/www.correiobraziliense.com.br\/cbradar\/#\/schema\/person\/image\/","url":"https:\/\/secure.gravatar.com\/avatar\/3effd6bdadfa447f15089c7f7144eaa6?s=96&d=mm&r=g","contentUrl":"https:\/\/secure.gravatar.com\/avatar\/3effd6bdadfa447f15089c7f7144eaa6?s=96&d=mm&r=g","caption":"Maura Pereira"},"sameAs":["https:\/\/www.correiobraziliense.com.br\/"],"url":"https:\/\/www.correiobraziliense.com.br\/cbradar\/author\/mauramyth\/"}]}},"_links":{"self":[{"href":"https:\/\/www.correiobraziliense.com.br\/cbradar\/wp-json\/wp\/v2\/posts\/30209","targetHints":{"allow":["GET"]}}],"collection":[{"href":"https:\/\/www.correiobraziliense.com.br\/cbradar\/wp-json\/wp\/v2\/posts"}],"about":[{"href":"https:\/\/www.correiobraziliense.com.br\/cbradar\/wp-json\/wp\/v2\/types\/post"}],"author":[{"embeddable":true,"href":"https:\/\/www.correiobraziliense.com.br\/cbradar\/wp-json\/wp\/v2\/users\/8"}],"replies":[{"embeddable":true,"href":"https:\/\/www.correiobraziliense.com.br\/cbradar\/wp-json\/wp\/v2\/comments?post=30209"}],"version-history":[{"count":9,"href":"https:\/\/www.correiobraziliense.com.br\/cbradar\/wp-json\/wp\/v2\/posts\/30209\/revisions"}],"predecessor-version":[{"id":30247,"href":"https:\/\/www.correiobraziliense.com.br\/cbradar\/wp-json\/wp\/v2\/posts\/30209\/revisions\/30247"}],"wp:featuredmedia":[{"embeddable":true,"href":"https:\/\/www.correiobraziliense.com.br\/cbradar\/wp-json\/wp\/v2\/media\/3375"}],"wp:attachment":[{"href":"https:\/\/www.correiobraziliense.com.br\/cbradar\/wp-json\/wp\/v2\/media?parent=30209"}],"wp:term":[{"taxonomy":"category","embeddable":true,"href":"https:\/\/www.correiobraziliense.com.br\/cbradar\/wp-json\/wp\/v2\/categories?post=30209"},{"taxonomy":"post_tag","embeddable":true,"href":"https:\/\/www.correiobraziliense.com.br\/cbradar\/wp-json\/wp\/v2\/post_tag?post=30209"}],"curies":[{"name":"wp","href":"https:\/\/api.w.org\/{rel}","templated":true}]}}