{"id":30220,"date":"2025-05-01T15:30:00","date_gmt":"2025-05-01T18:30:00","guid":{"rendered":"https:\/\/www.correiobraziliense.com.br\/cbradar\/?p=30220"},"modified":"2025-04-30T16:34:29","modified_gmt":"2025-04-30T19:34:29","slug":"para-quem-ama-dramas-historicos-com-romance-e-resistencia","status":"publish","type":"post","link":"https:\/\/www.correiobraziliense.com.br\/cbradar\/para-quem-ama-dramas-historicos-com-romance-e-resistencia\/","title":{"rendered":"Para quem ama dramas hist\u00f3ricos com romance e resist\u00eancia"},"content":{"rendered":"\n<p><strong>Las chicas del cable<\/strong> \u00e9 uma s\u00e9rie espanhola que marcou hist\u00f3ria ao se tornar a primeira produ\u00e7\u00e3o original da <strong>Netflix Espanha<\/strong>. Ambientada no final da d\u00e9cada de 1920, a trama acompanha quatro mulheres que come\u00e7am a trabalhar como telefonistas em uma companhia de telecomunica\u00e7\u00f5es em Madri \u2014 e, a partir disso, mergulham em lutas pessoais, pol\u00edticas e emocionais.<\/p>\n\n\n\n<p>Ao longo de suas cinco temporadas, a s\u00e9rie combina romance, drama, suspense e cr\u00edtica social, com foco especial na busca por igualdade de g\u00eanero, liberdade e justi\u00e7a.<\/p>\n\n\n\n<h2 class=\"wp-block-heading\">Qual a hist\u00f3ria de Las chicas del cable?<\/h2>\n\n\n\n<p>A hist\u00f3ria come\u00e7a com <strong>Lidia Aguilar<\/strong>, interpretada por <strong>Blanca Su\u00e1rez<\/strong>, uma mulher com um passado misterioso que assume uma nova identidade para escapar da pol\u00edcia e cumprir uma miss\u00e3o secreta dentro da companhia telef\u00f4nica nacional.<\/p>\n\n\n\n<p>L\u00e1, ela conhece <strong>Carlota<\/strong>, <strong>\u00c1ngeles<\/strong> e <strong>Marga<\/strong> \u2014 cada uma com seus pr\u00f3prios sonhos, segredos e conflitos. Unidas pela amizade e pela vontade de mudar suas realidades, essas mulheres enfrentam os limites impostos pela sociedade machista da \u00e9poca e lutam por seus direitos, amores e liberdade.<\/p>\n\n\n\n<p>A s\u00e9rie evolui com o tempo, abordando tamb\u00e9m a Guerra Civil Espanhola, o avan\u00e7o do fascismo e o impacto desses eventos sobre as protagonistas.<\/p>\n\n\n\n<figure class=\"wp-block-image size-large\"><img decoding=\"async\" width=\"1024\" height=\"576\" src=\"https:\/\/www.correiobraziliense.com.br\/cbradar\/wp-content\/uploads\/2025\/05\/Las-chicas-del-cable-2-1024x576.png\" alt=\"Para quem ama dramas hist\u00f3ricos com romance e resist\u00eancia\" class=\"wp-image-30317\" srcset=\"https:\/\/www.correiobraziliense.com.br\/cbradar\/wp-content\/uploads\/2025\/05\/Las-chicas-del-cable-2-1024x576.png 1024w, https:\/\/www.correiobraziliense.com.br\/cbradar\/wp-content\/uploads\/2025\/05\/Las-chicas-del-cable-2-300x169.png 300w, https:\/\/www.correiobraziliense.com.br\/cbradar\/wp-content\/uploads\/2025\/05\/Las-chicas-del-cable-2-768x432.png 768w, https:\/\/www.correiobraziliense.com.br\/cbradar\/wp-content\/uploads\/2025\/05\/Las-chicas-del-cable-2-750x422.png 750w, https:\/\/www.correiobraziliense.com.br\/cbradar\/wp-content\/uploads\/2025\/05\/Las-chicas-del-cable-2-1140x641.png 1140w, https:\/\/www.correiobraziliense.com.br\/cbradar\/wp-content\/uploads\/2025\/05\/Las-chicas-del-cable-2.png 1280w\" sizes=\"(max-width: 1024px) 100vw, 1024px\" \/><figcaption class=\"wp-element-caption\">Las chicas del cable. Fonte: divulga\u00e7\u00e3o \/ Netflix<\/figcaption><\/figure>\n\n\n\n<h2 class=\"wp-block-heading\">Quais temas Las chicas del cable aborda?<\/h2>\n\n\n\n<p>Mais do que um drama de \u00e9poca, <em>Las chicas del cable<\/em> se aprofunda em temas muito relevantes:<\/p>\n\n\n\n<ul class=\"wp-block-list\">\n<li>Feminismo e empoderamento em tempos de repress\u00e3o;<\/li>\n\n\n\n<li>Sororidade e amizade como forma de resist\u00eancia;<\/li>\n\n\n\n<li>Amor, sexualidade e liberdade de escolha;<\/li>\n\n\n\n<li>Viol\u00eancia dom\u00e9stica, opress\u00e3o pol\u00edtica e desigualdade social.<\/li>\n<\/ul>\n\n\n\n<p>A s\u00e9rie \u00e9 um retrato emocionante da for\u00e7a feminina em contextos hist\u00f3ricos dif\u00edceis, sem perder a sensibilidade ao abordar o lado pessoal e \u00edntimo das protagonistas.<\/p>\n\n\n\n<h2 class=\"wp-block-heading\">Vale a pena assistir Las chicas del cable?<\/h2>\n\n\n\n<p>Sim \u2014 especialmente se voc\u00ea aprecia s\u00e9ries com personagens femininas fortes, narrativa envolvente e ambienta\u00e7\u00e3o hist\u00f3rica caprichada. <em>Las chicas del cable<\/em> oferece uma jornada emocional intensa, com muitas reviravoltas e momentos comoventes.<\/p>\n\n\n\n<p>A produ\u00e7\u00e3o \u00e9 visualmente impec\u00e1vel, com figurinos, cen\u00e1rios e trilha sonora que ajudam a transportar o espectador para a Madri dos anos 20 e 30. O elenco tamb\u00e9m \u00e9 um dos grandes destaques, com atua\u00e7\u00f5es marcantes que d\u00e3o profundidade \u00e0s personagens.<\/p>\n\n\n\n<p>Se voc\u00ea gostou de <em>The Crown<\/em>, <em>Anne with an E<\/em> ou <em>Call the Midwife<\/em>, essa s\u00e9rie certamente vai te conquistar.<\/p>\n\n\n\n<iframe loading=\"lazy\" width=\"560\" height=\"315\" src=\"https:\/\/www.youtube.com\/embed\/JJ_-AAPuFoI?si=wKcHiGES_3jGwYpK\" title=\"YouTube video player\" frameborder=\"0\" allow=\"accelerometer; autoplay; clipboard-write; encrypted-media; gyroscope; picture-in-picture; web-share\" referrerpolicy=\"strict-origin-when-cross-origin\" allowfullscreen><\/iframe>\n\n\n\n<h2 class=\"wp-block-heading\">O que diferencia Las chicas del cable de outros dramas hist\u00f3ricos?<\/h2>\n\n\n\n<p>O diferencial de <em>Las chicas del cable<\/em> \u00e9 seu foco no protagonismo feminino, em uma \u00e9poca em que as mulheres eram silenciadas. A s\u00e9rie d\u00e1 voz a temas delicados, muitas vezes ignorados em tramas hist\u00f3ricas, e os apresenta com emo\u00e7\u00e3o, coragem e beleza.<\/p>\n\n\n\n<p>Al\u00e9m disso, o ritmo \u00e1gil, as reviravoltas e os dilemas morais constantes fazem da s\u00e9rie uma experi\u00eancia viciante. \u00c9 um drama com alma, cora\u00e7\u00e3o e um posicionamento claro sobre justi\u00e7a e igualdade.<\/p>\n\n\n\n<h2 class=\"wp-block-heading\">FAQ &#8211; Perguntas Frequentes<\/h2>\n\n\n\n<ul class=\"wp-block-list\">\n<li><strong>Onde assistir?<\/strong><br><em>Las chicas del cable<\/em> est\u00e1 dispon\u00edvel exclusivamente na <strong>Netflix<\/strong>.<\/li>\n\n\n\n<li><strong>Quem est\u00e1 no elenco?<\/strong>\n<ul class=\"wp-block-list\">\n<li><strong>Blanca Su\u00e1rez<\/strong> como Lidia Aguilar<\/li>\n\n\n\n<li><strong>Ana Fern\u00e1ndez<\/strong> como Carlota<\/li>\n\n\n\n<li><strong>Nadia de Santiago<\/strong> como Marga<\/li>\n\n\n\n<li><strong>Maggie Civantos<\/strong> como \u00c1ngeles<\/li>\n\n\n\n<li><strong>Marti\u00f1o Rivas<\/strong>, <strong>Yon Gonz\u00e1lez<\/strong>, <strong>Concha Velasco<\/strong>, entre outros.<\/li>\n<\/ul>\n<\/li>\n\n\n\n<li><strong>Quantas temporadas tem?<\/strong><br>A s\u00e9rie tem <strong>5 temporadas<\/strong>, divididas em duas partes na \u00faltima.<\/li>\n\n\n\n<li><strong>J\u00e1 acabou?<\/strong><br>Sim. A \u00faltima temporada foi lan\u00e7ada em <strong>2020<\/strong>, encerrando a hist\u00f3ria das protagonistas.<\/li>\n\n\n\n<li><strong>Qual o ano de lan\u00e7amento?<\/strong><br><em>Las chicas del cable<\/em> estreou em <strong>2017<\/strong> e foi finalizada em <strong>2020<\/strong>.<\/li>\n\n\n\n<li><strong>Quem produziu a s\u00e9rie?<\/strong><br>Produzida pela <strong>Bamb\u00fa Producciones<\/strong> em parceria com a <strong>Netflix<\/strong>.<\/li>\n<\/ul>\n","protected":false},"excerpt":{"rendered":"<p>Las chicas del cable retrata a luta de mulheres por liberdade e igualdade na Madri dos anos 1920, com drama, romance e empoderamento.<\/p>\n","protected":false},"author":3,"featured_media":30318,"comment_status":"open","ping_status":"open","sticky":false,"template":"","format":"standard","meta":{"_yoast_wpseo_focuskw":"Las chicas del cable","_yoast_wpseo_title":"%%title%%","_yoast_wpseo_metadesc":"Las chicas del cable retrata a luta de mulheres por liberdade e igualdade na Madri dos anos 1920, com drama, romance e empoderamento.","jnews-multi-image_gallery":[],"jnews_single_post":{"format":"standard"},"jnews_primary_category":[],"jnews_social_meta":[],"jnews_override_counter":[],"footnotes":""},"categories":[140],"post_tag":[568],"class_list":["post-30220","post","type-post","status-publish","format-standard","has-post-thumbnail","hentry","category-entretenimento","tag-series-e-filmes"],"yoast_head":"<!-- This site is optimized with the Yoast SEO plugin v24.6 - https:\/\/yoast.com\/wordpress\/plugins\/seo\/ -->\n<title>Para quem ama dramas hist\u00f3ricos com romance e resist\u00eancia<\/title>\n<meta name=\"description\" content=\"Las chicas del cable retrata a luta de mulheres por liberdade e igualdade na Madri dos anos 1920, com drama, romance e empoderamento.\" \/>\n<meta name=\"robots\" content=\"index, follow, max-snippet:-1, max-image-preview:large, max-video-preview:-1\" \/>\n<link rel=\"canonical\" href=\"https:\/\/www.correiobraziliense.com.br\/cbradar\/para-quem-ama-dramas-historicos-com-romance-e-resistencia\/\" \/>\n<meta property=\"og:locale\" content=\"pt_BR\" \/>\n<meta property=\"og:type\" content=\"article\" \/>\n<meta property=\"og:title\" content=\"Para quem ama dramas hist\u00f3ricos com romance e resist\u00eancia\" \/>\n<meta property=\"og:description\" content=\"Las chicas del cable retrata a luta de mulheres por liberdade e igualdade na Madri dos anos 1920, com drama, romance e empoderamento.\" \/>\n<meta property=\"og:url\" content=\"https:\/\/www.correiobraziliense.com.br\/cbradar\/para-quem-ama-dramas-historicos-com-romance-e-resistencia\/\" \/>\n<meta property=\"og:site_name\" content=\"Correio Braziliense - Radar\" \/>\n<meta property=\"article:published_time\" content=\"2025-05-01T18:30:00+00:00\" \/>\n<meta property=\"og:image\" content=\"https:\/\/www.correiobraziliense.com.br\/cbradar\/wp-content\/uploads\/2025\/05\/Las-chicas-del-cable.png\" \/>\n\t<meta property=\"og:image:width\" content=\"1280\" \/>\n\t<meta property=\"og:image:height\" content=\"720\" \/>\n\t<meta property=\"og:image:type\" content=\"image\/png\" \/>\n<meta name=\"author\" content=\"Larissa Carvalho\" \/>\n<meta name=\"twitter:card\" content=\"summary_large_image\" \/>\n<meta name=\"twitter:label1\" content=\"Escrito por\" \/>\n\t<meta name=\"twitter:data1\" content=\"Larissa Carvalho\" \/>\n\t<meta name=\"twitter:label2\" content=\"Est. tempo de leitura\" \/>\n\t<meta name=\"twitter:data2\" content=\"4 minutos\" \/>\n<!-- \/ Yoast SEO plugin. -->","yoast_head_json":{"title":"Para quem ama dramas hist\u00f3ricos com romance e resist\u00eancia","description":"Las chicas del cable retrata a luta de mulheres por liberdade e igualdade na Madri dos anos 1920, com drama, romance e empoderamento.","robots":{"index":"index","follow":"follow","max-snippet":"max-snippet:-1","max-image-preview":"max-image-preview:large","max-video-preview":"max-video-preview:-1"},"canonical":"https:\/\/www.correiobraziliense.com.br\/cbradar\/para-quem-ama-dramas-historicos-com-romance-e-resistencia\/","og_locale":"pt_BR","og_type":"article","og_title":"Para quem ama dramas hist\u00f3ricos com romance e resist\u00eancia","og_description":"Las chicas del cable retrata a luta de mulheres por liberdade e igualdade na Madri dos anos 1920, com drama, romance e empoderamento.","og_url":"https:\/\/www.correiobraziliense.com.br\/cbradar\/para-quem-ama-dramas-historicos-com-romance-e-resistencia\/","og_site_name":"Correio Braziliense - Radar","article_published_time":"2025-05-01T18:30:00+00:00","og_image":[{"width":1280,"height":720,"url":"https:\/\/www.correiobraziliense.com.br\/cbradar\/wp-content\/uploads\/2025\/05\/Las-chicas-del-cable.png","type":"image\/png"}],"author":"Larissa Carvalho","twitter_card":"summary_large_image","twitter_misc":{"Escrito por":"Larissa Carvalho","Est. tempo de leitura":"4 minutos"},"schema":{"@context":"https:\/\/schema.org","@graph":[{"@type":"WebPage","@id":"https:\/\/www.correiobraziliense.com.br\/cbradar\/para-quem-ama-dramas-historicos-com-romance-e-resistencia\/","url":"https:\/\/www.correiobraziliense.com.br\/cbradar\/para-quem-ama-dramas-historicos-com-romance-e-resistencia\/","name":"Para quem ama dramas hist\u00f3ricos com romance e resist\u00eancia","isPartOf":{"@id":"https:\/\/www.correiobraziliense.com.br\/cbradar\/#website"},"primaryImageOfPage":{"@id":"https:\/\/www.correiobraziliense.com.br\/cbradar\/para-quem-ama-dramas-historicos-com-romance-e-resistencia\/#primaryimage"},"image":{"@id":"https:\/\/www.correiobraziliense.com.br\/cbradar\/para-quem-ama-dramas-historicos-com-romance-e-resistencia\/#primaryimage"},"thumbnailUrl":"https:\/\/www.correiobraziliense.com.br\/cbradar\/wp-content\/uploads\/2025\/05\/Las-chicas-del-cable.png","datePublished":"2025-05-01T18:30:00+00:00","author":{"@id":"https:\/\/www.correiobraziliense.com.br\/cbradar\/#\/schema\/person\/58422787644df994b53a19d3e56c1513"},"description":"Las chicas del cable retrata a luta de mulheres por liberdade e igualdade na Madri dos anos 1920, com drama, romance e empoderamento.","breadcrumb":{"@id":"https:\/\/www.correiobraziliense.com.br\/cbradar\/para-quem-ama-dramas-historicos-com-romance-e-resistencia\/#breadcrumb"},"inLanguage":"pt-BR","potentialAction":[{"@type":"ReadAction","target":["https:\/\/www.correiobraziliense.com.br\/cbradar\/para-quem-ama-dramas-historicos-com-romance-e-resistencia\/"]}]},{"@type":"ImageObject","inLanguage":"pt-BR","@id":"https:\/\/www.correiobraziliense.com.br\/cbradar\/para-quem-ama-dramas-historicos-com-romance-e-resistencia\/#primaryimage","url":"https:\/\/www.correiobraziliense.com.br\/cbradar\/wp-content\/uploads\/2025\/05\/Las-chicas-del-cable.png","contentUrl":"https:\/\/www.correiobraziliense.com.br\/cbradar\/wp-content\/uploads\/2025\/05\/Las-chicas-del-cable.png","width":1280,"height":720,"caption":"Las chicas del cable. Fonte: divulga\u00e7\u00e3o \/ Netflix"},{"@type":"BreadcrumbList","@id":"https:\/\/www.correiobraziliense.com.br\/cbradar\/para-quem-ama-dramas-historicos-com-romance-e-resistencia\/#breadcrumb","itemListElement":[{"@type":"ListItem","position":1,"name":"In\u00edcio","item":"https:\/\/www.correiobraziliense.com.br\/cbradar\/"},{"@type":"ListItem","position":2,"name":"Para quem ama dramas hist\u00f3ricos com romance e resist\u00eancia"}]},{"@type":"WebSite","@id":"https:\/\/www.correiobraziliense.com.br\/cbradar\/#website","url":"https:\/\/www.correiobraziliense.com.br\/cbradar\/","name":"Correio Braziliense - Radar","description":"Acompanhe as \u00faltimas not\u00edcias e fique bem informado sobre tudo o que acontece no Brasil e no mundo.","potentialAction":[{"@type":"SearchAction","target":{"@type":"EntryPoint","urlTemplate":"https:\/\/www.correiobraziliense.com.br\/cbradar\/?s={search_term_string}"},"query-input":{"@type":"PropertyValueSpecification","valueRequired":true,"valueName":"search_term_string"}}],"inLanguage":"pt-BR"},{"@type":"Person","@id":"https:\/\/www.correiobraziliense.com.br\/cbradar\/#\/schema\/person\/58422787644df994b53a19d3e56c1513","name":"Larissa Carvalho","image":{"@type":"ImageObject","inLanguage":"pt-BR","@id":"https:\/\/www.correiobraziliense.com.br\/cbradar\/#\/schema\/person\/image\/","url":"https:\/\/secure.gravatar.com\/avatar\/fe4f91a0de32b52a838d0d612abdc1aa?s=96&d=mm&r=g","contentUrl":"https:\/\/secure.gravatar.com\/avatar\/fe4f91a0de32b52a838d0d612abdc1aa?s=96&d=mm&r=g","caption":"Larissa Carvalho"},"url":"https:\/\/www.correiobraziliense.com.br\/cbradar\/author\/larissamyth\/"}]}},"_links":{"self":[{"href":"https:\/\/www.correiobraziliense.com.br\/cbradar\/wp-json\/wp\/v2\/posts\/30220","targetHints":{"allow":["GET"]}}],"collection":[{"href":"https:\/\/www.correiobraziliense.com.br\/cbradar\/wp-json\/wp\/v2\/posts"}],"about":[{"href":"https:\/\/www.correiobraziliense.com.br\/cbradar\/wp-json\/wp\/v2\/types\/post"}],"author":[{"embeddable":true,"href":"https:\/\/www.correiobraziliense.com.br\/cbradar\/wp-json\/wp\/v2\/users\/3"}],"replies":[{"embeddable":true,"href":"https:\/\/www.correiobraziliense.com.br\/cbradar\/wp-json\/wp\/v2\/comments?post=30220"}],"version-history":[{"count":2,"href":"https:\/\/www.correiobraziliense.com.br\/cbradar\/wp-json\/wp\/v2\/posts\/30220\/revisions"}],"predecessor-version":[{"id":30319,"href":"https:\/\/www.correiobraziliense.com.br\/cbradar\/wp-json\/wp\/v2\/posts\/30220\/revisions\/30319"}],"wp:featuredmedia":[{"embeddable":true,"href":"https:\/\/www.correiobraziliense.com.br\/cbradar\/wp-json\/wp\/v2\/media\/30318"}],"wp:attachment":[{"href":"https:\/\/www.correiobraziliense.com.br\/cbradar\/wp-json\/wp\/v2\/media?parent=30220"}],"wp:term":[{"taxonomy":"category","embeddable":true,"href":"https:\/\/www.correiobraziliense.com.br\/cbradar\/wp-json\/wp\/v2\/categories?post=30220"},{"taxonomy":"post_tag","embeddable":true,"href":"https:\/\/www.correiobraziliense.com.br\/cbradar\/wp-json\/wp\/v2\/post_tag?post=30220"}],"curies":[{"name":"wp","href":"https:\/\/api.w.org\/{rel}","templated":true}]}}